{"id":47386,"date":"2025-03-26T12:34:00","date_gmt":"2025-03-26T11:34:00","guid":{"rendered":"https:\/\/www.indieofilo.com\/news\/music\/enter-shikari-confirm-european-tour-for-autumn-2025"},"modified":"2025-04-09T09:08:05","modified_gmt":"2025-04-09T07:08:05","slug":"enter-shikari-confirm-european-tour-for-autumn-2025","status":"publish","type":"post","link":"https:\/\/www.indieofilo.com\/en\/news\/live-shows\/enter-shikari-confirm-european-tour-for-autumn-2025","title":{"rendered":"Enter Shikari confirm European tour for autumn 2025"},"content":{"rendered":"<p style=\"text-align: justify;\">One of the bands &#8220;responsible&#8221; for the rise of metalcore and post-hardcore worldwide, British band <strong>Enter Shikari<\/strong>, have just announced a European arena tour to support their latest album, <em>A Kiss for the Whole World<\/em> (2023).<\/p>\n<p style=\"text-align: justify;\">The band, led by the charismatic <strong>Rou Reynolds<\/strong>, will kick off their tour in Li\u00e8ge (Belgium) on 17 October and will also visit Denmark, Sweden, Finland, Latvia, Poland, the Czech Republic, Hungary, Serbia, Austria, Italy and France before arriving in Spain, the only country where the British band will play up to four concerts.<\/p>\n<p style=\"text-align: justify;\">With the help of Route Resurrection, Enter Shikari will perform at the <strong>Sala Razzmatazz in Barcelona on 5th November, at La Riviera in Madrid on 6th November<\/strong>, and after a visit to Lisbon, they will return to <strong>Santiago de Compostela at the Sala Capitol on 8th November<\/strong>, before closing their Iberian tour in Bilbao at the <strong>Sala Santana 27 on 9th November<\/strong>. This will be the band&#8217;s first visit to Spanish venues in the last decade, as they have only visited Spain for festivals such as the recent Tsunami Xixon 2024 or the Download Festival in Madrid in 2019.<\/p>\n<p style=\"text-align: justify;\">Tickets for Enter Shikari&#8217;s 4 concerts in Spain, priced from \u20ac33 (+ booking fee), will go on sale this Friday 28th March at 10:00am on the <a href=\"https:\/\/www.resurrectionfest.es\/route\/enter-shikari-tour-2025\/\" target=\"_blank\" rel=\"noopener\">official Route Resurrection website<\/a>. One day before, on the 27th of November, also at 10:00 a.m., there will be an exclusive pre-sale on the same website for those who have a full festival ticket for Resurrection Fest EG 2025.<\/p>\n<p><img fetchpriority=\"high\" decoding=\"async\" class=\"aligncenter size-large wp-image-47388\" src=\"http:\/\/www.indieofilo.com\/wp-content\/uploads\/2025\/03\/Enter_Shikari_Europe_2025-546x683.jpg\" alt=\"Enter Shikari Europe 2025\" width=\"546\" height=\"683\" srcset=\"https:\/\/www.indieofilo.com\/wp-content\/uploads\/2025\/03\/Enter_Shikari_Europe_2025-546x683.jpg 546w, https:\/\/www.indieofilo.com\/wp-content\/uploads\/2025\/03\/Enter_Shikari_Europe_2025-426x533.jpg 426w, https:\/\/www.indieofilo.com\/wp-content\/uploads\/2025\/03\/Enter_Shikari_Europe_2025-320x400.jpg 320w, https:\/\/www.indieofilo.com\/wp-content\/uploads\/2025\/03\/Enter_Shikari_Europe_2025.jpg 600w\" sizes=\"(max-width: 546px) 100vw, 546px\" \/><\/p>\n","protected":false},"excerpt":{"rendered":"<p>One of the bands &#8220;responsible&#8221; for the rise of metalcore and post-hardcore worldwide, British band Enter Shikari, have just announced a European arena tour to support their latest album, A Kiss for the Whole World (2023). The band, led by the charismatic Rou Reynolds, will kick off their tour in Li\u00e8ge (Belgium) on 17 October [&hellip;]<\/p>\n","protected":false},"author":1,"featured_media":47388,"comment_status":"open","ping_status":"closed","sticky":false,"template":"","format":"standard","meta":{"footnotes":""},"categories":[41,8],"tags":[4961,6163],"class_list":["post-47386","post","type-post","status-publish","format-standard","has-post-thumbnail","hentry","category-live-shows","category-news","tag-barcelona-en","tag-enter-shikari-en"],"yoast_head":"<!-- This site is optimized with the Yoast SEO Premium plugin v23.9 (Yoast SEO v26.6) - https:\/\/yoast.com\/wordpress\/plugins\/seo\/ -->\n<title>Enter Shikari confirm European tour for autumn 2025 - Indie\u00f3filo<\/title>\n<meta name=\"description\" content=\"Enter Shikari will be on tour in Barcelona, Madrid, Santiago de Compostela and Bilbao during the first half of November 2025.\" \/>\n<meta name=\"robots\" content=\"index, follow, max-snippet:-1, max-image-preview:large, max-video-preview:-1\" \/>\n<link rel=\"canonical\" href=\"https:\/\/www.indieofilo.com\/en\/news\/live-shows\/enter-shikari-confirm-european-tour-for-autumn-2025\" \/>\n<meta property=\"og:locale\" content=\"en_US\" \/>\n<meta property=\"og:type\" content=\"article\" \/>\n<meta property=\"og:title\" content=\"Enter Shikari confirm European tour for autumn 2025\" \/>\n<meta property=\"og:description\" content=\"Enter Shikari will be on tour in Barcelona, Madrid, Santiago de Compostela and Bilbao during the first half of November 2025.\" \/>\n<meta property=\"og:url\" content=\"https:\/\/www.indieofilo.com\/en\/news\/live-shows\/enter-shikari-confirm-european-tour-for-autumn-2025\" \/>\n<meta property=\"og:site_name\" content=\"Indie\u00f3filo\" \/>\n<meta property=\"article:publisher\" content=\"https:\/\/www.facebook.com\/Indieofilo\/\" \/>\n<meta property=\"article:published_time\" content=\"2025-03-26T11:34:00+00:00\" \/>\n<meta property=\"article:modified_time\" content=\"2025-04-09T07:08:05+00:00\" \/>\n<meta property=\"og:image\" content=\"http:\/\/www.indieofilo.com\/wp-content\/uploads\/2025\/03\/Enter_Shikari_Europe_2025.jpg\" \/>\n\t<meta property=\"og:image:width\" content=\"600\" \/>\n\t<meta property=\"og:image:height\" content=\"750\" \/>\n\t<meta property=\"og:image:type\" content=\"image\/jpeg\" \/>\n<meta name=\"author\" content=\"Victor\" \/>\n<meta name=\"twitter:card\" content=\"summary_large_image\" \/>\n<meta name=\"twitter:creator\" content=\"@indieofilo\" \/>\n<meta name=\"twitter:site\" content=\"@indieofilo\" \/>\n<meta name=\"twitter:label1\" content=\"Written by\" \/>\n\t<meta name=\"twitter:data1\" content=\"Victor\" \/>\n\t<meta name=\"twitter:label2\" content=\"Est. reading time\" \/>\n\t<meta name=\"twitter:data2\" content=\"2 minutes\" \/>\n<script type=\"application\/ld+json\" class=\"yoast-schema-graph\">{\"@context\":\"https:\/\/schema.org\",\"@graph\":[{\"@type\":\"Article\",\"@id\":\"https:\/\/www.indieofilo.com\/en\/news\/live-shows\/enter-shikari-confirm-european-tour-for-autumn-2025#article\",\"isPartOf\":{\"@id\":\"https:\/\/www.indieofilo.com\/en\/news\/live-shows\/enter-shikari-confirm-european-tour-for-autumn-2025\"},\"author\":{\"name\":\"Victor\",\"@id\":\"https:\/\/www.indieofilo.com\/#\/schema\/person\/595334d38590e4ce5a09f83cbf2fca90\"},\"headline\":\"Enter Shikari confirm European tour for autumn 2025\",\"datePublished\":\"2025-03-26T11:34:00+00:00\",\"dateModified\":\"2025-04-09T07:08:05+00:00\",\"mainEntityOfPage\":{\"@id\":\"https:\/\/www.indieofilo.com\/en\/news\/live-shows\/enter-shikari-confirm-european-tour-for-autumn-2025\"},\"wordCount\":253,\"commentCount\":0,\"publisher\":{\"@id\":\"https:\/\/www.indieofilo.com\/#organization\"},\"image\":{\"@id\":\"https:\/\/www.indieofilo.com\/en\/news\/live-shows\/enter-shikari-confirm-european-tour-for-autumn-2025#primaryimage\"},\"thumbnailUrl\":\"https:\/\/www.indieofilo.com\/wp-content\/uploads\/2025\/03\/Enter_Shikari_Europe_2025.jpg\",\"keywords\":[\"Barcelona\",\"Enter Shikari\"],\"articleSection\":[\"Live Shows\",\"News\"],\"inLanguage\":\"en-US\",\"potentialAction\":[{\"@type\":\"CommentAction\",\"name\":\"Comment\",\"target\":[\"https:\/\/www.indieofilo.com\/en\/news\/live-shows\/enter-shikari-confirm-european-tour-for-autumn-2025#respond\"]}]},{\"@type\":\"WebPage\",\"@id\":\"https:\/\/www.indieofilo.com\/en\/news\/live-shows\/enter-shikari-confirm-european-tour-for-autumn-2025\",\"url\":\"https:\/\/www.indieofilo.com\/en\/news\/live-shows\/enter-shikari-confirm-european-tour-for-autumn-2025\",\"name\":\"Enter Shikari confirm European tour for autumn 2025 - Indie\u00f3filo\",\"isPartOf\":{\"@id\":\"https:\/\/www.indieofilo.com\/#website\"},\"primaryImageOfPage\":{\"@id\":\"https:\/\/www.indieofilo.com\/en\/news\/live-shows\/enter-shikari-confirm-european-tour-for-autumn-2025#primaryimage\"},\"image\":{\"@id\":\"https:\/\/www.indieofilo.com\/en\/news\/live-shows\/enter-shikari-confirm-european-tour-for-autumn-2025#primaryimage\"},\"thumbnailUrl\":\"https:\/\/www.indieofilo.com\/wp-content\/uploads\/2025\/03\/Enter_Shikari_Europe_2025.jpg\",\"datePublished\":\"2025-03-26T11:34:00+00:00\",\"dateModified\":\"2025-04-09T07:08:05+00:00\",\"description\":\"Enter Shikari will be on tour in Barcelona, Madrid, Santiago de Compostela and Bilbao during the first half of November 2025.\",\"breadcrumb\":{\"@id\":\"https:\/\/www.indieofilo.com\/en\/news\/live-shows\/enter-shikari-confirm-european-tour-for-autumn-2025#breadcrumb\"},\"inLanguage\":\"en-US\",\"potentialAction\":[{\"@type\":\"ReadAction\",\"target\":[\"https:\/\/www.indieofilo.com\/en\/news\/live-shows\/enter-shikari-confirm-european-tour-for-autumn-2025\"]}]},{\"@type\":\"ImageObject\",\"inLanguage\":\"en-US\",\"@id\":\"https:\/\/www.indieofilo.com\/en\/news\/live-shows\/enter-shikari-confirm-european-tour-for-autumn-2025#primaryimage\",\"url\":\"https:\/\/www.indieofilo.com\/wp-content\/uploads\/2025\/03\/Enter_Shikari_Europe_2025.jpg\",\"contentUrl\":\"https:\/\/www.indieofilo.com\/wp-content\/uploads\/2025\/03\/Enter_Shikari_Europe_2025.jpg\",\"width\":600,\"height\":750,\"caption\":\"Enter Shikari Europe 2025\"},{\"@type\":\"BreadcrumbList\",\"@id\":\"https:\/\/www.indieofilo.com\/en\/news\/live-shows\/enter-shikari-confirm-european-tour-for-autumn-2025#breadcrumb\",\"itemListElement\":[{\"@type\":\"ListItem\",\"position\":1,\"name\":\"Portada\",\"item\":\"https:\/\/www.indieofilo.com\/en\"},{\"@type\":\"ListItem\",\"position\":2,\"name\":\"Enter Shikari confirm European tour for autumn 2025\"}]},{\"@type\":\"WebSite\",\"@id\":\"https:\/\/www.indieofilo.com\/#website\",\"url\":\"https:\/\/www.indieofilo.com\/\",\"name\":\"Indie\u00f3filo\",\"description\":\"Magazine online de la cultura independiente\",\"publisher\":{\"@id\":\"https:\/\/www.indieofilo.com\/#organization\"},\"potentialAction\":[{\"@type\":\"SearchAction\",\"target\":{\"@type\":\"EntryPoint\",\"urlTemplate\":\"https:\/\/www.indieofilo.com\/?s={search_term_string}\"},\"query-input\":{\"@type\":\"PropertyValueSpecification\",\"valueRequired\":true,\"valueName\":\"search_term_string\"}}],\"inLanguage\":\"en-US\"},{\"@type\":\"Organization\",\"@id\":\"https:\/\/www.indieofilo.com\/#organization\",\"name\":\"Indie\u00f3filo Web\",\"url\":\"https:\/\/www.indieofilo.com\/\",\"logo\":{\"@type\":\"ImageObject\",\"inLanguage\":\"en-US\",\"@id\":\"https:\/\/www.indieofilo.com\/#\/schema\/logo\/image\/\",\"url\":\"https:\/\/www.indieofilo.com\/wp-content\/uploads\/2015\/02\/logo-alta-resolucion.png\",\"contentUrl\":\"https:\/\/www.indieofilo.com\/wp-content\/uploads\/2015\/02\/logo-alta-resolucion.png\",\"width\":544,\"height\":185,\"caption\":\"Indie\u00f3filo Web\"},\"image\":{\"@id\":\"https:\/\/www.indieofilo.com\/#\/schema\/logo\/image\/\"},\"sameAs\":[\"https:\/\/www.facebook.com\/Indieofilo\/\",\"https:\/\/x.com\/indieofilo\",\"https:\/\/www.instagram.com\/indieofilo\/\"]},{\"@type\":\"Person\",\"@id\":\"https:\/\/www.indieofilo.com\/#\/schema\/person\/595334d38590e4ce5a09f83cbf2fca90\",\"name\":\"Victor\",\"image\":{\"@type\":\"ImageObject\",\"inLanguage\":\"en-US\",\"@id\":\"https:\/\/www.indieofilo.com\/#\/schema\/person\/image\/\",\"url\":\"https:\/\/secure.gravatar.com\/avatar\/682b8c6ea3e94b6cffec683b25f1797d?s=96&d=mm&r=g\",\"contentUrl\":\"https:\/\/secure.gravatar.com\/avatar\/682b8c6ea3e94b6cffec683b25f1797d?s=96&d=mm&r=g\",\"caption\":\"Victor\"},\"description\":\"Fan\u00e1tico de la m\u00fasica desde que mis padres me pon\u00edan a Eydie Gorme y Los Panchos o el Discotuna por la A2. Intent\u00e9 tocar varios instrumentos, pero soy muy torpe con la mano izquierda, as\u00ed que ya sab\u00e9is el resultado final. Fan del britpop, Post-punk, el rugby y el baloncesto...\",\"sameAs\":[\"http:\/\/indieofilo.com\"],\"url\":\"https:\/\/www.indieofilo.com\/en\/author\/victor\"}]}<\/script>\n<!-- \/ Yoast SEO Premium plugin. -->","yoast_head_json":{"title":"Enter Shikari confirm European tour for autumn 2025 - Indie\u00f3filo","description":"Enter Shikari will be on tour in Barcelona, Madrid, Santiago de Compostela and Bilbao during the first half of November 2025.","robots":{"index":"index","follow":"follow","max-snippet":"max-snippet:-1","max-image-preview":"max-image-preview:large","max-video-preview":"max-video-preview:-1"},"canonical":"https:\/\/www.indieofilo.com\/en\/news\/live-shows\/enter-shikari-confirm-european-tour-for-autumn-2025","og_locale":"en_US","og_type":"article","og_title":"Enter Shikari confirm European tour for autumn 2025","og_description":"Enter Shikari will be on tour in Barcelona, Madrid, Santiago de Compostela and Bilbao during the first half of November 2025.","og_url":"https:\/\/www.indieofilo.com\/en\/news\/live-shows\/enter-shikari-confirm-european-tour-for-autumn-2025","og_site_name":"Indie\u00f3filo","article_publisher":"https:\/\/www.facebook.com\/Indieofilo\/","article_published_time":"2025-03-26T11:34:00+00:00","article_modified_time":"2025-04-09T07:08:05+00:00","og_image":[{"width":600,"height":750,"url":"http:\/\/www.indieofilo.com\/wp-content\/uploads\/2025\/03\/Enter_Shikari_Europe_2025.jpg","type":"image\/jpeg"}],"author":"Victor","twitter_card":"summary_large_image","twitter_creator":"@indieofilo","twitter_site":"@indieofilo","twitter_misc":{"Written by":"Victor","Est. reading time":"2 minutes"},"schema":{"@context":"https:\/\/schema.org","@graph":[{"@type":"Article","@id":"https:\/\/www.indieofilo.com\/en\/news\/live-shows\/enter-shikari-confirm-european-tour-for-autumn-2025#article","isPartOf":{"@id":"https:\/\/www.indieofilo.com\/en\/news\/live-shows\/enter-shikari-confirm-european-tour-for-autumn-2025"},"author":{"name":"Victor","@id":"https:\/\/www.indieofilo.com\/#\/schema\/person\/595334d38590e4ce5a09f83cbf2fca90"},"headline":"Enter Shikari confirm European tour for autumn 2025","datePublished":"2025-03-26T11:34:00+00:00","dateModified":"2025-04-09T07:08:05+00:00","mainEntityOfPage":{"@id":"https:\/\/www.indieofilo.com\/en\/news\/live-shows\/enter-shikari-confirm-european-tour-for-autumn-2025"},"wordCount":253,"commentCount":0,"publisher":{"@id":"https:\/\/www.indieofilo.com\/#organization"},"image":{"@id":"https:\/\/www.indieofilo.com\/en\/news\/live-shows\/enter-shikari-confirm-european-tour-for-autumn-2025#primaryimage"},"thumbnailUrl":"https:\/\/www.indieofilo.com\/wp-content\/uploads\/2025\/03\/Enter_Shikari_Europe_2025.jpg","keywords":["Barcelona","Enter Shikari"],"articleSection":["Live Shows","News"],"inLanguage":"en-US","potentialAction":[{"@type":"CommentAction","name":"Comment","target":["https:\/\/www.indieofilo.com\/en\/news\/live-shows\/enter-shikari-confirm-european-tour-for-autumn-2025#respond"]}]},{"@type":"WebPage","@id":"https:\/\/www.indieofilo.com\/en\/news\/live-shows\/enter-shikari-confirm-european-tour-for-autumn-2025","url":"https:\/\/www.indieofilo.com\/en\/news\/live-shows\/enter-shikari-confirm-european-tour-for-autumn-2025","name":"Enter Shikari confirm European tour for autumn 2025 - Indie\u00f3filo","isPartOf":{"@id":"https:\/\/www.indieofilo.com\/#website"},"primaryImageOfPage":{"@id":"https:\/\/www.indieofilo.com\/en\/news\/live-shows\/enter-shikari-confirm-european-tour-for-autumn-2025#primaryimage"},"image":{"@id":"https:\/\/www.indieofilo.com\/en\/news\/live-shows\/enter-shikari-confirm-european-tour-for-autumn-2025#primaryimage"},"thumbnailUrl":"https:\/\/www.indieofilo.com\/wp-content\/uploads\/2025\/03\/Enter_Shikari_Europe_2025.jpg","datePublished":"2025-03-26T11:34:00+00:00","dateModified":"2025-04-09T07:08:05+00:00","description":"Enter Shikari will be on tour in Barcelona, Madrid, Santiago de Compostela and Bilbao during the first half of November 2025.","breadcrumb":{"@id":"https:\/\/www.indieofilo.com\/en\/news\/live-shows\/enter-shikari-confirm-european-tour-for-autumn-2025#breadcrumb"},"inLanguage":"en-US","potentialAction":[{"@type":"ReadAction","target":["https:\/\/www.indieofilo.com\/en\/news\/live-shows\/enter-shikari-confirm-european-tour-for-autumn-2025"]}]},{"@type":"ImageObject","inLanguage":"en-US","@id":"https:\/\/www.indieofilo.com\/en\/news\/live-shows\/enter-shikari-confirm-european-tour-for-autumn-2025#primaryimage","url":"https:\/\/www.indieofilo.com\/wp-content\/uploads\/2025\/03\/Enter_Shikari_Europe_2025.jpg","contentUrl":"https:\/\/www.indieofilo.com\/wp-content\/uploads\/2025\/03\/Enter_Shikari_Europe_2025.jpg","width":600,"height":750,"caption":"Enter Shikari Europe 2025"},{"@type":"BreadcrumbList","@id":"https:\/\/www.indieofilo.com\/en\/news\/live-shows\/enter-shikari-confirm-european-tour-for-autumn-2025#breadcrumb","itemListElement":[{"@type":"ListItem","position":1,"name":"Portada","item":"https:\/\/www.indieofilo.com\/en"},{"@type":"ListItem","position":2,"name":"Enter Shikari confirm European tour for autumn 2025"}]},{"@type":"WebSite","@id":"https:\/\/www.indieofilo.com\/#website","url":"https:\/\/www.indieofilo.com\/","name":"Indie\u00f3filo","description":"Magazine online de la cultura independiente","publisher":{"@id":"https:\/\/www.indieofilo.com\/#organization"},"potentialAction":[{"@type":"SearchAction","target":{"@type":"EntryPoint","urlTemplate":"https:\/\/www.indieofilo.com\/?s={search_term_string}"},"query-input":{"@type":"PropertyValueSpecification","valueRequired":true,"valueName":"search_term_string"}}],"inLanguage":"en-US"},{"@type":"Organization","@id":"https:\/\/www.indieofilo.com\/#organization","name":"Indie\u00f3filo Web","url":"https:\/\/www.indieofilo.com\/","logo":{"@type":"ImageObject","inLanguage":"en-US","@id":"https:\/\/www.indieofilo.com\/#\/schema\/logo\/image\/","url":"https:\/\/www.indieofilo.com\/wp-content\/uploads\/2015\/02\/logo-alta-resolucion.png","contentUrl":"https:\/\/www.indieofilo.com\/wp-content\/uploads\/2015\/02\/logo-alta-resolucion.png","width":544,"height":185,"caption":"Indie\u00f3filo Web"},"image":{"@id":"https:\/\/www.indieofilo.com\/#\/schema\/logo\/image\/"},"sameAs":["https:\/\/www.facebook.com\/Indieofilo\/","https:\/\/x.com\/indieofilo","https:\/\/www.instagram.com\/indieofilo\/"]},{"@type":"Person","@id":"https:\/\/www.indieofilo.com\/#\/schema\/person\/595334d38590e4ce5a09f83cbf2fca90","name":"Victor","image":{"@type":"ImageObject","inLanguage":"en-US","@id":"https:\/\/www.indieofilo.com\/#\/schema\/person\/image\/","url":"https:\/\/secure.gravatar.com\/avatar\/682b8c6ea3e94b6cffec683b25f1797d?s=96&d=mm&r=g","contentUrl":"https:\/\/secure.gravatar.com\/avatar\/682b8c6ea3e94b6cffec683b25f1797d?s=96&d=mm&r=g","caption":"Victor"},"description":"Fan\u00e1tico de la m\u00fasica desde que mis padres me pon\u00edan a Eydie Gorme y Los Panchos o el Discotuna por la A2. Intent\u00e9 tocar varios instrumentos, pero soy muy torpe con la mano izquierda, as\u00ed que ya sab\u00e9is el resultado final. Fan del britpop, Post-punk, el rugby y el baloncesto...","sameAs":["http:\/\/indieofilo.com"],"url":"https:\/\/www.indieofilo.com\/en\/author\/victor"}]}},"_links":{"self":[{"href":"https:\/\/www.indieofilo.com\/en\/wp-json\/wp\/v2\/posts\/47386","targetHints":{"allow":["GET"]}}],"collection":[{"href":"https:\/\/www.indieofilo.com\/en\/wp-json\/wp\/v2\/posts"}],"about":[{"href":"https:\/\/www.indieofilo.com\/en\/wp-json\/wp\/v2\/types\/post"}],"author":[{"embeddable":true,"href":"https:\/\/www.indieofilo.com\/en\/wp-json\/wp\/v2\/users\/1"}],"replies":[{"embeddable":true,"href":"https:\/\/www.indieofilo.com\/en\/wp-json\/wp\/v2\/comments?post=47386"}],"version-history":[{"count":0,"href":"https:\/\/www.indieofilo.com\/en\/wp-json\/wp\/v2\/posts\/47386\/revisions"}],"wp:featuredmedia":[{"embeddable":true,"href":"https:\/\/www.indieofilo.com\/en\/wp-json\/wp\/v2\/media\/47388"}],"wp:attachment":[{"href":"https:\/\/www.indieofilo.com\/en\/wp-json\/wp\/v2\/media?parent=47386"}],"wp:term":[{"taxonomy":"category","embeddable":true,"href":"https:\/\/www.indieofilo.com\/en\/wp-json\/wp\/v2\/categories?post=47386"},{"taxonomy":"post_tag","embeddable":true,"href":"https:\/\/www.indieofilo.com\/en\/wp-json\/wp\/v2\/tags?post=47386"}],"curies":[{"name":"wp","href":"https:\/\/api.w.org\/{rel}","templated":true}]}}