{"id":47363,"date":"2025-03-25T16:20:00","date_gmt":"2025-03-25T15:20:00","guid":{"rendered":"https:\/\/www.indieofilo.com\/news\/music\/yung-lean-includes-barcelona-in-his-next-world-tour"},"modified":"2025-04-08T15:48:50","modified_gmt":"2025-04-08T13:48:50","slug":"yung-lean-includes-barcelona-in-his-next-world-tour","status":"publish","type":"post","link":"https:\/\/www.indieofilo.com\/en\/news\/live-shows\/yung-lean-includes-barcelona-in-his-next-world-tour","title":{"rendered":"Yung Lean includes Barcelona in his next world tour"},"content":{"rendered":"<p style=\"text-align: justify;\">One of the most influential figures in urban music in the early part of the last decade, and one of the driving forces behind artists moving from internet platforms (in his case, Soundcloud, Tumblr or Reddit) to festival stages, Sweden&#8217;s <strong>Jonatan Aron Leandoer H\u00e5stad<\/strong> (better known by his alter ego <strong>Yung Lean<\/strong>) has just announced a world tour in support of his latest album, <em>Jonatan<\/em> (2025), which is due for release on 2 May.<\/p>\n<p style=\"text-align: justify;\">The Stockholm-based artist has planned a tour of up to 20 concerts that will start in the USA in October and then make the leap to Europe in November, visiting the Czech Republic, Austria, Germany, Poland, Italy, the UK and France. The only visit planned in Spain, in what will be their first visit to Barcelona outside of festivals (we still remember <a href=\"https:\/\/www.indieofilo.com\/cronicas-conciertos\/festivales\/sonar-2018-15-de-junio-de-2018-barcelona\" target=\"_blank\" rel=\"noopener\">his dark show at S\u00f3nar 2018<\/a>), will be organised by Primavera Tours and will take place on <strong>17 November at the Hivernacle del Poble Espanyol in Barcelona<\/strong>. <\/p>\n<p style=\"text-align: justify;\">Tickets for the Barcelona concert, priced at \u20ac35 (+ booking fee), will go on sale next Friday 28th March at 10am on <a href=\"https:\/\/feverup.com\/es\/barcelona\" target=\"_blank\" rel=\"noopener\">Fever<\/a>, although an exclusive pre-sale for Revolut customers will start on 26th March at 12pm on the same website.<\/p>\n<p><img fetchpriority=\"high\" decoding=\"async\" class=\"aligncenter size-full wp-image-47360\" src=\"http:\/\/www.indieofilo.com\/wp-content\/uploads\/2025\/03\/yung_lean_Barcelona_2025.avif\" alt=\"Yung Lean World Tour 2025\" width=\"1080\" height=\"1350\"><\/p>\n\n<p><\/p>\n","protected":false},"excerpt":{"rendered":"<p>One of the most influential figures in urban music in the early part of the last decade, and one of the driving forces behind artists moving from internet platforms (in his case, Soundcloud, Tumblr or Reddit) to festival stages, Sweden&#8217;s Jonatan Aron Leandoer H\u00e5stad (better known by his alter ego Yung Lean) has just announced [&hellip;]<\/p>\n","protected":false},"author":1,"featured_media":47361,"comment_status":"open","ping_status":"closed","sticky":false,"template":"","format":"standard","meta":{"footnotes":""},"categories":[41,8],"tags":[4961,5809],"class_list":["post-47363","post","type-post","status-publish","format-standard","has-post-thumbnail","hentry","category-live-shows","category-news","tag-barcelona-en","tag-yung-lean-en"],"yoast_head":"<!-- This site is optimized with the Yoast SEO Premium plugin v23.9 (Yoast SEO v26.6) - https:\/\/yoast.com\/wordpress\/plugins\/seo\/ -->\n<title>Yung Lean includes Barcelona in his next world tour - Indie\u00f3filo<\/title>\n<meta name=\"description\" content=\"The Swede will present his new album Jonatan on 17th November at the Hivernacle del Poble Espanyol in Barcelona.\" \/>\n<meta name=\"robots\" content=\"index, follow, max-snippet:-1, max-image-preview:large, max-video-preview:-1\" \/>\n<link rel=\"canonical\" href=\"https:\/\/www.indieofilo.com\/en\/news\/live-shows\/yung-lean-includes-barcelona-in-his-next-world-tour\" \/>\n<meta property=\"og:locale\" content=\"en_US\" \/>\n<meta property=\"og:type\" content=\"article\" \/>\n<meta property=\"og:title\" content=\"Yung Lean includes Barcelona in his next world tour\" \/>\n<meta property=\"og:description\" content=\"The Swede will present his new album Jonatan on 17th November at the Hivernacle del Poble Espanyol in Barcelona.\" \/>\n<meta property=\"og:url\" content=\"https:\/\/www.indieofilo.com\/en\/news\/live-shows\/yung-lean-includes-barcelona-in-his-next-world-tour\" \/>\n<meta property=\"og:site_name\" content=\"Indie\u00f3filo\" \/>\n<meta property=\"article:publisher\" content=\"https:\/\/www.facebook.com\/Indieofilo\/\" \/>\n<meta property=\"article:published_time\" content=\"2025-03-25T15:20:00+00:00\" \/>\n<meta property=\"article:modified_time\" content=\"2025-04-08T13:48:50+00:00\" \/>\n<meta name=\"author\" content=\"Victor\" \/>\n<meta name=\"twitter:card\" content=\"summary_large_image\" \/>\n<meta name=\"twitter:creator\" content=\"@indieofilo\" \/>\n<meta name=\"twitter:site\" content=\"@indieofilo\" \/>\n<meta name=\"twitter:label1\" content=\"Written by\" \/>\n\t<meta name=\"twitter:data1\" content=\"Victor\" \/>\n\t<meta name=\"twitter:label2\" content=\"Est. reading time\" \/>\n\t<meta name=\"twitter:data2\" content=\"2 minutes\" \/>\n<script type=\"application\/ld+json\" class=\"yoast-schema-graph\">{\"@context\":\"https:\/\/schema.org\",\"@graph\":[{\"@type\":\"Article\",\"@id\":\"https:\/\/www.indieofilo.com\/en\/news\/live-shows\/yung-lean-includes-barcelona-in-his-next-world-tour#article\",\"isPartOf\":{\"@id\":\"https:\/\/www.indieofilo.com\/en\/news\/live-shows\/yung-lean-includes-barcelona-in-his-next-world-tour\"},\"author\":{\"name\":\"Victor\",\"@id\":\"https:\/\/www.indieofilo.com\/#\/schema\/person\/595334d38590e4ce5a09f83cbf2fca90\"},\"headline\":\"Yung Lean includes Barcelona in his next world tour\",\"datePublished\":\"2025-03-25T15:20:00+00:00\",\"dateModified\":\"2025-04-08T13:48:50+00:00\",\"mainEntityOfPage\":{\"@id\":\"https:\/\/www.indieofilo.com\/en\/news\/live-shows\/yung-lean-includes-barcelona-in-his-next-world-tour\"},\"wordCount\":208,\"commentCount\":0,\"publisher\":{\"@id\":\"https:\/\/www.indieofilo.com\/#organization\"},\"image\":{\"@id\":\"https:\/\/www.indieofilo.com\/en\/news\/live-shows\/yung-lean-includes-barcelona-in-his-next-world-tour#primaryimage\"},\"thumbnailUrl\":\"https:\/\/www.indieofilo.com\/wp-content\/uploads\/2025\/03\/yung_lean_Barcelona_2025.avif\",\"keywords\":[\"Barcelona\",\"Yung Lean\"],\"articleSection\":[\"Live Shows\",\"News\"],\"inLanguage\":\"en-US\",\"potentialAction\":[{\"@type\":\"CommentAction\",\"name\":\"Comment\",\"target\":[\"https:\/\/www.indieofilo.com\/en\/news\/live-shows\/yung-lean-includes-barcelona-in-his-next-world-tour#respond\"]}]},{\"@type\":\"WebPage\",\"@id\":\"https:\/\/www.indieofilo.com\/en\/news\/live-shows\/yung-lean-includes-barcelona-in-his-next-world-tour\",\"url\":\"https:\/\/www.indieofilo.com\/en\/news\/live-shows\/yung-lean-includes-barcelona-in-his-next-world-tour\",\"name\":\"Yung Lean includes Barcelona in his next world tour - Indie\u00f3filo\",\"isPartOf\":{\"@id\":\"https:\/\/www.indieofilo.com\/#website\"},\"primaryImageOfPage\":{\"@id\":\"https:\/\/www.indieofilo.com\/en\/news\/live-shows\/yung-lean-includes-barcelona-in-his-next-world-tour#primaryimage\"},\"image\":{\"@id\":\"https:\/\/www.indieofilo.com\/en\/news\/live-shows\/yung-lean-includes-barcelona-in-his-next-world-tour#primaryimage\"},\"thumbnailUrl\":\"https:\/\/www.indieofilo.com\/wp-content\/uploads\/2025\/03\/yung_lean_Barcelona_2025.avif\",\"datePublished\":\"2025-03-25T15:20:00+00:00\",\"dateModified\":\"2025-04-08T13:48:50+00:00\",\"description\":\"The Swede will present his new album Jonatan on 17th November at the Hivernacle del Poble Espanyol in Barcelona.\",\"breadcrumb\":{\"@id\":\"https:\/\/www.indieofilo.com\/en\/news\/live-shows\/yung-lean-includes-barcelona-in-his-next-world-tour#breadcrumb\"},\"inLanguage\":\"en-US\",\"potentialAction\":[{\"@type\":\"ReadAction\",\"target\":[\"https:\/\/www.indieofilo.com\/en\/news\/live-shows\/yung-lean-includes-barcelona-in-his-next-world-tour\"]}]},{\"@type\":\"ImageObject\",\"inLanguage\":\"en-US\",\"@id\":\"https:\/\/www.indieofilo.com\/en\/news\/live-shows\/yung-lean-includes-barcelona-in-his-next-world-tour#primaryimage\",\"url\":\"https:\/\/www.indieofilo.com\/wp-content\/uploads\/2025\/03\/yung_lean_Barcelona_2025.avif\",\"contentUrl\":\"https:\/\/www.indieofilo.com\/wp-content\/uploads\/2025\/03\/yung_lean_Barcelona_2025.avif\",\"width\":1080,\"height\":1350,\"caption\":\"Yung Lean Barcelona 2025\"},{\"@type\":\"BreadcrumbList\",\"@id\":\"https:\/\/www.indieofilo.com\/en\/news\/live-shows\/yung-lean-includes-barcelona-in-his-next-world-tour#breadcrumb\",\"itemListElement\":[{\"@type\":\"ListItem\",\"position\":1,\"name\":\"Portada\",\"item\":\"https:\/\/www.indieofilo.com\/en\"},{\"@type\":\"ListItem\",\"position\":2,\"name\":\"Yung Lean includes Barcelona in his next world tour\"}]},{\"@type\":\"WebSite\",\"@id\":\"https:\/\/www.indieofilo.com\/#website\",\"url\":\"https:\/\/www.indieofilo.com\/\",\"name\":\"Indie\u00f3filo\",\"description\":\"Magazine online de la cultura independiente\",\"publisher\":{\"@id\":\"https:\/\/www.indieofilo.com\/#organization\"},\"potentialAction\":[{\"@type\":\"SearchAction\",\"target\":{\"@type\":\"EntryPoint\",\"urlTemplate\":\"https:\/\/www.indieofilo.com\/?s={search_term_string}\"},\"query-input\":{\"@type\":\"PropertyValueSpecification\",\"valueRequired\":true,\"valueName\":\"search_term_string\"}}],\"inLanguage\":\"en-US\"},{\"@type\":\"Organization\",\"@id\":\"https:\/\/www.indieofilo.com\/#organization\",\"name\":\"Indie\u00f3filo Web\",\"url\":\"https:\/\/www.indieofilo.com\/\",\"logo\":{\"@type\":\"ImageObject\",\"inLanguage\":\"en-US\",\"@id\":\"https:\/\/www.indieofilo.com\/#\/schema\/logo\/image\/\",\"url\":\"https:\/\/www.indieofilo.com\/wp-content\/uploads\/2015\/02\/logo-alta-resolucion.png\",\"contentUrl\":\"https:\/\/www.indieofilo.com\/wp-content\/uploads\/2015\/02\/logo-alta-resolucion.png\",\"width\":544,\"height\":185,\"caption\":\"Indie\u00f3filo Web\"},\"image\":{\"@id\":\"https:\/\/www.indieofilo.com\/#\/schema\/logo\/image\/\"},\"sameAs\":[\"https:\/\/www.facebook.com\/Indieofilo\/\",\"https:\/\/x.com\/indieofilo\",\"https:\/\/www.instagram.com\/indieofilo\/\"]},{\"@type\":\"Person\",\"@id\":\"https:\/\/www.indieofilo.com\/#\/schema\/person\/595334d38590e4ce5a09f83cbf2fca90\",\"name\":\"Victor\",\"image\":{\"@type\":\"ImageObject\",\"inLanguage\":\"en-US\",\"@id\":\"https:\/\/www.indieofilo.com\/#\/schema\/person\/image\/\",\"url\":\"https:\/\/secure.gravatar.com\/avatar\/682b8c6ea3e94b6cffec683b25f1797d?s=96&d=mm&r=g\",\"contentUrl\":\"https:\/\/secure.gravatar.com\/avatar\/682b8c6ea3e94b6cffec683b25f1797d?s=96&d=mm&r=g\",\"caption\":\"Victor\"},\"description\":\"Fan\u00e1tico de la m\u00fasica desde que mis padres me pon\u00edan a Eydie Gorme y Los Panchos o el Discotuna por la A2. Intent\u00e9 tocar varios instrumentos, pero soy muy torpe con la mano izquierda, as\u00ed que ya sab\u00e9is el resultado final. Fan del britpop, Post-punk, el rugby y el baloncesto...\",\"sameAs\":[\"http:\/\/indieofilo.com\"],\"url\":\"https:\/\/www.indieofilo.com\/en\/author\/victor\"}]}<\/script>\n<!-- \/ Yoast SEO Premium plugin. -->","yoast_head_json":{"title":"Yung Lean includes Barcelona in his next world tour - Indie\u00f3filo","description":"The Swede will present his new album Jonatan on 17th November at the Hivernacle del Poble Espanyol in Barcelona.","robots":{"index":"index","follow":"follow","max-snippet":"max-snippet:-1","max-image-preview":"max-image-preview:large","max-video-preview":"max-video-preview:-1"},"canonical":"https:\/\/www.indieofilo.com\/en\/news\/live-shows\/yung-lean-includes-barcelona-in-his-next-world-tour","og_locale":"en_US","og_type":"article","og_title":"Yung Lean includes Barcelona in his next world tour","og_description":"The Swede will present his new album Jonatan on 17th November at the Hivernacle del Poble Espanyol in Barcelona.","og_url":"https:\/\/www.indieofilo.com\/en\/news\/live-shows\/yung-lean-includes-barcelona-in-his-next-world-tour","og_site_name":"Indie\u00f3filo","article_publisher":"https:\/\/www.facebook.com\/Indieofilo\/","article_published_time":"2025-03-25T15:20:00+00:00","article_modified_time":"2025-04-08T13:48:50+00:00","author":"Victor","twitter_card":"summary_large_image","twitter_creator":"@indieofilo","twitter_site":"@indieofilo","twitter_misc":{"Written by":"Victor","Est. reading time":"2 minutes"},"schema":{"@context":"https:\/\/schema.org","@graph":[{"@type":"Article","@id":"https:\/\/www.indieofilo.com\/en\/news\/live-shows\/yung-lean-includes-barcelona-in-his-next-world-tour#article","isPartOf":{"@id":"https:\/\/www.indieofilo.com\/en\/news\/live-shows\/yung-lean-includes-barcelona-in-his-next-world-tour"},"author":{"name":"Victor","@id":"https:\/\/www.indieofilo.com\/#\/schema\/person\/595334d38590e4ce5a09f83cbf2fca90"},"headline":"Yung Lean includes Barcelona in his next world tour","datePublished":"2025-03-25T15:20:00+00:00","dateModified":"2025-04-08T13:48:50+00:00","mainEntityOfPage":{"@id":"https:\/\/www.indieofilo.com\/en\/news\/live-shows\/yung-lean-includes-barcelona-in-his-next-world-tour"},"wordCount":208,"commentCount":0,"publisher":{"@id":"https:\/\/www.indieofilo.com\/#organization"},"image":{"@id":"https:\/\/www.indieofilo.com\/en\/news\/live-shows\/yung-lean-includes-barcelona-in-his-next-world-tour#primaryimage"},"thumbnailUrl":"https:\/\/www.indieofilo.com\/wp-content\/uploads\/2025\/03\/yung_lean_Barcelona_2025.avif","keywords":["Barcelona","Yung Lean"],"articleSection":["Live Shows","News"],"inLanguage":"en-US","potentialAction":[{"@type":"CommentAction","name":"Comment","target":["https:\/\/www.indieofilo.com\/en\/news\/live-shows\/yung-lean-includes-barcelona-in-his-next-world-tour#respond"]}]},{"@type":"WebPage","@id":"https:\/\/www.indieofilo.com\/en\/news\/live-shows\/yung-lean-includes-barcelona-in-his-next-world-tour","url":"https:\/\/www.indieofilo.com\/en\/news\/live-shows\/yung-lean-includes-barcelona-in-his-next-world-tour","name":"Yung Lean includes Barcelona in his next world tour - Indie\u00f3filo","isPartOf":{"@id":"https:\/\/www.indieofilo.com\/#website"},"primaryImageOfPage":{"@id":"https:\/\/www.indieofilo.com\/en\/news\/live-shows\/yung-lean-includes-barcelona-in-his-next-world-tour#primaryimage"},"image":{"@id":"https:\/\/www.indieofilo.com\/en\/news\/live-shows\/yung-lean-includes-barcelona-in-his-next-world-tour#primaryimage"},"thumbnailUrl":"https:\/\/www.indieofilo.com\/wp-content\/uploads\/2025\/03\/yung_lean_Barcelona_2025.avif","datePublished":"2025-03-25T15:20:00+00:00","dateModified":"2025-04-08T13:48:50+00:00","description":"The Swede will present his new album Jonatan on 17th November at the Hivernacle del Poble Espanyol in Barcelona.","breadcrumb":{"@id":"https:\/\/www.indieofilo.com\/en\/news\/live-shows\/yung-lean-includes-barcelona-in-his-next-world-tour#breadcrumb"},"inLanguage":"en-US","potentialAction":[{"@type":"ReadAction","target":["https:\/\/www.indieofilo.com\/en\/news\/live-shows\/yung-lean-includes-barcelona-in-his-next-world-tour"]}]},{"@type":"ImageObject","inLanguage":"en-US","@id":"https:\/\/www.indieofilo.com\/en\/news\/live-shows\/yung-lean-includes-barcelona-in-his-next-world-tour#primaryimage","url":"https:\/\/www.indieofilo.com\/wp-content\/uploads\/2025\/03\/yung_lean_Barcelona_2025.avif","contentUrl":"https:\/\/www.indieofilo.com\/wp-content\/uploads\/2025\/03\/yung_lean_Barcelona_2025.avif","width":1080,"height":1350,"caption":"Yung Lean Barcelona 2025"},{"@type":"BreadcrumbList","@id":"https:\/\/www.indieofilo.com\/en\/news\/live-shows\/yung-lean-includes-barcelona-in-his-next-world-tour#breadcrumb","itemListElement":[{"@type":"ListItem","position":1,"name":"Portada","item":"https:\/\/www.indieofilo.com\/en"},{"@type":"ListItem","position":2,"name":"Yung Lean includes Barcelona in his next world tour"}]},{"@type":"WebSite","@id":"https:\/\/www.indieofilo.com\/#website","url":"https:\/\/www.indieofilo.com\/","name":"Indie\u00f3filo","description":"Magazine online de la cultura independiente","publisher":{"@id":"https:\/\/www.indieofilo.com\/#organization"},"potentialAction":[{"@type":"SearchAction","target":{"@type":"EntryPoint","urlTemplate":"https:\/\/www.indieofilo.com\/?s={search_term_string}"},"query-input":{"@type":"PropertyValueSpecification","valueRequired":true,"valueName":"search_term_string"}}],"inLanguage":"en-US"},{"@type":"Organization","@id":"https:\/\/www.indieofilo.com\/#organization","name":"Indie\u00f3filo Web","url":"https:\/\/www.indieofilo.com\/","logo":{"@type":"ImageObject","inLanguage":"en-US","@id":"https:\/\/www.indieofilo.com\/#\/schema\/logo\/image\/","url":"https:\/\/www.indieofilo.com\/wp-content\/uploads\/2015\/02\/logo-alta-resolucion.png","contentUrl":"https:\/\/www.indieofilo.com\/wp-content\/uploads\/2015\/02\/logo-alta-resolucion.png","width":544,"height":185,"caption":"Indie\u00f3filo Web"},"image":{"@id":"https:\/\/www.indieofilo.com\/#\/schema\/logo\/image\/"},"sameAs":["https:\/\/www.facebook.com\/Indieofilo\/","https:\/\/x.com\/indieofilo","https:\/\/www.instagram.com\/indieofilo\/"]},{"@type":"Person","@id":"https:\/\/www.indieofilo.com\/#\/schema\/person\/595334d38590e4ce5a09f83cbf2fca90","name":"Victor","image":{"@type":"ImageObject","inLanguage":"en-US","@id":"https:\/\/www.indieofilo.com\/#\/schema\/person\/image\/","url":"https:\/\/secure.gravatar.com\/avatar\/682b8c6ea3e94b6cffec683b25f1797d?s=96&d=mm&r=g","contentUrl":"https:\/\/secure.gravatar.com\/avatar\/682b8c6ea3e94b6cffec683b25f1797d?s=96&d=mm&r=g","caption":"Victor"},"description":"Fan\u00e1tico de la m\u00fasica desde que mis padres me pon\u00edan a Eydie Gorme y Los Panchos o el Discotuna por la A2. Intent\u00e9 tocar varios instrumentos, pero soy muy torpe con la mano izquierda, as\u00ed que ya sab\u00e9is el resultado final. Fan del britpop, Post-punk, el rugby y el baloncesto...","sameAs":["http:\/\/indieofilo.com"],"url":"https:\/\/www.indieofilo.com\/en\/author\/victor"}]}},"_links":{"self":[{"href":"https:\/\/www.indieofilo.com\/en\/wp-json\/wp\/v2\/posts\/47363","targetHints":{"allow":["GET"]}}],"collection":[{"href":"https:\/\/www.indieofilo.com\/en\/wp-json\/wp\/v2\/posts"}],"about":[{"href":"https:\/\/www.indieofilo.com\/en\/wp-json\/wp\/v2\/types\/post"}],"author":[{"embeddable":true,"href":"https:\/\/www.indieofilo.com\/en\/wp-json\/wp\/v2\/users\/1"}],"replies":[{"embeddable":true,"href":"https:\/\/www.indieofilo.com\/en\/wp-json\/wp\/v2\/comments?post=47363"}],"version-history":[{"count":0,"href":"https:\/\/www.indieofilo.com\/en\/wp-json\/wp\/v2\/posts\/47363\/revisions"}],"wp:featuredmedia":[{"embeddable":true,"href":"https:\/\/www.indieofilo.com\/en\/wp-json\/wp\/v2\/media\/47361"}],"wp:attachment":[{"href":"https:\/\/www.indieofilo.com\/en\/wp-json\/wp\/v2\/media?parent=47363"}],"wp:term":[{"taxonomy":"category","embeddable":true,"href":"https:\/\/www.indieofilo.com\/en\/wp-json\/wp\/v2\/categories?post=47363"},{"taxonomy":"post_tag","embeddable":true,"href":"https:\/\/www.indieofilo.com\/en\/wp-json\/wp\/v2\/tags?post=47363"}],"curies":[{"name":"wp","href":"https:\/\/api.w.org\/{rel}","templated":true}]}}