{"id":47336,"date":"2025-03-25T19:46:00","date_gmt":"2025-03-25T18:46:00","guid":{"rendered":"https:\/\/www.indieofilo.com\/news\/music\/damon-albarn-confirms-the-new-gorillaz-album-in-an-interview-with-les-inrockuptibles"},"modified":"2025-04-07T19:09:36","modified_gmt":"2025-04-07T17:09:36","slug":"damon-albarn-confirms-the-new-gorillaz-album-in-an-interview-with-les-inrockuptibles","status":"publish","type":"post","link":"https:\/\/www.indieofilo.com\/en\/news\/music\/damon-albarn-confirms-the-new-gorillaz-album-in-an-interview-with-les-inrockuptibles","title":{"rendered":"Damon Albarn confirms the new Gorillaz album in an interview with Les Inrockuptibles"},"content":{"rendered":"<p style=\"text-align: justify;\">After <strong>Blur&#8217;s<\/strong> that has left us with a new album <span class=\"BxUVEf ILfuVd\" lang=\"en\"><span class=\"hgKElc\"><em>The Ballad of Darren<\/em> (2023) and a big world tour with memorable concerts <a href=\"https:\/\/www.indieofilo.com\/en\/gig-reviews\/primavera-sound-barcelona-2023-1-june-2023-barcelona\">like the one at Primavera Sound 2023<\/a>, Damon Albarn has confirmed that in 2025 we will enjoy new material from <strong>Gorillaz<\/strong> again.<\/span><\/span><\/p>\n<p style=\"text-align: justify;\">In an <a href=\"https:\/\/www.lesinrocks.com\/musique\/damon-albarn-un-opera-et-un-nouvel-album-de-gorillaz-ca-me-semble-suffisant-pour-2025-653127-25-03-2025\/\" target=\"_blank\" rel=\"noopener\">interview with French media Les Inrockuptibles<\/a>, the English singer has stated that there will be a Gorillaz album this year and hinted that it could be ready in just over a month and a half. He also talked about &#8216;<strong>The Magic Flute II: La Mal\u00e9diction<\/strong>&#8216;, a kind of electronic sequel to <strong>Mozart<\/strong>&#8216;s <em>&#8216;The Magic Flute<\/em>&#8216;, based on a fragment of a libretto written by Goethe, which he has been working on for some time and which will premiere this weekend at the Th\u00e9\u00e2tre du Lido in Paris.. These are my plans and I think they are enough for 2025, unless someone accuses me of taking my foot off the accelerator&#8230; says the British singer sarcastically in the interview.   <\/p>\n<div class=\"epyt-video-wrapper\"><iframe  style=\"display: block; margin: 0px auto;\"  id=\"_ytid_75828\"  width=\"480\" height=\"270\"  data-origwidth=\"480\" data-origheight=\"270\" src=\"https:\/\/www.youtube.com\/embed\/xZshvEiHH2Y?enablejsapi=1&#038;autoplay=0&#038;cc_load_policy=0&#038;cc_lang_pref=&#038;iv_load_policy=3&#038;loop=0&#038;rel=1&#038;fs=1&#038;playsinline=0&#038;autohide=2&#038;theme=dark&#038;color=red&#038;controls=1&#038;disablekb=0&#038;\" class=\"__youtube_prefs__  epyt-is-override  no-lazyload\" title=\"YouTube player\"  allow=\"fullscreen; accelerometer; autoplay; clipboard-write; encrypted-media; gyroscope; picture-in-picture; web-share\" referrerpolicy=\"strict-origin-when-cross-origin\" allowfullscreen data-no-lazy=\"1\" data-skipgform_ajax_framebjll=\"\"><\/iframe><\/div>\n","protected":false},"excerpt":{"rendered":"<p>After Blur&#8217;s that has left us with a new album The Ballad of Darren (2023) and a big world tour with memorable concerts like the one at Primavera Sound 2023, Damon Albarn has confirmed that in 2025 we will enjoy new material from Gorillaz again. In an interview with French media Les Inrockuptibles, the English [&hellip;]<\/p>\n","protected":false},"author":1,"featured_media":47337,"comment_status":"open","ping_status":"closed","sticky":false,"template":"","format":"standard","meta":{"footnotes":""},"categories":[42,8],"tags":[6785,5119],"class_list":["post-47336","post","type-post","status-publish","format-standard","has-post-thumbnail","hentry","category-music","category-news","tag-damon-albarn-en","tag-gorillaz-en"],"yoast_head":"<!-- This site is optimized with the Yoast SEO Premium plugin v23.9 (Yoast SEO v26.6) - https:\/\/yoast.com\/wordpress\/plugins\/seo\/ -->\n<title>Damon Albarn confirms the new Gorillaz album in an interview with Les Inrockuptibles - Indie\u00f3filo<\/title>\n<meta name=\"description\" content=\"In an interview with French media Les Inrockuptibles, the English singer has stated that there will be a Gorillaz album in 2025\" \/>\n<meta name=\"robots\" content=\"index, follow, max-snippet:-1, max-image-preview:large, max-video-preview:-1\" \/>\n<link rel=\"canonical\" href=\"https:\/\/www.indieofilo.com\/en\/news\/music\/damon-albarn-confirms-the-new-gorillaz-album-in-an-interview-with-les-inrockuptibles\" \/>\n<meta property=\"og:locale\" content=\"en_US\" \/>\n<meta property=\"og:type\" content=\"article\" \/>\n<meta property=\"og:title\" content=\"Damon Albarn confirms the new Gorillaz album in an interview with Les Inrockuptibles\" \/>\n<meta property=\"og:description\" content=\"In an interview with French media Les Inrockuptibles, the English singer has stated that there will be a Gorillaz album in 2025\" \/>\n<meta property=\"og:url\" content=\"https:\/\/www.indieofilo.com\/en\/news\/music\/damon-albarn-confirms-the-new-gorillaz-album-in-an-interview-with-les-inrockuptibles\" \/>\n<meta property=\"og:site_name\" content=\"Indie\u00f3filo\" \/>\n<meta property=\"article:publisher\" content=\"https:\/\/www.facebook.com\/Indieofilo\/\" \/>\n<meta property=\"article:published_time\" content=\"2025-03-25T18:46:00+00:00\" \/>\n<meta property=\"article:modified_time\" content=\"2025-04-07T17:09:36+00:00\" \/>\n<meta property=\"og:image\" content=\"http:\/\/www.indieofilo.com\/wp-content\/uploads\/2025\/04\/damon-albarn-confirms-the-new-go.jpg\" \/>\n\t<meta property=\"og:image:width\" content=\"1280\" \/>\n\t<meta property=\"og:image:height\" content=\"720\" \/>\n\t<meta property=\"og:image:type\" content=\"image\/jpeg\" \/>\n<meta name=\"author\" content=\"Victor\" \/>\n<meta name=\"twitter:card\" content=\"summary_large_image\" \/>\n<meta name=\"twitter:creator\" content=\"@indieofilo\" \/>\n<meta name=\"twitter:site\" content=\"@indieofilo\" \/>\n<meta name=\"twitter:label1\" content=\"Written by\" \/>\n\t<meta name=\"twitter:data1\" content=\"Victor\" \/>\n\t<meta name=\"twitter:label2\" content=\"Est. reading time\" \/>\n\t<meta name=\"twitter:data2\" content=\"1 minute\" \/>\n<script type=\"application\/ld+json\" class=\"yoast-schema-graph\">{\"@context\":\"https:\/\/schema.org\",\"@graph\":[{\"@type\":\"Article\",\"@id\":\"https:\/\/www.indieofilo.com\/en\/news\/music\/damon-albarn-confirms-the-new-gorillaz-album-in-an-interview-with-les-inrockuptibles#article\",\"isPartOf\":{\"@id\":\"https:\/\/www.indieofilo.com\/en\/news\/music\/damon-albarn-confirms-the-new-gorillaz-album-in-an-interview-with-les-inrockuptibles\"},\"author\":{\"name\":\"Victor\",\"@id\":\"https:\/\/www.indieofilo.com\/#\/schema\/person\/595334d38590e4ce5a09f83cbf2fca90\"},\"headline\":\"Damon Albarn confirms the new Gorillaz album in an interview with Les Inrockuptibles\",\"datePublished\":\"2025-03-25T18:46:00+00:00\",\"dateModified\":\"2025-04-07T17:09:36+00:00\",\"mainEntityOfPage\":{\"@id\":\"https:\/\/www.indieofilo.com\/en\/news\/music\/damon-albarn-confirms-the-new-gorillaz-album-in-an-interview-with-les-inrockuptibles\"},\"wordCount\":184,\"commentCount\":0,\"publisher\":{\"@id\":\"https:\/\/www.indieofilo.com\/#organization\"},\"image\":{\"@id\":\"https:\/\/www.indieofilo.com\/en\/news\/music\/damon-albarn-confirms-the-new-gorillaz-album-in-an-interview-with-les-inrockuptibles#primaryimage\"},\"thumbnailUrl\":\"https:\/\/www.indieofilo.com\/wp-content\/uploads\/2025\/04\/damon-albarn-confirms-the-new-go.jpg\",\"keywords\":[\"Damon Albarn\",\"Gorillaz\"],\"articleSection\":[\"Music\",\"News\"],\"inLanguage\":\"en-US\",\"potentialAction\":[{\"@type\":\"CommentAction\",\"name\":\"Comment\",\"target\":[\"https:\/\/www.indieofilo.com\/en\/news\/music\/damon-albarn-confirms-the-new-gorillaz-album-in-an-interview-with-les-inrockuptibles#respond\"]}]},{\"@type\":\"WebPage\",\"@id\":\"https:\/\/www.indieofilo.com\/en\/news\/music\/damon-albarn-confirms-the-new-gorillaz-album-in-an-interview-with-les-inrockuptibles\",\"url\":\"https:\/\/www.indieofilo.com\/en\/news\/music\/damon-albarn-confirms-the-new-gorillaz-album-in-an-interview-with-les-inrockuptibles\",\"name\":\"Damon Albarn confirms the new Gorillaz album in an interview with Les Inrockuptibles - Indie\u00f3filo\",\"isPartOf\":{\"@id\":\"https:\/\/www.indieofilo.com\/#website\"},\"primaryImageOfPage\":{\"@id\":\"https:\/\/www.indieofilo.com\/en\/news\/music\/damon-albarn-confirms-the-new-gorillaz-album-in-an-interview-with-les-inrockuptibles#primaryimage\"},\"image\":{\"@id\":\"https:\/\/www.indieofilo.com\/en\/news\/music\/damon-albarn-confirms-the-new-gorillaz-album-in-an-interview-with-les-inrockuptibles#primaryimage\"},\"thumbnailUrl\":\"https:\/\/www.indieofilo.com\/wp-content\/uploads\/2025\/04\/damon-albarn-confirms-the-new-go.jpg\",\"datePublished\":\"2025-03-25T18:46:00+00:00\",\"dateModified\":\"2025-04-07T17:09:36+00:00\",\"description\":\"In an interview with French media Les Inrockuptibles, the English singer has stated that there will be a Gorillaz album in 2025\",\"breadcrumb\":{\"@id\":\"https:\/\/www.indieofilo.com\/en\/news\/music\/damon-albarn-confirms-the-new-gorillaz-album-in-an-interview-with-les-inrockuptibles#breadcrumb\"},\"inLanguage\":\"en-US\",\"potentialAction\":[{\"@type\":\"ReadAction\",\"target\":[\"https:\/\/www.indieofilo.com\/en\/news\/music\/damon-albarn-confirms-the-new-gorillaz-album-in-an-interview-with-les-inrockuptibles\"]}]},{\"@type\":\"ImageObject\",\"inLanguage\":\"en-US\",\"@id\":\"https:\/\/www.indieofilo.com\/en\/news\/music\/damon-albarn-confirms-the-new-gorillaz-album-in-an-interview-with-les-inrockuptibles#primaryimage\",\"url\":\"https:\/\/www.indieofilo.com\/wp-content\/uploads\/2025\/04\/damon-albarn-confirms-the-new-go.jpg\",\"contentUrl\":\"https:\/\/www.indieofilo.com\/wp-content\/uploads\/2025\/04\/damon-albarn-confirms-the-new-go.jpg\",\"width\":1280,\"height\":720},{\"@type\":\"BreadcrumbList\",\"@id\":\"https:\/\/www.indieofilo.com\/en\/news\/music\/damon-albarn-confirms-the-new-gorillaz-album-in-an-interview-with-les-inrockuptibles#breadcrumb\",\"itemListElement\":[{\"@type\":\"ListItem\",\"position\":1,\"name\":\"Portada\",\"item\":\"https:\/\/www.indieofilo.com\/en\"},{\"@type\":\"ListItem\",\"position\":2,\"name\":\"Damon Albarn confirms the new Gorillaz album in an interview with Les Inrockuptibles\"}]},{\"@type\":\"WebSite\",\"@id\":\"https:\/\/www.indieofilo.com\/#website\",\"url\":\"https:\/\/www.indieofilo.com\/\",\"name\":\"Indie\u00f3filo\",\"description\":\"Magazine online de la cultura independiente\",\"publisher\":{\"@id\":\"https:\/\/www.indieofilo.com\/#organization\"},\"potentialAction\":[{\"@type\":\"SearchAction\",\"target\":{\"@type\":\"EntryPoint\",\"urlTemplate\":\"https:\/\/www.indieofilo.com\/?s={search_term_string}\"},\"query-input\":{\"@type\":\"PropertyValueSpecification\",\"valueRequired\":true,\"valueName\":\"search_term_string\"}}],\"inLanguage\":\"en-US\"},{\"@type\":\"Organization\",\"@id\":\"https:\/\/www.indieofilo.com\/#organization\",\"name\":\"Indie\u00f3filo Web\",\"url\":\"https:\/\/www.indieofilo.com\/\",\"logo\":{\"@type\":\"ImageObject\",\"inLanguage\":\"en-US\",\"@id\":\"https:\/\/www.indieofilo.com\/#\/schema\/logo\/image\/\",\"url\":\"https:\/\/www.indieofilo.com\/wp-content\/uploads\/2015\/02\/logo-alta-resolucion.png\",\"contentUrl\":\"https:\/\/www.indieofilo.com\/wp-content\/uploads\/2015\/02\/logo-alta-resolucion.png\",\"width\":544,\"height\":185,\"caption\":\"Indie\u00f3filo Web\"},\"image\":{\"@id\":\"https:\/\/www.indieofilo.com\/#\/schema\/logo\/image\/\"},\"sameAs\":[\"https:\/\/www.facebook.com\/Indieofilo\/\",\"https:\/\/x.com\/indieofilo\",\"https:\/\/www.instagram.com\/indieofilo\/\"]},{\"@type\":\"Person\",\"@id\":\"https:\/\/www.indieofilo.com\/#\/schema\/person\/595334d38590e4ce5a09f83cbf2fca90\",\"name\":\"Victor\",\"image\":{\"@type\":\"ImageObject\",\"inLanguage\":\"en-US\",\"@id\":\"https:\/\/www.indieofilo.com\/#\/schema\/person\/image\/\",\"url\":\"https:\/\/secure.gravatar.com\/avatar\/682b8c6ea3e94b6cffec683b25f1797d?s=96&d=mm&r=g\",\"contentUrl\":\"https:\/\/secure.gravatar.com\/avatar\/682b8c6ea3e94b6cffec683b25f1797d?s=96&d=mm&r=g\",\"caption\":\"Victor\"},\"description\":\"Fan\u00e1tico de la m\u00fasica desde que mis padres me pon\u00edan a Eydie Gorme y Los Panchos o el Discotuna por la A2. Intent\u00e9 tocar varios instrumentos, pero soy muy torpe con la mano izquierda, as\u00ed que ya sab\u00e9is el resultado final. Fan del britpop, Post-punk, el rugby y el baloncesto...\",\"sameAs\":[\"http:\/\/indieofilo.com\"],\"url\":\"https:\/\/www.indieofilo.com\/en\/author\/victor\"}]}<\/script>\n<!-- \/ Yoast SEO Premium plugin. -->","yoast_head_json":{"title":"Damon Albarn confirms the new Gorillaz album in an interview with Les Inrockuptibles - Indie\u00f3filo","description":"In an interview with French media Les Inrockuptibles, the English singer has stated that there will be a Gorillaz album in 2025","robots":{"index":"index","follow":"follow","max-snippet":"max-snippet:-1","max-image-preview":"max-image-preview:large","max-video-preview":"max-video-preview:-1"},"canonical":"https:\/\/www.indieofilo.com\/en\/news\/music\/damon-albarn-confirms-the-new-gorillaz-album-in-an-interview-with-les-inrockuptibles","og_locale":"en_US","og_type":"article","og_title":"Damon Albarn confirms the new Gorillaz album in an interview with Les Inrockuptibles","og_description":"In an interview with French media Les Inrockuptibles, the English singer has stated that there will be a Gorillaz album in 2025","og_url":"https:\/\/www.indieofilo.com\/en\/news\/music\/damon-albarn-confirms-the-new-gorillaz-album-in-an-interview-with-les-inrockuptibles","og_site_name":"Indie\u00f3filo","article_publisher":"https:\/\/www.facebook.com\/Indieofilo\/","article_published_time":"2025-03-25T18:46:00+00:00","article_modified_time":"2025-04-07T17:09:36+00:00","og_image":[{"width":1280,"height":720,"url":"http:\/\/www.indieofilo.com\/wp-content\/uploads\/2025\/04\/damon-albarn-confirms-the-new-go.jpg","type":"image\/jpeg"}],"author":"Victor","twitter_card":"summary_large_image","twitter_creator":"@indieofilo","twitter_site":"@indieofilo","twitter_misc":{"Written by":"Victor","Est. reading time":"1 minute"},"schema":{"@context":"https:\/\/schema.org","@graph":[{"@type":"Article","@id":"https:\/\/www.indieofilo.com\/en\/news\/music\/damon-albarn-confirms-the-new-gorillaz-album-in-an-interview-with-les-inrockuptibles#article","isPartOf":{"@id":"https:\/\/www.indieofilo.com\/en\/news\/music\/damon-albarn-confirms-the-new-gorillaz-album-in-an-interview-with-les-inrockuptibles"},"author":{"name":"Victor","@id":"https:\/\/www.indieofilo.com\/#\/schema\/person\/595334d38590e4ce5a09f83cbf2fca90"},"headline":"Damon Albarn confirms the new Gorillaz album in an interview with Les Inrockuptibles","datePublished":"2025-03-25T18:46:00+00:00","dateModified":"2025-04-07T17:09:36+00:00","mainEntityOfPage":{"@id":"https:\/\/www.indieofilo.com\/en\/news\/music\/damon-albarn-confirms-the-new-gorillaz-album-in-an-interview-with-les-inrockuptibles"},"wordCount":184,"commentCount":0,"publisher":{"@id":"https:\/\/www.indieofilo.com\/#organization"},"image":{"@id":"https:\/\/www.indieofilo.com\/en\/news\/music\/damon-albarn-confirms-the-new-gorillaz-album-in-an-interview-with-les-inrockuptibles#primaryimage"},"thumbnailUrl":"https:\/\/www.indieofilo.com\/wp-content\/uploads\/2025\/04\/damon-albarn-confirms-the-new-go.jpg","keywords":["Damon Albarn","Gorillaz"],"articleSection":["Music","News"],"inLanguage":"en-US","potentialAction":[{"@type":"CommentAction","name":"Comment","target":["https:\/\/www.indieofilo.com\/en\/news\/music\/damon-albarn-confirms-the-new-gorillaz-album-in-an-interview-with-les-inrockuptibles#respond"]}]},{"@type":"WebPage","@id":"https:\/\/www.indieofilo.com\/en\/news\/music\/damon-albarn-confirms-the-new-gorillaz-album-in-an-interview-with-les-inrockuptibles","url":"https:\/\/www.indieofilo.com\/en\/news\/music\/damon-albarn-confirms-the-new-gorillaz-album-in-an-interview-with-les-inrockuptibles","name":"Damon Albarn confirms the new Gorillaz album in an interview with Les Inrockuptibles - Indie\u00f3filo","isPartOf":{"@id":"https:\/\/www.indieofilo.com\/#website"},"primaryImageOfPage":{"@id":"https:\/\/www.indieofilo.com\/en\/news\/music\/damon-albarn-confirms-the-new-gorillaz-album-in-an-interview-with-les-inrockuptibles#primaryimage"},"image":{"@id":"https:\/\/www.indieofilo.com\/en\/news\/music\/damon-albarn-confirms-the-new-gorillaz-album-in-an-interview-with-les-inrockuptibles#primaryimage"},"thumbnailUrl":"https:\/\/www.indieofilo.com\/wp-content\/uploads\/2025\/04\/damon-albarn-confirms-the-new-go.jpg","datePublished":"2025-03-25T18:46:00+00:00","dateModified":"2025-04-07T17:09:36+00:00","description":"In an interview with French media Les Inrockuptibles, the English singer has stated that there will be a Gorillaz album in 2025","breadcrumb":{"@id":"https:\/\/www.indieofilo.com\/en\/news\/music\/damon-albarn-confirms-the-new-gorillaz-album-in-an-interview-with-les-inrockuptibles#breadcrumb"},"inLanguage":"en-US","potentialAction":[{"@type":"ReadAction","target":["https:\/\/www.indieofilo.com\/en\/news\/music\/damon-albarn-confirms-the-new-gorillaz-album-in-an-interview-with-les-inrockuptibles"]}]},{"@type":"ImageObject","inLanguage":"en-US","@id":"https:\/\/www.indieofilo.com\/en\/news\/music\/damon-albarn-confirms-the-new-gorillaz-album-in-an-interview-with-les-inrockuptibles#primaryimage","url":"https:\/\/www.indieofilo.com\/wp-content\/uploads\/2025\/04\/damon-albarn-confirms-the-new-go.jpg","contentUrl":"https:\/\/www.indieofilo.com\/wp-content\/uploads\/2025\/04\/damon-albarn-confirms-the-new-go.jpg","width":1280,"height":720},{"@type":"BreadcrumbList","@id":"https:\/\/www.indieofilo.com\/en\/news\/music\/damon-albarn-confirms-the-new-gorillaz-album-in-an-interview-with-les-inrockuptibles#breadcrumb","itemListElement":[{"@type":"ListItem","position":1,"name":"Portada","item":"https:\/\/www.indieofilo.com\/en"},{"@type":"ListItem","position":2,"name":"Damon Albarn confirms the new Gorillaz album in an interview with Les Inrockuptibles"}]},{"@type":"WebSite","@id":"https:\/\/www.indieofilo.com\/#website","url":"https:\/\/www.indieofilo.com\/","name":"Indie\u00f3filo","description":"Magazine online de la cultura independiente","publisher":{"@id":"https:\/\/www.indieofilo.com\/#organization"},"potentialAction":[{"@type":"SearchAction","target":{"@type":"EntryPoint","urlTemplate":"https:\/\/www.indieofilo.com\/?s={search_term_string}"},"query-input":{"@type":"PropertyValueSpecification","valueRequired":true,"valueName":"search_term_string"}}],"inLanguage":"en-US"},{"@type":"Organization","@id":"https:\/\/www.indieofilo.com\/#organization","name":"Indie\u00f3filo Web","url":"https:\/\/www.indieofilo.com\/","logo":{"@type":"ImageObject","inLanguage":"en-US","@id":"https:\/\/www.indieofilo.com\/#\/schema\/logo\/image\/","url":"https:\/\/www.indieofilo.com\/wp-content\/uploads\/2015\/02\/logo-alta-resolucion.png","contentUrl":"https:\/\/www.indieofilo.com\/wp-content\/uploads\/2015\/02\/logo-alta-resolucion.png","width":544,"height":185,"caption":"Indie\u00f3filo Web"},"image":{"@id":"https:\/\/www.indieofilo.com\/#\/schema\/logo\/image\/"},"sameAs":["https:\/\/www.facebook.com\/Indieofilo\/","https:\/\/x.com\/indieofilo","https:\/\/www.instagram.com\/indieofilo\/"]},{"@type":"Person","@id":"https:\/\/www.indieofilo.com\/#\/schema\/person\/595334d38590e4ce5a09f83cbf2fca90","name":"Victor","image":{"@type":"ImageObject","inLanguage":"en-US","@id":"https:\/\/www.indieofilo.com\/#\/schema\/person\/image\/","url":"https:\/\/secure.gravatar.com\/avatar\/682b8c6ea3e94b6cffec683b25f1797d?s=96&d=mm&r=g","contentUrl":"https:\/\/secure.gravatar.com\/avatar\/682b8c6ea3e94b6cffec683b25f1797d?s=96&d=mm&r=g","caption":"Victor"},"description":"Fan\u00e1tico de la m\u00fasica desde que mis padres me pon\u00edan a Eydie Gorme y Los Panchos o el Discotuna por la A2. Intent\u00e9 tocar varios instrumentos, pero soy muy torpe con la mano izquierda, as\u00ed que ya sab\u00e9is el resultado final. Fan del britpop, Post-punk, el rugby y el baloncesto...","sameAs":["http:\/\/indieofilo.com"],"url":"https:\/\/www.indieofilo.com\/en\/author\/victor"}]}},"_links":{"self":[{"href":"https:\/\/www.indieofilo.com\/en\/wp-json\/wp\/v2\/posts\/47336","targetHints":{"allow":["GET"]}}],"collection":[{"href":"https:\/\/www.indieofilo.com\/en\/wp-json\/wp\/v2\/posts"}],"about":[{"href":"https:\/\/www.indieofilo.com\/en\/wp-json\/wp\/v2\/types\/post"}],"author":[{"embeddable":true,"href":"https:\/\/www.indieofilo.com\/en\/wp-json\/wp\/v2\/users\/1"}],"replies":[{"embeddable":true,"href":"https:\/\/www.indieofilo.com\/en\/wp-json\/wp\/v2\/comments?post=47336"}],"version-history":[{"count":0,"href":"https:\/\/www.indieofilo.com\/en\/wp-json\/wp\/v2\/posts\/47336\/revisions"}],"wp:featuredmedia":[{"embeddable":true,"href":"https:\/\/www.indieofilo.com\/en\/wp-json\/wp\/v2\/media\/47337"}],"wp:attachment":[{"href":"https:\/\/www.indieofilo.com\/en\/wp-json\/wp\/v2\/media?parent=47336"}],"wp:term":[{"taxonomy":"category","embeddable":true,"href":"https:\/\/www.indieofilo.com\/en\/wp-json\/wp\/v2\/categories?post=47336"},{"taxonomy":"post_tag","embeddable":true,"href":"https:\/\/www.indieofilo.com\/en\/wp-json\/wp\/v2\/tags?post=47336"}],"curies":[{"name":"wp","href":"https:\/\/api.w.org\/{rel}","templated":true}]}}