{"id":47319,"date":"2025-04-07T12:32:52","date_gmt":"2025-04-07T10:32:52","guid":{"rendered":"https:\/\/www.indieofilo.com\/news\/music\/marilyn-manson-announces-world-tour-for-2025"},"modified":"2025-04-09T08:32:27","modified_gmt":"2025-04-09T06:32:27","slug":"marilyn-manson-announces-world-tour-for-2025","status":"publish","type":"post","link":"https:\/\/www.indieofilo.com\/en\/news\/marilyn-manson-announces-world-tour-for-2025","title":{"rendered":"Marilyn Manson announces world tour for 2025"},"content":{"rendered":"<p>The ever controversial <strong>Marilyn Manson<\/strong> has just announced the world tour for his latest album, <em>One Assassination Under God &#8211; Chapter 1<\/em> (2024),<\/p>\n<p style=\"text-align: justify;\">The tour, entitled the &#8220;<em>One Assassination Under God Tour<\/em>&#8220;, will kick off in South Dakota on August 7, and after performing in various cities across the US, it will reach Europe at the end of October, visiting the UK first. The tour then moves to continental Europe in November, with concerts in France, Belgium, Germany, the Czech Republic, Poland, Switzerland and Italy, before reaching the <strong>Palau Ol\u00edmpic in Badalona on 27 November and the Palacio Vistalegre in Madrid on 28 November<\/strong>, just ahead of the tour&#8217;s conclusion in Lisbon on 29 November. <\/p>\n<p style=\"text-align: justify;\">Tickets for the Marilyn Manson concerts in Barcelona and Madrid, priced from \u20ac62 for the cheapest grandstand tickets to \u20ac90 for arena tickets (+ booking fee in both cases), go on sale on Friday 4th April at 10:00am via promoter <a href=\"https:\/\/www.doctormusic.com\/\" target=\"_blank\" rel=\"noopener\">Doctor Music<\/a> and <a href=\"https:\/\/www.entradas.com\/\" target=\"_blank\" rel=\"noopener\">entradas.com<\/a>.<\/p>\n<p><img fetchpriority=\"high\" decoding=\"async\" class=\"aligncenter size-large wp-image-47316\" src=\"http:\/\/www.indieofilo.com\/wp-content\/uploads\/2025\/04\/marilyn-manson-barcelona-2025-546x683.jpg\" alt=\"Marilyn Manson World Tour Barcelona 2025\" width=\"546\" height=\"683\" srcset=\"https:\/\/www.indieofilo.com\/wp-content\/uploads\/2025\/04\/marilyn-manson-barcelona-2025-546x683.jpg 546w, https:\/\/www.indieofilo.com\/wp-content\/uploads\/2025\/04\/marilyn-manson-barcelona-2025-426x533.jpg 426w, https:\/\/www.indieofilo.com\/wp-content\/uploads\/2025\/04\/marilyn-manson-barcelona-2025-320x400.jpg 320w, https:\/\/www.indieofilo.com\/wp-content\/uploads\/2025\/04\/marilyn-manson-barcelona-2025.jpg 580w\" sizes=\"(max-width: 546px) 100vw, 546px\" \/><\/p>\n\n<p><\/p>\n","protected":false},"excerpt":{"rendered":"<p>The ever controversial Marilyn Manson has just announced the world tour for his latest album, One Assassination Under God &#8211; Chapter 1 (2024), The tour, entitled the &#8220;One Assassination Under God Tour&#8220;, will kick off in South Dakota on August 7, and after performing in various cities across the US, it will reach Europe at [&hellip;]<\/p>\n","protected":false},"author":1,"featured_media":47317,"comment_status":"open","ping_status":"closed","sticky":false,"template":"","format":"standard","meta":{"footnotes":""},"categories":[41,8],"tags":[4961,5267],"class_list":["post-47319","post","type-post","status-publish","format-standard","has-post-thumbnail","hentry","category-live-shows","category-news","tag-barcelona-en","tag-marilyn-manson-en"],"yoast_head":"<!-- This site is optimized with the Yoast SEO Premium plugin v23.9 (Yoast SEO v26.6) - https:\/\/yoast.com\/wordpress\/plugins\/seo\/ -->\n<title>Marilyn Manson announces world tour for 2025 - Indie\u00f3filo<\/title>\n<meta name=\"description\" content=\"Marilyn Manson will perform at the Palau Ol\u00edmpic in Badalona on 27 November and at the Palacio Vistalegre in Madrid on 28 November.\" \/>\n<meta name=\"robots\" content=\"index, follow, max-snippet:-1, max-image-preview:large, max-video-preview:-1\" \/>\n<link rel=\"canonical\" href=\"https:\/\/www.indieofilo.com\/en\/news\/marilyn-manson-announces-world-tour-for-2025\" \/>\n<meta property=\"og:locale\" content=\"en_US\" \/>\n<meta property=\"og:type\" content=\"article\" \/>\n<meta property=\"og:title\" content=\"Marilyn Manson announces world tour for 2025\" \/>\n<meta property=\"og:description\" content=\"Marilyn Manson will perform at the Palau Ol\u00edmpic in Badalona on 27 November and at the Palacio Vistalegre in Madrid on 28 November.\" \/>\n<meta property=\"og:url\" content=\"https:\/\/www.indieofilo.com\/en\/news\/marilyn-manson-announces-world-tour-for-2025\" \/>\n<meta property=\"og:site_name\" content=\"Indie\u00f3filo\" \/>\n<meta property=\"article:publisher\" content=\"https:\/\/www.facebook.com\/Indieofilo\/\" \/>\n<meta property=\"article:published_time\" content=\"2025-04-07T10:32:52+00:00\" \/>\n<meta property=\"article:modified_time\" content=\"2025-04-09T06:32:27+00:00\" \/>\n<meta property=\"og:image\" content=\"http:\/\/www.indieofilo.com\/wp-content\/uploads\/2025\/04\/marilyn-manson-barcelona-2025.jpg\" \/>\n\t<meta property=\"og:image:width\" content=\"580\" \/>\n\t<meta property=\"og:image:height\" content=\"725\" \/>\n\t<meta property=\"og:image:type\" content=\"image\/jpeg\" \/>\n<meta name=\"author\" content=\"Victor\" \/>\n<meta name=\"twitter:card\" content=\"summary_large_image\" \/>\n<meta name=\"twitter:creator\" content=\"@indieofilo\" \/>\n<meta name=\"twitter:site\" content=\"@indieofilo\" \/>\n<meta name=\"twitter:label1\" content=\"Written by\" \/>\n\t<meta name=\"twitter:data1\" content=\"Victor\" \/>\n\t<meta name=\"twitter:label2\" content=\"Est. reading time\" \/>\n\t<meta name=\"twitter:data2\" content=\"2 minutes\" \/>\n<script type=\"application\/ld+json\" class=\"yoast-schema-graph\">{\"@context\":\"https:\/\/schema.org\",\"@graph\":[{\"@type\":\"Article\",\"@id\":\"https:\/\/www.indieofilo.com\/en\/news\/marilyn-manson-announces-world-tour-for-2025#article\",\"isPartOf\":{\"@id\":\"https:\/\/www.indieofilo.com\/en\/news\/marilyn-manson-announces-world-tour-for-2025\"},\"author\":{\"name\":\"Victor\",\"@id\":\"https:\/\/www.indieofilo.com\/#\/schema\/person\/595334d38590e4ce5a09f83cbf2fca90\"},\"headline\":\"Marilyn Manson announces world tour for 2025\",\"datePublished\":\"2025-04-07T10:32:52+00:00\",\"dateModified\":\"2025-04-09T06:32:27+00:00\",\"mainEntityOfPage\":{\"@id\":\"https:\/\/www.indieofilo.com\/en\/news\/marilyn-manson-announces-world-tour-for-2025\"},\"wordCount\":158,\"commentCount\":0,\"publisher\":{\"@id\":\"https:\/\/www.indieofilo.com\/#organization\"},\"image\":{\"@id\":\"https:\/\/www.indieofilo.com\/en\/news\/marilyn-manson-announces-world-tour-for-2025#primaryimage\"},\"thumbnailUrl\":\"https:\/\/www.indieofilo.com\/wp-content\/uploads\/2025\/04\/marilyn-manson-barcelona-2025.jpg\",\"keywords\":[\"Barcelona\",\"Marilyn Manson\"],\"articleSection\":[\"Live Shows\",\"News\"],\"inLanguage\":\"en-US\",\"potentialAction\":[{\"@type\":\"CommentAction\",\"name\":\"Comment\",\"target\":[\"https:\/\/www.indieofilo.com\/en\/news\/marilyn-manson-announces-world-tour-for-2025#respond\"]}]},{\"@type\":\"WebPage\",\"@id\":\"https:\/\/www.indieofilo.com\/en\/news\/marilyn-manson-announces-world-tour-for-2025\",\"url\":\"https:\/\/www.indieofilo.com\/en\/news\/marilyn-manson-announces-world-tour-for-2025\",\"name\":\"Marilyn Manson announces world tour for 2025 - Indie\u00f3filo\",\"isPartOf\":{\"@id\":\"https:\/\/www.indieofilo.com\/#website\"},\"primaryImageOfPage\":{\"@id\":\"https:\/\/www.indieofilo.com\/en\/news\/marilyn-manson-announces-world-tour-for-2025#primaryimage\"},\"image\":{\"@id\":\"https:\/\/www.indieofilo.com\/en\/news\/marilyn-manson-announces-world-tour-for-2025#primaryimage\"},\"thumbnailUrl\":\"https:\/\/www.indieofilo.com\/wp-content\/uploads\/2025\/04\/marilyn-manson-barcelona-2025.jpg\",\"datePublished\":\"2025-04-07T10:32:52+00:00\",\"dateModified\":\"2025-04-09T06:32:27+00:00\",\"description\":\"Marilyn Manson will perform at the Palau Ol\u00edmpic in Badalona on 27 November and at the Palacio Vistalegre in Madrid on 28 November.\",\"breadcrumb\":{\"@id\":\"https:\/\/www.indieofilo.com\/en\/news\/marilyn-manson-announces-world-tour-for-2025#breadcrumb\"},\"inLanguage\":\"en-US\",\"potentialAction\":[{\"@type\":\"ReadAction\",\"target\":[\"https:\/\/www.indieofilo.com\/en\/news\/marilyn-manson-announces-world-tour-for-2025\"]}]},{\"@type\":\"ImageObject\",\"inLanguage\":\"en-US\",\"@id\":\"https:\/\/www.indieofilo.com\/en\/news\/marilyn-manson-announces-world-tour-for-2025#primaryimage\",\"url\":\"https:\/\/www.indieofilo.com\/wp-content\/uploads\/2025\/04\/marilyn-manson-barcelona-2025.jpg\",\"contentUrl\":\"https:\/\/www.indieofilo.com\/wp-content\/uploads\/2025\/04\/marilyn-manson-barcelona-2025.jpg\",\"width\":580,\"height\":725,\"caption\":\"Marilyn Manson Barcelona 2025\"},{\"@type\":\"BreadcrumbList\",\"@id\":\"https:\/\/www.indieofilo.com\/en\/news\/marilyn-manson-announces-world-tour-for-2025#breadcrumb\",\"itemListElement\":[{\"@type\":\"ListItem\",\"position\":1,\"name\":\"Portada\",\"item\":\"https:\/\/www.indieofilo.com\/en\"},{\"@type\":\"ListItem\",\"position\":2,\"name\":\"Marilyn Manson announces world tour for 2025\"}]},{\"@type\":\"WebSite\",\"@id\":\"https:\/\/www.indieofilo.com\/#website\",\"url\":\"https:\/\/www.indieofilo.com\/\",\"name\":\"Indie\u00f3filo\",\"description\":\"Magazine online de la cultura independiente\",\"publisher\":{\"@id\":\"https:\/\/www.indieofilo.com\/#organization\"},\"potentialAction\":[{\"@type\":\"SearchAction\",\"target\":{\"@type\":\"EntryPoint\",\"urlTemplate\":\"https:\/\/www.indieofilo.com\/?s={search_term_string}\"},\"query-input\":{\"@type\":\"PropertyValueSpecification\",\"valueRequired\":true,\"valueName\":\"search_term_string\"}}],\"inLanguage\":\"en-US\"},{\"@type\":\"Organization\",\"@id\":\"https:\/\/www.indieofilo.com\/#organization\",\"name\":\"Indie\u00f3filo Web\",\"url\":\"https:\/\/www.indieofilo.com\/\",\"logo\":{\"@type\":\"ImageObject\",\"inLanguage\":\"en-US\",\"@id\":\"https:\/\/www.indieofilo.com\/#\/schema\/logo\/image\/\",\"url\":\"https:\/\/www.indieofilo.com\/wp-content\/uploads\/2015\/02\/logo-alta-resolucion.png\",\"contentUrl\":\"https:\/\/www.indieofilo.com\/wp-content\/uploads\/2015\/02\/logo-alta-resolucion.png\",\"width\":544,\"height\":185,\"caption\":\"Indie\u00f3filo Web\"},\"image\":{\"@id\":\"https:\/\/www.indieofilo.com\/#\/schema\/logo\/image\/\"},\"sameAs\":[\"https:\/\/www.facebook.com\/Indieofilo\/\",\"https:\/\/x.com\/indieofilo\",\"https:\/\/www.instagram.com\/indieofilo\/\"]},{\"@type\":\"Person\",\"@id\":\"https:\/\/www.indieofilo.com\/#\/schema\/person\/595334d38590e4ce5a09f83cbf2fca90\",\"name\":\"Victor\",\"image\":{\"@type\":\"ImageObject\",\"inLanguage\":\"en-US\",\"@id\":\"https:\/\/www.indieofilo.com\/#\/schema\/person\/image\/\",\"url\":\"https:\/\/secure.gravatar.com\/avatar\/682b8c6ea3e94b6cffec683b25f1797d?s=96&d=mm&r=g\",\"contentUrl\":\"https:\/\/secure.gravatar.com\/avatar\/682b8c6ea3e94b6cffec683b25f1797d?s=96&d=mm&r=g\",\"caption\":\"Victor\"},\"description\":\"Fan\u00e1tico de la m\u00fasica desde que mis padres me pon\u00edan a Eydie Gorme y Los Panchos o el Discotuna por la A2. Intent\u00e9 tocar varios instrumentos, pero soy muy torpe con la mano izquierda, as\u00ed que ya sab\u00e9is el resultado final. Fan del britpop, Post-punk, el rugby y el baloncesto...\",\"sameAs\":[\"http:\/\/indieofilo.com\"],\"url\":\"https:\/\/www.indieofilo.com\/en\/author\/victor\"}]}<\/script>\n<!-- \/ Yoast SEO Premium plugin. -->","yoast_head_json":{"title":"Marilyn Manson announces world tour for 2025 - Indie\u00f3filo","description":"Marilyn Manson will perform at the Palau Ol\u00edmpic in Badalona on 27 November and at the Palacio Vistalegre in Madrid on 28 November.","robots":{"index":"index","follow":"follow","max-snippet":"max-snippet:-1","max-image-preview":"max-image-preview:large","max-video-preview":"max-video-preview:-1"},"canonical":"https:\/\/www.indieofilo.com\/en\/news\/marilyn-manson-announces-world-tour-for-2025","og_locale":"en_US","og_type":"article","og_title":"Marilyn Manson announces world tour for 2025","og_description":"Marilyn Manson will perform at the Palau Ol\u00edmpic in Badalona on 27 November and at the Palacio Vistalegre in Madrid on 28 November.","og_url":"https:\/\/www.indieofilo.com\/en\/news\/marilyn-manson-announces-world-tour-for-2025","og_site_name":"Indie\u00f3filo","article_publisher":"https:\/\/www.facebook.com\/Indieofilo\/","article_published_time":"2025-04-07T10:32:52+00:00","article_modified_time":"2025-04-09T06:32:27+00:00","og_image":[{"width":580,"height":725,"url":"http:\/\/www.indieofilo.com\/wp-content\/uploads\/2025\/04\/marilyn-manson-barcelona-2025.jpg","type":"image\/jpeg"}],"author":"Victor","twitter_card":"summary_large_image","twitter_creator":"@indieofilo","twitter_site":"@indieofilo","twitter_misc":{"Written by":"Victor","Est. reading time":"2 minutes"},"schema":{"@context":"https:\/\/schema.org","@graph":[{"@type":"Article","@id":"https:\/\/www.indieofilo.com\/en\/news\/marilyn-manson-announces-world-tour-for-2025#article","isPartOf":{"@id":"https:\/\/www.indieofilo.com\/en\/news\/marilyn-manson-announces-world-tour-for-2025"},"author":{"name":"Victor","@id":"https:\/\/www.indieofilo.com\/#\/schema\/person\/595334d38590e4ce5a09f83cbf2fca90"},"headline":"Marilyn Manson announces world tour for 2025","datePublished":"2025-04-07T10:32:52+00:00","dateModified":"2025-04-09T06:32:27+00:00","mainEntityOfPage":{"@id":"https:\/\/www.indieofilo.com\/en\/news\/marilyn-manson-announces-world-tour-for-2025"},"wordCount":158,"commentCount":0,"publisher":{"@id":"https:\/\/www.indieofilo.com\/#organization"},"image":{"@id":"https:\/\/www.indieofilo.com\/en\/news\/marilyn-manson-announces-world-tour-for-2025#primaryimage"},"thumbnailUrl":"https:\/\/www.indieofilo.com\/wp-content\/uploads\/2025\/04\/marilyn-manson-barcelona-2025.jpg","keywords":["Barcelona","Marilyn Manson"],"articleSection":["Live Shows","News"],"inLanguage":"en-US","potentialAction":[{"@type":"CommentAction","name":"Comment","target":["https:\/\/www.indieofilo.com\/en\/news\/marilyn-manson-announces-world-tour-for-2025#respond"]}]},{"@type":"WebPage","@id":"https:\/\/www.indieofilo.com\/en\/news\/marilyn-manson-announces-world-tour-for-2025","url":"https:\/\/www.indieofilo.com\/en\/news\/marilyn-manson-announces-world-tour-for-2025","name":"Marilyn Manson announces world tour for 2025 - Indie\u00f3filo","isPartOf":{"@id":"https:\/\/www.indieofilo.com\/#website"},"primaryImageOfPage":{"@id":"https:\/\/www.indieofilo.com\/en\/news\/marilyn-manson-announces-world-tour-for-2025#primaryimage"},"image":{"@id":"https:\/\/www.indieofilo.com\/en\/news\/marilyn-manson-announces-world-tour-for-2025#primaryimage"},"thumbnailUrl":"https:\/\/www.indieofilo.com\/wp-content\/uploads\/2025\/04\/marilyn-manson-barcelona-2025.jpg","datePublished":"2025-04-07T10:32:52+00:00","dateModified":"2025-04-09T06:32:27+00:00","description":"Marilyn Manson will perform at the Palau Ol\u00edmpic in Badalona on 27 November and at the Palacio Vistalegre in Madrid on 28 November.","breadcrumb":{"@id":"https:\/\/www.indieofilo.com\/en\/news\/marilyn-manson-announces-world-tour-for-2025#breadcrumb"},"inLanguage":"en-US","potentialAction":[{"@type":"ReadAction","target":["https:\/\/www.indieofilo.com\/en\/news\/marilyn-manson-announces-world-tour-for-2025"]}]},{"@type":"ImageObject","inLanguage":"en-US","@id":"https:\/\/www.indieofilo.com\/en\/news\/marilyn-manson-announces-world-tour-for-2025#primaryimage","url":"https:\/\/www.indieofilo.com\/wp-content\/uploads\/2025\/04\/marilyn-manson-barcelona-2025.jpg","contentUrl":"https:\/\/www.indieofilo.com\/wp-content\/uploads\/2025\/04\/marilyn-manson-barcelona-2025.jpg","width":580,"height":725,"caption":"Marilyn Manson Barcelona 2025"},{"@type":"BreadcrumbList","@id":"https:\/\/www.indieofilo.com\/en\/news\/marilyn-manson-announces-world-tour-for-2025#breadcrumb","itemListElement":[{"@type":"ListItem","position":1,"name":"Portada","item":"https:\/\/www.indieofilo.com\/en"},{"@type":"ListItem","position":2,"name":"Marilyn Manson announces world tour for 2025"}]},{"@type":"WebSite","@id":"https:\/\/www.indieofilo.com\/#website","url":"https:\/\/www.indieofilo.com\/","name":"Indie\u00f3filo","description":"Magazine online de la cultura independiente","publisher":{"@id":"https:\/\/www.indieofilo.com\/#organization"},"potentialAction":[{"@type":"SearchAction","target":{"@type":"EntryPoint","urlTemplate":"https:\/\/www.indieofilo.com\/?s={search_term_string}"},"query-input":{"@type":"PropertyValueSpecification","valueRequired":true,"valueName":"search_term_string"}}],"inLanguage":"en-US"},{"@type":"Organization","@id":"https:\/\/www.indieofilo.com\/#organization","name":"Indie\u00f3filo Web","url":"https:\/\/www.indieofilo.com\/","logo":{"@type":"ImageObject","inLanguage":"en-US","@id":"https:\/\/www.indieofilo.com\/#\/schema\/logo\/image\/","url":"https:\/\/www.indieofilo.com\/wp-content\/uploads\/2015\/02\/logo-alta-resolucion.png","contentUrl":"https:\/\/www.indieofilo.com\/wp-content\/uploads\/2015\/02\/logo-alta-resolucion.png","width":544,"height":185,"caption":"Indie\u00f3filo Web"},"image":{"@id":"https:\/\/www.indieofilo.com\/#\/schema\/logo\/image\/"},"sameAs":["https:\/\/www.facebook.com\/Indieofilo\/","https:\/\/x.com\/indieofilo","https:\/\/www.instagram.com\/indieofilo\/"]},{"@type":"Person","@id":"https:\/\/www.indieofilo.com\/#\/schema\/person\/595334d38590e4ce5a09f83cbf2fca90","name":"Victor","image":{"@type":"ImageObject","inLanguage":"en-US","@id":"https:\/\/www.indieofilo.com\/#\/schema\/person\/image\/","url":"https:\/\/secure.gravatar.com\/avatar\/682b8c6ea3e94b6cffec683b25f1797d?s=96&d=mm&r=g","contentUrl":"https:\/\/secure.gravatar.com\/avatar\/682b8c6ea3e94b6cffec683b25f1797d?s=96&d=mm&r=g","caption":"Victor"},"description":"Fan\u00e1tico de la m\u00fasica desde que mis padres me pon\u00edan a Eydie Gorme y Los Panchos o el Discotuna por la A2. Intent\u00e9 tocar varios instrumentos, pero soy muy torpe con la mano izquierda, as\u00ed que ya sab\u00e9is el resultado final. Fan del britpop, Post-punk, el rugby y el baloncesto...","sameAs":["http:\/\/indieofilo.com"],"url":"https:\/\/www.indieofilo.com\/en\/author\/victor"}]}},"_links":{"self":[{"href":"https:\/\/www.indieofilo.com\/en\/wp-json\/wp\/v2\/posts\/47319","targetHints":{"allow":["GET"]}}],"collection":[{"href":"https:\/\/www.indieofilo.com\/en\/wp-json\/wp\/v2\/posts"}],"about":[{"href":"https:\/\/www.indieofilo.com\/en\/wp-json\/wp\/v2\/types\/post"}],"author":[{"embeddable":true,"href":"https:\/\/www.indieofilo.com\/en\/wp-json\/wp\/v2\/users\/1"}],"replies":[{"embeddable":true,"href":"https:\/\/www.indieofilo.com\/en\/wp-json\/wp\/v2\/comments?post=47319"}],"version-history":[{"count":0,"href":"https:\/\/www.indieofilo.com\/en\/wp-json\/wp\/v2\/posts\/47319\/revisions"}],"wp:featuredmedia":[{"embeddable":true,"href":"https:\/\/www.indieofilo.com\/en\/wp-json\/wp\/v2\/media\/47317"}],"wp:attachment":[{"href":"https:\/\/www.indieofilo.com\/en\/wp-json\/wp\/v2\/media?parent=47319"}],"wp:term":[{"taxonomy":"category","embeddable":true,"href":"https:\/\/www.indieofilo.com\/en\/wp-json\/wp\/v2\/categories?post=47319"},{"taxonomy":"post_tag","embeddable":true,"href":"https:\/\/www.indieofilo.com\/en\/wp-json\/wp\/v2\/tags?post=47319"}],"curies":[{"name":"wp","href":"https:\/\/api.w.org\/{rel}","templated":true}]}}