{"id":47281,"date":"2025-03-26T12:40:00","date_gmt":"2025-03-26T11:40:00","guid":{"rendered":"https:\/\/www.indieofilo.com\/news\/music\/lady-gaga-announces-new-world-tour-the-mayhem-ball"},"modified":"2025-04-07T11:13:46","modified_gmt":"2025-04-07T09:13:46","slug":"lady-gaga-announces-new-world-tour-the-mayhem-ball","status":"publish","type":"post","link":"https:\/\/www.indieofilo.com\/en\/news\/live-shows\/lady-gaga-announces-new-world-tour-the-mayhem-ball","title":{"rendered":"Lady Gaga announces new world tour: The MAYHEM Ball"},"content":{"rendered":"<p style=\"text-align: justify;\"><strong>Lady Gaga<\/strong> has just confirmed the first dates of the world tour in support of her latest album <em>Mayhem<\/em> (2025), which will be released on 7 March on Interscope Records. The tour, which will be called &#8216;<em>The MAYHEM Ball<\/em>&#8216;, currently includes dates in North America, Europe and the UK, and will include two dates in Barcelona at the end of October<strong>.<\/strong><\/p>\n<p style=\"text-align: justify;\">The tour, which kicks off in Las Vegas on 16 July after concerts at Coachella (where he will headline), Mexico and Singapore, will visit various US venues such as Madison Square Garden and the United Center in Chicago before making the leap to Europe at the end of September. After visiting London, Manchester, Stockholm and Milan, the American singer <strong>will perform two concerts at the Palau Sant Jordi in Barcelona on 28 and 29 October 2025<\/strong>, before closing the tour in Berlin, Amsterdam, Antwerp, Lyon and Paris.<\/p>\n<p style=\"text-align: justify;\">In the press release accompanying the tour confirmation, the artist herself confirmed: &#8220;<em>This is my first arena tour since 2018.<\/em> <em>There\u2019s something electric about a stadium, and I love every moment of those shows. But with The MAYHEM Ball, I wanted to create a different kind of experience \u2013 something more intimate \u2013 closer, more connected \u2013 that lends itself to the live theatrical art I love to create.&#8221; <\/em><\/p>\n<p style=\"text-align: justify;\">Tickets for the Barcelona concerts, priced from \u20ac55 (+ booking fee) for the cheapest grandstand ticket, will go on sale on Thursday 3 April at 12pm via <a href=\"http:\/\/livenation.es\/\" target=\"_blank\" rel=\"nofollow noopener\">Livenation<\/a> and <a href=\"https:\/\/www.ticketmaster.es\/\">Ticketmaster<\/a>, with a pre-sale for Live Nation &#8211; S. S. Music customers taking place on 31 March at 12pm via <a href=\"http:\/\/livenation.es\/\" target=\"_blank\" rel=\"nofollow noopener\">Livenation<\/a>.<\/p>\n<p><img fetchpriority=\"high\" decoding=\"async\" class=\"aligncenter size-large wp-image-47282\" src=\"http:\/\/www.indieofilo.com\/wp-content\/uploads\/2025\/03\/Lady_Gaga_World_Tour_2025-534x683.jpg\" alt=\"Lady Gaga World Tour 2025\" width=\"534\" height=\"683\" srcset=\"https:\/\/www.indieofilo.com\/wp-content\/uploads\/2025\/03\/Lady_Gaga_World_Tour_2025-534x683.jpg 534w, https:\/\/www.indieofilo.com\/wp-content\/uploads\/2025\/03\/Lady_Gaga_World_Tour_2025-417x533.jpg 417w, https:\/\/www.indieofilo.com\/wp-content\/uploads\/2025\/03\/Lady_Gaga_World_Tour_2025-313x400.jpg 313w, https:\/\/www.indieofilo.com\/wp-content\/uploads\/2025\/03\/Lady_Gaga_World_Tour_2025-768x983.jpg 768w, https:\/\/www.indieofilo.com\/wp-content\/uploads\/2025\/03\/Lady_Gaga_World_Tour_2025.jpg 938w\" sizes=\"(max-width: 534px) 100vw, 534px\" \/><\/p>\n","protected":false},"excerpt":{"rendered":"<p>Lady Gaga has just confirmed the first dates of the world tour in support of her latest album Mayhem (2025), which will be released on 7 March on Interscope Records. The tour, which will be called &#8216;The MAYHEM Ball&#8216;, currently includes dates in North America, Europe and the UK, and will include two dates in [&hellip;]<\/p>\n","protected":false},"author":1,"featured_media":47282,"comment_status":"open","ping_status":"closed","sticky":false,"template":"","format":"standard","meta":{"footnotes":""},"categories":[41,8],"tags":[4961,5661],"class_list":["post-47281","post","type-post","status-publish","format-standard","has-post-thumbnail","hentry","category-live-shows","category-news","tag-barcelona-en","tag-lady-gaga-en"],"yoast_head":"<!-- This site is optimized with the Yoast SEO Premium plugin v23.9 (Yoast SEO v26.6) - https:\/\/yoast.com\/wordpress\/plugins\/seo\/ -->\n<title>Lady Gaga announces new world tour: The MAYHEM Ball - Indie\u00f3filo<\/title>\n<meta name=\"description\" content=\"On 28 and 29 October 2025, Lady Gaga will perform two concerts as part of the MAYHEM Ball tour at the Palau Sant Jordi in Barcelona.\" \/>\n<meta name=\"robots\" content=\"index, follow, max-snippet:-1, max-image-preview:large, max-video-preview:-1\" \/>\n<link rel=\"canonical\" href=\"https:\/\/www.indieofilo.com\/en\/news\/live-shows\/lady-gaga-announces-new-world-tour-the-mayhem-ball\" \/>\n<meta property=\"og:locale\" content=\"en_US\" \/>\n<meta property=\"og:type\" content=\"article\" \/>\n<meta property=\"og:title\" content=\"Lady Gaga announces new world tour: The MAYHEM Ball\" \/>\n<meta property=\"og:description\" content=\"On 28 and 29 October 2025, Lady Gaga will perform two concerts as part of the MAYHEM Ball tour at the Palau Sant Jordi in Barcelona.\" \/>\n<meta property=\"og:url\" content=\"https:\/\/www.indieofilo.com\/en\/news\/live-shows\/lady-gaga-announces-new-world-tour-the-mayhem-ball\" \/>\n<meta property=\"og:site_name\" content=\"Indie\u00f3filo\" \/>\n<meta property=\"article:publisher\" content=\"https:\/\/www.facebook.com\/Indieofilo\/\" \/>\n<meta property=\"article:published_time\" content=\"2025-03-26T11:40:00+00:00\" \/>\n<meta property=\"article:modified_time\" content=\"2025-04-07T09:13:46+00:00\" \/>\n<meta property=\"og:image\" content=\"http:\/\/www.indieofilo.com\/wp-content\/uploads\/2025\/03\/Lady_Gaga_World_Tour_2025.jpg\" \/>\n\t<meta property=\"og:image:width\" content=\"938\" \/>\n\t<meta property=\"og:image:height\" content=\"1200\" \/>\n\t<meta property=\"og:image:type\" content=\"image\/jpeg\" \/>\n<meta name=\"author\" content=\"Victor\" \/>\n<meta name=\"twitter:card\" content=\"summary_large_image\" \/>\n<meta name=\"twitter:creator\" content=\"@indieofilo\" \/>\n<meta name=\"twitter:site\" content=\"@indieofilo\" \/>\n<meta name=\"twitter:label1\" content=\"Written by\" \/>\n\t<meta name=\"twitter:data1\" content=\"Victor\" \/>\n\t<meta name=\"twitter:label2\" content=\"Est. reading time\" \/>\n\t<meta name=\"twitter:data2\" content=\"2 minutes\" \/>\n<script type=\"application\/ld+json\" class=\"yoast-schema-graph\">{\"@context\":\"https:\/\/schema.org\",\"@graph\":[{\"@type\":\"Article\",\"@id\":\"https:\/\/www.indieofilo.com\/en\/news\/live-shows\/lady-gaga-announces-new-world-tour-the-mayhem-ball#article\",\"isPartOf\":{\"@id\":\"https:\/\/www.indieofilo.com\/en\/news\/live-shows\/lady-gaga-announces-new-world-tour-the-mayhem-ball\"},\"author\":{\"name\":\"Victor\",\"@id\":\"https:\/\/www.indieofilo.com\/#\/schema\/person\/595334d38590e4ce5a09f83cbf2fca90\"},\"headline\":\"Lady Gaga announces new world tour: The MAYHEM Ball\",\"datePublished\":\"2025-03-26T11:40:00+00:00\",\"dateModified\":\"2025-04-07T09:13:46+00:00\",\"mainEntityOfPage\":{\"@id\":\"https:\/\/www.indieofilo.com\/en\/news\/live-shows\/lady-gaga-announces-new-world-tour-the-mayhem-ball\"},\"wordCount\":263,\"commentCount\":0,\"publisher\":{\"@id\":\"https:\/\/www.indieofilo.com\/#organization\"},\"image\":{\"@id\":\"https:\/\/www.indieofilo.com\/en\/news\/live-shows\/lady-gaga-announces-new-world-tour-the-mayhem-ball#primaryimage\"},\"thumbnailUrl\":\"https:\/\/www.indieofilo.com\/wp-content\/uploads\/2025\/03\/Lady_Gaga_World_Tour_2025.jpg\",\"keywords\":[\"Barcelona\",\"Lady Gaga\"],\"articleSection\":[\"Live Shows\",\"News\"],\"inLanguage\":\"en-US\",\"potentialAction\":[{\"@type\":\"CommentAction\",\"name\":\"Comment\",\"target\":[\"https:\/\/www.indieofilo.com\/en\/news\/live-shows\/lady-gaga-announces-new-world-tour-the-mayhem-ball#respond\"]}]},{\"@type\":\"WebPage\",\"@id\":\"https:\/\/www.indieofilo.com\/en\/news\/live-shows\/lady-gaga-announces-new-world-tour-the-mayhem-ball\",\"url\":\"https:\/\/www.indieofilo.com\/en\/news\/live-shows\/lady-gaga-announces-new-world-tour-the-mayhem-ball\",\"name\":\"Lady Gaga announces new world tour: The MAYHEM Ball - Indie\u00f3filo\",\"isPartOf\":{\"@id\":\"https:\/\/www.indieofilo.com\/#website\"},\"primaryImageOfPage\":{\"@id\":\"https:\/\/www.indieofilo.com\/en\/news\/live-shows\/lady-gaga-announces-new-world-tour-the-mayhem-ball#primaryimage\"},\"image\":{\"@id\":\"https:\/\/www.indieofilo.com\/en\/news\/live-shows\/lady-gaga-announces-new-world-tour-the-mayhem-ball#primaryimage\"},\"thumbnailUrl\":\"https:\/\/www.indieofilo.com\/wp-content\/uploads\/2025\/03\/Lady_Gaga_World_Tour_2025.jpg\",\"datePublished\":\"2025-03-26T11:40:00+00:00\",\"dateModified\":\"2025-04-07T09:13:46+00:00\",\"description\":\"On 28 and 29 October 2025, Lady Gaga will perform two concerts as part of the MAYHEM Ball tour at the Palau Sant Jordi in Barcelona.\",\"breadcrumb\":{\"@id\":\"https:\/\/www.indieofilo.com\/en\/news\/live-shows\/lady-gaga-announces-new-world-tour-the-mayhem-ball#breadcrumb\"},\"inLanguage\":\"en-US\",\"potentialAction\":[{\"@type\":\"ReadAction\",\"target\":[\"https:\/\/www.indieofilo.com\/en\/news\/live-shows\/lady-gaga-announces-new-world-tour-the-mayhem-ball\"]}]},{\"@type\":\"ImageObject\",\"inLanguage\":\"en-US\",\"@id\":\"https:\/\/www.indieofilo.com\/en\/news\/live-shows\/lady-gaga-announces-new-world-tour-the-mayhem-ball#primaryimage\",\"url\":\"https:\/\/www.indieofilo.com\/wp-content\/uploads\/2025\/03\/Lady_Gaga_World_Tour_2025.jpg\",\"contentUrl\":\"https:\/\/www.indieofilo.com\/wp-content\/uploads\/2025\/03\/Lady_Gaga_World_Tour_2025.jpg\",\"width\":938,\"height\":1200,\"caption\":\"Lady Gaga World Tour 2025\"},{\"@type\":\"BreadcrumbList\",\"@id\":\"https:\/\/www.indieofilo.com\/en\/news\/live-shows\/lady-gaga-announces-new-world-tour-the-mayhem-ball#breadcrumb\",\"itemListElement\":[{\"@type\":\"ListItem\",\"position\":1,\"name\":\"Portada\",\"item\":\"https:\/\/www.indieofilo.com\/en\"},{\"@type\":\"ListItem\",\"position\":2,\"name\":\"Lady Gaga announces new world tour: The MAYHEM Ball\"}]},{\"@type\":\"WebSite\",\"@id\":\"https:\/\/www.indieofilo.com\/#website\",\"url\":\"https:\/\/www.indieofilo.com\/\",\"name\":\"Indie\u00f3filo\",\"description\":\"Magazine online de la cultura independiente\",\"publisher\":{\"@id\":\"https:\/\/www.indieofilo.com\/#organization\"},\"potentialAction\":[{\"@type\":\"SearchAction\",\"target\":{\"@type\":\"EntryPoint\",\"urlTemplate\":\"https:\/\/www.indieofilo.com\/?s={search_term_string}\"},\"query-input\":{\"@type\":\"PropertyValueSpecification\",\"valueRequired\":true,\"valueName\":\"search_term_string\"}}],\"inLanguage\":\"en-US\"},{\"@type\":\"Organization\",\"@id\":\"https:\/\/www.indieofilo.com\/#organization\",\"name\":\"Indie\u00f3filo Web\",\"url\":\"https:\/\/www.indieofilo.com\/\",\"logo\":{\"@type\":\"ImageObject\",\"inLanguage\":\"en-US\",\"@id\":\"https:\/\/www.indieofilo.com\/#\/schema\/logo\/image\/\",\"url\":\"https:\/\/www.indieofilo.com\/wp-content\/uploads\/2015\/02\/logo-alta-resolucion.png\",\"contentUrl\":\"https:\/\/www.indieofilo.com\/wp-content\/uploads\/2015\/02\/logo-alta-resolucion.png\",\"width\":544,\"height\":185,\"caption\":\"Indie\u00f3filo Web\"},\"image\":{\"@id\":\"https:\/\/www.indieofilo.com\/#\/schema\/logo\/image\/\"},\"sameAs\":[\"https:\/\/www.facebook.com\/Indieofilo\/\",\"https:\/\/x.com\/indieofilo\",\"https:\/\/www.instagram.com\/indieofilo\/\"]},{\"@type\":\"Person\",\"@id\":\"https:\/\/www.indieofilo.com\/#\/schema\/person\/595334d38590e4ce5a09f83cbf2fca90\",\"name\":\"Victor\",\"image\":{\"@type\":\"ImageObject\",\"inLanguage\":\"en-US\",\"@id\":\"https:\/\/www.indieofilo.com\/#\/schema\/person\/image\/\",\"url\":\"https:\/\/secure.gravatar.com\/avatar\/682b8c6ea3e94b6cffec683b25f1797d?s=96&d=mm&r=g\",\"contentUrl\":\"https:\/\/secure.gravatar.com\/avatar\/682b8c6ea3e94b6cffec683b25f1797d?s=96&d=mm&r=g\",\"caption\":\"Victor\"},\"description\":\"Fan\u00e1tico de la m\u00fasica desde que mis padres me pon\u00edan a Eydie Gorme y Los Panchos o el Discotuna por la A2. Intent\u00e9 tocar varios instrumentos, pero soy muy torpe con la mano izquierda, as\u00ed que ya sab\u00e9is el resultado final. Fan del britpop, Post-punk, el rugby y el baloncesto...\",\"sameAs\":[\"http:\/\/indieofilo.com\"],\"url\":\"https:\/\/www.indieofilo.com\/en\/author\/victor\"}]}<\/script>\n<!-- \/ Yoast SEO Premium plugin. -->","yoast_head_json":{"title":"Lady Gaga announces new world tour: The MAYHEM Ball - Indie\u00f3filo","description":"On 28 and 29 October 2025, Lady Gaga will perform two concerts as part of the MAYHEM Ball tour at the Palau Sant Jordi in Barcelona.","robots":{"index":"index","follow":"follow","max-snippet":"max-snippet:-1","max-image-preview":"max-image-preview:large","max-video-preview":"max-video-preview:-1"},"canonical":"https:\/\/www.indieofilo.com\/en\/news\/live-shows\/lady-gaga-announces-new-world-tour-the-mayhem-ball","og_locale":"en_US","og_type":"article","og_title":"Lady Gaga announces new world tour: The MAYHEM Ball","og_description":"On 28 and 29 October 2025, Lady Gaga will perform two concerts as part of the MAYHEM Ball tour at the Palau Sant Jordi in Barcelona.","og_url":"https:\/\/www.indieofilo.com\/en\/news\/live-shows\/lady-gaga-announces-new-world-tour-the-mayhem-ball","og_site_name":"Indie\u00f3filo","article_publisher":"https:\/\/www.facebook.com\/Indieofilo\/","article_published_time":"2025-03-26T11:40:00+00:00","article_modified_time":"2025-04-07T09:13:46+00:00","og_image":[{"width":938,"height":1200,"url":"http:\/\/www.indieofilo.com\/wp-content\/uploads\/2025\/03\/Lady_Gaga_World_Tour_2025.jpg","type":"image\/jpeg"}],"author":"Victor","twitter_card":"summary_large_image","twitter_creator":"@indieofilo","twitter_site":"@indieofilo","twitter_misc":{"Written by":"Victor","Est. reading time":"2 minutes"},"schema":{"@context":"https:\/\/schema.org","@graph":[{"@type":"Article","@id":"https:\/\/www.indieofilo.com\/en\/news\/live-shows\/lady-gaga-announces-new-world-tour-the-mayhem-ball#article","isPartOf":{"@id":"https:\/\/www.indieofilo.com\/en\/news\/live-shows\/lady-gaga-announces-new-world-tour-the-mayhem-ball"},"author":{"name":"Victor","@id":"https:\/\/www.indieofilo.com\/#\/schema\/person\/595334d38590e4ce5a09f83cbf2fca90"},"headline":"Lady Gaga announces new world tour: The MAYHEM Ball","datePublished":"2025-03-26T11:40:00+00:00","dateModified":"2025-04-07T09:13:46+00:00","mainEntityOfPage":{"@id":"https:\/\/www.indieofilo.com\/en\/news\/live-shows\/lady-gaga-announces-new-world-tour-the-mayhem-ball"},"wordCount":263,"commentCount":0,"publisher":{"@id":"https:\/\/www.indieofilo.com\/#organization"},"image":{"@id":"https:\/\/www.indieofilo.com\/en\/news\/live-shows\/lady-gaga-announces-new-world-tour-the-mayhem-ball#primaryimage"},"thumbnailUrl":"https:\/\/www.indieofilo.com\/wp-content\/uploads\/2025\/03\/Lady_Gaga_World_Tour_2025.jpg","keywords":["Barcelona","Lady Gaga"],"articleSection":["Live Shows","News"],"inLanguage":"en-US","potentialAction":[{"@type":"CommentAction","name":"Comment","target":["https:\/\/www.indieofilo.com\/en\/news\/live-shows\/lady-gaga-announces-new-world-tour-the-mayhem-ball#respond"]}]},{"@type":"WebPage","@id":"https:\/\/www.indieofilo.com\/en\/news\/live-shows\/lady-gaga-announces-new-world-tour-the-mayhem-ball","url":"https:\/\/www.indieofilo.com\/en\/news\/live-shows\/lady-gaga-announces-new-world-tour-the-mayhem-ball","name":"Lady Gaga announces new world tour: The MAYHEM Ball - Indie\u00f3filo","isPartOf":{"@id":"https:\/\/www.indieofilo.com\/#website"},"primaryImageOfPage":{"@id":"https:\/\/www.indieofilo.com\/en\/news\/live-shows\/lady-gaga-announces-new-world-tour-the-mayhem-ball#primaryimage"},"image":{"@id":"https:\/\/www.indieofilo.com\/en\/news\/live-shows\/lady-gaga-announces-new-world-tour-the-mayhem-ball#primaryimage"},"thumbnailUrl":"https:\/\/www.indieofilo.com\/wp-content\/uploads\/2025\/03\/Lady_Gaga_World_Tour_2025.jpg","datePublished":"2025-03-26T11:40:00+00:00","dateModified":"2025-04-07T09:13:46+00:00","description":"On 28 and 29 October 2025, Lady Gaga will perform two concerts as part of the MAYHEM Ball tour at the Palau Sant Jordi in Barcelona.","breadcrumb":{"@id":"https:\/\/www.indieofilo.com\/en\/news\/live-shows\/lady-gaga-announces-new-world-tour-the-mayhem-ball#breadcrumb"},"inLanguage":"en-US","potentialAction":[{"@type":"ReadAction","target":["https:\/\/www.indieofilo.com\/en\/news\/live-shows\/lady-gaga-announces-new-world-tour-the-mayhem-ball"]}]},{"@type":"ImageObject","inLanguage":"en-US","@id":"https:\/\/www.indieofilo.com\/en\/news\/live-shows\/lady-gaga-announces-new-world-tour-the-mayhem-ball#primaryimage","url":"https:\/\/www.indieofilo.com\/wp-content\/uploads\/2025\/03\/Lady_Gaga_World_Tour_2025.jpg","contentUrl":"https:\/\/www.indieofilo.com\/wp-content\/uploads\/2025\/03\/Lady_Gaga_World_Tour_2025.jpg","width":938,"height":1200,"caption":"Lady Gaga World Tour 2025"},{"@type":"BreadcrumbList","@id":"https:\/\/www.indieofilo.com\/en\/news\/live-shows\/lady-gaga-announces-new-world-tour-the-mayhem-ball#breadcrumb","itemListElement":[{"@type":"ListItem","position":1,"name":"Portada","item":"https:\/\/www.indieofilo.com\/en"},{"@type":"ListItem","position":2,"name":"Lady Gaga announces new world tour: The MAYHEM Ball"}]},{"@type":"WebSite","@id":"https:\/\/www.indieofilo.com\/#website","url":"https:\/\/www.indieofilo.com\/","name":"Indie\u00f3filo","description":"Magazine online de la cultura independiente","publisher":{"@id":"https:\/\/www.indieofilo.com\/#organization"},"potentialAction":[{"@type":"SearchAction","target":{"@type":"EntryPoint","urlTemplate":"https:\/\/www.indieofilo.com\/?s={search_term_string}"},"query-input":{"@type":"PropertyValueSpecification","valueRequired":true,"valueName":"search_term_string"}}],"inLanguage":"en-US"},{"@type":"Organization","@id":"https:\/\/www.indieofilo.com\/#organization","name":"Indie\u00f3filo Web","url":"https:\/\/www.indieofilo.com\/","logo":{"@type":"ImageObject","inLanguage":"en-US","@id":"https:\/\/www.indieofilo.com\/#\/schema\/logo\/image\/","url":"https:\/\/www.indieofilo.com\/wp-content\/uploads\/2015\/02\/logo-alta-resolucion.png","contentUrl":"https:\/\/www.indieofilo.com\/wp-content\/uploads\/2015\/02\/logo-alta-resolucion.png","width":544,"height":185,"caption":"Indie\u00f3filo Web"},"image":{"@id":"https:\/\/www.indieofilo.com\/#\/schema\/logo\/image\/"},"sameAs":["https:\/\/www.facebook.com\/Indieofilo\/","https:\/\/x.com\/indieofilo","https:\/\/www.instagram.com\/indieofilo\/"]},{"@type":"Person","@id":"https:\/\/www.indieofilo.com\/#\/schema\/person\/595334d38590e4ce5a09f83cbf2fca90","name":"Victor","image":{"@type":"ImageObject","inLanguage":"en-US","@id":"https:\/\/www.indieofilo.com\/#\/schema\/person\/image\/","url":"https:\/\/secure.gravatar.com\/avatar\/682b8c6ea3e94b6cffec683b25f1797d?s=96&d=mm&r=g","contentUrl":"https:\/\/secure.gravatar.com\/avatar\/682b8c6ea3e94b6cffec683b25f1797d?s=96&d=mm&r=g","caption":"Victor"},"description":"Fan\u00e1tico de la m\u00fasica desde que mis padres me pon\u00edan a Eydie Gorme y Los Panchos o el Discotuna por la A2. Intent\u00e9 tocar varios instrumentos, pero soy muy torpe con la mano izquierda, as\u00ed que ya sab\u00e9is el resultado final. Fan del britpop, Post-punk, el rugby y el baloncesto...","sameAs":["http:\/\/indieofilo.com"],"url":"https:\/\/www.indieofilo.com\/en\/author\/victor"}]}},"_links":{"self":[{"href":"https:\/\/www.indieofilo.com\/en\/wp-json\/wp\/v2\/posts\/47281","targetHints":{"allow":["GET"]}}],"collection":[{"href":"https:\/\/www.indieofilo.com\/en\/wp-json\/wp\/v2\/posts"}],"about":[{"href":"https:\/\/www.indieofilo.com\/en\/wp-json\/wp\/v2\/types\/post"}],"author":[{"embeddable":true,"href":"https:\/\/www.indieofilo.com\/en\/wp-json\/wp\/v2\/users\/1"}],"replies":[{"embeddable":true,"href":"https:\/\/www.indieofilo.com\/en\/wp-json\/wp\/v2\/comments?post=47281"}],"version-history":[{"count":0,"href":"https:\/\/www.indieofilo.com\/en\/wp-json\/wp\/v2\/posts\/47281\/revisions"}],"wp:featuredmedia":[{"embeddable":true,"href":"https:\/\/www.indieofilo.com\/en\/wp-json\/wp\/v2\/media\/47282"}],"wp:attachment":[{"href":"https:\/\/www.indieofilo.com\/en\/wp-json\/wp\/v2\/media?parent=47281"}],"wp:term":[{"taxonomy":"category","embeddable":true,"href":"https:\/\/www.indieofilo.com\/en\/wp-json\/wp\/v2\/categories?post=47281"},{"taxonomy":"post_tag","embeddable":true,"href":"https:\/\/www.indieofilo.com\/en\/wp-json\/wp\/v2\/tags?post=47281"}],"curies":[{"name":"wp","href":"https:\/\/api.w.org\/{rel}","templated":true}]}}