{"id":47194,"date":"2025-03-24T12:41:11","date_gmt":"2025-03-24T11:41:11","guid":{"rendered":"https:\/\/www.indieofilo.com\/news\/music\/ethel-cain-announces-new-album-and-world-tour"},"modified":"2025-04-04T15:01:57","modified_gmt":"2025-04-04T13:01:57","slug":"ethel-cain-announces-new-album-and-world-tour","status":"publish","type":"post","link":"https:\/\/www.indieofilo.com\/en\/news\/ethel-cain-announces-new-album-and-world-tour","title":{"rendered":"Ethel Cain announces new album and world tour"},"content":{"rendered":"<p style=\"text-align: justify;\">American <strong>Ethel Cain<\/strong> has today announced the surprise release of her second album of the year after January&#8217;s <em>Perverts<\/em> (2025), entitled <em>Willoughby Tucker, I Will Always Love You<\/em> (2025), which will be released next August.<\/p>\n<p style=\"text-align: justify;\">In addition to the announcement, the Florida-based singer has also confirmed a world tour, which will kick off in the USA and Canada in August and September, followed by the UK and Europe in October and November, with <strong>9Million<\/strong> as support. The European tour kicks off in Manchester on the 2nd of October and then visits Scotland, Belgium, the Netherlands, France, Germany. Denmark, Norway, Sweden, Poland, Czech Republic, Austria, Switzerland and Italy. Finally, the Iberian Peninsula will be visited on <strong>7 November at the Sala Razzmatazz in Barcelona, 8 November at the Teatro Eslava in Madrid and 9 November at the LAV Warehouse in Lisbon<\/strong>.    <\/p>\n<p style=\"text-align: justify;\">Tickets for the Madrid and Barcelona concerts will go on sale on Friday 28 March at 10am on the promoter&#8217;s website <a href=\"http:\/\/lasttour.org\/\" target=\"_blank\" rel=\"nofollow noopener\" data-type=\"link\" data-id=\"lasttour.org\">Last Tour<\/a>, although on Wednesday 26 March at the same time and on the same website there will be a pre-sale of tickets.<\/p>\n<p><img fetchpriority=\"high\" decoding=\"async\" class=\"aligncenter size-large wp-image-47191\" src=\"http:\/\/www.indieofilo.com\/wp-content\/uploads\/2025\/03\/Ethal_Cain_world_tour_2025-547x683.jpeg\" alt=\"Ethal Cain World Tour 2025\" width=\"547\" height=\"683\" srcset=\"https:\/\/www.indieofilo.com\/wp-content\/uploads\/2025\/03\/Ethal_Cain_world_tour_2025-547x683.jpeg 547w, https:\/\/www.indieofilo.com\/wp-content\/uploads\/2025\/03\/Ethal_Cain_world_tour_2025-427x533.jpeg 427w, https:\/\/www.indieofilo.com\/wp-content\/uploads\/2025\/03\/Ethal_Cain_world_tour_2025-320x400.jpeg 320w, https:\/\/www.indieofilo.com\/wp-content\/uploads\/2025\/03\/Ethal_Cain_world_tour_2025-768x960.jpeg 768w, https:\/\/www.indieofilo.com\/wp-content\/uploads\/2025\/03\/Ethal_Cain_world_tour_2025.jpeg 1146w\" sizes=\"(max-width: 547px) 100vw, 547px\" \/><\/p>\n\n<p><\/p>\n","protected":false},"excerpt":{"rendered":"<p>American Ethel Cain has today announced the surprise release of her second album of the year after January&#8217;s Perverts (2025), entitled Willoughby Tucker, I Will Always Love You (2025), which will be released next August. In addition to the announcement, the Florida-based singer has also confirmed a world tour, which will kick off in the [&hellip;]<\/p>\n","protected":false},"author":1,"featured_media":47192,"comment_status":"open","ping_status":"closed","sticky":false,"template":"","format":"standard","meta":{"footnotes":""},"categories":[41,8],"tags":[4961,7671],"class_list":["post-47194","post","type-post","status-publish","format-standard","has-post-thumbnail","hentry","category-live-shows","category-news","tag-barcelona-en","tag-ethel-cain-en"],"yoast_head":"<!-- This site is optimized with the Yoast SEO Premium plugin v23.9 (Yoast SEO v26.6) - https:\/\/yoast.com\/wordpress\/plugins\/seo\/ -->\n<title>Ethel Cain announces new album and world tour - Indie\u00f3filo<\/title>\n<meta name=\"description\" content=\"On 7th November Ethel Cain will perform at the Sala Razzmatazz in Barcelona and on 8th November at the Teatro Eslava in Madrid.\" \/>\n<meta name=\"robots\" content=\"index, follow, max-snippet:-1, max-image-preview:large, max-video-preview:-1\" \/>\n<link rel=\"canonical\" href=\"https:\/\/www.indieofilo.com\/en\/news\/ethel-cain-announces-new-album-and-world-tour\" \/>\n<meta property=\"og:locale\" content=\"en_US\" \/>\n<meta property=\"og:type\" content=\"article\" \/>\n<meta property=\"og:title\" content=\"Ethel Cain announces new album and world tour\" \/>\n<meta property=\"og:description\" content=\"On 7th November Ethel Cain will perform at the Sala Razzmatazz in Barcelona and on 8th November at the Teatro Eslava in Madrid.\" \/>\n<meta property=\"og:url\" content=\"https:\/\/www.indieofilo.com\/en\/news\/ethel-cain-announces-new-album-and-world-tour\" \/>\n<meta property=\"og:site_name\" content=\"Indie\u00f3filo\" \/>\n<meta property=\"article:publisher\" content=\"https:\/\/www.facebook.com\/Indieofilo\/\" \/>\n<meta property=\"article:published_time\" content=\"2025-03-24T11:41:11+00:00\" \/>\n<meta property=\"article:modified_time\" content=\"2025-04-04T13:01:57+00:00\" \/>\n<meta property=\"og:image\" content=\"https:\/\/www.indieofilo.com\/wp-content\/uploads\/2025\/03\/Ethal_Cain_world_tour_2025.jpeg\" \/>\n\t<meta property=\"og:image:width\" content=\"1146\" \/>\n\t<meta property=\"og:image:height\" content=\"1432\" \/>\n\t<meta property=\"og:image:type\" content=\"image\/jpeg\" \/>\n<meta name=\"author\" content=\"Victor\" \/>\n<meta name=\"twitter:card\" content=\"summary_large_image\" \/>\n<meta name=\"twitter:creator\" content=\"@indieofilo\" \/>\n<meta name=\"twitter:site\" content=\"@indieofilo\" \/>\n<meta name=\"twitter:label1\" content=\"Written by\" \/>\n\t<meta name=\"twitter:data1\" content=\"Victor\" \/>\n\t<meta name=\"twitter:label2\" content=\"Est. reading time\" \/>\n\t<meta name=\"twitter:data2\" content=\"2 minutes\" \/>\n<script type=\"application\/ld+json\" class=\"yoast-schema-graph\">{\"@context\":\"https:\/\/schema.org\",\"@graph\":[{\"@type\":\"Article\",\"@id\":\"https:\/\/www.indieofilo.com\/en\/news\/ethel-cain-announces-new-album-and-world-tour#article\",\"isPartOf\":{\"@id\":\"https:\/\/www.indieofilo.com\/en\/news\/ethel-cain-announces-new-album-and-world-tour\"},\"author\":{\"name\":\"Victor\",\"@id\":\"https:\/\/www.indieofilo.com\/#\/schema\/person\/595334d38590e4ce5a09f83cbf2fca90\"},\"headline\":\"Ethel Cain announces new album and world tour\",\"datePublished\":\"2025-03-24T11:41:11+00:00\",\"dateModified\":\"2025-04-04T13:01:57+00:00\",\"mainEntityOfPage\":{\"@id\":\"https:\/\/www.indieofilo.com\/en\/news\/ethel-cain-announces-new-album-and-world-tour\"},\"wordCount\":185,\"commentCount\":0,\"publisher\":{\"@id\":\"https:\/\/www.indieofilo.com\/#organization\"},\"image\":{\"@id\":\"https:\/\/www.indieofilo.com\/en\/news\/ethel-cain-announces-new-album-and-world-tour#primaryimage\"},\"thumbnailUrl\":\"https:\/\/www.indieofilo.com\/wp-content\/uploads\/2025\/03\/Ethal_Cain_world_tour_2025.jpeg\",\"keywords\":[\"Barcelona\",\"Ethel Cain\"],\"articleSection\":[\"Live Shows\",\"News\"],\"inLanguage\":\"en-US\",\"potentialAction\":[{\"@type\":\"CommentAction\",\"name\":\"Comment\",\"target\":[\"https:\/\/www.indieofilo.com\/en\/news\/ethel-cain-announces-new-album-and-world-tour#respond\"]}]},{\"@type\":\"WebPage\",\"@id\":\"https:\/\/www.indieofilo.com\/en\/news\/ethel-cain-announces-new-album-and-world-tour\",\"url\":\"https:\/\/www.indieofilo.com\/en\/news\/ethel-cain-announces-new-album-and-world-tour\",\"name\":\"Ethel Cain announces new album and world tour - Indie\u00f3filo\",\"isPartOf\":{\"@id\":\"https:\/\/www.indieofilo.com\/#website\"},\"primaryImageOfPage\":{\"@id\":\"https:\/\/www.indieofilo.com\/en\/news\/ethel-cain-announces-new-album-and-world-tour#primaryimage\"},\"image\":{\"@id\":\"https:\/\/www.indieofilo.com\/en\/news\/ethel-cain-announces-new-album-and-world-tour#primaryimage\"},\"thumbnailUrl\":\"https:\/\/www.indieofilo.com\/wp-content\/uploads\/2025\/03\/Ethal_Cain_world_tour_2025.jpeg\",\"datePublished\":\"2025-03-24T11:41:11+00:00\",\"dateModified\":\"2025-04-04T13:01:57+00:00\",\"description\":\"On 7th November Ethel Cain will perform at the Sala Razzmatazz in Barcelona and on 8th November at the Teatro Eslava in Madrid.\",\"breadcrumb\":{\"@id\":\"https:\/\/www.indieofilo.com\/en\/news\/ethel-cain-announces-new-album-and-world-tour#breadcrumb\"},\"inLanguage\":\"en-US\",\"potentialAction\":[{\"@type\":\"ReadAction\",\"target\":[\"https:\/\/www.indieofilo.com\/en\/news\/ethel-cain-announces-new-album-and-world-tour\"]}]},{\"@type\":\"ImageObject\",\"inLanguage\":\"en-US\",\"@id\":\"https:\/\/www.indieofilo.com\/en\/news\/ethel-cain-announces-new-album-and-world-tour#primaryimage\",\"url\":\"https:\/\/www.indieofilo.com\/wp-content\/uploads\/2025\/03\/Ethal_Cain_world_tour_2025.jpeg\",\"contentUrl\":\"https:\/\/www.indieofilo.com\/wp-content\/uploads\/2025\/03\/Ethal_Cain_world_tour_2025.jpeg\",\"width\":1146,\"height\":1432,\"caption\":\"Ethal Cain World Tour 2025\"},{\"@type\":\"BreadcrumbList\",\"@id\":\"https:\/\/www.indieofilo.com\/en\/news\/ethel-cain-announces-new-album-and-world-tour#breadcrumb\",\"itemListElement\":[{\"@type\":\"ListItem\",\"position\":1,\"name\":\"Portada\",\"item\":\"https:\/\/www.indieofilo.com\/en\"},{\"@type\":\"ListItem\",\"position\":2,\"name\":\"Ethel Cain announces new album and world tour\"}]},{\"@type\":\"WebSite\",\"@id\":\"https:\/\/www.indieofilo.com\/#website\",\"url\":\"https:\/\/www.indieofilo.com\/\",\"name\":\"Indie\u00f3filo\",\"description\":\"Magazine online de la cultura independiente\",\"publisher\":{\"@id\":\"https:\/\/www.indieofilo.com\/#organization\"},\"potentialAction\":[{\"@type\":\"SearchAction\",\"target\":{\"@type\":\"EntryPoint\",\"urlTemplate\":\"https:\/\/www.indieofilo.com\/?s={search_term_string}\"},\"query-input\":{\"@type\":\"PropertyValueSpecification\",\"valueRequired\":true,\"valueName\":\"search_term_string\"}}],\"inLanguage\":\"en-US\"},{\"@type\":\"Organization\",\"@id\":\"https:\/\/www.indieofilo.com\/#organization\",\"name\":\"Indie\u00f3filo Web\",\"url\":\"https:\/\/www.indieofilo.com\/\",\"logo\":{\"@type\":\"ImageObject\",\"inLanguage\":\"en-US\",\"@id\":\"https:\/\/www.indieofilo.com\/#\/schema\/logo\/image\/\",\"url\":\"https:\/\/www.indieofilo.com\/wp-content\/uploads\/2015\/02\/logo-alta-resolucion.png\",\"contentUrl\":\"https:\/\/www.indieofilo.com\/wp-content\/uploads\/2015\/02\/logo-alta-resolucion.png\",\"width\":544,\"height\":185,\"caption\":\"Indie\u00f3filo Web\"},\"image\":{\"@id\":\"https:\/\/www.indieofilo.com\/#\/schema\/logo\/image\/\"},\"sameAs\":[\"https:\/\/www.facebook.com\/Indieofilo\/\",\"https:\/\/x.com\/indieofilo\",\"https:\/\/www.instagram.com\/indieofilo\/\"]},{\"@type\":\"Person\",\"@id\":\"https:\/\/www.indieofilo.com\/#\/schema\/person\/595334d38590e4ce5a09f83cbf2fca90\",\"name\":\"Victor\",\"image\":{\"@type\":\"ImageObject\",\"inLanguage\":\"en-US\",\"@id\":\"https:\/\/www.indieofilo.com\/#\/schema\/person\/image\/\",\"url\":\"https:\/\/secure.gravatar.com\/avatar\/682b8c6ea3e94b6cffec683b25f1797d?s=96&d=mm&r=g\",\"contentUrl\":\"https:\/\/secure.gravatar.com\/avatar\/682b8c6ea3e94b6cffec683b25f1797d?s=96&d=mm&r=g\",\"caption\":\"Victor\"},\"description\":\"Fan\u00e1tico de la m\u00fasica desde que mis padres me pon\u00edan a Eydie Gorme y Los Panchos o el Discotuna por la A2. Intent\u00e9 tocar varios instrumentos, pero soy muy torpe con la mano izquierda, as\u00ed que ya sab\u00e9is el resultado final. Fan del britpop, Post-punk, el rugby y el baloncesto...\",\"sameAs\":[\"http:\/\/indieofilo.com\"],\"url\":\"https:\/\/www.indieofilo.com\/en\/author\/victor\"}]}<\/script>\n<!-- \/ Yoast SEO Premium plugin. -->","yoast_head_json":{"title":"Ethel Cain announces new album and world tour - Indie\u00f3filo","description":"On 7th November Ethel Cain will perform at the Sala Razzmatazz in Barcelona and on 8th November at the Teatro Eslava in Madrid.","robots":{"index":"index","follow":"follow","max-snippet":"max-snippet:-1","max-image-preview":"max-image-preview:large","max-video-preview":"max-video-preview:-1"},"canonical":"https:\/\/www.indieofilo.com\/en\/news\/ethel-cain-announces-new-album-and-world-tour","og_locale":"en_US","og_type":"article","og_title":"Ethel Cain announces new album and world tour","og_description":"On 7th November Ethel Cain will perform at the Sala Razzmatazz in Barcelona and on 8th November at the Teatro Eslava in Madrid.","og_url":"https:\/\/www.indieofilo.com\/en\/news\/ethel-cain-announces-new-album-and-world-tour","og_site_name":"Indie\u00f3filo","article_publisher":"https:\/\/www.facebook.com\/Indieofilo\/","article_published_time":"2025-03-24T11:41:11+00:00","article_modified_time":"2025-04-04T13:01:57+00:00","og_image":[{"width":1146,"height":1432,"url":"https:\/\/www.indieofilo.com\/wp-content\/uploads\/2025\/03\/Ethal_Cain_world_tour_2025.jpeg","type":"image\/jpeg"}],"author":"Victor","twitter_card":"summary_large_image","twitter_creator":"@indieofilo","twitter_site":"@indieofilo","twitter_misc":{"Written by":"Victor","Est. reading time":"2 minutes"},"schema":{"@context":"https:\/\/schema.org","@graph":[{"@type":"Article","@id":"https:\/\/www.indieofilo.com\/en\/news\/ethel-cain-announces-new-album-and-world-tour#article","isPartOf":{"@id":"https:\/\/www.indieofilo.com\/en\/news\/ethel-cain-announces-new-album-and-world-tour"},"author":{"name":"Victor","@id":"https:\/\/www.indieofilo.com\/#\/schema\/person\/595334d38590e4ce5a09f83cbf2fca90"},"headline":"Ethel Cain announces new album and world tour","datePublished":"2025-03-24T11:41:11+00:00","dateModified":"2025-04-04T13:01:57+00:00","mainEntityOfPage":{"@id":"https:\/\/www.indieofilo.com\/en\/news\/ethel-cain-announces-new-album-and-world-tour"},"wordCount":185,"commentCount":0,"publisher":{"@id":"https:\/\/www.indieofilo.com\/#organization"},"image":{"@id":"https:\/\/www.indieofilo.com\/en\/news\/ethel-cain-announces-new-album-and-world-tour#primaryimage"},"thumbnailUrl":"https:\/\/www.indieofilo.com\/wp-content\/uploads\/2025\/03\/Ethal_Cain_world_tour_2025.jpeg","keywords":["Barcelona","Ethel Cain"],"articleSection":["Live Shows","News"],"inLanguage":"en-US","potentialAction":[{"@type":"CommentAction","name":"Comment","target":["https:\/\/www.indieofilo.com\/en\/news\/ethel-cain-announces-new-album-and-world-tour#respond"]}]},{"@type":"WebPage","@id":"https:\/\/www.indieofilo.com\/en\/news\/ethel-cain-announces-new-album-and-world-tour","url":"https:\/\/www.indieofilo.com\/en\/news\/ethel-cain-announces-new-album-and-world-tour","name":"Ethel Cain announces new album and world tour - Indie\u00f3filo","isPartOf":{"@id":"https:\/\/www.indieofilo.com\/#website"},"primaryImageOfPage":{"@id":"https:\/\/www.indieofilo.com\/en\/news\/ethel-cain-announces-new-album-and-world-tour#primaryimage"},"image":{"@id":"https:\/\/www.indieofilo.com\/en\/news\/ethel-cain-announces-new-album-and-world-tour#primaryimage"},"thumbnailUrl":"https:\/\/www.indieofilo.com\/wp-content\/uploads\/2025\/03\/Ethal_Cain_world_tour_2025.jpeg","datePublished":"2025-03-24T11:41:11+00:00","dateModified":"2025-04-04T13:01:57+00:00","description":"On 7th November Ethel Cain will perform at the Sala Razzmatazz in Barcelona and on 8th November at the Teatro Eslava in Madrid.","breadcrumb":{"@id":"https:\/\/www.indieofilo.com\/en\/news\/ethel-cain-announces-new-album-and-world-tour#breadcrumb"},"inLanguage":"en-US","potentialAction":[{"@type":"ReadAction","target":["https:\/\/www.indieofilo.com\/en\/news\/ethel-cain-announces-new-album-and-world-tour"]}]},{"@type":"ImageObject","inLanguage":"en-US","@id":"https:\/\/www.indieofilo.com\/en\/news\/ethel-cain-announces-new-album-and-world-tour#primaryimage","url":"https:\/\/www.indieofilo.com\/wp-content\/uploads\/2025\/03\/Ethal_Cain_world_tour_2025.jpeg","contentUrl":"https:\/\/www.indieofilo.com\/wp-content\/uploads\/2025\/03\/Ethal_Cain_world_tour_2025.jpeg","width":1146,"height":1432,"caption":"Ethal Cain World Tour 2025"},{"@type":"BreadcrumbList","@id":"https:\/\/www.indieofilo.com\/en\/news\/ethel-cain-announces-new-album-and-world-tour#breadcrumb","itemListElement":[{"@type":"ListItem","position":1,"name":"Portada","item":"https:\/\/www.indieofilo.com\/en"},{"@type":"ListItem","position":2,"name":"Ethel Cain announces new album and world tour"}]},{"@type":"WebSite","@id":"https:\/\/www.indieofilo.com\/#website","url":"https:\/\/www.indieofilo.com\/","name":"Indie\u00f3filo","description":"Magazine online de la cultura independiente","publisher":{"@id":"https:\/\/www.indieofilo.com\/#organization"},"potentialAction":[{"@type":"SearchAction","target":{"@type":"EntryPoint","urlTemplate":"https:\/\/www.indieofilo.com\/?s={search_term_string}"},"query-input":{"@type":"PropertyValueSpecification","valueRequired":true,"valueName":"search_term_string"}}],"inLanguage":"en-US"},{"@type":"Organization","@id":"https:\/\/www.indieofilo.com\/#organization","name":"Indie\u00f3filo Web","url":"https:\/\/www.indieofilo.com\/","logo":{"@type":"ImageObject","inLanguage":"en-US","@id":"https:\/\/www.indieofilo.com\/#\/schema\/logo\/image\/","url":"https:\/\/www.indieofilo.com\/wp-content\/uploads\/2015\/02\/logo-alta-resolucion.png","contentUrl":"https:\/\/www.indieofilo.com\/wp-content\/uploads\/2015\/02\/logo-alta-resolucion.png","width":544,"height":185,"caption":"Indie\u00f3filo Web"},"image":{"@id":"https:\/\/www.indieofilo.com\/#\/schema\/logo\/image\/"},"sameAs":["https:\/\/www.facebook.com\/Indieofilo\/","https:\/\/x.com\/indieofilo","https:\/\/www.instagram.com\/indieofilo\/"]},{"@type":"Person","@id":"https:\/\/www.indieofilo.com\/#\/schema\/person\/595334d38590e4ce5a09f83cbf2fca90","name":"Victor","image":{"@type":"ImageObject","inLanguage":"en-US","@id":"https:\/\/www.indieofilo.com\/#\/schema\/person\/image\/","url":"https:\/\/secure.gravatar.com\/avatar\/682b8c6ea3e94b6cffec683b25f1797d?s=96&d=mm&r=g","contentUrl":"https:\/\/secure.gravatar.com\/avatar\/682b8c6ea3e94b6cffec683b25f1797d?s=96&d=mm&r=g","caption":"Victor"},"description":"Fan\u00e1tico de la m\u00fasica desde que mis padres me pon\u00edan a Eydie Gorme y Los Panchos o el Discotuna por la A2. Intent\u00e9 tocar varios instrumentos, pero soy muy torpe con la mano izquierda, as\u00ed que ya sab\u00e9is el resultado final. Fan del britpop, Post-punk, el rugby y el baloncesto...","sameAs":["http:\/\/indieofilo.com"],"url":"https:\/\/www.indieofilo.com\/en\/author\/victor"}]}},"_links":{"self":[{"href":"https:\/\/www.indieofilo.com\/en\/wp-json\/wp\/v2\/posts\/47194","targetHints":{"allow":["GET"]}}],"collection":[{"href":"https:\/\/www.indieofilo.com\/en\/wp-json\/wp\/v2\/posts"}],"about":[{"href":"https:\/\/www.indieofilo.com\/en\/wp-json\/wp\/v2\/types\/post"}],"author":[{"embeddable":true,"href":"https:\/\/www.indieofilo.com\/en\/wp-json\/wp\/v2\/users\/1"}],"replies":[{"embeddable":true,"href":"https:\/\/www.indieofilo.com\/en\/wp-json\/wp\/v2\/comments?post=47194"}],"version-history":[{"count":0,"href":"https:\/\/www.indieofilo.com\/en\/wp-json\/wp\/v2\/posts\/47194\/revisions"}],"wp:featuredmedia":[{"embeddable":true,"href":"https:\/\/www.indieofilo.com\/en\/wp-json\/wp\/v2\/media\/47192"}],"wp:attachment":[{"href":"https:\/\/www.indieofilo.com\/en\/wp-json\/wp\/v2\/media?parent=47194"}],"wp:term":[{"taxonomy":"category","embeddable":true,"href":"https:\/\/www.indieofilo.com\/en\/wp-json\/wp\/v2\/categories?post=47194"},{"taxonomy":"post_tag","embeddable":true,"href":"https:\/\/www.indieofilo.com\/en\/wp-json\/wp\/v2\/tags?post=47194"}],"curies":[{"name":"wp","href":"https:\/\/api.w.org\/{rel}","templated":true}]}}