{"id":4677,"date":"2014-04-07T17:47:24","date_gmt":"2014-04-07T15:47:24","guid":{"rendered":"http:\/\/indieofilo.com\/?p=4677"},"modified":"2023-09-22T13:18:45","modified_gmt":"2023-09-22T11:18:45","slug":"netherlands-festivals-confirm-new-bands-for-this-summer","status":"publish","type":"post","link":"https:\/\/www.indieofilo.com\/en\/news\/netherlands-festivals-confirm-new-bands-for-this-summer","title":{"rendered":"Netherlands festivals confirm new bands for this summer"},"content":{"rendered":"<p style=\"text-align: justify;\">\n\tFestival season presented more than interesting in the Netherlands due to all confirmations that organizers are introducing since early this year. In the past week, four of the most important festivals,<strong> Pinkpop, Down the Rabbit Hole<\/strong>,&nbsp;<strong>Pitch Festival<\/strong>&nbsp;and <strong>Indian Summer<\/strong> have confirmed that new artists become part of their already amazing lineups.<\/p>\n<p style=\"text-align: center;\">\n\t<img fetchpriority=\"high\" decoding=\"async\" alt=\"Festivals\" class=\"aligncenter size-medium wp-image-4679\" height=\"400\" src=\"http:\/\/indieofilo.com\/wp-content\/uploads\/2014\/04\/festival2-600x400.jpg\" width=\"600\" \/><\/p>\n<p style=\"text-align: justify;\">\n\tPinkpop, that had already confirmed the majority of a lineup that include The Rolling Stones, Arcade Fire, Arctic Monkeys or Metallica added local groups <em>Taymir<\/em> and <em>Th&eacute; Lau \/ The Scene<\/em> (the latter on farewell tour after over 30 years on stage due to illness of lead singer). Meanwhile, <strong>Down the Rabbit Hole<\/strong>, created this year&#39;s festival under the aegis of the great Lowlands and will take place from 27th to 29th June announced that <strong>Temples, The Veils<\/strong> or <strong>Parquet Courts<\/strong> among other names are added to a lineup which already were part <em>Damorn Albarn, The Black Keys, Foals<\/em> or <em>MGMT<\/em>. On the other hand, <strong>Pitch festival<\/strong>, which announced its first row of names like <em>Massive Attack, Moderat<\/em> or <em>Caribou<\/em>, adds <strong>Banks, Tinariwen<\/strong> or <strong>Tourist<\/strong> for their stages, which during days 4th and 5th of July will spend a lot of bands to follow in the future, as happened last year where we could enjoy Aluna George or Chvrches. Finally, <strong>Indian Summer<\/strong> festival, who will be held 14th and 15th of June on&nbsp;<em>Geestmerambacht in Broek op Langedijk <\/em>(closer to Alkmaar) has confirmed famous british singer <strong>Lily Allen<\/strong> and more than 20 Dj&#39;s to a line-up that already have <em>Tom Odell, Crystal Fighters<\/em> and <em>Birdy<\/em> as great names.<\/p>\n","protected":false},"excerpt":{"rendered":"<p>Festival season presented more than interesting in the Netherlands due to all confirmations that organizers are introducing since early this year. In the past week, four of the most important festivals, Pinkpop, Down the Rabbit Hole,&nbsp;Pitch Festival&nbsp;and Indian Summer have confirmed that new artists become part of their already amazing lineups. Pinkpop, that had already [&hellip;]<\/p>\n","protected":false},"author":1,"featured_media":19307,"comment_status":"open","ping_status":"closed","sticky":false,"template":"","format":"standard","meta":{"footnotes":""},"categories":[41,8],"tags":[5522,5555,6736,6693,6737,5676,5168,5282,6670,5806,6669,5421,5497,6347],"class_list":["post-4677","post","type-post","status-publish","format-standard","has-post-thumbnail","hentry","category-live-shows","category-news","tag-banks-en","tag-down-the-rabbit-hole-en","tag-down-the-rabbit-hole-2014-en","tag-indian-summer-en","tag-indian-summer-2014-en","tag-lily-allen-en","tag-parquet-courts-en","tag-pinkpop-en","tag-pinkpop-2014-en","tag-pitch-festival-en","tag-pitch-festival-2014-en","tag-temples-en","tag-the-veils-en","tag-tourist-en"],"yoast_head":"<!-- This site is optimized with the Yoast SEO Premium plugin v23.9 (Yoast SEO v26.6) - https:\/\/yoast.com\/wordpress\/plugins\/seo\/ -->\n<title>Netherlands festivals confirm new bands for this summer<\/title>\n<meta name=\"description\" content=\"Festivals as Pinkpop, Down the Rabbit Hole, PITCH Festival or Indian Summer confirm new names for their 2014 edition.\" \/>\n<meta name=\"robots\" content=\"index, follow, max-snippet:-1, max-image-preview:large, max-video-preview:-1\" \/>\n<link rel=\"canonical\" href=\"https:\/\/www.indieofilo.com\/en\/news\/netherlands-festivals-confirm-new-bands-for-this-summer\" \/>\n<meta property=\"og:locale\" content=\"en_US\" \/>\n<meta property=\"og:type\" content=\"article\" \/>\n<meta property=\"og:title\" content=\"Netherlands festivals confirm new bands for this summer\" \/>\n<meta property=\"og:description\" content=\"Festivals as Pinkpop, Down the Rabbit Hole, PITCH Festival or Indian Summer confirm new names for their 2014 edition.\" \/>\n<meta property=\"og:url\" content=\"https:\/\/www.indieofilo.com\/en\/news\/netherlands-festivals-confirm-new-bands-for-this-summer\" \/>\n<meta property=\"og:site_name\" content=\"Indie\u00f3filo\" \/>\n<meta property=\"article:publisher\" content=\"https:\/\/www.facebook.com\/Indieofilo\/\" \/>\n<meta property=\"article:published_time\" content=\"2014-04-07T15:47:24+00:00\" \/>\n<meta property=\"article:modified_time\" content=\"2023-09-22T11:18:45+00:00\" \/>\n<meta property=\"og:image\" content=\"https:\/\/www.indieofilo.com\/wp-content\/uploads\/2014\/04\/festival2.jpg\" \/>\n\t<meta property=\"og:image:width\" content=\"685\" \/>\n\t<meta property=\"og:image:height\" content=\"457\" \/>\n\t<meta property=\"og:image:type\" content=\"image\/jpeg\" \/>\n<meta name=\"author\" content=\"Victor\" \/>\n<meta name=\"twitter:card\" content=\"summary_large_image\" \/>\n<meta name=\"twitter:creator\" content=\"@indieofilo\" \/>\n<meta name=\"twitter:site\" content=\"@indieofilo\" \/>\n<meta name=\"twitter:label1\" content=\"Written by\" \/>\n\t<meta name=\"twitter:data1\" content=\"Victor\" \/>\n\t<meta name=\"twitter:label2\" content=\"Est. reading time\" \/>\n\t<meta name=\"twitter:data2\" content=\"2 minutes\" \/>\n<script type=\"application\/ld+json\" class=\"yoast-schema-graph\">{\"@context\":\"https:\/\/schema.org\",\"@graph\":[{\"@type\":\"Article\",\"@id\":\"https:\/\/www.indieofilo.com\/en\/news\/netherlands-festivals-confirm-new-bands-for-this-summer#article\",\"isPartOf\":{\"@id\":\"https:\/\/www.indieofilo.com\/en\/news\/netherlands-festivals-confirm-new-bands-for-this-summer\"},\"author\":{\"name\":\"Victor\",\"@id\":\"https:\/\/www.indieofilo.com\/#\/schema\/person\/595334d38590e4ce5a09f83cbf2fca90\"},\"headline\":\"Netherlands festivals confirm new bands for this summer\",\"datePublished\":\"2014-04-07T15:47:24+00:00\",\"dateModified\":\"2023-09-22T11:18:45+00:00\",\"mainEntityOfPage\":{\"@id\":\"https:\/\/www.indieofilo.com\/en\/news\/netherlands-festivals-confirm-new-bands-for-this-summer\"},\"wordCount\":272,\"commentCount\":0,\"publisher\":{\"@id\":\"https:\/\/www.indieofilo.com\/#organization\"},\"image\":{\"@id\":\"https:\/\/www.indieofilo.com\/en\/news\/netherlands-festivals-confirm-new-bands-for-this-summer#primaryimage\"},\"thumbnailUrl\":\"https:\/\/www.indieofilo.com\/wp-content\/uploads\/2014\/04\/festival2.jpg\",\"keywords\":[\"Banks\",\"Down The Rabbit Hole\",\"Down the Rabbit Hole 2014\",\"Indian Summer\",\"Indian Summer 2014\",\"Lily Allen\",\"Parquet Courts\",\"Pinkpop\",\"Pinkpop 2014\",\"Pitch Festival\",\"PITCH Festival 2014\",\"Temples\",\"The Veils\",\"Tourist\"],\"articleSection\":[\"Live Shows\",\"News\"],\"inLanguage\":\"en-US\",\"potentialAction\":[{\"@type\":\"CommentAction\",\"name\":\"Comment\",\"target\":[\"https:\/\/www.indieofilo.com\/en\/news\/netherlands-festivals-confirm-new-bands-for-this-summer#respond\"]}]},{\"@type\":\"WebPage\",\"@id\":\"https:\/\/www.indieofilo.com\/en\/news\/netherlands-festivals-confirm-new-bands-for-this-summer\",\"url\":\"https:\/\/www.indieofilo.com\/en\/news\/netherlands-festivals-confirm-new-bands-for-this-summer\",\"name\":\"Netherlands festivals confirm new bands for this summer\",\"isPartOf\":{\"@id\":\"https:\/\/www.indieofilo.com\/#website\"},\"primaryImageOfPage\":{\"@id\":\"https:\/\/www.indieofilo.com\/en\/news\/netherlands-festivals-confirm-new-bands-for-this-summer#primaryimage\"},\"image\":{\"@id\":\"https:\/\/www.indieofilo.com\/en\/news\/netherlands-festivals-confirm-new-bands-for-this-summer#primaryimage\"},\"thumbnailUrl\":\"https:\/\/www.indieofilo.com\/wp-content\/uploads\/2014\/04\/festival2.jpg\",\"datePublished\":\"2014-04-07T15:47:24+00:00\",\"dateModified\":\"2023-09-22T11:18:45+00:00\",\"description\":\"Festivals as Pinkpop, Down the Rabbit Hole, PITCH Festival or Indian Summer confirm new names for their 2014 edition.\",\"breadcrumb\":{\"@id\":\"https:\/\/www.indieofilo.com\/en\/news\/netherlands-festivals-confirm-new-bands-for-this-summer#breadcrumb\"},\"inLanguage\":\"en-US\",\"potentialAction\":[{\"@type\":\"ReadAction\",\"target\":[\"https:\/\/www.indieofilo.com\/en\/news\/netherlands-festivals-confirm-new-bands-for-this-summer\"]}]},{\"@type\":\"ImageObject\",\"inLanguage\":\"en-US\",\"@id\":\"https:\/\/www.indieofilo.com\/en\/news\/netherlands-festivals-confirm-new-bands-for-this-summer#primaryimage\",\"url\":\"https:\/\/www.indieofilo.com\/wp-content\/uploads\/2014\/04\/festival2.jpg\",\"contentUrl\":\"https:\/\/www.indieofilo.com\/wp-content\/uploads\/2014\/04\/festival2.jpg\",\"width\":685,\"height\":457},{\"@type\":\"BreadcrumbList\",\"@id\":\"https:\/\/www.indieofilo.com\/en\/news\/netherlands-festivals-confirm-new-bands-for-this-summer#breadcrumb\",\"itemListElement\":[{\"@type\":\"ListItem\",\"position\":1,\"name\":\"Portada\",\"item\":\"https:\/\/www.indieofilo.com\/en\"},{\"@type\":\"ListItem\",\"position\":2,\"name\":\"Netherlands festivals confirm new bands for this summer\"}]},{\"@type\":\"WebSite\",\"@id\":\"https:\/\/www.indieofilo.com\/#website\",\"url\":\"https:\/\/www.indieofilo.com\/\",\"name\":\"Indie\u00f3filo\",\"description\":\"Magazine online de la cultura independiente\",\"publisher\":{\"@id\":\"https:\/\/www.indieofilo.com\/#organization\"},\"potentialAction\":[{\"@type\":\"SearchAction\",\"target\":{\"@type\":\"EntryPoint\",\"urlTemplate\":\"https:\/\/www.indieofilo.com\/?s={search_term_string}\"},\"query-input\":{\"@type\":\"PropertyValueSpecification\",\"valueRequired\":true,\"valueName\":\"search_term_string\"}}],\"inLanguage\":\"en-US\"},{\"@type\":\"Organization\",\"@id\":\"https:\/\/www.indieofilo.com\/#organization\",\"name\":\"Indie\u00f3filo Web\",\"url\":\"https:\/\/www.indieofilo.com\/\",\"logo\":{\"@type\":\"ImageObject\",\"inLanguage\":\"en-US\",\"@id\":\"https:\/\/www.indieofilo.com\/#\/schema\/logo\/image\/\",\"url\":\"https:\/\/www.indieofilo.com\/wp-content\/uploads\/2015\/02\/logo-alta-resolucion.png\",\"contentUrl\":\"https:\/\/www.indieofilo.com\/wp-content\/uploads\/2015\/02\/logo-alta-resolucion.png\",\"width\":544,\"height\":185,\"caption\":\"Indie\u00f3filo Web\"},\"image\":{\"@id\":\"https:\/\/www.indieofilo.com\/#\/schema\/logo\/image\/\"},\"sameAs\":[\"https:\/\/www.facebook.com\/Indieofilo\/\",\"https:\/\/x.com\/indieofilo\",\"https:\/\/www.instagram.com\/indieofilo\/\"]},{\"@type\":\"Person\",\"@id\":\"https:\/\/www.indieofilo.com\/#\/schema\/person\/595334d38590e4ce5a09f83cbf2fca90\",\"name\":\"Victor\",\"image\":{\"@type\":\"ImageObject\",\"inLanguage\":\"en-US\",\"@id\":\"https:\/\/www.indieofilo.com\/#\/schema\/person\/image\/\",\"url\":\"https:\/\/secure.gravatar.com\/avatar\/682b8c6ea3e94b6cffec683b25f1797d?s=96&d=mm&r=g\",\"contentUrl\":\"https:\/\/secure.gravatar.com\/avatar\/682b8c6ea3e94b6cffec683b25f1797d?s=96&d=mm&r=g\",\"caption\":\"Victor\"},\"description\":\"Fan\u00e1tico de la m\u00fasica desde que mis padres me pon\u00edan a Eydie Gorme y Los Panchos o el Discotuna por la A2. Intent\u00e9 tocar varios instrumentos, pero soy muy torpe con la mano izquierda, as\u00ed que ya sab\u00e9is el resultado final. Fan del britpop, Post-punk, el rugby y el baloncesto...\",\"sameAs\":[\"http:\/\/indieofilo.com\"],\"url\":\"https:\/\/www.indieofilo.com\/en\/author\/victor\"}]}<\/script>\n<!-- \/ Yoast SEO Premium plugin. -->","yoast_head_json":{"title":"Netherlands festivals confirm new bands for this summer","description":"Festivals as Pinkpop, Down the Rabbit Hole, PITCH Festival or Indian Summer confirm new names for their 2014 edition.","robots":{"index":"index","follow":"follow","max-snippet":"max-snippet:-1","max-image-preview":"max-image-preview:large","max-video-preview":"max-video-preview:-1"},"canonical":"https:\/\/www.indieofilo.com\/en\/news\/netherlands-festivals-confirm-new-bands-for-this-summer","og_locale":"en_US","og_type":"article","og_title":"Netherlands festivals confirm new bands for this summer","og_description":"Festivals as Pinkpop, Down the Rabbit Hole, PITCH Festival or Indian Summer confirm new names for their 2014 edition.","og_url":"https:\/\/www.indieofilo.com\/en\/news\/netherlands-festivals-confirm-new-bands-for-this-summer","og_site_name":"Indie\u00f3filo","article_publisher":"https:\/\/www.facebook.com\/Indieofilo\/","article_published_time":"2014-04-07T15:47:24+00:00","article_modified_time":"2023-09-22T11:18:45+00:00","og_image":[{"width":685,"height":457,"url":"https:\/\/www.indieofilo.com\/wp-content\/uploads\/2014\/04\/festival2.jpg","type":"image\/jpeg"}],"author":"Victor","twitter_card":"summary_large_image","twitter_creator":"@indieofilo","twitter_site":"@indieofilo","twitter_misc":{"Written by":"Victor","Est. reading time":"2 minutes"},"schema":{"@context":"https:\/\/schema.org","@graph":[{"@type":"Article","@id":"https:\/\/www.indieofilo.com\/en\/news\/netherlands-festivals-confirm-new-bands-for-this-summer#article","isPartOf":{"@id":"https:\/\/www.indieofilo.com\/en\/news\/netherlands-festivals-confirm-new-bands-for-this-summer"},"author":{"name":"Victor","@id":"https:\/\/www.indieofilo.com\/#\/schema\/person\/595334d38590e4ce5a09f83cbf2fca90"},"headline":"Netherlands festivals confirm new bands for this summer","datePublished":"2014-04-07T15:47:24+00:00","dateModified":"2023-09-22T11:18:45+00:00","mainEntityOfPage":{"@id":"https:\/\/www.indieofilo.com\/en\/news\/netherlands-festivals-confirm-new-bands-for-this-summer"},"wordCount":272,"commentCount":0,"publisher":{"@id":"https:\/\/www.indieofilo.com\/#organization"},"image":{"@id":"https:\/\/www.indieofilo.com\/en\/news\/netherlands-festivals-confirm-new-bands-for-this-summer#primaryimage"},"thumbnailUrl":"https:\/\/www.indieofilo.com\/wp-content\/uploads\/2014\/04\/festival2.jpg","keywords":["Banks","Down The Rabbit Hole","Down the Rabbit Hole 2014","Indian Summer","Indian Summer 2014","Lily Allen","Parquet Courts","Pinkpop","Pinkpop 2014","Pitch Festival","PITCH Festival 2014","Temples","The Veils","Tourist"],"articleSection":["Live Shows","News"],"inLanguage":"en-US","potentialAction":[{"@type":"CommentAction","name":"Comment","target":["https:\/\/www.indieofilo.com\/en\/news\/netherlands-festivals-confirm-new-bands-for-this-summer#respond"]}]},{"@type":"WebPage","@id":"https:\/\/www.indieofilo.com\/en\/news\/netherlands-festivals-confirm-new-bands-for-this-summer","url":"https:\/\/www.indieofilo.com\/en\/news\/netherlands-festivals-confirm-new-bands-for-this-summer","name":"Netherlands festivals confirm new bands for this summer","isPartOf":{"@id":"https:\/\/www.indieofilo.com\/#website"},"primaryImageOfPage":{"@id":"https:\/\/www.indieofilo.com\/en\/news\/netherlands-festivals-confirm-new-bands-for-this-summer#primaryimage"},"image":{"@id":"https:\/\/www.indieofilo.com\/en\/news\/netherlands-festivals-confirm-new-bands-for-this-summer#primaryimage"},"thumbnailUrl":"https:\/\/www.indieofilo.com\/wp-content\/uploads\/2014\/04\/festival2.jpg","datePublished":"2014-04-07T15:47:24+00:00","dateModified":"2023-09-22T11:18:45+00:00","description":"Festivals as Pinkpop, Down the Rabbit Hole, PITCH Festival or Indian Summer confirm new names for their 2014 edition.","breadcrumb":{"@id":"https:\/\/www.indieofilo.com\/en\/news\/netherlands-festivals-confirm-new-bands-for-this-summer#breadcrumb"},"inLanguage":"en-US","potentialAction":[{"@type":"ReadAction","target":["https:\/\/www.indieofilo.com\/en\/news\/netherlands-festivals-confirm-new-bands-for-this-summer"]}]},{"@type":"ImageObject","inLanguage":"en-US","@id":"https:\/\/www.indieofilo.com\/en\/news\/netherlands-festivals-confirm-new-bands-for-this-summer#primaryimage","url":"https:\/\/www.indieofilo.com\/wp-content\/uploads\/2014\/04\/festival2.jpg","contentUrl":"https:\/\/www.indieofilo.com\/wp-content\/uploads\/2014\/04\/festival2.jpg","width":685,"height":457},{"@type":"BreadcrumbList","@id":"https:\/\/www.indieofilo.com\/en\/news\/netherlands-festivals-confirm-new-bands-for-this-summer#breadcrumb","itemListElement":[{"@type":"ListItem","position":1,"name":"Portada","item":"https:\/\/www.indieofilo.com\/en"},{"@type":"ListItem","position":2,"name":"Netherlands festivals confirm new bands for this summer"}]},{"@type":"WebSite","@id":"https:\/\/www.indieofilo.com\/#website","url":"https:\/\/www.indieofilo.com\/","name":"Indie\u00f3filo","description":"Magazine online de la cultura independiente","publisher":{"@id":"https:\/\/www.indieofilo.com\/#organization"},"potentialAction":[{"@type":"SearchAction","target":{"@type":"EntryPoint","urlTemplate":"https:\/\/www.indieofilo.com\/?s={search_term_string}"},"query-input":{"@type":"PropertyValueSpecification","valueRequired":true,"valueName":"search_term_string"}}],"inLanguage":"en-US"},{"@type":"Organization","@id":"https:\/\/www.indieofilo.com\/#organization","name":"Indie\u00f3filo Web","url":"https:\/\/www.indieofilo.com\/","logo":{"@type":"ImageObject","inLanguage":"en-US","@id":"https:\/\/www.indieofilo.com\/#\/schema\/logo\/image\/","url":"https:\/\/www.indieofilo.com\/wp-content\/uploads\/2015\/02\/logo-alta-resolucion.png","contentUrl":"https:\/\/www.indieofilo.com\/wp-content\/uploads\/2015\/02\/logo-alta-resolucion.png","width":544,"height":185,"caption":"Indie\u00f3filo Web"},"image":{"@id":"https:\/\/www.indieofilo.com\/#\/schema\/logo\/image\/"},"sameAs":["https:\/\/www.facebook.com\/Indieofilo\/","https:\/\/x.com\/indieofilo","https:\/\/www.instagram.com\/indieofilo\/"]},{"@type":"Person","@id":"https:\/\/www.indieofilo.com\/#\/schema\/person\/595334d38590e4ce5a09f83cbf2fca90","name":"Victor","image":{"@type":"ImageObject","inLanguage":"en-US","@id":"https:\/\/www.indieofilo.com\/#\/schema\/person\/image\/","url":"https:\/\/secure.gravatar.com\/avatar\/682b8c6ea3e94b6cffec683b25f1797d?s=96&d=mm&r=g","contentUrl":"https:\/\/secure.gravatar.com\/avatar\/682b8c6ea3e94b6cffec683b25f1797d?s=96&d=mm&r=g","caption":"Victor"},"description":"Fan\u00e1tico de la m\u00fasica desde que mis padres me pon\u00edan a Eydie Gorme y Los Panchos o el Discotuna por la A2. Intent\u00e9 tocar varios instrumentos, pero soy muy torpe con la mano izquierda, as\u00ed que ya sab\u00e9is el resultado final. Fan del britpop, Post-punk, el rugby y el baloncesto...","sameAs":["http:\/\/indieofilo.com"],"url":"https:\/\/www.indieofilo.com\/en\/author\/victor"}]}},"_links":{"self":[{"href":"https:\/\/www.indieofilo.com\/en\/wp-json\/wp\/v2\/posts\/4677","targetHints":{"allow":["GET"]}}],"collection":[{"href":"https:\/\/www.indieofilo.com\/en\/wp-json\/wp\/v2\/posts"}],"about":[{"href":"https:\/\/www.indieofilo.com\/en\/wp-json\/wp\/v2\/types\/post"}],"author":[{"embeddable":true,"href":"https:\/\/www.indieofilo.com\/en\/wp-json\/wp\/v2\/users\/1"}],"replies":[{"embeddable":true,"href":"https:\/\/www.indieofilo.com\/en\/wp-json\/wp\/v2\/comments?post=4677"}],"version-history":[{"count":0,"href":"https:\/\/www.indieofilo.com\/en\/wp-json\/wp\/v2\/posts\/4677\/revisions"}],"wp:featuredmedia":[{"embeddable":true,"href":"https:\/\/www.indieofilo.com\/en\/wp-json\/wp\/v2\/media\/19307"}],"wp:attachment":[{"href":"https:\/\/www.indieofilo.com\/en\/wp-json\/wp\/v2\/media?parent=4677"}],"wp:term":[{"taxonomy":"category","embeddable":true,"href":"https:\/\/www.indieofilo.com\/en\/wp-json\/wp\/v2\/categories?post=4677"},{"taxonomy":"post_tag","embeddable":true,"href":"https:\/\/www.indieofilo.com\/en\/wp-json\/wp\/v2\/tags?post=4677"}],"curies":[{"name":"wp","href":"https:\/\/api.w.org\/{rel}","templated":true}]}}