{"id":4666,"date":"2014-04-17T17:21:01","date_gmt":"2014-04-17T15:21:01","guid":{"rendered":"http:\/\/indieofilo.com\/?p=4666"},"modified":"2023-09-22T13:07:40","modified_gmt":"2023-09-22T11:07:40","slug":"enjoy-live-san-san-festival-2014-with-indieofilo","status":"publish","type":"post","link":"https:\/\/www.indieofilo.com\/en\/short-news\/enjoy-live-san-san-festival-2014-with-indieofilo","title":{"rendered":"Enjoy live San San Festival 2014 with Indie\u00f3filo"},"content":{"rendered":"<p style=\"text-align: justify;\">\n\tThis Thursday, where stars in Spain officially Holy Week, is also for us the beginning of the festivals season with&nbsp;<strong>San San Festival<\/strong>, that is held on Gandia (city where Indieofilo project began) and where you will enjoy during next three days with more known bands form Spanish independent scene like&nbsp;<strong>Love of Lesbian, Lori Meyers, Amaral<\/strong>,<strong>&nbsp;La Habitaci&oacute;n Roja<\/strong>&nbsp;or&nbsp;<strong>Iv&aacute;n Ferreiro<\/strong>&nbsp;among others.<\/p>\n<p style=\"text-align: center;\">\n\t<img fetchpriority=\"high\" decoding=\"async\" alt=\"san san 2014 logo\" class=\"aligncenter size-full wp-image-4664\" height=\"232\" src=\"http:\/\/indieofilo.com\/wp-content\/uploads\/2014\/04\/san-san-2014-logo.png\" width=\"365\" srcset=\"https:\/\/www.indieofilo.com\/wp-content\/uploads\/2014\/04\/san-san-2014-logo.png 365w, https:\/\/www.indieofilo.com\/wp-content\/uploads\/2014\/04\/san-san-2014-logo-300x191.png 300w\" sizes=\"(max-width: 365px) 100vw, 365px\" \/><\/p>\n<p style=\"text-align: justify;\">\n\tIndie&oacute;filo, thanks to our writer Gafap&aacute;stico, will inform you on our&nbsp;<a _cke_saved_href=\"https:\/\/twitter.com\/indieofilo\" href=\"https:\/\/twitter.com\/indieofilo\">twitter<\/a>&nbsp;and&nbsp;<a _cke_saved_href=\"https:\/\/www.facebook.com\/indieofilo.web\" href=\"https:\/\/www.facebook.com\/indieofilo.web\">facebook official<\/a>&nbsp;accounts about everything that will happen during these three days on the festival area, as well as upload the best photos, while next week we can enjoy with full festival review.<\/p>\n","protected":false},"excerpt":{"rendered":"<p>This Thursday, where stars in Spain officially Holy Week, is also for us the beginning of the festivals season with&nbsp;San San Festival, that is held on Gandia (city where Indieofilo project began) and where you will enjoy during next three days with more known bands form Spanish independent scene like&nbsp;Love of Lesbian, Lori Meyers, Amaral,&nbsp;La [&hellip;]<\/p>\n","protected":false},"author":1,"featured_media":19303,"comment_status":"open","ping_status":"closed","sticky":false,"template":"","format":"standard","meta":{"footnotes":""},"categories":[18],"tags":[6181,6721,5609,5573,5107,5401,6722,6723],"class_list":["post-4666","post","type-post","status-publish","format-standard","has-post-thumbnail","hentry","category-short-news","tag-amaral-en","tag-gandia-en","tag-ivan-ferreiro-en","tag-la-habitacion-roja-en","tag-lori-meyers-en","tag-love-of-lesbian-en","tag-san-san-festival-en","tag-san-san-festival-2014-en"],"yoast_head":"<!-- This site is optimized with the Yoast SEO Premium plugin v23.9 (Yoast SEO v26.6) - https:\/\/yoast.com\/wordpress\/plugins\/seo\/ -->\n<title>Enjoy live San San Festival 2014 with Indie\u00f3filo - Indie\u00f3filo<\/title>\n<meta name=\"description\" content=\"Indie\u00f3filo will inform you on our\u00a0twitter\u00a0and\u00a0facebook official\u00a0accounts about everything that will happen during these three days on the festival.\" \/>\n<meta name=\"robots\" content=\"index, follow, max-snippet:-1, max-image-preview:large, max-video-preview:-1\" \/>\n<link rel=\"canonical\" href=\"https:\/\/www.indieofilo.com\/en\/short-news\/enjoy-live-san-san-festival-2014-with-indieofilo\" \/>\n<meta property=\"og:locale\" content=\"en_US\" \/>\n<meta property=\"og:type\" content=\"article\" \/>\n<meta property=\"og:title\" content=\"Enjoy live San San Festival 2014 with Indie\u00f3filo\" \/>\n<meta property=\"og:description\" content=\"Indie\u00f3filo will inform you on our\u00a0twitter\u00a0and\u00a0facebook official\u00a0accounts about everything that will happen during these three days on the festival.\" \/>\n<meta property=\"og:url\" content=\"https:\/\/www.indieofilo.com\/en\/short-news\/enjoy-live-san-san-festival-2014-with-indieofilo\" \/>\n<meta property=\"og:site_name\" content=\"Indie\u00f3filo\" \/>\n<meta property=\"article:publisher\" content=\"https:\/\/www.facebook.com\/Indieofilo\/\" \/>\n<meta property=\"article:published_time\" content=\"2014-04-17T15:21:01+00:00\" \/>\n<meta property=\"article:modified_time\" content=\"2023-09-22T11:07:40+00:00\" \/>\n<meta property=\"og:image\" content=\"https:\/\/www.indieofilo.com\/wp-content\/uploads\/2014\/04\/san-san-2014-logo.png\" \/>\n\t<meta property=\"og:image:width\" content=\"365\" \/>\n\t<meta property=\"og:image:height\" content=\"232\" \/>\n\t<meta property=\"og:image:type\" content=\"image\/png\" \/>\n<meta name=\"author\" content=\"Victor\" \/>\n<meta name=\"twitter:card\" content=\"summary_large_image\" \/>\n<meta name=\"twitter:creator\" content=\"@indieofilo\" \/>\n<meta name=\"twitter:site\" content=\"@indieofilo\" \/>\n<meta name=\"twitter:label1\" content=\"Written by\" \/>\n\t<meta name=\"twitter:data1\" content=\"Victor\" \/>\n\t<meta name=\"twitter:label2\" content=\"Est. reading time\" \/>\n\t<meta name=\"twitter:data2\" content=\"1 minute\" \/>\n<script type=\"application\/ld+json\" class=\"yoast-schema-graph\">{\"@context\":\"https:\/\/schema.org\",\"@graph\":[{\"@type\":\"Article\",\"@id\":\"https:\/\/www.indieofilo.com\/en\/short-news\/enjoy-live-san-san-festival-2014-with-indieofilo#article\",\"isPartOf\":{\"@id\":\"https:\/\/www.indieofilo.com\/en\/short-news\/enjoy-live-san-san-festival-2014-with-indieofilo\"},\"author\":{\"name\":\"Victor\",\"@id\":\"https:\/\/www.indieofilo.com\/#\/schema\/person\/595334d38590e4ce5a09f83cbf2fca90\"},\"headline\":\"Enjoy live San San Festival 2014 with Indie\u00f3filo\",\"datePublished\":\"2014-04-17T15:21:01+00:00\",\"dateModified\":\"2023-09-22T11:07:40+00:00\",\"mainEntityOfPage\":{\"@id\":\"https:\/\/www.indieofilo.com\/en\/short-news\/enjoy-live-san-san-festival-2014-with-indieofilo\"},\"wordCount\":137,\"commentCount\":0,\"publisher\":{\"@id\":\"https:\/\/www.indieofilo.com\/#organization\"},\"image\":{\"@id\":\"https:\/\/www.indieofilo.com\/en\/short-news\/enjoy-live-san-san-festival-2014-with-indieofilo#primaryimage\"},\"thumbnailUrl\":\"https:\/\/www.indieofilo.com\/wp-content\/uploads\/2014\/04\/san-san-2014-logo.png\",\"keywords\":[\"Amaral\",\"Gand\u00eda\",\"Iv\u00e1n Ferreiro\",\"La Habitaci\u00f3n Roja\",\"Lori Meyers\",\"Love of Lesbian\",\"San San Festival\",\"San San Festival 2014\"],\"articleSection\":[\"Short news\"],\"inLanguage\":\"en-US\",\"potentialAction\":[{\"@type\":\"CommentAction\",\"name\":\"Comment\",\"target\":[\"https:\/\/www.indieofilo.com\/en\/short-news\/enjoy-live-san-san-festival-2014-with-indieofilo#respond\"]}]},{\"@type\":\"WebPage\",\"@id\":\"https:\/\/www.indieofilo.com\/en\/short-news\/enjoy-live-san-san-festival-2014-with-indieofilo\",\"url\":\"https:\/\/www.indieofilo.com\/en\/short-news\/enjoy-live-san-san-festival-2014-with-indieofilo\",\"name\":\"Enjoy live San San Festival 2014 with Indie\u00f3filo - Indie\u00f3filo\",\"isPartOf\":{\"@id\":\"https:\/\/www.indieofilo.com\/#website\"},\"primaryImageOfPage\":{\"@id\":\"https:\/\/www.indieofilo.com\/en\/short-news\/enjoy-live-san-san-festival-2014-with-indieofilo#primaryimage\"},\"image\":{\"@id\":\"https:\/\/www.indieofilo.com\/en\/short-news\/enjoy-live-san-san-festival-2014-with-indieofilo#primaryimage\"},\"thumbnailUrl\":\"https:\/\/www.indieofilo.com\/wp-content\/uploads\/2014\/04\/san-san-2014-logo.png\",\"datePublished\":\"2014-04-17T15:21:01+00:00\",\"dateModified\":\"2023-09-22T11:07:40+00:00\",\"description\":\"Indie\u00f3filo will inform you on our\u00a0twitter\u00a0and\u00a0facebook official\u00a0accounts about everything that will happen during these three days on the festival.\",\"breadcrumb\":{\"@id\":\"https:\/\/www.indieofilo.com\/en\/short-news\/enjoy-live-san-san-festival-2014-with-indieofilo#breadcrumb\"},\"inLanguage\":\"en-US\",\"potentialAction\":[{\"@type\":\"ReadAction\",\"target\":[\"https:\/\/www.indieofilo.com\/en\/short-news\/enjoy-live-san-san-festival-2014-with-indieofilo\"]}]},{\"@type\":\"ImageObject\",\"inLanguage\":\"en-US\",\"@id\":\"https:\/\/www.indieofilo.com\/en\/short-news\/enjoy-live-san-san-festival-2014-with-indieofilo#primaryimage\",\"url\":\"https:\/\/www.indieofilo.com\/wp-content\/uploads\/2014\/04\/san-san-2014-logo.png\",\"contentUrl\":\"https:\/\/www.indieofilo.com\/wp-content\/uploads\/2014\/04\/san-san-2014-logo.png\",\"width\":365,\"height\":232},{\"@type\":\"BreadcrumbList\",\"@id\":\"https:\/\/www.indieofilo.com\/en\/short-news\/enjoy-live-san-san-festival-2014-with-indieofilo#breadcrumb\",\"itemListElement\":[{\"@type\":\"ListItem\",\"position\":1,\"name\":\"Portada\",\"item\":\"https:\/\/www.indieofilo.com\/en\"},{\"@type\":\"ListItem\",\"position\":2,\"name\":\"Enjoy live San San Festival 2014 with Indie\u00f3filo\"}]},{\"@type\":\"WebSite\",\"@id\":\"https:\/\/www.indieofilo.com\/#website\",\"url\":\"https:\/\/www.indieofilo.com\/\",\"name\":\"Indie\u00f3filo\",\"description\":\"Magazine online de la cultura independiente\",\"publisher\":{\"@id\":\"https:\/\/www.indieofilo.com\/#organization\"},\"potentialAction\":[{\"@type\":\"SearchAction\",\"target\":{\"@type\":\"EntryPoint\",\"urlTemplate\":\"https:\/\/www.indieofilo.com\/?s={search_term_string}\"},\"query-input\":{\"@type\":\"PropertyValueSpecification\",\"valueRequired\":true,\"valueName\":\"search_term_string\"}}],\"inLanguage\":\"en-US\"},{\"@type\":\"Organization\",\"@id\":\"https:\/\/www.indieofilo.com\/#organization\",\"name\":\"Indie\u00f3filo Web\",\"url\":\"https:\/\/www.indieofilo.com\/\",\"logo\":{\"@type\":\"ImageObject\",\"inLanguage\":\"en-US\",\"@id\":\"https:\/\/www.indieofilo.com\/#\/schema\/logo\/image\/\",\"url\":\"https:\/\/www.indieofilo.com\/wp-content\/uploads\/2015\/02\/logo-alta-resolucion.png\",\"contentUrl\":\"https:\/\/www.indieofilo.com\/wp-content\/uploads\/2015\/02\/logo-alta-resolucion.png\",\"width\":544,\"height\":185,\"caption\":\"Indie\u00f3filo Web\"},\"image\":{\"@id\":\"https:\/\/www.indieofilo.com\/#\/schema\/logo\/image\/\"},\"sameAs\":[\"https:\/\/www.facebook.com\/Indieofilo\/\",\"https:\/\/x.com\/indieofilo\",\"https:\/\/www.instagram.com\/indieofilo\/\"]},{\"@type\":\"Person\",\"@id\":\"https:\/\/www.indieofilo.com\/#\/schema\/person\/595334d38590e4ce5a09f83cbf2fca90\",\"name\":\"Victor\",\"image\":{\"@type\":\"ImageObject\",\"inLanguage\":\"en-US\",\"@id\":\"https:\/\/www.indieofilo.com\/#\/schema\/person\/image\/\",\"url\":\"https:\/\/secure.gravatar.com\/avatar\/682b8c6ea3e94b6cffec683b25f1797d?s=96&d=mm&r=g\",\"contentUrl\":\"https:\/\/secure.gravatar.com\/avatar\/682b8c6ea3e94b6cffec683b25f1797d?s=96&d=mm&r=g\",\"caption\":\"Victor\"},\"description\":\"Fan\u00e1tico de la m\u00fasica desde que mis padres me pon\u00edan a Eydie Gorme y Los Panchos o el Discotuna por la A2. Intent\u00e9 tocar varios instrumentos, pero soy muy torpe con la mano izquierda, as\u00ed que ya sab\u00e9is el resultado final. Fan del britpop, Post-punk, el rugby y el baloncesto...\",\"sameAs\":[\"http:\/\/indieofilo.com\"],\"url\":\"https:\/\/www.indieofilo.com\/en\/author\/victor\"}]}<\/script>\n<!-- \/ Yoast SEO Premium plugin. -->","yoast_head_json":{"title":"Enjoy live San San Festival 2014 with Indie\u00f3filo - Indie\u00f3filo","description":"Indie\u00f3filo will inform you on our\u00a0twitter\u00a0and\u00a0facebook official\u00a0accounts about everything that will happen during these three days on the festival.","robots":{"index":"index","follow":"follow","max-snippet":"max-snippet:-1","max-image-preview":"max-image-preview:large","max-video-preview":"max-video-preview:-1"},"canonical":"https:\/\/www.indieofilo.com\/en\/short-news\/enjoy-live-san-san-festival-2014-with-indieofilo","og_locale":"en_US","og_type":"article","og_title":"Enjoy live San San Festival 2014 with Indie\u00f3filo","og_description":"Indie\u00f3filo will inform you on our\u00a0twitter\u00a0and\u00a0facebook official\u00a0accounts about everything that will happen during these three days on the festival.","og_url":"https:\/\/www.indieofilo.com\/en\/short-news\/enjoy-live-san-san-festival-2014-with-indieofilo","og_site_name":"Indie\u00f3filo","article_publisher":"https:\/\/www.facebook.com\/Indieofilo\/","article_published_time":"2014-04-17T15:21:01+00:00","article_modified_time":"2023-09-22T11:07:40+00:00","og_image":[{"width":365,"height":232,"url":"https:\/\/www.indieofilo.com\/wp-content\/uploads\/2014\/04\/san-san-2014-logo.png","type":"image\/png"}],"author":"Victor","twitter_card":"summary_large_image","twitter_creator":"@indieofilo","twitter_site":"@indieofilo","twitter_misc":{"Written by":"Victor","Est. reading time":"1 minute"},"schema":{"@context":"https:\/\/schema.org","@graph":[{"@type":"Article","@id":"https:\/\/www.indieofilo.com\/en\/short-news\/enjoy-live-san-san-festival-2014-with-indieofilo#article","isPartOf":{"@id":"https:\/\/www.indieofilo.com\/en\/short-news\/enjoy-live-san-san-festival-2014-with-indieofilo"},"author":{"name":"Victor","@id":"https:\/\/www.indieofilo.com\/#\/schema\/person\/595334d38590e4ce5a09f83cbf2fca90"},"headline":"Enjoy live San San Festival 2014 with Indie\u00f3filo","datePublished":"2014-04-17T15:21:01+00:00","dateModified":"2023-09-22T11:07:40+00:00","mainEntityOfPage":{"@id":"https:\/\/www.indieofilo.com\/en\/short-news\/enjoy-live-san-san-festival-2014-with-indieofilo"},"wordCount":137,"commentCount":0,"publisher":{"@id":"https:\/\/www.indieofilo.com\/#organization"},"image":{"@id":"https:\/\/www.indieofilo.com\/en\/short-news\/enjoy-live-san-san-festival-2014-with-indieofilo#primaryimage"},"thumbnailUrl":"https:\/\/www.indieofilo.com\/wp-content\/uploads\/2014\/04\/san-san-2014-logo.png","keywords":["Amaral","Gand\u00eda","Iv\u00e1n Ferreiro","La Habitaci\u00f3n Roja","Lori Meyers","Love of Lesbian","San San Festival","San San Festival 2014"],"articleSection":["Short news"],"inLanguage":"en-US","potentialAction":[{"@type":"CommentAction","name":"Comment","target":["https:\/\/www.indieofilo.com\/en\/short-news\/enjoy-live-san-san-festival-2014-with-indieofilo#respond"]}]},{"@type":"WebPage","@id":"https:\/\/www.indieofilo.com\/en\/short-news\/enjoy-live-san-san-festival-2014-with-indieofilo","url":"https:\/\/www.indieofilo.com\/en\/short-news\/enjoy-live-san-san-festival-2014-with-indieofilo","name":"Enjoy live San San Festival 2014 with Indie\u00f3filo - Indie\u00f3filo","isPartOf":{"@id":"https:\/\/www.indieofilo.com\/#website"},"primaryImageOfPage":{"@id":"https:\/\/www.indieofilo.com\/en\/short-news\/enjoy-live-san-san-festival-2014-with-indieofilo#primaryimage"},"image":{"@id":"https:\/\/www.indieofilo.com\/en\/short-news\/enjoy-live-san-san-festival-2014-with-indieofilo#primaryimage"},"thumbnailUrl":"https:\/\/www.indieofilo.com\/wp-content\/uploads\/2014\/04\/san-san-2014-logo.png","datePublished":"2014-04-17T15:21:01+00:00","dateModified":"2023-09-22T11:07:40+00:00","description":"Indie\u00f3filo will inform you on our\u00a0twitter\u00a0and\u00a0facebook official\u00a0accounts about everything that will happen during these three days on the festival.","breadcrumb":{"@id":"https:\/\/www.indieofilo.com\/en\/short-news\/enjoy-live-san-san-festival-2014-with-indieofilo#breadcrumb"},"inLanguage":"en-US","potentialAction":[{"@type":"ReadAction","target":["https:\/\/www.indieofilo.com\/en\/short-news\/enjoy-live-san-san-festival-2014-with-indieofilo"]}]},{"@type":"ImageObject","inLanguage":"en-US","@id":"https:\/\/www.indieofilo.com\/en\/short-news\/enjoy-live-san-san-festival-2014-with-indieofilo#primaryimage","url":"https:\/\/www.indieofilo.com\/wp-content\/uploads\/2014\/04\/san-san-2014-logo.png","contentUrl":"https:\/\/www.indieofilo.com\/wp-content\/uploads\/2014\/04\/san-san-2014-logo.png","width":365,"height":232},{"@type":"BreadcrumbList","@id":"https:\/\/www.indieofilo.com\/en\/short-news\/enjoy-live-san-san-festival-2014-with-indieofilo#breadcrumb","itemListElement":[{"@type":"ListItem","position":1,"name":"Portada","item":"https:\/\/www.indieofilo.com\/en"},{"@type":"ListItem","position":2,"name":"Enjoy live San San Festival 2014 with Indie\u00f3filo"}]},{"@type":"WebSite","@id":"https:\/\/www.indieofilo.com\/#website","url":"https:\/\/www.indieofilo.com\/","name":"Indie\u00f3filo","description":"Magazine online de la cultura independiente","publisher":{"@id":"https:\/\/www.indieofilo.com\/#organization"},"potentialAction":[{"@type":"SearchAction","target":{"@type":"EntryPoint","urlTemplate":"https:\/\/www.indieofilo.com\/?s={search_term_string}"},"query-input":{"@type":"PropertyValueSpecification","valueRequired":true,"valueName":"search_term_string"}}],"inLanguage":"en-US"},{"@type":"Organization","@id":"https:\/\/www.indieofilo.com\/#organization","name":"Indie\u00f3filo Web","url":"https:\/\/www.indieofilo.com\/","logo":{"@type":"ImageObject","inLanguage":"en-US","@id":"https:\/\/www.indieofilo.com\/#\/schema\/logo\/image\/","url":"https:\/\/www.indieofilo.com\/wp-content\/uploads\/2015\/02\/logo-alta-resolucion.png","contentUrl":"https:\/\/www.indieofilo.com\/wp-content\/uploads\/2015\/02\/logo-alta-resolucion.png","width":544,"height":185,"caption":"Indie\u00f3filo Web"},"image":{"@id":"https:\/\/www.indieofilo.com\/#\/schema\/logo\/image\/"},"sameAs":["https:\/\/www.facebook.com\/Indieofilo\/","https:\/\/x.com\/indieofilo","https:\/\/www.instagram.com\/indieofilo\/"]},{"@type":"Person","@id":"https:\/\/www.indieofilo.com\/#\/schema\/person\/595334d38590e4ce5a09f83cbf2fca90","name":"Victor","image":{"@type":"ImageObject","inLanguage":"en-US","@id":"https:\/\/www.indieofilo.com\/#\/schema\/person\/image\/","url":"https:\/\/secure.gravatar.com\/avatar\/682b8c6ea3e94b6cffec683b25f1797d?s=96&d=mm&r=g","contentUrl":"https:\/\/secure.gravatar.com\/avatar\/682b8c6ea3e94b6cffec683b25f1797d?s=96&d=mm&r=g","caption":"Victor"},"description":"Fan\u00e1tico de la m\u00fasica desde que mis padres me pon\u00edan a Eydie Gorme y Los Panchos o el Discotuna por la A2. Intent\u00e9 tocar varios instrumentos, pero soy muy torpe con la mano izquierda, as\u00ed que ya sab\u00e9is el resultado final. Fan del britpop, Post-punk, el rugby y el baloncesto...","sameAs":["http:\/\/indieofilo.com"],"url":"https:\/\/www.indieofilo.com\/en\/author\/victor"}]}},"_links":{"self":[{"href":"https:\/\/www.indieofilo.com\/en\/wp-json\/wp\/v2\/posts\/4666","targetHints":{"allow":["GET"]}}],"collection":[{"href":"https:\/\/www.indieofilo.com\/en\/wp-json\/wp\/v2\/posts"}],"about":[{"href":"https:\/\/www.indieofilo.com\/en\/wp-json\/wp\/v2\/types\/post"}],"author":[{"embeddable":true,"href":"https:\/\/www.indieofilo.com\/en\/wp-json\/wp\/v2\/users\/1"}],"replies":[{"embeddable":true,"href":"https:\/\/www.indieofilo.com\/en\/wp-json\/wp\/v2\/comments?post=4666"}],"version-history":[{"count":0,"href":"https:\/\/www.indieofilo.com\/en\/wp-json\/wp\/v2\/posts\/4666\/revisions"}],"wp:featuredmedia":[{"embeddable":true,"href":"https:\/\/www.indieofilo.com\/en\/wp-json\/wp\/v2\/media\/19303"}],"wp:attachment":[{"href":"https:\/\/www.indieofilo.com\/en\/wp-json\/wp\/v2\/media?parent=4666"}],"wp:term":[{"taxonomy":"category","embeddable":true,"href":"https:\/\/www.indieofilo.com\/en\/wp-json\/wp\/v2\/categories?post=4666"},{"taxonomy":"post_tag","embeddable":true,"href":"https:\/\/www.indieofilo.com\/en\/wp-json\/wp\/v2\/tags?post=4666"}],"curies":[{"name":"wp","href":"https:\/\/api.w.org\/{rel}","templated":true}]}}