{"id":46634,"date":"2025-02-04T20:45:00","date_gmt":"2025-02-04T19:45:00","guid":{"rendered":"https:\/\/www.indieofilo.com\/news\/music\/health-will-perform-in-madrid-and-barcelona-in-june-2025"},"modified":"2025-02-14T11:43:03","modified_gmt":"2025-02-14T10:43:03","slug":"health-will-perform-in-madrid-and-barcelona-in-june-2025","status":"publish","type":"post","link":"https:\/\/www.indieofilo.com\/en\/news\/health-will-perform-in-madrid-and-barcelona-in-june-2025","title":{"rendered":"HEALTH will perform in Madrid and Barcelona in June 2025."},"content":{"rendered":"<p style=\"text-align: justify;\">One of our favourite bands ever since they blew us away with their epileptic light show on the old Pitchfork stage at Primavera Sound 2015, have just announced a tour of venues in Spain for June 2025.<\/p>\n<p style=\"text-align: justify;\">Californians <strong>HEALTH<\/strong>, with their unclassifiable mix of noise rock, electronica and industrial music, will finally be hitting venues in Madrid and Barcelona after playing only festivals for the last decade&#8230; <strong>Their concerts on the 24th of June at Madrid&#8217;s Sala Nazca and the 25th of June at Barcelona&#8217;s Sala Wolf<\/strong> will be used to present live the already distant <em>Rat Wars<\/em> (2023), although in 2024 Jake Duzsik&#8217;s band has already presented some collaborations with<strong> Bad Omens<\/strong> and the incredible version of &#8216;<em>Ashamed<\/em>&#8216; with <strong>Chvrches&#8217; Lauren Mayberry<\/strong>.<\/p>\n<p style=\"text-align: justify;\">Tickets for both concerts go on sale on Thursday 6th February at 10:00am at <a href=\"https:\/\/feverup.com\/\" target=\"_blank\" rel=\"noopener\">Fever<\/a> at a price of \u20ac25 (+ booking fee), with a 10% discount for Revolut customers.<\/p>\n<p><img fetchpriority=\"high\" decoding=\"async\" class=\"aligncenter size-large wp-image-46630\" src=\"http:\/\/www.indieofilo.com\/wp-content\/uploads\/2025\/02\/HEALTH_Barcelona_2025-546x683.jpg\" alt=\"HEALTH Barcelona 2025\" width=\"546\" height=\"683\" srcset=\"https:\/\/www.indieofilo.com\/wp-content\/uploads\/2025\/02\/HEALTH_Barcelona_2025-546x683.jpg 546w, https:\/\/www.indieofilo.com\/wp-content\/uploads\/2025\/02\/HEALTH_Barcelona_2025-426x533.jpg 426w, https:\/\/www.indieofilo.com\/wp-content\/uploads\/2025\/02\/HEALTH_Barcelona_2025-320x400.jpg 320w, https:\/\/www.indieofilo.com\/wp-content\/uploads\/2025\/02\/HEALTH_Barcelona_2025.jpg 640w\" sizes=\"(max-width: 546px) 100vw, 546px\" \/><\/p>\n\n\n<p><\/p>\n","protected":false},"excerpt":{"rendered":"<p>One of our favourite bands ever since they blew us away with their epileptic light show on the old Pitchfork stage at Primavera Sound 2015, have just announced a tour of venues in Spain for June 2025. Californians HEALTH, with their unclassifiable mix of noise rock, electronica and industrial music, will finally be hitting venues [&hellip;]<\/p>\n","protected":false},"author":1,"featured_media":46631,"comment_status":"open","ping_status":"closed","sticky":false,"template":"","format":"standard","meta":{"footnotes":""},"categories":[41,8],"tags":[4961,5936],"class_list":["post-46634","post","type-post","status-publish","format-standard","has-post-thumbnail","hentry","category-live-shows","category-news","tag-barcelona-en","tag-health-en"],"yoast_head":"<!-- This site is optimized with the Yoast SEO Premium plugin v23.9 (Yoast SEO v26.6) - https:\/\/yoast.com\/wordpress\/plugins\/seo\/ -->\n<title>HEALTH will perform in Madrid and Barcelona in June 2025. - Indie\u00f3filo<\/title>\n<meta name=\"description\" content=\"Californian band HEALTH have announced that they will play concerts on the 24th of June at the Sala Nazca in Madrid and the 25th of June at the Sala Wolf in Barcelona.\" \/>\n<meta name=\"robots\" content=\"index, follow, max-snippet:-1, max-image-preview:large, max-video-preview:-1\" \/>\n<link rel=\"canonical\" href=\"https:\/\/www.indieofilo.com\/en\/news\/health-will-perform-in-madrid-and-barcelona-in-june-2025\" \/>\n<meta property=\"og:locale\" content=\"en_US\" \/>\n<meta property=\"og:type\" content=\"article\" \/>\n<meta property=\"og:title\" content=\"HEALTH will perform in Madrid and Barcelona in June 2025.\" \/>\n<meta property=\"og:description\" content=\"Californian band HEALTH have announced that they will play concerts on the 24th of June at the Sala Nazca in Madrid and the 25th of June at the Sala Wolf in Barcelona.\" \/>\n<meta property=\"og:url\" content=\"https:\/\/www.indieofilo.com\/en\/news\/health-will-perform-in-madrid-and-barcelona-in-june-2025\" \/>\n<meta property=\"og:site_name\" content=\"Indie\u00f3filo\" \/>\n<meta property=\"article:publisher\" content=\"https:\/\/www.facebook.com\/Indieofilo\/\" \/>\n<meta property=\"article:published_time\" content=\"2025-02-04T19:45:00+00:00\" \/>\n<meta property=\"article:modified_time\" content=\"2025-02-14T10:43:03+00:00\" \/>\n<meta property=\"og:image\" content=\"http:\/\/www.indieofilo.com\/wp-content\/uploads\/2025\/02\/HEALTH_Barcelona_2025.jpg\" \/>\n\t<meta property=\"og:image:width\" content=\"640\" \/>\n\t<meta property=\"og:image:height\" content=\"800\" \/>\n\t<meta property=\"og:image:type\" content=\"image\/jpeg\" \/>\n<meta name=\"author\" content=\"Victor\" \/>\n<meta name=\"twitter:card\" content=\"summary_large_image\" \/>\n<meta name=\"twitter:creator\" content=\"@indieofilo\" \/>\n<meta name=\"twitter:site\" content=\"@indieofilo\" \/>\n<meta name=\"twitter:label1\" content=\"Written by\" \/>\n\t<meta name=\"twitter:data1\" content=\"Victor\" \/>\n\t<meta name=\"twitter:label2\" content=\"Est. reading time\" \/>\n\t<meta name=\"twitter:data2\" content=\"2 minutes\" \/>\n<script type=\"application\/ld+json\" class=\"yoast-schema-graph\">{\"@context\":\"https:\/\/schema.org\",\"@graph\":[{\"@type\":\"Article\",\"@id\":\"https:\/\/www.indieofilo.com\/en\/news\/health-will-perform-in-madrid-and-barcelona-in-june-2025#article\",\"isPartOf\":{\"@id\":\"https:\/\/www.indieofilo.com\/en\/news\/health-will-perform-in-madrid-and-barcelona-in-june-2025\"},\"author\":{\"name\":\"Victor\",\"@id\":\"https:\/\/www.indieofilo.com\/#\/schema\/person\/595334d38590e4ce5a09f83cbf2fca90\"},\"headline\":\"HEALTH will perform in Madrid and Barcelona in June 2025.\",\"datePublished\":\"2025-02-04T19:45:00+00:00\",\"dateModified\":\"2025-02-14T10:43:03+00:00\",\"mainEntityOfPage\":{\"@id\":\"https:\/\/www.indieofilo.com\/en\/news\/health-will-perform-in-madrid-and-barcelona-in-june-2025\"},\"wordCount\":155,\"commentCount\":0,\"publisher\":{\"@id\":\"https:\/\/www.indieofilo.com\/#organization\"},\"image\":{\"@id\":\"https:\/\/www.indieofilo.com\/en\/news\/health-will-perform-in-madrid-and-barcelona-in-june-2025#primaryimage\"},\"thumbnailUrl\":\"https:\/\/www.indieofilo.com\/wp-content\/uploads\/2025\/02\/HEALTH_Barcelona_2025.jpg\",\"keywords\":[\"Barcelona\",\"Health\"],\"articleSection\":[\"Live Shows\",\"News\"],\"inLanguage\":\"en-US\",\"potentialAction\":[{\"@type\":\"CommentAction\",\"name\":\"Comment\",\"target\":[\"https:\/\/www.indieofilo.com\/en\/news\/health-will-perform-in-madrid-and-barcelona-in-june-2025#respond\"]}]},{\"@type\":\"WebPage\",\"@id\":\"https:\/\/www.indieofilo.com\/en\/news\/health-will-perform-in-madrid-and-barcelona-in-june-2025\",\"url\":\"https:\/\/www.indieofilo.com\/en\/news\/health-will-perform-in-madrid-and-barcelona-in-june-2025\",\"name\":\"HEALTH will perform in Madrid and Barcelona in June 2025. - Indie\u00f3filo\",\"isPartOf\":{\"@id\":\"https:\/\/www.indieofilo.com\/#website\"},\"primaryImageOfPage\":{\"@id\":\"https:\/\/www.indieofilo.com\/en\/news\/health-will-perform-in-madrid-and-barcelona-in-june-2025#primaryimage\"},\"image\":{\"@id\":\"https:\/\/www.indieofilo.com\/en\/news\/health-will-perform-in-madrid-and-barcelona-in-june-2025#primaryimage\"},\"thumbnailUrl\":\"https:\/\/www.indieofilo.com\/wp-content\/uploads\/2025\/02\/HEALTH_Barcelona_2025.jpg\",\"datePublished\":\"2025-02-04T19:45:00+00:00\",\"dateModified\":\"2025-02-14T10:43:03+00:00\",\"description\":\"Californian band HEALTH have announced that they will play concerts on the 24th of June at the Sala Nazca in Madrid and the 25th of June at the Sala Wolf in Barcelona.\",\"breadcrumb\":{\"@id\":\"https:\/\/www.indieofilo.com\/en\/news\/health-will-perform-in-madrid-and-barcelona-in-june-2025#breadcrumb\"},\"inLanguage\":\"en-US\",\"potentialAction\":[{\"@type\":\"ReadAction\",\"target\":[\"https:\/\/www.indieofilo.com\/en\/news\/health-will-perform-in-madrid-and-barcelona-in-june-2025\"]}]},{\"@type\":\"ImageObject\",\"inLanguage\":\"en-US\",\"@id\":\"https:\/\/www.indieofilo.com\/en\/news\/health-will-perform-in-madrid-and-barcelona-in-june-2025#primaryimage\",\"url\":\"https:\/\/www.indieofilo.com\/wp-content\/uploads\/2025\/02\/HEALTH_Barcelona_2025.jpg\",\"contentUrl\":\"https:\/\/www.indieofilo.com\/wp-content\/uploads\/2025\/02\/HEALTH_Barcelona_2025.jpg\",\"width\":640,\"height\":800,\"caption\":\"HEALTH Barcelona 2025\"},{\"@type\":\"BreadcrumbList\",\"@id\":\"https:\/\/www.indieofilo.com\/en\/news\/health-will-perform-in-madrid-and-barcelona-in-june-2025#breadcrumb\",\"itemListElement\":[{\"@type\":\"ListItem\",\"position\":1,\"name\":\"Portada\",\"item\":\"https:\/\/www.indieofilo.com\/en\"},{\"@type\":\"ListItem\",\"position\":2,\"name\":\"HEALTH will perform in Madrid and Barcelona in June 2025.\"}]},{\"@type\":\"WebSite\",\"@id\":\"https:\/\/www.indieofilo.com\/#website\",\"url\":\"https:\/\/www.indieofilo.com\/\",\"name\":\"Indie\u00f3filo\",\"description\":\"Magazine online de la cultura independiente\",\"publisher\":{\"@id\":\"https:\/\/www.indieofilo.com\/#organization\"},\"potentialAction\":[{\"@type\":\"SearchAction\",\"target\":{\"@type\":\"EntryPoint\",\"urlTemplate\":\"https:\/\/www.indieofilo.com\/?s={search_term_string}\"},\"query-input\":{\"@type\":\"PropertyValueSpecification\",\"valueRequired\":true,\"valueName\":\"search_term_string\"}}],\"inLanguage\":\"en-US\"},{\"@type\":\"Organization\",\"@id\":\"https:\/\/www.indieofilo.com\/#organization\",\"name\":\"Indie\u00f3filo Web\",\"url\":\"https:\/\/www.indieofilo.com\/\",\"logo\":{\"@type\":\"ImageObject\",\"inLanguage\":\"en-US\",\"@id\":\"https:\/\/www.indieofilo.com\/#\/schema\/logo\/image\/\",\"url\":\"https:\/\/www.indieofilo.com\/wp-content\/uploads\/2015\/02\/logo-alta-resolucion.png\",\"contentUrl\":\"https:\/\/www.indieofilo.com\/wp-content\/uploads\/2015\/02\/logo-alta-resolucion.png\",\"width\":544,\"height\":185,\"caption\":\"Indie\u00f3filo Web\"},\"image\":{\"@id\":\"https:\/\/www.indieofilo.com\/#\/schema\/logo\/image\/\"},\"sameAs\":[\"https:\/\/www.facebook.com\/Indieofilo\/\",\"https:\/\/x.com\/indieofilo\",\"https:\/\/www.instagram.com\/indieofilo\/\"]},{\"@type\":\"Person\",\"@id\":\"https:\/\/www.indieofilo.com\/#\/schema\/person\/595334d38590e4ce5a09f83cbf2fca90\",\"name\":\"Victor\",\"image\":{\"@type\":\"ImageObject\",\"inLanguage\":\"en-US\",\"@id\":\"https:\/\/www.indieofilo.com\/#\/schema\/person\/image\/\",\"url\":\"https:\/\/secure.gravatar.com\/avatar\/682b8c6ea3e94b6cffec683b25f1797d?s=96&d=mm&r=g\",\"contentUrl\":\"https:\/\/secure.gravatar.com\/avatar\/682b8c6ea3e94b6cffec683b25f1797d?s=96&d=mm&r=g\",\"caption\":\"Victor\"},\"description\":\"Fan\u00e1tico de la m\u00fasica desde que mis padres me pon\u00edan a Eydie Gorme y Los Panchos o el Discotuna por la A2. Intent\u00e9 tocar varios instrumentos, pero soy muy torpe con la mano izquierda, as\u00ed que ya sab\u00e9is el resultado final. Fan del britpop, Post-punk, el rugby y el baloncesto...\",\"sameAs\":[\"http:\/\/indieofilo.com\"],\"url\":\"https:\/\/www.indieofilo.com\/en\/author\/victor\"}]}<\/script>\n<!-- \/ Yoast SEO Premium plugin. -->","yoast_head_json":{"title":"HEALTH will perform in Madrid and Barcelona in June 2025. - Indie\u00f3filo","description":"Californian band HEALTH have announced that they will play concerts on the 24th of June at the Sala Nazca in Madrid and the 25th of June at the Sala Wolf in Barcelona.","robots":{"index":"index","follow":"follow","max-snippet":"max-snippet:-1","max-image-preview":"max-image-preview:large","max-video-preview":"max-video-preview:-1"},"canonical":"https:\/\/www.indieofilo.com\/en\/news\/health-will-perform-in-madrid-and-barcelona-in-june-2025","og_locale":"en_US","og_type":"article","og_title":"HEALTH will perform in Madrid and Barcelona in June 2025.","og_description":"Californian band HEALTH have announced that they will play concerts on the 24th of June at the Sala Nazca in Madrid and the 25th of June at the Sala Wolf in Barcelona.","og_url":"https:\/\/www.indieofilo.com\/en\/news\/health-will-perform-in-madrid-and-barcelona-in-june-2025","og_site_name":"Indie\u00f3filo","article_publisher":"https:\/\/www.facebook.com\/Indieofilo\/","article_published_time":"2025-02-04T19:45:00+00:00","article_modified_time":"2025-02-14T10:43:03+00:00","og_image":[{"width":640,"height":800,"url":"http:\/\/www.indieofilo.com\/wp-content\/uploads\/2025\/02\/HEALTH_Barcelona_2025.jpg","type":"image\/jpeg"}],"author":"Victor","twitter_card":"summary_large_image","twitter_creator":"@indieofilo","twitter_site":"@indieofilo","twitter_misc":{"Written by":"Victor","Est. reading time":"2 minutes"},"schema":{"@context":"https:\/\/schema.org","@graph":[{"@type":"Article","@id":"https:\/\/www.indieofilo.com\/en\/news\/health-will-perform-in-madrid-and-barcelona-in-june-2025#article","isPartOf":{"@id":"https:\/\/www.indieofilo.com\/en\/news\/health-will-perform-in-madrid-and-barcelona-in-june-2025"},"author":{"name":"Victor","@id":"https:\/\/www.indieofilo.com\/#\/schema\/person\/595334d38590e4ce5a09f83cbf2fca90"},"headline":"HEALTH will perform in Madrid and Barcelona in June 2025.","datePublished":"2025-02-04T19:45:00+00:00","dateModified":"2025-02-14T10:43:03+00:00","mainEntityOfPage":{"@id":"https:\/\/www.indieofilo.com\/en\/news\/health-will-perform-in-madrid-and-barcelona-in-june-2025"},"wordCount":155,"commentCount":0,"publisher":{"@id":"https:\/\/www.indieofilo.com\/#organization"},"image":{"@id":"https:\/\/www.indieofilo.com\/en\/news\/health-will-perform-in-madrid-and-barcelona-in-june-2025#primaryimage"},"thumbnailUrl":"https:\/\/www.indieofilo.com\/wp-content\/uploads\/2025\/02\/HEALTH_Barcelona_2025.jpg","keywords":["Barcelona","Health"],"articleSection":["Live Shows","News"],"inLanguage":"en-US","potentialAction":[{"@type":"CommentAction","name":"Comment","target":["https:\/\/www.indieofilo.com\/en\/news\/health-will-perform-in-madrid-and-barcelona-in-june-2025#respond"]}]},{"@type":"WebPage","@id":"https:\/\/www.indieofilo.com\/en\/news\/health-will-perform-in-madrid-and-barcelona-in-june-2025","url":"https:\/\/www.indieofilo.com\/en\/news\/health-will-perform-in-madrid-and-barcelona-in-june-2025","name":"HEALTH will perform in Madrid and Barcelona in June 2025. - Indie\u00f3filo","isPartOf":{"@id":"https:\/\/www.indieofilo.com\/#website"},"primaryImageOfPage":{"@id":"https:\/\/www.indieofilo.com\/en\/news\/health-will-perform-in-madrid-and-barcelona-in-june-2025#primaryimage"},"image":{"@id":"https:\/\/www.indieofilo.com\/en\/news\/health-will-perform-in-madrid-and-barcelona-in-june-2025#primaryimage"},"thumbnailUrl":"https:\/\/www.indieofilo.com\/wp-content\/uploads\/2025\/02\/HEALTH_Barcelona_2025.jpg","datePublished":"2025-02-04T19:45:00+00:00","dateModified":"2025-02-14T10:43:03+00:00","description":"Californian band HEALTH have announced that they will play concerts on the 24th of June at the Sala Nazca in Madrid and the 25th of June at the Sala Wolf in Barcelona.","breadcrumb":{"@id":"https:\/\/www.indieofilo.com\/en\/news\/health-will-perform-in-madrid-and-barcelona-in-june-2025#breadcrumb"},"inLanguage":"en-US","potentialAction":[{"@type":"ReadAction","target":["https:\/\/www.indieofilo.com\/en\/news\/health-will-perform-in-madrid-and-barcelona-in-june-2025"]}]},{"@type":"ImageObject","inLanguage":"en-US","@id":"https:\/\/www.indieofilo.com\/en\/news\/health-will-perform-in-madrid-and-barcelona-in-june-2025#primaryimage","url":"https:\/\/www.indieofilo.com\/wp-content\/uploads\/2025\/02\/HEALTH_Barcelona_2025.jpg","contentUrl":"https:\/\/www.indieofilo.com\/wp-content\/uploads\/2025\/02\/HEALTH_Barcelona_2025.jpg","width":640,"height":800,"caption":"HEALTH Barcelona 2025"},{"@type":"BreadcrumbList","@id":"https:\/\/www.indieofilo.com\/en\/news\/health-will-perform-in-madrid-and-barcelona-in-june-2025#breadcrumb","itemListElement":[{"@type":"ListItem","position":1,"name":"Portada","item":"https:\/\/www.indieofilo.com\/en"},{"@type":"ListItem","position":2,"name":"HEALTH will perform in Madrid and Barcelona in June 2025."}]},{"@type":"WebSite","@id":"https:\/\/www.indieofilo.com\/#website","url":"https:\/\/www.indieofilo.com\/","name":"Indie\u00f3filo","description":"Magazine online de la cultura independiente","publisher":{"@id":"https:\/\/www.indieofilo.com\/#organization"},"potentialAction":[{"@type":"SearchAction","target":{"@type":"EntryPoint","urlTemplate":"https:\/\/www.indieofilo.com\/?s={search_term_string}"},"query-input":{"@type":"PropertyValueSpecification","valueRequired":true,"valueName":"search_term_string"}}],"inLanguage":"en-US"},{"@type":"Organization","@id":"https:\/\/www.indieofilo.com\/#organization","name":"Indie\u00f3filo Web","url":"https:\/\/www.indieofilo.com\/","logo":{"@type":"ImageObject","inLanguage":"en-US","@id":"https:\/\/www.indieofilo.com\/#\/schema\/logo\/image\/","url":"https:\/\/www.indieofilo.com\/wp-content\/uploads\/2015\/02\/logo-alta-resolucion.png","contentUrl":"https:\/\/www.indieofilo.com\/wp-content\/uploads\/2015\/02\/logo-alta-resolucion.png","width":544,"height":185,"caption":"Indie\u00f3filo Web"},"image":{"@id":"https:\/\/www.indieofilo.com\/#\/schema\/logo\/image\/"},"sameAs":["https:\/\/www.facebook.com\/Indieofilo\/","https:\/\/x.com\/indieofilo","https:\/\/www.instagram.com\/indieofilo\/"]},{"@type":"Person","@id":"https:\/\/www.indieofilo.com\/#\/schema\/person\/595334d38590e4ce5a09f83cbf2fca90","name":"Victor","image":{"@type":"ImageObject","inLanguage":"en-US","@id":"https:\/\/www.indieofilo.com\/#\/schema\/person\/image\/","url":"https:\/\/secure.gravatar.com\/avatar\/682b8c6ea3e94b6cffec683b25f1797d?s=96&d=mm&r=g","contentUrl":"https:\/\/secure.gravatar.com\/avatar\/682b8c6ea3e94b6cffec683b25f1797d?s=96&d=mm&r=g","caption":"Victor"},"description":"Fan\u00e1tico de la m\u00fasica desde que mis padres me pon\u00edan a Eydie Gorme y Los Panchos o el Discotuna por la A2. Intent\u00e9 tocar varios instrumentos, pero soy muy torpe con la mano izquierda, as\u00ed que ya sab\u00e9is el resultado final. Fan del britpop, Post-punk, el rugby y el baloncesto...","sameAs":["http:\/\/indieofilo.com"],"url":"https:\/\/www.indieofilo.com\/en\/author\/victor"}]}},"_links":{"self":[{"href":"https:\/\/www.indieofilo.com\/en\/wp-json\/wp\/v2\/posts\/46634","targetHints":{"allow":["GET"]}}],"collection":[{"href":"https:\/\/www.indieofilo.com\/en\/wp-json\/wp\/v2\/posts"}],"about":[{"href":"https:\/\/www.indieofilo.com\/en\/wp-json\/wp\/v2\/types\/post"}],"author":[{"embeddable":true,"href":"https:\/\/www.indieofilo.com\/en\/wp-json\/wp\/v2\/users\/1"}],"replies":[{"embeddable":true,"href":"https:\/\/www.indieofilo.com\/en\/wp-json\/wp\/v2\/comments?post=46634"}],"version-history":[{"count":0,"href":"https:\/\/www.indieofilo.com\/en\/wp-json\/wp\/v2\/posts\/46634\/revisions"}],"wp:featuredmedia":[{"embeddable":true,"href":"https:\/\/www.indieofilo.com\/en\/wp-json\/wp\/v2\/media\/46631"}],"wp:attachment":[{"href":"https:\/\/www.indieofilo.com\/en\/wp-json\/wp\/v2\/media?parent=46634"}],"wp:term":[{"taxonomy":"category","embeddable":true,"href":"https:\/\/www.indieofilo.com\/en\/wp-json\/wp\/v2\/categories?post=46634"},{"taxonomy":"post_tag","embeddable":true,"href":"https:\/\/www.indieofilo.com\/en\/wp-json\/wp\/v2\/tags?post=46634"}],"curies":[{"name":"wp","href":"https:\/\/api.w.org\/{rel}","templated":true}]}}