{"id":4647,"date":"2014-02-17T22:08:24","date_gmt":"2014-02-17T21:08:24","guid":{"rendered":"http:\/\/indieofilo.com\/?p=4647"},"modified":"2023-09-24T23:41:48","modified_gmt":"2023-09-24T21:41:48","slug":"indian-summer-2014-confirms-first-names","status":"publish","type":"post","link":"https:\/\/www.indieofilo.com\/en\/news\/indian-summer-2014-confirms-first-names","title":{"rendered":"Indian Summer 2014 confirms first names"},"content":{"rendered":"<p style=\"text-align: center;\">\n\t<img fetchpriority=\"high\" decoding=\"async\" alt=\"Indian Summer 2014\" class=\"aligncenter size-large wp-image-4649\" height=\"533\" src=\"http:\/\/indieofilo.com\/wp-content\/uploads\/2014\/02\/Indian-Summer-2014-533x533.jpg\" width=\"533\" \/><\/p>\n<p style=\"text-align: justify;\">\n\tOrganization of <strong>Indian Summer Festival<\/strong>, who wil be held 14th and 15th of June in Broek op Langedijk (closer to Alkmaar) had confirmed today first names for this year edition. <strong>Tom Odell, Birdy, Crystal Fighters, Novastar, Chase &amp; Status (DJ set), Milow, Parov Stelar Band, De Jeugd van Tegenwoordig, Kensington, Jacqueline Govaert, Chef&rsquo;Special, DI-RECT, Jett Rebel, Taymir, Town of Saints<\/strong> and <strong>Niels Geusebroek<\/strong> are confirmed for a line-up that last year included <em>Prodigy, Keane<\/em> and <em>Deus<\/em> as main names.<\/p>\n<p>\tTickets will be available since 10:00 of next Saturday 22nd February on <a href=\"http:\/\/www.indiansummerfestival.nl\/tickets\">indiansummerfestival.nl\/tickets<\/a>.<\/p>\n","protected":false},"excerpt":{"rendered":"<p>Organization of Indian Summer Festival, who wil be held 14th and 15th of June in Broek op Langedijk (closer to Alkmaar) had confirmed today first names for this year edition. Tom Odell, Birdy, Crystal Fighters, Novastar, Chase &amp; Status (DJ set), Milow, Parov Stelar Band, De Jeugd van Tegenwoordig, Kensington, Jacqueline Govaert, Chef&rsquo;Special, DI-RECT, Jett [&hellip;]<\/p>\n","protected":false},"author":1,"featured_media":19302,"comment_status":"open","ping_status":"closed","sticky":false,"template":"","format":"standard","meta":{"footnotes":""},"categories":[41,8],"tags":[5602,5136,5844,6693,6653,6210,5753],"class_list":["post-4647","post","type-post","status-publish","format-standard","has-post-thumbnail","hentry","category-live-shows","category-news","tag-birdy-en","tag-chase-status-en","tag-crystal-fighters-en","tag-indian-summer-en","tag-indian-summer-festival-2014-en","tag-kensington-en","tag-tom-odell-en"],"yoast_head":"<!-- This site is optimized with the Yoast SEO Premium plugin v23.9 (Yoast SEO v26.6) - https:\/\/yoast.com\/wordpress\/plugins\/seo\/ -->\n<title>Indian Summer 2014 confirms first names - Indie\u00f3filo<\/title>\n<meta name=\"description\" content=\"Tom Odell, Birdy, Crystal Fighters, Chase &amp; Status (DJ set), Milow, De Jeugd van Tegenwoordig or Kensington, among the first names announced.\" \/>\n<meta name=\"robots\" content=\"index, follow, max-snippet:-1, max-image-preview:large, max-video-preview:-1\" \/>\n<link rel=\"canonical\" href=\"https:\/\/www.indieofilo.com\/en\/news\/indian-summer-2014-confirms-first-names\" \/>\n<meta property=\"og:locale\" content=\"en_US\" \/>\n<meta property=\"og:type\" content=\"article\" \/>\n<meta property=\"og:title\" content=\"Indian Summer 2014 confirms first names\" \/>\n<meta property=\"og:description\" content=\"Tom Odell, Birdy, Crystal Fighters, Chase &amp; Status (DJ set), Milow, De Jeugd van Tegenwoordig or Kensington, among the first names announced.\" \/>\n<meta property=\"og:url\" content=\"https:\/\/www.indieofilo.com\/en\/news\/indian-summer-2014-confirms-first-names\" \/>\n<meta property=\"og:site_name\" content=\"Indie\u00f3filo\" \/>\n<meta property=\"article:publisher\" content=\"https:\/\/www.facebook.com\/Indieofilo\/\" \/>\n<meta property=\"article:published_time\" content=\"2014-02-17T21:08:24+00:00\" \/>\n<meta property=\"article:modified_time\" content=\"2023-09-24T21:41:48+00:00\" \/>\n<meta property=\"og:image\" content=\"https:\/\/www.indieofilo.com\/wp-content\/uploads\/2014\/02\/Indian-Summer-2014.jpg\" \/>\n\t<meta property=\"og:image:width\" content=\"640\" \/>\n\t<meta property=\"og:image:height\" content=\"640\" \/>\n\t<meta property=\"og:image:type\" content=\"image\/jpeg\" \/>\n<meta name=\"author\" content=\"Victor\" \/>\n<meta name=\"twitter:card\" content=\"summary_large_image\" \/>\n<meta name=\"twitter:creator\" content=\"@indieofilo\" \/>\n<meta name=\"twitter:site\" content=\"@indieofilo\" \/>\n<meta name=\"twitter:label1\" content=\"Written by\" \/>\n\t<meta name=\"twitter:data1\" content=\"Victor\" \/>\n\t<meta name=\"twitter:label2\" content=\"Est. reading time\" \/>\n\t<meta name=\"twitter:data2\" content=\"1 minute\" \/>\n<script type=\"application\/ld+json\" class=\"yoast-schema-graph\">{\"@context\":\"https:\/\/schema.org\",\"@graph\":[{\"@type\":\"Article\",\"@id\":\"https:\/\/www.indieofilo.com\/en\/news\/indian-summer-2014-confirms-first-names#article\",\"isPartOf\":{\"@id\":\"https:\/\/www.indieofilo.com\/en\/news\/indian-summer-2014-confirms-first-names\"},\"author\":{\"name\":\"Victor\",\"@id\":\"https:\/\/www.indieofilo.com\/#\/schema\/person\/595334d38590e4ce5a09f83cbf2fca90\"},\"headline\":\"Indian Summer 2014 confirms first names\",\"datePublished\":\"2014-02-17T21:08:24+00:00\",\"dateModified\":\"2023-09-24T21:41:48+00:00\",\"mainEntityOfPage\":{\"@id\":\"https:\/\/www.indieofilo.com\/en\/news\/indian-summer-2014-confirms-first-names\"},\"wordCount\":100,\"commentCount\":0,\"publisher\":{\"@id\":\"https:\/\/www.indieofilo.com\/#organization\"},\"image\":{\"@id\":\"https:\/\/www.indieofilo.com\/en\/news\/indian-summer-2014-confirms-first-names#primaryimage\"},\"thumbnailUrl\":\"https:\/\/www.indieofilo.com\/wp-content\/uploads\/2014\/02\/Indian-Summer-2014.jpg\",\"keywords\":[\"Birdy\",\"Chase &amp; Status\",\"Crystal Fighters\",\"Indian Summer\",\"Indian Summer Festival 2014\",\"Kensington\",\"Tom Odell\"],\"articleSection\":[\"Live Shows\",\"News\"],\"inLanguage\":\"en-US\",\"potentialAction\":[{\"@type\":\"CommentAction\",\"name\":\"Comment\",\"target\":[\"https:\/\/www.indieofilo.com\/en\/news\/indian-summer-2014-confirms-first-names#respond\"]}]},{\"@type\":\"WebPage\",\"@id\":\"https:\/\/www.indieofilo.com\/en\/news\/indian-summer-2014-confirms-first-names\",\"url\":\"https:\/\/www.indieofilo.com\/en\/news\/indian-summer-2014-confirms-first-names\",\"name\":\"Indian Summer 2014 confirms first names - Indie\u00f3filo\",\"isPartOf\":{\"@id\":\"https:\/\/www.indieofilo.com\/#website\"},\"primaryImageOfPage\":{\"@id\":\"https:\/\/www.indieofilo.com\/en\/news\/indian-summer-2014-confirms-first-names#primaryimage\"},\"image\":{\"@id\":\"https:\/\/www.indieofilo.com\/en\/news\/indian-summer-2014-confirms-first-names#primaryimage\"},\"thumbnailUrl\":\"https:\/\/www.indieofilo.com\/wp-content\/uploads\/2014\/02\/Indian-Summer-2014.jpg\",\"datePublished\":\"2014-02-17T21:08:24+00:00\",\"dateModified\":\"2023-09-24T21:41:48+00:00\",\"description\":\"Tom Odell, Birdy, Crystal Fighters, Chase & Status (DJ set), Milow, De Jeugd van Tegenwoordig or Kensington, among the first names announced.\",\"breadcrumb\":{\"@id\":\"https:\/\/www.indieofilo.com\/en\/news\/indian-summer-2014-confirms-first-names#breadcrumb\"},\"inLanguage\":\"en-US\",\"potentialAction\":[{\"@type\":\"ReadAction\",\"target\":[\"https:\/\/www.indieofilo.com\/en\/news\/indian-summer-2014-confirms-first-names\"]}]},{\"@type\":\"ImageObject\",\"inLanguage\":\"en-US\",\"@id\":\"https:\/\/www.indieofilo.com\/en\/news\/indian-summer-2014-confirms-first-names#primaryimage\",\"url\":\"https:\/\/www.indieofilo.com\/wp-content\/uploads\/2014\/02\/Indian-Summer-2014.jpg\",\"contentUrl\":\"https:\/\/www.indieofilo.com\/wp-content\/uploads\/2014\/02\/Indian-Summer-2014.jpg\",\"width\":640,\"height\":640},{\"@type\":\"BreadcrumbList\",\"@id\":\"https:\/\/www.indieofilo.com\/en\/news\/indian-summer-2014-confirms-first-names#breadcrumb\",\"itemListElement\":[{\"@type\":\"ListItem\",\"position\":1,\"name\":\"Portada\",\"item\":\"https:\/\/www.indieofilo.com\/en\"},{\"@type\":\"ListItem\",\"position\":2,\"name\":\"Indian Summer 2014 confirms first names\"}]},{\"@type\":\"WebSite\",\"@id\":\"https:\/\/www.indieofilo.com\/#website\",\"url\":\"https:\/\/www.indieofilo.com\/\",\"name\":\"Indie\u00f3filo\",\"description\":\"Magazine online de la cultura independiente\",\"publisher\":{\"@id\":\"https:\/\/www.indieofilo.com\/#organization\"},\"potentialAction\":[{\"@type\":\"SearchAction\",\"target\":{\"@type\":\"EntryPoint\",\"urlTemplate\":\"https:\/\/www.indieofilo.com\/?s={search_term_string}\"},\"query-input\":{\"@type\":\"PropertyValueSpecification\",\"valueRequired\":true,\"valueName\":\"search_term_string\"}}],\"inLanguage\":\"en-US\"},{\"@type\":\"Organization\",\"@id\":\"https:\/\/www.indieofilo.com\/#organization\",\"name\":\"Indie\u00f3filo Web\",\"url\":\"https:\/\/www.indieofilo.com\/\",\"logo\":{\"@type\":\"ImageObject\",\"inLanguage\":\"en-US\",\"@id\":\"https:\/\/www.indieofilo.com\/#\/schema\/logo\/image\/\",\"url\":\"https:\/\/www.indieofilo.com\/wp-content\/uploads\/2015\/02\/logo-alta-resolucion.png\",\"contentUrl\":\"https:\/\/www.indieofilo.com\/wp-content\/uploads\/2015\/02\/logo-alta-resolucion.png\",\"width\":544,\"height\":185,\"caption\":\"Indie\u00f3filo Web\"},\"image\":{\"@id\":\"https:\/\/www.indieofilo.com\/#\/schema\/logo\/image\/\"},\"sameAs\":[\"https:\/\/www.facebook.com\/Indieofilo\/\",\"https:\/\/x.com\/indieofilo\",\"https:\/\/www.instagram.com\/indieofilo\/\"]},{\"@type\":\"Person\",\"@id\":\"https:\/\/www.indieofilo.com\/#\/schema\/person\/595334d38590e4ce5a09f83cbf2fca90\",\"name\":\"Victor\",\"image\":{\"@type\":\"ImageObject\",\"inLanguage\":\"en-US\",\"@id\":\"https:\/\/www.indieofilo.com\/#\/schema\/person\/image\/\",\"url\":\"https:\/\/secure.gravatar.com\/avatar\/682b8c6ea3e94b6cffec683b25f1797d?s=96&d=mm&r=g\",\"contentUrl\":\"https:\/\/secure.gravatar.com\/avatar\/682b8c6ea3e94b6cffec683b25f1797d?s=96&d=mm&r=g\",\"caption\":\"Victor\"},\"description\":\"Fan\u00e1tico de la m\u00fasica desde que mis padres me pon\u00edan a Eydie Gorme y Los Panchos o el Discotuna por la A2. Intent\u00e9 tocar varios instrumentos, pero soy muy torpe con la mano izquierda, as\u00ed que ya sab\u00e9is el resultado final. Fan del britpop, Post-punk, el rugby y el baloncesto...\",\"sameAs\":[\"http:\/\/indieofilo.com\"],\"url\":\"https:\/\/www.indieofilo.com\/en\/author\/victor\"}]}<\/script>\n<!-- \/ Yoast SEO Premium plugin. -->","yoast_head_json":{"title":"Indian Summer 2014 confirms first names - Indie\u00f3filo","description":"Tom Odell, Birdy, Crystal Fighters, Chase & Status (DJ set), Milow, De Jeugd van Tegenwoordig or Kensington, among the first names announced.","robots":{"index":"index","follow":"follow","max-snippet":"max-snippet:-1","max-image-preview":"max-image-preview:large","max-video-preview":"max-video-preview:-1"},"canonical":"https:\/\/www.indieofilo.com\/en\/news\/indian-summer-2014-confirms-first-names","og_locale":"en_US","og_type":"article","og_title":"Indian Summer 2014 confirms first names","og_description":"Tom Odell, Birdy, Crystal Fighters, Chase & Status (DJ set), Milow, De Jeugd van Tegenwoordig or Kensington, among the first names announced.","og_url":"https:\/\/www.indieofilo.com\/en\/news\/indian-summer-2014-confirms-first-names","og_site_name":"Indie\u00f3filo","article_publisher":"https:\/\/www.facebook.com\/Indieofilo\/","article_published_time":"2014-02-17T21:08:24+00:00","article_modified_time":"2023-09-24T21:41:48+00:00","og_image":[{"width":640,"height":640,"url":"https:\/\/www.indieofilo.com\/wp-content\/uploads\/2014\/02\/Indian-Summer-2014.jpg","type":"image\/jpeg"}],"author":"Victor","twitter_card":"summary_large_image","twitter_creator":"@indieofilo","twitter_site":"@indieofilo","twitter_misc":{"Written by":"Victor","Est. reading time":"1 minute"},"schema":{"@context":"https:\/\/schema.org","@graph":[{"@type":"Article","@id":"https:\/\/www.indieofilo.com\/en\/news\/indian-summer-2014-confirms-first-names#article","isPartOf":{"@id":"https:\/\/www.indieofilo.com\/en\/news\/indian-summer-2014-confirms-first-names"},"author":{"name":"Victor","@id":"https:\/\/www.indieofilo.com\/#\/schema\/person\/595334d38590e4ce5a09f83cbf2fca90"},"headline":"Indian Summer 2014 confirms first names","datePublished":"2014-02-17T21:08:24+00:00","dateModified":"2023-09-24T21:41:48+00:00","mainEntityOfPage":{"@id":"https:\/\/www.indieofilo.com\/en\/news\/indian-summer-2014-confirms-first-names"},"wordCount":100,"commentCount":0,"publisher":{"@id":"https:\/\/www.indieofilo.com\/#organization"},"image":{"@id":"https:\/\/www.indieofilo.com\/en\/news\/indian-summer-2014-confirms-first-names#primaryimage"},"thumbnailUrl":"https:\/\/www.indieofilo.com\/wp-content\/uploads\/2014\/02\/Indian-Summer-2014.jpg","keywords":["Birdy","Chase &amp; Status","Crystal Fighters","Indian Summer","Indian Summer Festival 2014","Kensington","Tom Odell"],"articleSection":["Live Shows","News"],"inLanguage":"en-US","potentialAction":[{"@type":"CommentAction","name":"Comment","target":["https:\/\/www.indieofilo.com\/en\/news\/indian-summer-2014-confirms-first-names#respond"]}]},{"@type":"WebPage","@id":"https:\/\/www.indieofilo.com\/en\/news\/indian-summer-2014-confirms-first-names","url":"https:\/\/www.indieofilo.com\/en\/news\/indian-summer-2014-confirms-first-names","name":"Indian Summer 2014 confirms first names - Indie\u00f3filo","isPartOf":{"@id":"https:\/\/www.indieofilo.com\/#website"},"primaryImageOfPage":{"@id":"https:\/\/www.indieofilo.com\/en\/news\/indian-summer-2014-confirms-first-names#primaryimage"},"image":{"@id":"https:\/\/www.indieofilo.com\/en\/news\/indian-summer-2014-confirms-first-names#primaryimage"},"thumbnailUrl":"https:\/\/www.indieofilo.com\/wp-content\/uploads\/2014\/02\/Indian-Summer-2014.jpg","datePublished":"2014-02-17T21:08:24+00:00","dateModified":"2023-09-24T21:41:48+00:00","description":"Tom Odell, Birdy, Crystal Fighters, Chase & Status (DJ set), Milow, De Jeugd van Tegenwoordig or Kensington, among the first names announced.","breadcrumb":{"@id":"https:\/\/www.indieofilo.com\/en\/news\/indian-summer-2014-confirms-first-names#breadcrumb"},"inLanguage":"en-US","potentialAction":[{"@type":"ReadAction","target":["https:\/\/www.indieofilo.com\/en\/news\/indian-summer-2014-confirms-first-names"]}]},{"@type":"ImageObject","inLanguage":"en-US","@id":"https:\/\/www.indieofilo.com\/en\/news\/indian-summer-2014-confirms-first-names#primaryimage","url":"https:\/\/www.indieofilo.com\/wp-content\/uploads\/2014\/02\/Indian-Summer-2014.jpg","contentUrl":"https:\/\/www.indieofilo.com\/wp-content\/uploads\/2014\/02\/Indian-Summer-2014.jpg","width":640,"height":640},{"@type":"BreadcrumbList","@id":"https:\/\/www.indieofilo.com\/en\/news\/indian-summer-2014-confirms-first-names#breadcrumb","itemListElement":[{"@type":"ListItem","position":1,"name":"Portada","item":"https:\/\/www.indieofilo.com\/en"},{"@type":"ListItem","position":2,"name":"Indian Summer 2014 confirms first names"}]},{"@type":"WebSite","@id":"https:\/\/www.indieofilo.com\/#website","url":"https:\/\/www.indieofilo.com\/","name":"Indie\u00f3filo","description":"Magazine online de la cultura independiente","publisher":{"@id":"https:\/\/www.indieofilo.com\/#organization"},"potentialAction":[{"@type":"SearchAction","target":{"@type":"EntryPoint","urlTemplate":"https:\/\/www.indieofilo.com\/?s={search_term_string}"},"query-input":{"@type":"PropertyValueSpecification","valueRequired":true,"valueName":"search_term_string"}}],"inLanguage":"en-US"},{"@type":"Organization","@id":"https:\/\/www.indieofilo.com\/#organization","name":"Indie\u00f3filo Web","url":"https:\/\/www.indieofilo.com\/","logo":{"@type":"ImageObject","inLanguage":"en-US","@id":"https:\/\/www.indieofilo.com\/#\/schema\/logo\/image\/","url":"https:\/\/www.indieofilo.com\/wp-content\/uploads\/2015\/02\/logo-alta-resolucion.png","contentUrl":"https:\/\/www.indieofilo.com\/wp-content\/uploads\/2015\/02\/logo-alta-resolucion.png","width":544,"height":185,"caption":"Indie\u00f3filo Web"},"image":{"@id":"https:\/\/www.indieofilo.com\/#\/schema\/logo\/image\/"},"sameAs":["https:\/\/www.facebook.com\/Indieofilo\/","https:\/\/x.com\/indieofilo","https:\/\/www.instagram.com\/indieofilo\/"]},{"@type":"Person","@id":"https:\/\/www.indieofilo.com\/#\/schema\/person\/595334d38590e4ce5a09f83cbf2fca90","name":"Victor","image":{"@type":"ImageObject","inLanguage":"en-US","@id":"https:\/\/www.indieofilo.com\/#\/schema\/person\/image\/","url":"https:\/\/secure.gravatar.com\/avatar\/682b8c6ea3e94b6cffec683b25f1797d?s=96&d=mm&r=g","contentUrl":"https:\/\/secure.gravatar.com\/avatar\/682b8c6ea3e94b6cffec683b25f1797d?s=96&d=mm&r=g","caption":"Victor"},"description":"Fan\u00e1tico de la m\u00fasica desde que mis padres me pon\u00edan a Eydie Gorme y Los Panchos o el Discotuna por la A2. Intent\u00e9 tocar varios instrumentos, pero soy muy torpe con la mano izquierda, as\u00ed que ya sab\u00e9is el resultado final. Fan del britpop, Post-punk, el rugby y el baloncesto...","sameAs":["http:\/\/indieofilo.com"],"url":"https:\/\/www.indieofilo.com\/en\/author\/victor"}]}},"_links":{"self":[{"href":"https:\/\/www.indieofilo.com\/en\/wp-json\/wp\/v2\/posts\/4647","targetHints":{"allow":["GET"]}}],"collection":[{"href":"https:\/\/www.indieofilo.com\/en\/wp-json\/wp\/v2\/posts"}],"about":[{"href":"https:\/\/www.indieofilo.com\/en\/wp-json\/wp\/v2\/types\/post"}],"author":[{"embeddable":true,"href":"https:\/\/www.indieofilo.com\/en\/wp-json\/wp\/v2\/users\/1"}],"replies":[{"embeddable":true,"href":"https:\/\/www.indieofilo.com\/en\/wp-json\/wp\/v2\/comments?post=4647"}],"version-history":[{"count":0,"href":"https:\/\/www.indieofilo.com\/en\/wp-json\/wp\/v2\/posts\/4647\/revisions"}],"wp:featuredmedia":[{"embeddable":true,"href":"https:\/\/www.indieofilo.com\/en\/wp-json\/wp\/v2\/media\/19302"}],"wp:attachment":[{"href":"https:\/\/www.indieofilo.com\/en\/wp-json\/wp\/v2\/media?parent=4647"}],"wp:term":[{"taxonomy":"category","embeddable":true,"href":"https:\/\/www.indieofilo.com\/en\/wp-json\/wp\/v2\/categories?post=4647"},{"taxonomy":"post_tag","embeddable":true,"href":"https:\/\/www.indieofilo.com\/en\/wp-json\/wp\/v2\/tags?post=4647"}],"curies":[{"name":"wp","href":"https:\/\/api.w.org\/{rel}","templated":true}]}}