{"id":4620,"date":"2014-05-29T20:28:47","date_gmt":"2014-05-29T18:28:47","guid":{"rendered":"http:\/\/indieofilo.com\/?p=4620"},"modified":"2023-10-27T12:44:48","modified_gmt":"2023-10-27T10:44:48","slug":"enjoy-primavera-sound-2014-at-your-home-thanks-to-arte-streaming","status":"publish","type":"post","link":"https:\/\/www.indieofilo.com\/en\/news\/enjoy-primavera-sound-2014-at-your-home-thanks-to-arte-streaming","title":{"rendered":"Enjoy Primavera Sound 2014 at your home thanks to ARTE streaming"},"content":{"rendered":"<p style=\"text-align: center;\">\n\t<img fetchpriority=\"high\" decoding=\"async\" alt=\"primavera sound 2014\" class=\"aligncenter size-full wp-image-4618\" height=\"400\" src=\"http:\/\/indieofilo.com\/wp-content\/uploads\/2014\/05\/primavera-sound-2014.jpg\" width=\"600\" srcset=\"https:\/\/www.indieofilo.com\/wp-content\/uploads\/2014\/05\/primavera-sound-2014.jpg 600w, https:\/\/www.indieofilo.com\/wp-content\/uploads\/2014\/05\/primavera-sound-2014-300x200.jpg 300w\" sizes=\"(max-width: 600px) 100vw, 600px\" \/><\/p>\n<p style=\"text-align: justify;\">\n\tFor those people who were impossible to be on Parc del Forum this days, ARTE channel will broadcast by streaming&nbsp;&nbsp;<strong>Primavera Sound 2014<\/strong>&nbsp;on two channels of it&#39;s ARTE concert platform. Since Thursday afternoon until last hours of Saturday we can enjoy&nbsp;<strong>Arcade Fire, Pixies, Caetano Veloso, St Vincent, Metronomy<\/strong>&nbsp;or&nbsp;<strong>Disclosure<\/strong>&nbsp;among others. In order you enjoy the shows, we add for you the channels below this lines, while if you want to query the timetable, you only need to go to the down part of the article.<\/p>\n<p>\t<script src=\"https:\/\/www-secure.arte.tv\/arte_vp\/embed.php?json_url=http:\/\/concert.arte.tv\/fr\/player\/25641&amp;lang=en_EN&amp;config=arte_concert_live&amp;width=600&amp;height=406\" type=\"text\/javascript\"><\/script><\/p>\n<p><script src=\"https:\/\/www-secure.arte.tv\/arte_vp\/embed.php?json_url=http:\/\/concert.arte.tv\/fr\/player\/25646&amp;lang=en_EN&amp;config=arte_concert_live&amp;width=600&amp;height=406\" type=\"text\/javascript\"><\/script><\/p>\n<p style=\"text-align: center;\">\n\t<u><strong>Jueves \/ Thursday<\/strong><\/u><br \/>\n<u><strong><em>Canal 1\/ Channel 1<\/em><\/strong><\/u><br \/>\n17:45 18:30 Grupo de Expertos Solynieve<br \/>\n18:40 19:30 Real Estate<br \/>\n20:40 21:40 Warpaint<br \/>\n21:50 22:50 St. Vincent<br \/>\n00:30 02:00 Arcade Fire<br \/>\n02:10 03:10 Disclosure<br \/>\n03:35 04:35 Holy Ghost!<\/p>\n<p style=\"text-align: center;\">\n\t<u><strong><em>Canal 2\/ Channel 2<\/em><\/strong><\/u><br \/>\n17:00 17:40 El Petit de Cal Eril<br \/>\n17:45 18:30 F&ouml;llakzoid<br \/>\n18:40 19:25 Rodrigo Amarante<br \/>\n19:30 20:30 The Ex<br \/>\n20:35 21:35 Antibalas<br \/>\n22:50 23:50 Standstill<br \/>\n01:10 02:10 Charles Bradley<br \/>\n03:15 04:15 Metronomy<br \/>\n04:20 05:50 Jamie xx<\/p>\n<p style=\"text-align: center;\">\n\t<u><strong>Viernes \/ Friday<\/strong><\/u><br \/>\n<u><strong><em>Canal 1\/ Channel 1<\/em><\/strong><\/u><br \/>\n17:40 18:25 Le&oacute;n Benavente<br \/>\n18:30 19:20 John Grant<br \/>\n19:40 20:25 Sky Ferreira (Pre-recorded)<br \/>\n21:20 22:05 Temples (Pre-recorded)<br \/>\n22:50 00:10 Pixies<br \/>\n00:20 01:50 The National<br \/>\n02:00 03:00 !!! (chk chk chk)<\/p>\n<p style=\"text-align: center;\">\n\t<u><strong><em>Canal 2\/ Channel 2<\/em><\/strong><\/u><br \/>\n17:00 17:40 The Last 3 Lines<br \/>\n17:50 18:35 Yamantaka \/ \/ Sonic Titan<br \/>\n18:40 19:35 Drive-By Truckers<br \/>\n20:40 21:40 Dr. John and The Nite Trippers<br \/>\n21:45 22:45 Sharon Van Etten<br \/>\n23:55 00:55 Slint<\/p>\n<p style=\"text-align: center;\">\n\t<u><strong>S&aacute;bado \/ Saturday<br \/>\n<em>Canal 1\/ Channel 1<\/em><\/strong><\/u><br \/>\n17:40 18:25 Mishima<br \/>\n18:30 19:20 Jonathan Wilson<br \/>\n20:00 20:40 &Eacute;l Mat&oacute; a un Polic&iacute;a Motorizado (Pre-recorded)<br \/>\n21:50 22:50 Volcano Choir<br \/>\n23:00 00:15 Kendrick Lamar<\/p>\n<p style=\"text-align: center;\">\n\t<u><em>Canal 2\/ Channel 2<\/em><\/u><br \/>\n17:00 17:35 Jupiter Lion<br \/>\n17:40 18:20 Hebronix<br \/>\n18:25 19:10 Islands<br \/>\n19:20 20:20 Superchunk<br \/>\n20:25 21:45 Caetano Veloso<br \/>\n22:00 22:35 Fira Fem (Pre-recorded)<br \/>\n23:55 00:50 Seun Kuti &amp; Egypt 80<br \/>\n01:00 02:15 Mogwai<br \/>\n02:25 03:25 Chromeo<br \/>\n03:30 04:30 Cut Copy<\/p>\n","protected":false},"excerpt":{"rendered":"<p>For those people who were impossible to be on Parc del Forum this days, ARTE channel will broadcast by streaming&nbsp;&nbsp;Primavera Sound 2014&nbsp;on two channels of it&#39;s ARTE concert platform. Since Thursday afternoon until last hours of Saturday we can enjoy&nbsp;Arcade Fire, Pixies, Caetano Veloso, St Vincent, Metronomy&nbsp;or&nbsp;Disclosure&nbsp;among others. In order you enjoy the shows, we [&hellip;]<\/p>\n","protected":false},"author":1,"featured_media":19298,"comment_status":"open","ping_status":"closed","sticky":false,"template":"","format":"standard","meta":{"footnotes":""},"categories":[8,20],"tags":[5143,6677,5177,6174,5382,5095,5511,5209,4985,4982,6679,5639,6680,5213,5216],"class_list":["post-4620","post","type-post","status-publish","format-standard","has-post-thumbnail","hentry","category-news","category-streaming-en","tag-arcade-fire-en","tag-caetano-veloso-en","tag-disclosure-en","tag-grupo-de-expertos-solynieve-en","tag-leon-benavente-en","tag-metronomy-en","tag-mishima-en","tag-mogwai-en","tag-pixies-en","tag-primavera-sound-en","tag-primavera-sound-2014-en","tag-real-estate-en","tag-standstill-en","tag-the-national-en","tag-warpaint-en"],"yoast_head":"<!-- This site is optimized with the Yoast SEO Premium plugin v23.9 (Yoast SEO v26.6) - https:\/\/yoast.com\/wordpress\/plugins\/seo\/ -->\n<title>Enjoy Primavera Sound 2014 at your home thanks to ARTE streaming - Indie\u00f3filo<\/title>\n<meta name=\"description\" content=\"German channel ARTE will broadcast by streaming\u00a0Primavera Sound 2014\u00a0on two channels of it&#039;s ARTE concert platform\" \/>\n<meta name=\"robots\" content=\"index, follow, max-snippet:-1, max-image-preview:large, max-video-preview:-1\" \/>\n<link rel=\"canonical\" href=\"https:\/\/www.indieofilo.com\/en\/news\/enjoy-primavera-sound-2014-at-your-home-thanks-to-arte-streaming\" \/>\n<meta property=\"og:locale\" content=\"en_US\" \/>\n<meta property=\"og:type\" content=\"article\" \/>\n<meta property=\"og:title\" content=\"Enjoy Primavera Sound 2014 at your home thanks to ARTE streaming\" \/>\n<meta property=\"og:description\" content=\"German channel ARTE will broadcast by streaming\u00a0Primavera Sound 2014\u00a0on two channels of it&#039;s ARTE concert platform\" \/>\n<meta property=\"og:url\" content=\"https:\/\/www.indieofilo.com\/en\/news\/enjoy-primavera-sound-2014-at-your-home-thanks-to-arte-streaming\" \/>\n<meta property=\"og:site_name\" content=\"Indie\u00f3filo\" \/>\n<meta property=\"article:publisher\" content=\"https:\/\/www.facebook.com\/Indieofilo\/\" \/>\n<meta property=\"article:published_time\" content=\"2014-05-29T18:28:47+00:00\" \/>\n<meta property=\"article:modified_time\" content=\"2023-10-27T10:44:48+00:00\" \/>\n<meta property=\"og:image\" content=\"https:\/\/www.indieofilo.com\/wp-content\/uploads\/2014\/05\/primavera-sound-2014.jpg\" \/>\n\t<meta property=\"og:image:width\" content=\"600\" \/>\n\t<meta property=\"og:image:height\" content=\"400\" \/>\n\t<meta property=\"og:image:type\" content=\"image\/jpeg\" \/>\n<meta name=\"author\" content=\"Victor\" \/>\n<meta name=\"twitter:card\" content=\"summary_large_image\" \/>\n<meta name=\"twitter:creator\" content=\"@indieofilo\" \/>\n<meta name=\"twitter:site\" content=\"@indieofilo\" \/>\n<meta name=\"twitter:label1\" content=\"Written by\" \/>\n\t<meta name=\"twitter:data1\" content=\"Victor\" \/>\n\t<meta name=\"twitter:label2\" content=\"Est. reading time\" \/>\n\t<meta name=\"twitter:data2\" content=\"2 minutes\" \/>\n<script type=\"application\/ld+json\" class=\"yoast-schema-graph\">{\"@context\":\"https:\/\/schema.org\",\"@graph\":[{\"@type\":\"Article\",\"@id\":\"https:\/\/www.indieofilo.com\/en\/news\/enjoy-primavera-sound-2014-at-your-home-thanks-to-arte-streaming#article\",\"isPartOf\":{\"@id\":\"https:\/\/www.indieofilo.com\/en\/news\/enjoy-primavera-sound-2014-at-your-home-thanks-to-arte-streaming\"},\"author\":{\"name\":\"Victor\",\"@id\":\"https:\/\/www.indieofilo.com\/#\/schema\/person\/595334d38590e4ce5a09f83cbf2fca90\"},\"headline\":\"Enjoy Primavera Sound 2014 at your home thanks to ARTE streaming\",\"datePublished\":\"2014-05-29T18:28:47+00:00\",\"dateModified\":\"2023-10-27T10:44:48+00:00\",\"mainEntityOfPage\":{\"@id\":\"https:\/\/www.indieofilo.com\/en\/news\/enjoy-primavera-sound-2014-at-your-home-thanks-to-arte-streaming\"},\"wordCount\":230,\"commentCount\":0,\"publisher\":{\"@id\":\"https:\/\/www.indieofilo.com\/#organization\"},\"image\":{\"@id\":\"https:\/\/www.indieofilo.com\/en\/news\/enjoy-primavera-sound-2014-at-your-home-thanks-to-arte-streaming#primaryimage\"},\"thumbnailUrl\":\"https:\/\/www.indieofilo.com\/wp-content\/uploads\/2014\/05\/primavera-sound-2014.jpg\",\"keywords\":[\"Arcade Fire\",\"Caetano Veloso\",\"Disclosure\",\"Grupo de expertos Solynieve\",\"Le\u00f3n Benavente\",\"Metronomy\",\"Mishima\",\"Mogwai\",\"Pixies\",\"Primavera Sound\",\"Primavera Sound 2014\",\"Real Estate\",\"Standstill\",\"The National\",\"Warpaint\"],\"articleSection\":[\"News\",\"Streaming\"],\"inLanguage\":\"en-US\",\"potentialAction\":[{\"@type\":\"CommentAction\",\"name\":\"Comment\",\"target\":[\"https:\/\/www.indieofilo.com\/en\/news\/enjoy-primavera-sound-2014-at-your-home-thanks-to-arte-streaming#respond\"]}]},{\"@type\":\"WebPage\",\"@id\":\"https:\/\/www.indieofilo.com\/en\/news\/enjoy-primavera-sound-2014-at-your-home-thanks-to-arte-streaming\",\"url\":\"https:\/\/www.indieofilo.com\/en\/news\/enjoy-primavera-sound-2014-at-your-home-thanks-to-arte-streaming\",\"name\":\"Enjoy Primavera Sound 2014 at your home thanks to ARTE streaming - Indie\u00f3filo\",\"isPartOf\":{\"@id\":\"https:\/\/www.indieofilo.com\/#website\"},\"primaryImageOfPage\":{\"@id\":\"https:\/\/www.indieofilo.com\/en\/news\/enjoy-primavera-sound-2014-at-your-home-thanks-to-arte-streaming#primaryimage\"},\"image\":{\"@id\":\"https:\/\/www.indieofilo.com\/en\/news\/enjoy-primavera-sound-2014-at-your-home-thanks-to-arte-streaming#primaryimage\"},\"thumbnailUrl\":\"https:\/\/www.indieofilo.com\/wp-content\/uploads\/2014\/05\/primavera-sound-2014.jpg\",\"datePublished\":\"2014-05-29T18:28:47+00:00\",\"dateModified\":\"2023-10-27T10:44:48+00:00\",\"description\":\"German channel ARTE will broadcast by streaming\u00a0Primavera Sound 2014\u00a0on two channels of it's ARTE concert platform\",\"breadcrumb\":{\"@id\":\"https:\/\/www.indieofilo.com\/en\/news\/enjoy-primavera-sound-2014-at-your-home-thanks-to-arte-streaming#breadcrumb\"},\"inLanguage\":\"en-US\",\"potentialAction\":[{\"@type\":\"ReadAction\",\"target\":[\"https:\/\/www.indieofilo.com\/en\/news\/enjoy-primavera-sound-2014-at-your-home-thanks-to-arte-streaming\"]}]},{\"@type\":\"ImageObject\",\"inLanguage\":\"en-US\",\"@id\":\"https:\/\/www.indieofilo.com\/en\/news\/enjoy-primavera-sound-2014-at-your-home-thanks-to-arte-streaming#primaryimage\",\"url\":\"https:\/\/www.indieofilo.com\/wp-content\/uploads\/2014\/05\/primavera-sound-2014.jpg\",\"contentUrl\":\"https:\/\/www.indieofilo.com\/wp-content\/uploads\/2014\/05\/primavera-sound-2014.jpg\",\"width\":600,\"height\":400},{\"@type\":\"BreadcrumbList\",\"@id\":\"https:\/\/www.indieofilo.com\/en\/news\/enjoy-primavera-sound-2014-at-your-home-thanks-to-arte-streaming#breadcrumb\",\"itemListElement\":[{\"@type\":\"ListItem\",\"position\":1,\"name\":\"Portada\",\"item\":\"https:\/\/www.indieofilo.com\/en\"},{\"@type\":\"ListItem\",\"position\":2,\"name\":\"Enjoy Primavera Sound 2014 at your home thanks to ARTE streaming\"}]},{\"@type\":\"WebSite\",\"@id\":\"https:\/\/www.indieofilo.com\/#website\",\"url\":\"https:\/\/www.indieofilo.com\/\",\"name\":\"Indie\u00f3filo\",\"description\":\"Magazine online de la cultura independiente\",\"publisher\":{\"@id\":\"https:\/\/www.indieofilo.com\/#organization\"},\"potentialAction\":[{\"@type\":\"SearchAction\",\"target\":{\"@type\":\"EntryPoint\",\"urlTemplate\":\"https:\/\/www.indieofilo.com\/?s={search_term_string}\"},\"query-input\":{\"@type\":\"PropertyValueSpecification\",\"valueRequired\":true,\"valueName\":\"search_term_string\"}}],\"inLanguage\":\"en-US\"},{\"@type\":\"Organization\",\"@id\":\"https:\/\/www.indieofilo.com\/#organization\",\"name\":\"Indie\u00f3filo Web\",\"url\":\"https:\/\/www.indieofilo.com\/\",\"logo\":{\"@type\":\"ImageObject\",\"inLanguage\":\"en-US\",\"@id\":\"https:\/\/www.indieofilo.com\/#\/schema\/logo\/image\/\",\"url\":\"https:\/\/www.indieofilo.com\/wp-content\/uploads\/2015\/02\/logo-alta-resolucion.png\",\"contentUrl\":\"https:\/\/www.indieofilo.com\/wp-content\/uploads\/2015\/02\/logo-alta-resolucion.png\",\"width\":544,\"height\":185,\"caption\":\"Indie\u00f3filo Web\"},\"image\":{\"@id\":\"https:\/\/www.indieofilo.com\/#\/schema\/logo\/image\/\"},\"sameAs\":[\"https:\/\/www.facebook.com\/Indieofilo\/\",\"https:\/\/x.com\/indieofilo\",\"https:\/\/www.instagram.com\/indieofilo\/\"]},{\"@type\":\"Person\",\"@id\":\"https:\/\/www.indieofilo.com\/#\/schema\/person\/595334d38590e4ce5a09f83cbf2fca90\",\"name\":\"Victor\",\"image\":{\"@type\":\"ImageObject\",\"inLanguage\":\"en-US\",\"@id\":\"https:\/\/www.indieofilo.com\/#\/schema\/person\/image\/\",\"url\":\"https:\/\/secure.gravatar.com\/avatar\/682b8c6ea3e94b6cffec683b25f1797d?s=96&d=mm&r=g\",\"contentUrl\":\"https:\/\/secure.gravatar.com\/avatar\/682b8c6ea3e94b6cffec683b25f1797d?s=96&d=mm&r=g\",\"caption\":\"Victor\"},\"description\":\"Fan\u00e1tico de la m\u00fasica desde que mis padres me pon\u00edan a Eydie Gorme y Los Panchos o el Discotuna por la A2. Intent\u00e9 tocar varios instrumentos, pero soy muy torpe con la mano izquierda, as\u00ed que ya sab\u00e9is el resultado final. Fan del britpop, Post-punk, el rugby y el baloncesto...\",\"sameAs\":[\"http:\/\/indieofilo.com\"],\"url\":\"https:\/\/www.indieofilo.com\/en\/author\/victor\"}]}<\/script>\n<!-- \/ Yoast SEO Premium plugin. -->","yoast_head_json":{"title":"Enjoy Primavera Sound 2014 at your home thanks to ARTE streaming - Indie\u00f3filo","description":"German channel ARTE will broadcast by streaming\u00a0Primavera Sound 2014\u00a0on two channels of it's ARTE concert platform","robots":{"index":"index","follow":"follow","max-snippet":"max-snippet:-1","max-image-preview":"max-image-preview:large","max-video-preview":"max-video-preview:-1"},"canonical":"https:\/\/www.indieofilo.com\/en\/news\/enjoy-primavera-sound-2014-at-your-home-thanks-to-arte-streaming","og_locale":"en_US","og_type":"article","og_title":"Enjoy Primavera Sound 2014 at your home thanks to ARTE streaming","og_description":"German channel ARTE will broadcast by streaming\u00a0Primavera Sound 2014\u00a0on two channels of it's ARTE concert platform","og_url":"https:\/\/www.indieofilo.com\/en\/news\/enjoy-primavera-sound-2014-at-your-home-thanks-to-arte-streaming","og_site_name":"Indie\u00f3filo","article_publisher":"https:\/\/www.facebook.com\/Indieofilo\/","article_published_time":"2014-05-29T18:28:47+00:00","article_modified_time":"2023-10-27T10:44:48+00:00","og_image":[{"width":600,"height":400,"url":"https:\/\/www.indieofilo.com\/wp-content\/uploads\/2014\/05\/primavera-sound-2014.jpg","type":"image\/jpeg"}],"author":"Victor","twitter_card":"summary_large_image","twitter_creator":"@indieofilo","twitter_site":"@indieofilo","twitter_misc":{"Written by":"Victor","Est. reading time":"2 minutes"},"schema":{"@context":"https:\/\/schema.org","@graph":[{"@type":"Article","@id":"https:\/\/www.indieofilo.com\/en\/news\/enjoy-primavera-sound-2014-at-your-home-thanks-to-arte-streaming#article","isPartOf":{"@id":"https:\/\/www.indieofilo.com\/en\/news\/enjoy-primavera-sound-2014-at-your-home-thanks-to-arte-streaming"},"author":{"name":"Victor","@id":"https:\/\/www.indieofilo.com\/#\/schema\/person\/595334d38590e4ce5a09f83cbf2fca90"},"headline":"Enjoy Primavera Sound 2014 at your home thanks to ARTE streaming","datePublished":"2014-05-29T18:28:47+00:00","dateModified":"2023-10-27T10:44:48+00:00","mainEntityOfPage":{"@id":"https:\/\/www.indieofilo.com\/en\/news\/enjoy-primavera-sound-2014-at-your-home-thanks-to-arte-streaming"},"wordCount":230,"commentCount":0,"publisher":{"@id":"https:\/\/www.indieofilo.com\/#organization"},"image":{"@id":"https:\/\/www.indieofilo.com\/en\/news\/enjoy-primavera-sound-2014-at-your-home-thanks-to-arte-streaming#primaryimage"},"thumbnailUrl":"https:\/\/www.indieofilo.com\/wp-content\/uploads\/2014\/05\/primavera-sound-2014.jpg","keywords":["Arcade Fire","Caetano Veloso","Disclosure","Grupo de expertos Solynieve","Le\u00f3n Benavente","Metronomy","Mishima","Mogwai","Pixies","Primavera Sound","Primavera Sound 2014","Real Estate","Standstill","The National","Warpaint"],"articleSection":["News","Streaming"],"inLanguage":"en-US","potentialAction":[{"@type":"CommentAction","name":"Comment","target":["https:\/\/www.indieofilo.com\/en\/news\/enjoy-primavera-sound-2014-at-your-home-thanks-to-arte-streaming#respond"]}]},{"@type":"WebPage","@id":"https:\/\/www.indieofilo.com\/en\/news\/enjoy-primavera-sound-2014-at-your-home-thanks-to-arte-streaming","url":"https:\/\/www.indieofilo.com\/en\/news\/enjoy-primavera-sound-2014-at-your-home-thanks-to-arte-streaming","name":"Enjoy Primavera Sound 2014 at your home thanks to ARTE streaming - Indie\u00f3filo","isPartOf":{"@id":"https:\/\/www.indieofilo.com\/#website"},"primaryImageOfPage":{"@id":"https:\/\/www.indieofilo.com\/en\/news\/enjoy-primavera-sound-2014-at-your-home-thanks-to-arte-streaming#primaryimage"},"image":{"@id":"https:\/\/www.indieofilo.com\/en\/news\/enjoy-primavera-sound-2014-at-your-home-thanks-to-arte-streaming#primaryimage"},"thumbnailUrl":"https:\/\/www.indieofilo.com\/wp-content\/uploads\/2014\/05\/primavera-sound-2014.jpg","datePublished":"2014-05-29T18:28:47+00:00","dateModified":"2023-10-27T10:44:48+00:00","description":"German channel ARTE will broadcast by streaming\u00a0Primavera Sound 2014\u00a0on two channels of it's ARTE concert platform","breadcrumb":{"@id":"https:\/\/www.indieofilo.com\/en\/news\/enjoy-primavera-sound-2014-at-your-home-thanks-to-arte-streaming#breadcrumb"},"inLanguage":"en-US","potentialAction":[{"@type":"ReadAction","target":["https:\/\/www.indieofilo.com\/en\/news\/enjoy-primavera-sound-2014-at-your-home-thanks-to-arte-streaming"]}]},{"@type":"ImageObject","inLanguage":"en-US","@id":"https:\/\/www.indieofilo.com\/en\/news\/enjoy-primavera-sound-2014-at-your-home-thanks-to-arte-streaming#primaryimage","url":"https:\/\/www.indieofilo.com\/wp-content\/uploads\/2014\/05\/primavera-sound-2014.jpg","contentUrl":"https:\/\/www.indieofilo.com\/wp-content\/uploads\/2014\/05\/primavera-sound-2014.jpg","width":600,"height":400},{"@type":"BreadcrumbList","@id":"https:\/\/www.indieofilo.com\/en\/news\/enjoy-primavera-sound-2014-at-your-home-thanks-to-arte-streaming#breadcrumb","itemListElement":[{"@type":"ListItem","position":1,"name":"Portada","item":"https:\/\/www.indieofilo.com\/en"},{"@type":"ListItem","position":2,"name":"Enjoy Primavera Sound 2014 at your home thanks to ARTE streaming"}]},{"@type":"WebSite","@id":"https:\/\/www.indieofilo.com\/#website","url":"https:\/\/www.indieofilo.com\/","name":"Indie\u00f3filo","description":"Magazine online de la cultura independiente","publisher":{"@id":"https:\/\/www.indieofilo.com\/#organization"},"potentialAction":[{"@type":"SearchAction","target":{"@type":"EntryPoint","urlTemplate":"https:\/\/www.indieofilo.com\/?s={search_term_string}"},"query-input":{"@type":"PropertyValueSpecification","valueRequired":true,"valueName":"search_term_string"}}],"inLanguage":"en-US"},{"@type":"Organization","@id":"https:\/\/www.indieofilo.com\/#organization","name":"Indie\u00f3filo Web","url":"https:\/\/www.indieofilo.com\/","logo":{"@type":"ImageObject","inLanguage":"en-US","@id":"https:\/\/www.indieofilo.com\/#\/schema\/logo\/image\/","url":"https:\/\/www.indieofilo.com\/wp-content\/uploads\/2015\/02\/logo-alta-resolucion.png","contentUrl":"https:\/\/www.indieofilo.com\/wp-content\/uploads\/2015\/02\/logo-alta-resolucion.png","width":544,"height":185,"caption":"Indie\u00f3filo Web"},"image":{"@id":"https:\/\/www.indieofilo.com\/#\/schema\/logo\/image\/"},"sameAs":["https:\/\/www.facebook.com\/Indieofilo\/","https:\/\/x.com\/indieofilo","https:\/\/www.instagram.com\/indieofilo\/"]},{"@type":"Person","@id":"https:\/\/www.indieofilo.com\/#\/schema\/person\/595334d38590e4ce5a09f83cbf2fca90","name":"Victor","image":{"@type":"ImageObject","inLanguage":"en-US","@id":"https:\/\/www.indieofilo.com\/#\/schema\/person\/image\/","url":"https:\/\/secure.gravatar.com\/avatar\/682b8c6ea3e94b6cffec683b25f1797d?s=96&d=mm&r=g","contentUrl":"https:\/\/secure.gravatar.com\/avatar\/682b8c6ea3e94b6cffec683b25f1797d?s=96&d=mm&r=g","caption":"Victor"},"description":"Fan\u00e1tico de la m\u00fasica desde que mis padres me pon\u00edan a Eydie Gorme y Los Panchos o el Discotuna por la A2. Intent\u00e9 tocar varios instrumentos, pero soy muy torpe con la mano izquierda, as\u00ed que ya sab\u00e9is el resultado final. Fan del britpop, Post-punk, el rugby y el baloncesto...","sameAs":["http:\/\/indieofilo.com"],"url":"https:\/\/www.indieofilo.com\/en\/author\/victor"}]}},"_links":{"self":[{"href":"https:\/\/www.indieofilo.com\/en\/wp-json\/wp\/v2\/posts\/4620","targetHints":{"allow":["GET"]}}],"collection":[{"href":"https:\/\/www.indieofilo.com\/en\/wp-json\/wp\/v2\/posts"}],"about":[{"href":"https:\/\/www.indieofilo.com\/en\/wp-json\/wp\/v2\/types\/post"}],"author":[{"embeddable":true,"href":"https:\/\/www.indieofilo.com\/en\/wp-json\/wp\/v2\/users\/1"}],"replies":[{"embeddable":true,"href":"https:\/\/www.indieofilo.com\/en\/wp-json\/wp\/v2\/comments?post=4620"}],"version-history":[{"count":0,"href":"https:\/\/www.indieofilo.com\/en\/wp-json\/wp\/v2\/posts\/4620\/revisions"}],"wp:featuredmedia":[{"embeddable":true,"href":"https:\/\/www.indieofilo.com\/en\/wp-json\/wp\/v2\/media\/19298"}],"wp:attachment":[{"href":"https:\/\/www.indieofilo.com\/en\/wp-json\/wp\/v2\/media?parent=4620"}],"wp:term":[{"taxonomy":"category","embeddable":true,"href":"https:\/\/www.indieofilo.com\/en\/wp-json\/wp\/v2\/categories?post=4620"},{"taxonomy":"post_tag","embeddable":true,"href":"https:\/\/www.indieofilo.com\/en\/wp-json\/wp\/v2\/tags?post=4620"}],"curies":[{"name":"wp","href":"https:\/\/api.w.org\/{rel}","templated":true}]}}