{"id":46196,"date":"2024-12-20T11:59:09","date_gmt":"2024-12-20T10:59:09","guid":{"rendered":"https:\/\/www.indieofilo.com\/news\/music\/charli-xcx-and-troye-sivan-confirm-that-they-will-be-performing-together-at-primavera-sound-2025"},"modified":"2025-01-16T13:01:38","modified_gmt":"2025-01-16T12:01:38","slug":"charli-xcx-and-troye-sivan-confirm-that-they-will-be-performing-together-at-primavera-sound-2025","status":"publish","type":"post","link":"https:\/\/www.indieofilo.com\/en\/news\/live-shows\/charli-xcx-and-troye-sivan-confirm-that-they-will-be-performing-together-at-primavera-sound-2025","title":{"rendered":"Charli XCX and Troye Sivan confirm that they will be performing together at Primavera Sound 2025"},"content":{"rendered":"<p style=\"text-align: justify;\">If last year <strong>Charli XCX<\/strong> was responsible for a 40-minute set on the Amazon stage at Primavera Sound 2024, just days before the release of her long-awaited album, the meteoric rise of <em>Brat<\/em> (2024) has catapulted her to the top of the lineup at festivals around the world.<\/p>\n<p style=\"text-align: justify;\">Her next concert in Spain will once again be at the Catalan Festival, as part of the Primavera Sound 2025 programme, and the British artist has announced on social networks that it will be a different show, as it will be the only one of the <strong>SWEAT tour<\/strong> in Europe alongside <strong>Troye Sivan<\/strong>. Charli XCX and Troye Sivan have performed together on their SWEAT tour in the United States, but as the artist herself said of the Barcelona show: &#8220;<em>It&#8217;s a Charli XCX concert at Primavera Sound 2025 and it&#8217;s not at the same time, because it&#8217;s with Troye, so it&#8217;s going to be SWEAT<\/em>.&#8221;<\/p>\n<p style=\"text-align: justify;\">We would like to remind you that the <a href=\"https:\/\/www.indieofilo.com\/en\/news\/primavera-sound-2025-is-sold-out\">full festival tickets for Primavera Sound 2025 were sold out last November<\/a>, but individual tickets for each day of the festival, which will take place from the 5th to the 7th of June 2025 at the usual venue of the Parc del F\u00f2rum in Barcelona, are still available on the <a href=\"https:\/\/www.primaverasound.com\/es\/tickets\" target=\"_blank\" rel=\"noopener\">festival&#8217;s official website<\/a>.<\/p>\n<p><img fetchpriority=\"high\" decoding=\"async\" class=\"aligncenter size-full wp-image-46166\" src=\"http:\/\/www.indieofilo.com\/wp-content\/uploads\/2024\/12\/CHARLI_XCX_2024.jpg\" alt=\"CHARLI XCX 2024\" width=\"800\" height=\"647\" srcset=\"https:\/\/www.indieofilo.com\/wp-content\/uploads\/2024\/12\/CHARLI_XCX_2024.jpg 800w, https:\/\/www.indieofilo.com\/wp-content\/uploads\/2024\/12\/CHARLI_XCX_2024-659x533.jpg 659w, https:\/\/www.indieofilo.com\/wp-content\/uploads\/2024\/12\/CHARLI_XCX_2024-495x400.jpg 495w, https:\/\/www.indieofilo.com\/wp-content\/uploads\/2024\/12\/CHARLI_XCX_2024-768x621.jpg 768w\" sizes=\"(max-width: 800px) 100vw, 800px\" \/><\/p>\n","protected":false},"excerpt":{"rendered":"<p>If last year Charli XCX was responsible for a 40-minute set on the Amazon stage at Primavera Sound 2024, just days before the release of her long-awaited album, the meteoric rise of Brat (2024) has catapulted her to the top of the lineup at festivals around the world. Her next concert in Spain will once [&hellip;]<\/p>\n","protected":false},"author":1,"featured_media":46166,"comment_status":"open","ping_status":"closed","sticky":false,"template":"","format":"standard","meta":{"footnotes":""},"categories":[41,8],"tags":[5607,4982,7350,7639],"class_list":["post-46196","post","type-post","status-publish","format-standard","has-post-thumbnail","hentry","category-live-shows","category-news","tag-charli-xcx-en","tag-primavera-sound-en","tag-primavera-sound-2025-en","tag-troye-sivan-en"],"yoast_head":"<!-- This site is optimized with the Yoast SEO Premium plugin v23.9 (Yoast SEO v26.6) - https:\/\/yoast.com\/wordpress\/plugins\/seo\/ -->\n<title>Charli XCX and Troye Sivan confirm that they will be performing together at Primavera Sound 2025 - Indie\u00f3filo<\/title>\n<meta name=\"description\" content=\"Says the Brit: &quot;It&#039;s a Charli XCX concert at Primavera Sound 2025 and it&#039;s not at the same time because it&#039;s with Troye, so it&#039;s going to be SWEAT.\" \/>\n<meta name=\"robots\" content=\"index, follow, max-snippet:-1, max-image-preview:large, max-video-preview:-1\" \/>\n<link rel=\"canonical\" href=\"https:\/\/www.indieofilo.com\/en\/news\/live-shows\/charli-xcx-and-troye-sivan-confirm-that-they-will-be-performing-together-at-primavera-sound-2025\" \/>\n<meta property=\"og:locale\" content=\"en_US\" \/>\n<meta property=\"og:type\" content=\"article\" \/>\n<meta property=\"og:title\" content=\"Charli XCX and Troye Sivan confirm that they will be performing together at Primavera Sound 2025\" \/>\n<meta property=\"og:description\" content=\"Says the Brit: &quot;It&#039;s a Charli XCX concert at Primavera Sound 2025 and it&#039;s not at the same time because it&#039;s with Troye, so it&#039;s going to be SWEAT.\" \/>\n<meta property=\"og:url\" content=\"https:\/\/www.indieofilo.com\/en\/news\/live-shows\/charli-xcx-and-troye-sivan-confirm-that-they-will-be-performing-together-at-primavera-sound-2025\" \/>\n<meta property=\"og:site_name\" content=\"Indie\u00f3filo\" \/>\n<meta property=\"article:publisher\" content=\"https:\/\/www.facebook.com\/Indieofilo\/\" \/>\n<meta property=\"article:published_time\" content=\"2024-12-20T10:59:09+00:00\" \/>\n<meta property=\"article:modified_time\" content=\"2025-01-16T12:01:38+00:00\" \/>\n<meta property=\"og:image\" content=\"http:\/\/www.indieofilo.com\/wp-content\/uploads\/2024\/12\/CHARLI_XCX_2024.jpg\" \/>\n\t<meta property=\"og:image:width\" content=\"800\" \/>\n\t<meta property=\"og:image:height\" content=\"647\" \/>\n\t<meta property=\"og:image:type\" content=\"image\/jpeg\" \/>\n<meta name=\"author\" content=\"Victor\" \/>\n<meta name=\"twitter:card\" content=\"summary_large_image\" \/>\n<meta name=\"twitter:creator\" content=\"@indieofilo\" \/>\n<meta name=\"twitter:site\" content=\"@indieofilo\" \/>\n<meta name=\"twitter:label1\" content=\"Written by\" \/>\n\t<meta name=\"twitter:data1\" content=\"Victor\" \/>\n\t<meta name=\"twitter:label2\" content=\"Est. reading time\" \/>\n\t<meta name=\"twitter:data2\" content=\"2 minutes\" \/>\n<script type=\"application\/ld+json\" class=\"yoast-schema-graph\">{\"@context\":\"https:\/\/schema.org\",\"@graph\":[{\"@type\":\"Article\",\"@id\":\"https:\/\/www.indieofilo.com\/en\/news\/live-shows\/charli-xcx-and-troye-sivan-confirm-that-they-will-be-performing-together-at-primavera-sound-2025#article\",\"isPartOf\":{\"@id\":\"https:\/\/www.indieofilo.com\/en\/news\/live-shows\/charli-xcx-and-troye-sivan-confirm-that-they-will-be-performing-together-at-primavera-sound-2025\"},\"author\":{\"name\":\"Victor\",\"@id\":\"https:\/\/www.indieofilo.com\/#\/schema\/person\/595334d38590e4ce5a09f83cbf2fca90\"},\"headline\":\"Charli XCX and Troye Sivan confirm that they will be performing together at Primavera Sound 2025\",\"datePublished\":\"2024-12-20T10:59:09+00:00\",\"dateModified\":\"2025-01-16T12:01:38+00:00\",\"mainEntityOfPage\":{\"@id\":\"https:\/\/www.indieofilo.com\/en\/news\/live-shows\/charli-xcx-and-troye-sivan-confirm-that-they-will-be-performing-together-at-primavera-sound-2025\"},\"wordCount\":224,\"commentCount\":0,\"publisher\":{\"@id\":\"https:\/\/www.indieofilo.com\/#organization\"},\"image\":{\"@id\":\"https:\/\/www.indieofilo.com\/en\/news\/live-shows\/charli-xcx-and-troye-sivan-confirm-that-they-will-be-performing-together-at-primavera-sound-2025#primaryimage\"},\"thumbnailUrl\":\"https:\/\/www.indieofilo.com\/wp-content\/uploads\/2024\/12\/CHARLI_XCX_2024.jpg\",\"keywords\":[\"Charli XCX\",\"Primavera Sound\",\"Primavera Sound 2025\",\"Troye Sivan\"],\"articleSection\":[\"Live Shows\",\"News\"],\"inLanguage\":\"en-US\",\"potentialAction\":[{\"@type\":\"CommentAction\",\"name\":\"Comment\",\"target\":[\"https:\/\/www.indieofilo.com\/en\/news\/live-shows\/charli-xcx-and-troye-sivan-confirm-that-they-will-be-performing-together-at-primavera-sound-2025#respond\"]}]},{\"@type\":\"WebPage\",\"@id\":\"https:\/\/www.indieofilo.com\/en\/news\/live-shows\/charli-xcx-and-troye-sivan-confirm-that-they-will-be-performing-together-at-primavera-sound-2025\",\"url\":\"https:\/\/www.indieofilo.com\/en\/news\/live-shows\/charli-xcx-and-troye-sivan-confirm-that-they-will-be-performing-together-at-primavera-sound-2025\",\"name\":\"Charli XCX and Troye Sivan confirm that they will be performing together at Primavera Sound 2025 - Indie\u00f3filo\",\"isPartOf\":{\"@id\":\"https:\/\/www.indieofilo.com\/#website\"},\"primaryImageOfPage\":{\"@id\":\"https:\/\/www.indieofilo.com\/en\/news\/live-shows\/charli-xcx-and-troye-sivan-confirm-that-they-will-be-performing-together-at-primavera-sound-2025#primaryimage\"},\"image\":{\"@id\":\"https:\/\/www.indieofilo.com\/en\/news\/live-shows\/charli-xcx-and-troye-sivan-confirm-that-they-will-be-performing-together-at-primavera-sound-2025#primaryimage\"},\"thumbnailUrl\":\"https:\/\/www.indieofilo.com\/wp-content\/uploads\/2024\/12\/CHARLI_XCX_2024.jpg\",\"datePublished\":\"2024-12-20T10:59:09+00:00\",\"dateModified\":\"2025-01-16T12:01:38+00:00\",\"description\":\"Says the Brit: \\\"It's a Charli XCX concert at Primavera Sound 2025 and it's not at the same time because it's with Troye, so it's going to be SWEAT.\",\"breadcrumb\":{\"@id\":\"https:\/\/www.indieofilo.com\/en\/news\/live-shows\/charli-xcx-and-troye-sivan-confirm-that-they-will-be-performing-together-at-primavera-sound-2025#breadcrumb\"},\"inLanguage\":\"en-US\",\"potentialAction\":[{\"@type\":\"ReadAction\",\"target\":[\"https:\/\/www.indieofilo.com\/en\/news\/live-shows\/charli-xcx-and-troye-sivan-confirm-that-they-will-be-performing-together-at-primavera-sound-2025\"]}]},{\"@type\":\"ImageObject\",\"inLanguage\":\"en-US\",\"@id\":\"https:\/\/www.indieofilo.com\/en\/news\/live-shows\/charli-xcx-and-troye-sivan-confirm-that-they-will-be-performing-together-at-primavera-sound-2025#primaryimage\",\"url\":\"https:\/\/www.indieofilo.com\/wp-content\/uploads\/2024\/12\/CHARLI_XCX_2024.jpg\",\"contentUrl\":\"https:\/\/www.indieofilo.com\/wp-content\/uploads\/2024\/12\/CHARLI_XCX_2024.jpg\",\"width\":800,\"height\":647,\"caption\":\"CHARLI XCX 2024\"},{\"@type\":\"BreadcrumbList\",\"@id\":\"https:\/\/www.indieofilo.com\/en\/news\/live-shows\/charli-xcx-and-troye-sivan-confirm-that-they-will-be-performing-together-at-primavera-sound-2025#breadcrumb\",\"itemListElement\":[{\"@type\":\"ListItem\",\"position\":1,\"name\":\"Portada\",\"item\":\"https:\/\/www.indieofilo.com\/en\"},{\"@type\":\"ListItem\",\"position\":2,\"name\":\"Charli XCX and Troye Sivan confirm that they will be performing together at Primavera Sound 2025\"}]},{\"@type\":\"WebSite\",\"@id\":\"https:\/\/www.indieofilo.com\/#website\",\"url\":\"https:\/\/www.indieofilo.com\/\",\"name\":\"Indie\u00f3filo\",\"description\":\"Magazine online de la cultura independiente\",\"publisher\":{\"@id\":\"https:\/\/www.indieofilo.com\/#organization\"},\"potentialAction\":[{\"@type\":\"SearchAction\",\"target\":{\"@type\":\"EntryPoint\",\"urlTemplate\":\"https:\/\/www.indieofilo.com\/?s={search_term_string}\"},\"query-input\":{\"@type\":\"PropertyValueSpecification\",\"valueRequired\":true,\"valueName\":\"search_term_string\"}}],\"inLanguage\":\"en-US\"},{\"@type\":\"Organization\",\"@id\":\"https:\/\/www.indieofilo.com\/#organization\",\"name\":\"Indie\u00f3filo Web\",\"url\":\"https:\/\/www.indieofilo.com\/\",\"logo\":{\"@type\":\"ImageObject\",\"inLanguage\":\"en-US\",\"@id\":\"https:\/\/www.indieofilo.com\/#\/schema\/logo\/image\/\",\"url\":\"https:\/\/www.indieofilo.com\/wp-content\/uploads\/2015\/02\/logo-alta-resolucion.png\",\"contentUrl\":\"https:\/\/www.indieofilo.com\/wp-content\/uploads\/2015\/02\/logo-alta-resolucion.png\",\"width\":544,\"height\":185,\"caption\":\"Indie\u00f3filo Web\"},\"image\":{\"@id\":\"https:\/\/www.indieofilo.com\/#\/schema\/logo\/image\/\"},\"sameAs\":[\"https:\/\/www.facebook.com\/Indieofilo\/\",\"https:\/\/x.com\/indieofilo\",\"https:\/\/www.instagram.com\/indieofilo\/\"]},{\"@type\":\"Person\",\"@id\":\"https:\/\/www.indieofilo.com\/#\/schema\/person\/595334d38590e4ce5a09f83cbf2fca90\",\"name\":\"Victor\",\"image\":{\"@type\":\"ImageObject\",\"inLanguage\":\"en-US\",\"@id\":\"https:\/\/www.indieofilo.com\/#\/schema\/person\/image\/\",\"url\":\"https:\/\/secure.gravatar.com\/avatar\/682b8c6ea3e94b6cffec683b25f1797d?s=96&d=mm&r=g\",\"contentUrl\":\"https:\/\/secure.gravatar.com\/avatar\/682b8c6ea3e94b6cffec683b25f1797d?s=96&d=mm&r=g\",\"caption\":\"Victor\"},\"description\":\"Fan\u00e1tico de la m\u00fasica desde que mis padres me pon\u00edan a Eydie Gorme y Los Panchos o el Discotuna por la A2. Intent\u00e9 tocar varios instrumentos, pero soy muy torpe con la mano izquierda, as\u00ed que ya sab\u00e9is el resultado final. Fan del britpop, Post-punk, el rugby y el baloncesto...\",\"sameAs\":[\"http:\/\/indieofilo.com\"],\"url\":\"https:\/\/www.indieofilo.com\/en\/author\/victor\"}]}<\/script>\n<!-- \/ Yoast SEO Premium plugin. -->","yoast_head_json":{"title":"Charli XCX and Troye Sivan confirm that they will be performing together at Primavera Sound 2025 - Indie\u00f3filo","description":"Says the Brit: \"It's a Charli XCX concert at Primavera Sound 2025 and it's not at the same time because it's with Troye, so it's going to be SWEAT.","robots":{"index":"index","follow":"follow","max-snippet":"max-snippet:-1","max-image-preview":"max-image-preview:large","max-video-preview":"max-video-preview:-1"},"canonical":"https:\/\/www.indieofilo.com\/en\/news\/live-shows\/charli-xcx-and-troye-sivan-confirm-that-they-will-be-performing-together-at-primavera-sound-2025","og_locale":"en_US","og_type":"article","og_title":"Charli XCX and Troye Sivan confirm that they will be performing together at Primavera Sound 2025","og_description":"Says the Brit: \"It's a Charli XCX concert at Primavera Sound 2025 and it's not at the same time because it's with Troye, so it's going to be SWEAT.","og_url":"https:\/\/www.indieofilo.com\/en\/news\/live-shows\/charli-xcx-and-troye-sivan-confirm-that-they-will-be-performing-together-at-primavera-sound-2025","og_site_name":"Indie\u00f3filo","article_publisher":"https:\/\/www.facebook.com\/Indieofilo\/","article_published_time":"2024-12-20T10:59:09+00:00","article_modified_time":"2025-01-16T12:01:38+00:00","og_image":[{"width":800,"height":647,"url":"http:\/\/www.indieofilo.com\/wp-content\/uploads\/2024\/12\/CHARLI_XCX_2024.jpg","type":"image\/jpeg"}],"author":"Victor","twitter_card":"summary_large_image","twitter_creator":"@indieofilo","twitter_site":"@indieofilo","twitter_misc":{"Written by":"Victor","Est. reading time":"2 minutes"},"schema":{"@context":"https:\/\/schema.org","@graph":[{"@type":"Article","@id":"https:\/\/www.indieofilo.com\/en\/news\/live-shows\/charli-xcx-and-troye-sivan-confirm-that-they-will-be-performing-together-at-primavera-sound-2025#article","isPartOf":{"@id":"https:\/\/www.indieofilo.com\/en\/news\/live-shows\/charli-xcx-and-troye-sivan-confirm-that-they-will-be-performing-together-at-primavera-sound-2025"},"author":{"name":"Victor","@id":"https:\/\/www.indieofilo.com\/#\/schema\/person\/595334d38590e4ce5a09f83cbf2fca90"},"headline":"Charli XCX and Troye Sivan confirm that they will be performing together at Primavera Sound 2025","datePublished":"2024-12-20T10:59:09+00:00","dateModified":"2025-01-16T12:01:38+00:00","mainEntityOfPage":{"@id":"https:\/\/www.indieofilo.com\/en\/news\/live-shows\/charli-xcx-and-troye-sivan-confirm-that-they-will-be-performing-together-at-primavera-sound-2025"},"wordCount":224,"commentCount":0,"publisher":{"@id":"https:\/\/www.indieofilo.com\/#organization"},"image":{"@id":"https:\/\/www.indieofilo.com\/en\/news\/live-shows\/charli-xcx-and-troye-sivan-confirm-that-they-will-be-performing-together-at-primavera-sound-2025#primaryimage"},"thumbnailUrl":"https:\/\/www.indieofilo.com\/wp-content\/uploads\/2024\/12\/CHARLI_XCX_2024.jpg","keywords":["Charli XCX","Primavera Sound","Primavera Sound 2025","Troye Sivan"],"articleSection":["Live Shows","News"],"inLanguage":"en-US","potentialAction":[{"@type":"CommentAction","name":"Comment","target":["https:\/\/www.indieofilo.com\/en\/news\/live-shows\/charli-xcx-and-troye-sivan-confirm-that-they-will-be-performing-together-at-primavera-sound-2025#respond"]}]},{"@type":"WebPage","@id":"https:\/\/www.indieofilo.com\/en\/news\/live-shows\/charli-xcx-and-troye-sivan-confirm-that-they-will-be-performing-together-at-primavera-sound-2025","url":"https:\/\/www.indieofilo.com\/en\/news\/live-shows\/charli-xcx-and-troye-sivan-confirm-that-they-will-be-performing-together-at-primavera-sound-2025","name":"Charli XCX and Troye Sivan confirm that they will be performing together at Primavera Sound 2025 - Indie\u00f3filo","isPartOf":{"@id":"https:\/\/www.indieofilo.com\/#website"},"primaryImageOfPage":{"@id":"https:\/\/www.indieofilo.com\/en\/news\/live-shows\/charli-xcx-and-troye-sivan-confirm-that-they-will-be-performing-together-at-primavera-sound-2025#primaryimage"},"image":{"@id":"https:\/\/www.indieofilo.com\/en\/news\/live-shows\/charli-xcx-and-troye-sivan-confirm-that-they-will-be-performing-together-at-primavera-sound-2025#primaryimage"},"thumbnailUrl":"https:\/\/www.indieofilo.com\/wp-content\/uploads\/2024\/12\/CHARLI_XCX_2024.jpg","datePublished":"2024-12-20T10:59:09+00:00","dateModified":"2025-01-16T12:01:38+00:00","description":"Says the Brit: \"It's a Charli XCX concert at Primavera Sound 2025 and it's not at the same time because it's with Troye, so it's going to be SWEAT.","breadcrumb":{"@id":"https:\/\/www.indieofilo.com\/en\/news\/live-shows\/charli-xcx-and-troye-sivan-confirm-that-they-will-be-performing-together-at-primavera-sound-2025#breadcrumb"},"inLanguage":"en-US","potentialAction":[{"@type":"ReadAction","target":["https:\/\/www.indieofilo.com\/en\/news\/live-shows\/charli-xcx-and-troye-sivan-confirm-that-they-will-be-performing-together-at-primavera-sound-2025"]}]},{"@type":"ImageObject","inLanguage":"en-US","@id":"https:\/\/www.indieofilo.com\/en\/news\/live-shows\/charli-xcx-and-troye-sivan-confirm-that-they-will-be-performing-together-at-primavera-sound-2025#primaryimage","url":"https:\/\/www.indieofilo.com\/wp-content\/uploads\/2024\/12\/CHARLI_XCX_2024.jpg","contentUrl":"https:\/\/www.indieofilo.com\/wp-content\/uploads\/2024\/12\/CHARLI_XCX_2024.jpg","width":800,"height":647,"caption":"CHARLI XCX 2024"},{"@type":"BreadcrumbList","@id":"https:\/\/www.indieofilo.com\/en\/news\/live-shows\/charli-xcx-and-troye-sivan-confirm-that-they-will-be-performing-together-at-primavera-sound-2025#breadcrumb","itemListElement":[{"@type":"ListItem","position":1,"name":"Portada","item":"https:\/\/www.indieofilo.com\/en"},{"@type":"ListItem","position":2,"name":"Charli XCX and Troye Sivan confirm that they will be performing together at Primavera Sound 2025"}]},{"@type":"WebSite","@id":"https:\/\/www.indieofilo.com\/#website","url":"https:\/\/www.indieofilo.com\/","name":"Indie\u00f3filo","description":"Magazine online de la cultura independiente","publisher":{"@id":"https:\/\/www.indieofilo.com\/#organization"},"potentialAction":[{"@type":"SearchAction","target":{"@type":"EntryPoint","urlTemplate":"https:\/\/www.indieofilo.com\/?s={search_term_string}"},"query-input":{"@type":"PropertyValueSpecification","valueRequired":true,"valueName":"search_term_string"}}],"inLanguage":"en-US"},{"@type":"Organization","@id":"https:\/\/www.indieofilo.com\/#organization","name":"Indie\u00f3filo Web","url":"https:\/\/www.indieofilo.com\/","logo":{"@type":"ImageObject","inLanguage":"en-US","@id":"https:\/\/www.indieofilo.com\/#\/schema\/logo\/image\/","url":"https:\/\/www.indieofilo.com\/wp-content\/uploads\/2015\/02\/logo-alta-resolucion.png","contentUrl":"https:\/\/www.indieofilo.com\/wp-content\/uploads\/2015\/02\/logo-alta-resolucion.png","width":544,"height":185,"caption":"Indie\u00f3filo Web"},"image":{"@id":"https:\/\/www.indieofilo.com\/#\/schema\/logo\/image\/"},"sameAs":["https:\/\/www.facebook.com\/Indieofilo\/","https:\/\/x.com\/indieofilo","https:\/\/www.instagram.com\/indieofilo\/"]},{"@type":"Person","@id":"https:\/\/www.indieofilo.com\/#\/schema\/person\/595334d38590e4ce5a09f83cbf2fca90","name":"Victor","image":{"@type":"ImageObject","inLanguage":"en-US","@id":"https:\/\/www.indieofilo.com\/#\/schema\/person\/image\/","url":"https:\/\/secure.gravatar.com\/avatar\/682b8c6ea3e94b6cffec683b25f1797d?s=96&d=mm&r=g","contentUrl":"https:\/\/secure.gravatar.com\/avatar\/682b8c6ea3e94b6cffec683b25f1797d?s=96&d=mm&r=g","caption":"Victor"},"description":"Fan\u00e1tico de la m\u00fasica desde que mis padres me pon\u00edan a Eydie Gorme y Los Panchos o el Discotuna por la A2. Intent\u00e9 tocar varios instrumentos, pero soy muy torpe con la mano izquierda, as\u00ed que ya sab\u00e9is el resultado final. Fan del britpop, Post-punk, el rugby y el baloncesto...","sameAs":["http:\/\/indieofilo.com"],"url":"https:\/\/www.indieofilo.com\/en\/author\/victor"}]}},"_links":{"self":[{"href":"https:\/\/www.indieofilo.com\/en\/wp-json\/wp\/v2\/posts\/46196","targetHints":{"allow":["GET"]}}],"collection":[{"href":"https:\/\/www.indieofilo.com\/en\/wp-json\/wp\/v2\/posts"}],"about":[{"href":"https:\/\/www.indieofilo.com\/en\/wp-json\/wp\/v2\/types\/post"}],"author":[{"embeddable":true,"href":"https:\/\/www.indieofilo.com\/en\/wp-json\/wp\/v2\/users\/1"}],"replies":[{"embeddable":true,"href":"https:\/\/www.indieofilo.com\/en\/wp-json\/wp\/v2\/comments?post=46196"}],"version-history":[{"count":0,"href":"https:\/\/www.indieofilo.com\/en\/wp-json\/wp\/v2\/posts\/46196\/revisions"}],"wp:featuredmedia":[{"embeddable":true,"href":"https:\/\/www.indieofilo.com\/en\/wp-json\/wp\/v2\/media\/46166"}],"wp:attachment":[{"href":"https:\/\/www.indieofilo.com\/en\/wp-json\/wp\/v2\/media?parent=46196"}],"wp:term":[{"taxonomy":"category","embeddable":true,"href":"https:\/\/www.indieofilo.com\/en\/wp-json\/wp\/v2\/categories?post=46196"},{"taxonomy":"post_tag","embeddable":true,"href":"https:\/\/www.indieofilo.com\/en\/wp-json\/wp\/v2\/tags?post=46196"}],"curies":[{"name":"wp","href":"https:\/\/api.w.org\/{rel}","templated":true}]}}