{"id":46106,"date":"2024-12-18T15:20:00","date_gmt":"2024-12-18T14:20:00","guid":{"rendered":"https:\/\/www.indieofilo.com\/news\/music\/o-son-do-camino-2025-kicks-off-with-the-first-names-in-the-line-up"},"modified":"2025-01-13T12:49:44","modified_gmt":"2025-01-13T11:49:44","slug":"o-son-do-camino-2025-kicks-off-with-the-first-names-in-the-line-up","status":"publish","type":"post","link":"https:\/\/www.indieofilo.com\/en\/news\/o-son-do-camino-2025-kicks-off-with-the-first-names-in-the-line-up","title":{"rendered":"O Son Do Cami\u00f1o 2025 kicks off with the first names in the line-up"},"content":{"rendered":"<p style=\"text-align: justify;\">The names of the most important Spanish festivals are gradually becoming known, and today it is the turn of <strong>O Son Do Cami\u00f1o<\/strong>, whose sixth edition will be held from 12 to 14 June 2025 on Monte Do Gozo in Santiago de Compostela.<\/p>\n<p style=\"text-align: justify;\">The first batch of names to be announced include <strong>Kings Of Leon, Bryan Adams<\/strong> and <strong>Franz Ferdinand<\/strong>, who will headline alongside Argentinian <strong>Duki<\/strong><strong>.<\/strong> Also confirmed are <strong>Amaral, Carolina Durante, Kase.O, Steve Aoki, Estopa, Bad Gyal, Mikel Izal, Dani Fern\u00e1ndez, Lia Kali, La La Love You, Nil Moliner, Marlena, Silo\u00e9, Dollar Selmouni, Merino, The Rapants, Galician Army<\/strong> and <strong>Ta\u00efn<\/strong>, who, together with the almost 20 names announced for the SON Electro stage (notably <strong>\u00c1me<\/strong> and <strong>Indira Paganotto<\/strong>), complete the line-up of <strong>O Son Do Cami\u00f1o 2025<\/strong> for the time being.<\/p>\n<p style=\"text-align: justify;\">Tickets for <strong>O Son Do Cami\u00f1o 2025<\/strong>, priced at \u20ac135 (booking fee included), go on sale on Thursday 19 December on the <strong><a href=\"https:\/\/www.osondocamino.es\" target=\"_blank\" rel=\"noopener\">festival&#8217;s official website<\/a><\/strong>.<\/p>\n<p><img fetchpriority=\"high\" decoding=\"async\" class=\"aligncenter size-large wp-image-46102\" src=\"http:\/\/www.indieofilo.com\/wp-content\/uploads\/2024\/12\/O_Son_do_camino_2025_kings_of_leon-1-546x683.jpg\" alt=\"O Son do cami\u00f1o 2025 - Kings of Leon\" width=\"546\" height=\"683\" srcset=\"https:\/\/www.indieofilo.com\/wp-content\/uploads\/2024\/12\/O_Son_do_camino_2025_kings_of_leon-1-546x683.jpg 546w, https:\/\/www.indieofilo.com\/wp-content\/uploads\/2024\/12\/O_Son_do_camino_2025_kings_of_leon-1-426x533.jpg 426w, https:\/\/www.indieofilo.com\/wp-content\/uploads\/2024\/12\/O_Son_do_camino_2025_kings_of_leon-1-320x400.jpg 320w, https:\/\/www.indieofilo.com\/wp-content\/uploads\/2024\/12\/O_Son_do_camino_2025_kings_of_leon-1.jpg 640w\" sizes=\"(max-width: 546px) 100vw, 546px\" \/><\/p>\n","protected":false},"excerpt":{"rendered":"<p>The names of the most important Spanish festivals are gradually becoming known, and today it is the turn of O Son Do Cami\u00f1o, whose sixth edition will be held from 12 to 14 June 2025 on Monte Do Gozo in Santiago de Compostela. The first batch of names to be announced include Kings Of Leon, [&hellip;]<\/p>\n","protected":false},"author":2,"featured_media":46102,"comment_status":"open","ping_status":"closed","sticky":false,"template":"","format":"standard","meta":{"footnotes":""},"categories":[41,8],"tags":[6181,7622,5056,7624,5286,7623,5713,7620,7621,5847],"class_list":["post-46106","post","type-post","status-publish","format-standard","has-post-thumbnail","hentry","category-live-shows","category-news","tag-amaral-en","tag-bryan-adams-en","tag-carolina-durante-en","tag-estopa-en","tag-franz-ferdinand-en","tag-kase-o-en-2","tag-kings-of-leon-en","tag-o-son-do-camino-en","tag-o-son-do-camino-2025-en","tag-steve-aoki-en"],"yoast_head":"<!-- This site is optimized with the Yoast SEO Premium plugin v23.9 (Yoast SEO v26.6) - https:\/\/yoast.com\/wordpress\/plugins\/seo\/ -->\n<title>O Son Do Cami\u00f1o 2025 kicks off with the first names in the line-up - Indie\u00f3filo<\/title>\n<meta name=\"description\" content=\"The first confirmations for O Son Do Cami\u00f1o 2025 include Kings Of Leon, Bryan Adams, Franz Ferdinand, Duki, Amaral and Carolina Durante.\" \/>\n<meta name=\"robots\" content=\"index, follow, max-snippet:-1, max-image-preview:large, max-video-preview:-1\" \/>\n<link rel=\"canonical\" href=\"https:\/\/www.indieofilo.com\/en\/news\/o-son-do-camino-2025-kicks-off-with-the-first-names-in-the-line-up\" \/>\n<meta property=\"og:locale\" content=\"en_US\" \/>\n<meta property=\"og:type\" content=\"article\" \/>\n<meta property=\"og:title\" content=\"O Son Do Cami\u00f1o 2025 kicks off with the first names in the line-up\" \/>\n<meta property=\"og:description\" content=\"The first confirmations for O Son Do Cami\u00f1o 2025 include Kings Of Leon, Bryan Adams, Franz Ferdinand, Duki, Amaral and Carolina Durante.\" \/>\n<meta property=\"og:url\" content=\"https:\/\/www.indieofilo.com\/en\/news\/o-son-do-camino-2025-kicks-off-with-the-first-names-in-the-line-up\" \/>\n<meta property=\"og:site_name\" content=\"Indie\u00f3filo\" \/>\n<meta property=\"article:publisher\" content=\"https:\/\/www.facebook.com\/Indieofilo\/\" \/>\n<meta property=\"article:published_time\" content=\"2024-12-18T14:20:00+00:00\" \/>\n<meta property=\"article:modified_time\" content=\"2025-01-13T11:49:44+00:00\" \/>\n<meta property=\"og:image\" content=\"http:\/\/www.indieofilo.com\/wp-content\/uploads\/2024\/12\/O_Son_do_camino_2025_kings_of_leon-1.jpg\" \/>\n\t<meta property=\"og:image:width\" content=\"640\" \/>\n\t<meta property=\"og:image:height\" content=\"800\" \/>\n\t<meta property=\"og:image:type\" content=\"image\/jpeg\" \/>\n<meta name=\"author\" content=\"Angela\" \/>\n<meta name=\"twitter:card\" content=\"summary_large_image\" \/>\n<meta name=\"twitter:creator\" content=\"@indieofilo\" \/>\n<meta name=\"twitter:site\" content=\"@indieofilo\" \/>\n<meta name=\"twitter:label1\" content=\"Written by\" \/>\n\t<meta name=\"twitter:data1\" content=\"Angela\" \/>\n\t<meta name=\"twitter:label2\" content=\"Est. reading time\" \/>\n\t<meta name=\"twitter:data2\" content=\"2 minutes\" \/>\n<script type=\"application\/ld+json\" class=\"yoast-schema-graph\">{\"@context\":\"https:\/\/schema.org\",\"@graph\":[{\"@type\":\"Article\",\"@id\":\"https:\/\/www.indieofilo.com\/en\/news\/o-son-do-camino-2025-kicks-off-with-the-first-names-in-the-line-up#article\",\"isPartOf\":{\"@id\":\"https:\/\/www.indieofilo.com\/en\/news\/o-son-do-camino-2025-kicks-off-with-the-first-names-in-the-line-up\"},\"author\":{\"name\":\"Angela\",\"@id\":\"https:\/\/www.indieofilo.com\/#\/schema\/person\/dd844cb4a8b8d3ab85f11fbea3a4e38d\"},\"headline\":\"O Son Do Cami\u00f1o 2025 kicks off with the first names in the line-up\",\"datePublished\":\"2024-12-18T14:20:00+00:00\",\"dateModified\":\"2025-01-13T11:49:44+00:00\",\"mainEntityOfPage\":{\"@id\":\"https:\/\/www.indieofilo.com\/en\/news\/o-son-do-camino-2025-kicks-off-with-the-first-names-in-the-line-up\"},\"wordCount\":169,\"commentCount\":0,\"publisher\":{\"@id\":\"https:\/\/www.indieofilo.com\/#organization\"},\"image\":{\"@id\":\"https:\/\/www.indieofilo.com\/en\/news\/o-son-do-camino-2025-kicks-off-with-the-first-names-in-the-line-up#primaryimage\"},\"thumbnailUrl\":\"https:\/\/www.indieofilo.com\/wp-content\/uploads\/2024\/12\/O_Son_do_camino_2025_kings_of_leon-1.jpg\",\"keywords\":[\"Amaral\",\"Bryan Adams\",\"Carolina Durante\",\"Estopa\",\"Franz Ferdinand\",\"Kase.O\",\"Kings Of Leon\",\"O Son Do Cami\u00f1o\",\"O Son Do Cami\u00f1o 2025\",\"Steve Aoki\"],\"articleSection\":[\"Live Shows\",\"News\"],\"inLanguage\":\"en-US\",\"potentialAction\":[{\"@type\":\"CommentAction\",\"name\":\"Comment\",\"target\":[\"https:\/\/www.indieofilo.com\/en\/news\/o-son-do-camino-2025-kicks-off-with-the-first-names-in-the-line-up#respond\"]}]},{\"@type\":\"WebPage\",\"@id\":\"https:\/\/www.indieofilo.com\/en\/news\/o-son-do-camino-2025-kicks-off-with-the-first-names-in-the-line-up\",\"url\":\"https:\/\/www.indieofilo.com\/en\/news\/o-son-do-camino-2025-kicks-off-with-the-first-names-in-the-line-up\",\"name\":\"O Son Do Cami\u00f1o 2025 kicks off with the first names in the line-up - Indie\u00f3filo\",\"isPartOf\":{\"@id\":\"https:\/\/www.indieofilo.com\/#website\"},\"primaryImageOfPage\":{\"@id\":\"https:\/\/www.indieofilo.com\/en\/news\/o-son-do-camino-2025-kicks-off-with-the-first-names-in-the-line-up#primaryimage\"},\"image\":{\"@id\":\"https:\/\/www.indieofilo.com\/en\/news\/o-son-do-camino-2025-kicks-off-with-the-first-names-in-the-line-up#primaryimage\"},\"thumbnailUrl\":\"https:\/\/www.indieofilo.com\/wp-content\/uploads\/2024\/12\/O_Son_do_camino_2025_kings_of_leon-1.jpg\",\"datePublished\":\"2024-12-18T14:20:00+00:00\",\"dateModified\":\"2025-01-13T11:49:44+00:00\",\"description\":\"The first confirmations for O Son Do Cami\u00f1o 2025 include Kings Of Leon, Bryan Adams, Franz Ferdinand, Duki, Amaral and Carolina Durante.\",\"breadcrumb\":{\"@id\":\"https:\/\/www.indieofilo.com\/en\/news\/o-son-do-camino-2025-kicks-off-with-the-first-names-in-the-line-up#breadcrumb\"},\"inLanguage\":\"en-US\",\"potentialAction\":[{\"@type\":\"ReadAction\",\"target\":[\"https:\/\/www.indieofilo.com\/en\/news\/o-son-do-camino-2025-kicks-off-with-the-first-names-in-the-line-up\"]}]},{\"@type\":\"ImageObject\",\"inLanguage\":\"en-US\",\"@id\":\"https:\/\/www.indieofilo.com\/en\/news\/o-son-do-camino-2025-kicks-off-with-the-first-names-in-the-line-up#primaryimage\",\"url\":\"https:\/\/www.indieofilo.com\/wp-content\/uploads\/2024\/12\/O_Son_do_camino_2025_kings_of_leon-1.jpg\",\"contentUrl\":\"https:\/\/www.indieofilo.com\/wp-content\/uploads\/2024\/12\/O_Son_do_camino_2025_kings_of_leon-1.jpg\",\"width\":640,\"height\":800,\"caption\":\"O Son do cami\u00f1o 2025 - Kings of Leon\"},{\"@type\":\"BreadcrumbList\",\"@id\":\"https:\/\/www.indieofilo.com\/en\/news\/o-son-do-camino-2025-kicks-off-with-the-first-names-in-the-line-up#breadcrumb\",\"itemListElement\":[{\"@type\":\"ListItem\",\"position\":1,\"name\":\"Portada\",\"item\":\"https:\/\/www.indieofilo.com\/en\"},{\"@type\":\"ListItem\",\"position\":2,\"name\":\"O Son Do Cami\u00f1o 2025 kicks off with the first names in the line-up\"}]},{\"@type\":\"WebSite\",\"@id\":\"https:\/\/www.indieofilo.com\/#website\",\"url\":\"https:\/\/www.indieofilo.com\/\",\"name\":\"Indie\u00f3filo\",\"description\":\"Magazine online de la cultura independiente\",\"publisher\":{\"@id\":\"https:\/\/www.indieofilo.com\/#organization\"},\"potentialAction\":[{\"@type\":\"SearchAction\",\"target\":{\"@type\":\"EntryPoint\",\"urlTemplate\":\"https:\/\/www.indieofilo.com\/?s={search_term_string}\"},\"query-input\":{\"@type\":\"PropertyValueSpecification\",\"valueRequired\":true,\"valueName\":\"search_term_string\"}}],\"inLanguage\":\"en-US\"},{\"@type\":\"Organization\",\"@id\":\"https:\/\/www.indieofilo.com\/#organization\",\"name\":\"Indie\u00f3filo Web\",\"url\":\"https:\/\/www.indieofilo.com\/\",\"logo\":{\"@type\":\"ImageObject\",\"inLanguage\":\"en-US\",\"@id\":\"https:\/\/www.indieofilo.com\/#\/schema\/logo\/image\/\",\"url\":\"https:\/\/www.indieofilo.com\/wp-content\/uploads\/2015\/02\/logo-alta-resolucion.png\",\"contentUrl\":\"https:\/\/www.indieofilo.com\/wp-content\/uploads\/2015\/02\/logo-alta-resolucion.png\",\"width\":544,\"height\":185,\"caption\":\"Indie\u00f3filo Web\"},\"image\":{\"@id\":\"https:\/\/www.indieofilo.com\/#\/schema\/logo\/image\/\"},\"sameAs\":[\"https:\/\/www.facebook.com\/Indieofilo\/\",\"https:\/\/x.com\/indieofilo\",\"https:\/\/www.instagram.com\/indieofilo\/\"]},{\"@type\":\"Person\",\"@id\":\"https:\/\/www.indieofilo.com\/#\/schema\/person\/dd844cb4a8b8d3ab85f11fbea3a4e38d\",\"name\":\"Angela\",\"image\":{\"@type\":\"ImageObject\",\"inLanguage\":\"en-US\",\"@id\":\"https:\/\/www.indieofilo.com\/#\/schema\/person\/image\/\",\"url\":\"https:\/\/secure.gravatar.com\/avatar\/7dfe0c89e048600e760a30e5bc87a7c0?s=96&d=mm&r=g\",\"contentUrl\":\"https:\/\/secure.gravatar.com\/avatar\/7dfe0c89e048600e760a30e5bc87a7c0?s=96&d=mm&r=g\",\"caption\":\"Angela\"},\"description\":\"Apasionada de los vinilos y los casettes, me encontrar\u00e1s en la primera fila de cualquier concierto. Eso si, si tienes que algo que objetar sobre Pearl Jam o Nudozurdo, mejor que lo hablemos con una buena cena de por medio...\",\"url\":\"https:\/\/www.indieofilo.com\/en\/author\/angela\"}]}<\/script>\n<!-- \/ Yoast SEO Premium plugin. -->","yoast_head_json":{"title":"O Son Do Cami\u00f1o 2025 kicks off with the first names in the line-up - Indie\u00f3filo","description":"The first confirmations for O Son Do Cami\u00f1o 2025 include Kings Of Leon, Bryan Adams, Franz Ferdinand, Duki, Amaral and Carolina Durante.","robots":{"index":"index","follow":"follow","max-snippet":"max-snippet:-1","max-image-preview":"max-image-preview:large","max-video-preview":"max-video-preview:-1"},"canonical":"https:\/\/www.indieofilo.com\/en\/news\/o-son-do-camino-2025-kicks-off-with-the-first-names-in-the-line-up","og_locale":"en_US","og_type":"article","og_title":"O Son Do Cami\u00f1o 2025 kicks off with the first names in the line-up","og_description":"The first confirmations for O Son Do Cami\u00f1o 2025 include Kings Of Leon, Bryan Adams, Franz Ferdinand, Duki, Amaral and Carolina Durante.","og_url":"https:\/\/www.indieofilo.com\/en\/news\/o-son-do-camino-2025-kicks-off-with-the-first-names-in-the-line-up","og_site_name":"Indie\u00f3filo","article_publisher":"https:\/\/www.facebook.com\/Indieofilo\/","article_published_time":"2024-12-18T14:20:00+00:00","article_modified_time":"2025-01-13T11:49:44+00:00","og_image":[{"width":640,"height":800,"url":"http:\/\/www.indieofilo.com\/wp-content\/uploads\/2024\/12\/O_Son_do_camino_2025_kings_of_leon-1.jpg","type":"image\/jpeg"}],"author":"Angela","twitter_card":"summary_large_image","twitter_creator":"@indieofilo","twitter_site":"@indieofilo","twitter_misc":{"Written by":"Angela","Est. reading time":"2 minutes"},"schema":{"@context":"https:\/\/schema.org","@graph":[{"@type":"Article","@id":"https:\/\/www.indieofilo.com\/en\/news\/o-son-do-camino-2025-kicks-off-with-the-first-names-in-the-line-up#article","isPartOf":{"@id":"https:\/\/www.indieofilo.com\/en\/news\/o-son-do-camino-2025-kicks-off-with-the-first-names-in-the-line-up"},"author":{"name":"Angela","@id":"https:\/\/www.indieofilo.com\/#\/schema\/person\/dd844cb4a8b8d3ab85f11fbea3a4e38d"},"headline":"O Son Do Cami\u00f1o 2025 kicks off with the first names in the line-up","datePublished":"2024-12-18T14:20:00+00:00","dateModified":"2025-01-13T11:49:44+00:00","mainEntityOfPage":{"@id":"https:\/\/www.indieofilo.com\/en\/news\/o-son-do-camino-2025-kicks-off-with-the-first-names-in-the-line-up"},"wordCount":169,"commentCount":0,"publisher":{"@id":"https:\/\/www.indieofilo.com\/#organization"},"image":{"@id":"https:\/\/www.indieofilo.com\/en\/news\/o-son-do-camino-2025-kicks-off-with-the-first-names-in-the-line-up#primaryimage"},"thumbnailUrl":"https:\/\/www.indieofilo.com\/wp-content\/uploads\/2024\/12\/O_Son_do_camino_2025_kings_of_leon-1.jpg","keywords":["Amaral","Bryan Adams","Carolina Durante","Estopa","Franz Ferdinand","Kase.O","Kings Of Leon","O Son Do Cami\u00f1o","O Son Do Cami\u00f1o 2025","Steve Aoki"],"articleSection":["Live Shows","News"],"inLanguage":"en-US","potentialAction":[{"@type":"CommentAction","name":"Comment","target":["https:\/\/www.indieofilo.com\/en\/news\/o-son-do-camino-2025-kicks-off-with-the-first-names-in-the-line-up#respond"]}]},{"@type":"WebPage","@id":"https:\/\/www.indieofilo.com\/en\/news\/o-son-do-camino-2025-kicks-off-with-the-first-names-in-the-line-up","url":"https:\/\/www.indieofilo.com\/en\/news\/o-son-do-camino-2025-kicks-off-with-the-first-names-in-the-line-up","name":"O Son Do Cami\u00f1o 2025 kicks off with the first names in the line-up - Indie\u00f3filo","isPartOf":{"@id":"https:\/\/www.indieofilo.com\/#website"},"primaryImageOfPage":{"@id":"https:\/\/www.indieofilo.com\/en\/news\/o-son-do-camino-2025-kicks-off-with-the-first-names-in-the-line-up#primaryimage"},"image":{"@id":"https:\/\/www.indieofilo.com\/en\/news\/o-son-do-camino-2025-kicks-off-with-the-first-names-in-the-line-up#primaryimage"},"thumbnailUrl":"https:\/\/www.indieofilo.com\/wp-content\/uploads\/2024\/12\/O_Son_do_camino_2025_kings_of_leon-1.jpg","datePublished":"2024-12-18T14:20:00+00:00","dateModified":"2025-01-13T11:49:44+00:00","description":"The first confirmations for O Son Do Cami\u00f1o 2025 include Kings Of Leon, Bryan Adams, Franz Ferdinand, Duki, Amaral and Carolina Durante.","breadcrumb":{"@id":"https:\/\/www.indieofilo.com\/en\/news\/o-son-do-camino-2025-kicks-off-with-the-first-names-in-the-line-up#breadcrumb"},"inLanguage":"en-US","potentialAction":[{"@type":"ReadAction","target":["https:\/\/www.indieofilo.com\/en\/news\/o-son-do-camino-2025-kicks-off-with-the-first-names-in-the-line-up"]}]},{"@type":"ImageObject","inLanguage":"en-US","@id":"https:\/\/www.indieofilo.com\/en\/news\/o-son-do-camino-2025-kicks-off-with-the-first-names-in-the-line-up#primaryimage","url":"https:\/\/www.indieofilo.com\/wp-content\/uploads\/2024\/12\/O_Son_do_camino_2025_kings_of_leon-1.jpg","contentUrl":"https:\/\/www.indieofilo.com\/wp-content\/uploads\/2024\/12\/O_Son_do_camino_2025_kings_of_leon-1.jpg","width":640,"height":800,"caption":"O Son do cami\u00f1o 2025 - Kings of Leon"},{"@type":"BreadcrumbList","@id":"https:\/\/www.indieofilo.com\/en\/news\/o-son-do-camino-2025-kicks-off-with-the-first-names-in-the-line-up#breadcrumb","itemListElement":[{"@type":"ListItem","position":1,"name":"Portada","item":"https:\/\/www.indieofilo.com\/en"},{"@type":"ListItem","position":2,"name":"O Son Do Cami\u00f1o 2025 kicks off with the first names in the line-up"}]},{"@type":"WebSite","@id":"https:\/\/www.indieofilo.com\/#website","url":"https:\/\/www.indieofilo.com\/","name":"Indie\u00f3filo","description":"Magazine online de la cultura independiente","publisher":{"@id":"https:\/\/www.indieofilo.com\/#organization"},"potentialAction":[{"@type":"SearchAction","target":{"@type":"EntryPoint","urlTemplate":"https:\/\/www.indieofilo.com\/?s={search_term_string}"},"query-input":{"@type":"PropertyValueSpecification","valueRequired":true,"valueName":"search_term_string"}}],"inLanguage":"en-US"},{"@type":"Organization","@id":"https:\/\/www.indieofilo.com\/#organization","name":"Indie\u00f3filo Web","url":"https:\/\/www.indieofilo.com\/","logo":{"@type":"ImageObject","inLanguage":"en-US","@id":"https:\/\/www.indieofilo.com\/#\/schema\/logo\/image\/","url":"https:\/\/www.indieofilo.com\/wp-content\/uploads\/2015\/02\/logo-alta-resolucion.png","contentUrl":"https:\/\/www.indieofilo.com\/wp-content\/uploads\/2015\/02\/logo-alta-resolucion.png","width":544,"height":185,"caption":"Indie\u00f3filo Web"},"image":{"@id":"https:\/\/www.indieofilo.com\/#\/schema\/logo\/image\/"},"sameAs":["https:\/\/www.facebook.com\/Indieofilo\/","https:\/\/x.com\/indieofilo","https:\/\/www.instagram.com\/indieofilo\/"]},{"@type":"Person","@id":"https:\/\/www.indieofilo.com\/#\/schema\/person\/dd844cb4a8b8d3ab85f11fbea3a4e38d","name":"Angela","image":{"@type":"ImageObject","inLanguage":"en-US","@id":"https:\/\/www.indieofilo.com\/#\/schema\/person\/image\/","url":"https:\/\/secure.gravatar.com\/avatar\/7dfe0c89e048600e760a30e5bc87a7c0?s=96&d=mm&r=g","contentUrl":"https:\/\/secure.gravatar.com\/avatar\/7dfe0c89e048600e760a30e5bc87a7c0?s=96&d=mm&r=g","caption":"Angela"},"description":"Apasionada de los vinilos y los casettes, me encontrar\u00e1s en la primera fila de cualquier concierto. Eso si, si tienes que algo que objetar sobre Pearl Jam o Nudozurdo, mejor que lo hablemos con una buena cena de por medio...","url":"https:\/\/www.indieofilo.com\/en\/author\/angela"}]}},"_links":{"self":[{"href":"https:\/\/www.indieofilo.com\/en\/wp-json\/wp\/v2\/posts\/46106","targetHints":{"allow":["GET"]}}],"collection":[{"href":"https:\/\/www.indieofilo.com\/en\/wp-json\/wp\/v2\/posts"}],"about":[{"href":"https:\/\/www.indieofilo.com\/en\/wp-json\/wp\/v2\/types\/post"}],"author":[{"embeddable":true,"href":"https:\/\/www.indieofilo.com\/en\/wp-json\/wp\/v2\/users\/2"}],"replies":[{"embeddable":true,"href":"https:\/\/www.indieofilo.com\/en\/wp-json\/wp\/v2\/comments?post=46106"}],"version-history":[{"count":0,"href":"https:\/\/www.indieofilo.com\/en\/wp-json\/wp\/v2\/posts\/46106\/revisions"}],"wp:featuredmedia":[{"embeddable":true,"href":"https:\/\/www.indieofilo.com\/en\/wp-json\/wp\/v2\/media\/46102"}],"wp:attachment":[{"href":"https:\/\/www.indieofilo.com\/en\/wp-json\/wp\/v2\/media?parent=46106"}],"wp:term":[{"taxonomy":"category","embeddable":true,"href":"https:\/\/www.indieofilo.com\/en\/wp-json\/wp\/v2\/categories?post=46106"},{"taxonomy":"post_tag","embeddable":true,"href":"https:\/\/www.indieofilo.com\/en\/wp-json\/wp\/v2\/tags?post=46106"}],"curies":[{"name":"wp","href":"https:\/\/api.w.org\/{rel}","templated":true}]}}