{"id":46079,"date":"2024-12-11T19:30:00","date_gmt":"2024-12-11T18:30:00","guid":{"rendered":"https:\/\/www.indieofilo.com\/news\/music\/line-up-announced-for-bcn-2025-guitar"},"modified":"2025-01-13T12:14:13","modified_gmt":"2025-01-13T11:14:13","slug":"line-up-announced-for-bcn-2025-guitar","status":"publish","type":"post","link":"https:\/\/www.indieofilo.com\/en\/news\/live-shows\/line-up-announced-for-bcn-2025-guitar","title":{"rendered":"Line-up announced for BCN 2025 guitar"},"content":{"rendered":"<p style=\"text-align: justify;\">Faithful to their appointment with the concert agenda of the Catalan capital, The Project, organisers of Guitar BCN, have announced most of the line-up for <strong>Guitar BCN 2025<\/strong>, which will be the 35th edition of the Catalan festival.<\/p>\n<p style=\"text-align: justify;\">Among the big names this year, one of the highlights is the presence of <strong>Santana<\/strong>, who after two decades without visiting Barcelona will perform at the Palau Sant Jordi on 26 July 2025 as part of the 25th anniversary tour of <em>Supernatural <\/em>(1999). Alongside him we will be able to see big names on the national scene such as <strong>Viva <\/strong><strong>Suecia <\/strong>filling the Gran Teatre del Liceu on 19 January, <strong>Iv\u00e1n Ferreiro<\/strong> and <strong>Xoel L\u00f3pez<\/strong>, performing at l&#8217;Hivernacle del Poble Espanyol, <strong>Rodrigo Cuevas<\/strong> and <strong>Califato <sup>3\/4<\/sup> <\/strong>at Sala Razzmatazz and <strong>Amaral <\/strong>presenting their long-awaited new album at the Sant Jordi Club on 13 June.<\/p>\n<p style=\"text-align: justify;\">In addition, there are concerts ranging from the delicacy of the French <strong>Madeleine Peyroux<\/strong> to the <strong>Stay Homas<\/strong> party before an indefinite break or the solo performance by <strong>Adri\u00e0 Salas<\/strong> of <strong>La Pegatina<\/strong>. The line-up also includes shows by <strong>Bebe<\/strong>, <strong>Carlos Sadness<\/strong>, <strong>Coque Malla<\/strong>, <strong>Marina Reche<\/strong>, <strong>Ginest\u00e0<\/strong>, <strong>Suu<\/strong>, <strong>Els Amics de les Arts<\/strong>, or international artists with classical music stars such as two piano virtuosos like <strong>Tony<\/strong> <strong>Ann<\/strong> or the Polish <strong>Hannia<\/strong> <strong>Rani<\/strong> or the closing of the festival by <strong>Jason<\/strong> <strong>Mraz<\/strong> on 15 January at the Palau de la M\u00fasica Catalana.<\/p>\n<p style=\"text-align: justify;\">Visit the <a href=\"https:\/\/www.guitarbcn.com\/\" target=\"_blank\" rel=\"noopener\">festival&#8217;s official website<\/a> to buy tickets for each show.<\/p>\n<p><img fetchpriority=\"high\" decoding=\"async\" class=\"aligncenter size-medium wp-image-46076\" src=\"http:\/\/www.indieofilo.com\/wp-content\/uploads\/2024\/12\/Guitar_BCN_2025-800x453.jpg\" alt=\"Guitar BCN 2025\" width=\"800\" height=\"453\" srcset=\"https:\/\/www.indieofilo.com\/wp-content\/uploads\/2024\/12\/Guitar_BCN_2025-800x453.jpg 800w, https:\/\/www.indieofilo.com\/wp-content\/uploads\/2024\/12\/Guitar_BCN_2025-1024x580.jpg 1024w, https:\/\/www.indieofilo.com\/wp-content\/uploads\/2024\/12\/Guitar_BCN_2025-600x340.jpg 600w, https:\/\/www.indieofilo.com\/wp-content\/uploads\/2024\/12\/Guitar_BCN_2025-768x435.jpg 768w, https:\/\/www.indieofilo.com\/wp-content\/uploads\/2024\/12\/Guitar_BCN_2025.jpg 1500w\" sizes=\"(max-width: 800px) 100vw, 800px\" \/><\/p>\n","protected":false},"excerpt":{"rendered":"<p>Faithful to their appointment with the concert agenda of the Catalan capital, The Project, organisers of Guitar BCN, have announced most of the line-up for Guitar BCN 2025, which will be the 35th edition of the Catalan festival. Among the big names this year, one of the highlights is the presence of Santana, who after [&hellip;]<\/p>\n","protected":false},"author":1,"featured_media":46076,"comment_status":"open","ping_status":"closed","sticky":false,"template":"","format":"standard","meta":{"footnotes":""},"categories":[41,8],"tags":[6181,4961,7460,7612,7614,5609,7615,7613,5427,5521],"class_list":["post-46079","post","type-post","status-publish","format-standard","has-post-thumbnail","hentry","category-live-shows","category-news","tag-amaral-en","tag-barcelona-en","tag-califato--en","tag-guitar-bcn-en","tag-guitar-bcn-2025-en","tag-ivan-ferreiro-en","tag-madeleine-peyroux-en","tag-rodrigo-cuevas-en","tag-viva-suecia-en","tag-xoel-lopez-en"],"yoast_head":"<!-- This site is optimized with the Yoast SEO Premium plugin v23.9 (Yoast SEO v26.6) - https:\/\/yoast.com\/wordpress\/plugins\/seo\/ -->\n<title>Line-up announced for BCN 2025 guitar - Indie\u00f3filo<\/title>\n<meta name=\"description\" content=\"Some of the names on the Guitar BCN 2025 line-up include Santana, Amaral, Viva Suecia, Iv\u00e1n Ferreiro, Xoel L\u00f3pez and Rodrigo Cuevas.\" \/>\n<meta name=\"robots\" content=\"index, follow, max-snippet:-1, max-image-preview:large, max-video-preview:-1\" \/>\n<link rel=\"canonical\" href=\"https:\/\/www.indieofilo.com\/en\/news\/live-shows\/line-up-announced-for-bcn-2025-guitar\" \/>\n<meta property=\"og:locale\" content=\"en_US\" \/>\n<meta property=\"og:type\" content=\"article\" \/>\n<meta property=\"og:title\" content=\"Line-up announced for BCN 2025 guitar\" \/>\n<meta property=\"og:description\" content=\"Some of the names on the Guitar BCN 2025 line-up include Santana, Amaral, Viva Suecia, Iv\u00e1n Ferreiro, Xoel L\u00f3pez and Rodrigo Cuevas.\" \/>\n<meta property=\"og:url\" content=\"https:\/\/www.indieofilo.com\/en\/news\/live-shows\/line-up-announced-for-bcn-2025-guitar\" \/>\n<meta property=\"og:site_name\" content=\"Indie\u00f3filo\" \/>\n<meta property=\"article:publisher\" content=\"https:\/\/www.facebook.com\/Indieofilo\/\" \/>\n<meta property=\"article:published_time\" content=\"2024-12-11T18:30:00+00:00\" \/>\n<meta property=\"article:modified_time\" content=\"2025-01-13T11:14:13+00:00\" \/>\n<meta property=\"og:image\" content=\"http:\/\/www.indieofilo.com\/wp-content\/uploads\/2024\/12\/Guitar_BCN_2025.jpg\" \/>\n\t<meta property=\"og:image:width\" content=\"1500\" \/>\n\t<meta property=\"og:image:height\" content=\"850\" \/>\n\t<meta property=\"og:image:type\" content=\"image\/jpeg\" \/>\n<meta name=\"author\" content=\"Victor\" \/>\n<meta name=\"twitter:card\" content=\"summary_large_image\" \/>\n<meta name=\"twitter:creator\" content=\"@indieofilo\" \/>\n<meta name=\"twitter:site\" content=\"@indieofilo\" \/>\n<meta name=\"twitter:label1\" content=\"Written by\" \/>\n\t<meta name=\"twitter:data1\" content=\"Victor\" \/>\n\t<meta name=\"twitter:label2\" content=\"Est. reading time\" \/>\n\t<meta name=\"twitter:data2\" content=\"2 minutes\" \/>\n<script type=\"application\/ld+json\" class=\"yoast-schema-graph\">{\"@context\":\"https:\/\/schema.org\",\"@graph\":[{\"@type\":\"Article\",\"@id\":\"https:\/\/www.indieofilo.com\/en\/news\/live-shows\/line-up-announced-for-bcn-2025-guitar#article\",\"isPartOf\":{\"@id\":\"https:\/\/www.indieofilo.com\/en\/news\/live-shows\/line-up-announced-for-bcn-2025-guitar\"},\"author\":{\"name\":\"Victor\",\"@id\":\"https:\/\/www.indieofilo.com\/#\/schema\/person\/595334d38590e4ce5a09f83cbf2fca90\"},\"headline\":\"Line-up announced for BCN 2025 guitar\",\"datePublished\":\"2024-12-11T18:30:00+00:00\",\"dateModified\":\"2025-01-13T11:14:13+00:00\",\"mainEntityOfPage\":{\"@id\":\"https:\/\/www.indieofilo.com\/en\/news\/live-shows\/line-up-announced-for-bcn-2025-guitar\"},\"wordCount\":245,\"commentCount\":0,\"publisher\":{\"@id\":\"https:\/\/www.indieofilo.com\/#organization\"},\"image\":{\"@id\":\"https:\/\/www.indieofilo.com\/en\/news\/live-shows\/line-up-announced-for-bcn-2025-guitar#primaryimage\"},\"thumbnailUrl\":\"https:\/\/www.indieofilo.com\/wp-content\/uploads\/2024\/12\/Guitar_BCN_2025.jpg\",\"keywords\":[\"Amaral\",\"Barcelona\",\"Califato \u00be\",\"Guitar BCN\",\"Guitar BCN 2025\",\"Iv\u00e1n Ferreiro\",\"Madeleine Peyroux\",\"Rodrigo Cuevas\",\"Viva Suecia\",\"Xoel Lopez\"],\"articleSection\":[\"Live Shows\",\"News\"],\"inLanguage\":\"en-US\",\"potentialAction\":[{\"@type\":\"CommentAction\",\"name\":\"Comment\",\"target\":[\"https:\/\/www.indieofilo.com\/en\/news\/live-shows\/line-up-announced-for-bcn-2025-guitar#respond\"]}]},{\"@type\":\"WebPage\",\"@id\":\"https:\/\/www.indieofilo.com\/en\/news\/live-shows\/line-up-announced-for-bcn-2025-guitar\",\"url\":\"https:\/\/www.indieofilo.com\/en\/news\/live-shows\/line-up-announced-for-bcn-2025-guitar\",\"name\":\"Line-up announced for BCN 2025 guitar - Indie\u00f3filo\",\"isPartOf\":{\"@id\":\"https:\/\/www.indieofilo.com\/#website\"},\"primaryImageOfPage\":{\"@id\":\"https:\/\/www.indieofilo.com\/en\/news\/live-shows\/line-up-announced-for-bcn-2025-guitar#primaryimage\"},\"image\":{\"@id\":\"https:\/\/www.indieofilo.com\/en\/news\/live-shows\/line-up-announced-for-bcn-2025-guitar#primaryimage\"},\"thumbnailUrl\":\"https:\/\/www.indieofilo.com\/wp-content\/uploads\/2024\/12\/Guitar_BCN_2025.jpg\",\"datePublished\":\"2024-12-11T18:30:00+00:00\",\"dateModified\":\"2025-01-13T11:14:13+00:00\",\"description\":\"Some of the names on the Guitar BCN 2025 line-up include Santana, Amaral, Viva Suecia, Iv\u00e1n Ferreiro, Xoel L\u00f3pez and Rodrigo Cuevas.\",\"breadcrumb\":{\"@id\":\"https:\/\/www.indieofilo.com\/en\/news\/live-shows\/line-up-announced-for-bcn-2025-guitar#breadcrumb\"},\"inLanguage\":\"en-US\",\"potentialAction\":[{\"@type\":\"ReadAction\",\"target\":[\"https:\/\/www.indieofilo.com\/en\/news\/live-shows\/line-up-announced-for-bcn-2025-guitar\"]}]},{\"@type\":\"ImageObject\",\"inLanguage\":\"en-US\",\"@id\":\"https:\/\/www.indieofilo.com\/en\/news\/live-shows\/line-up-announced-for-bcn-2025-guitar#primaryimage\",\"url\":\"https:\/\/www.indieofilo.com\/wp-content\/uploads\/2024\/12\/Guitar_BCN_2025.jpg\",\"contentUrl\":\"https:\/\/www.indieofilo.com\/wp-content\/uploads\/2024\/12\/Guitar_BCN_2025.jpg\",\"width\":1500,\"height\":850,\"caption\":\"Guitar BCN 2025\"},{\"@type\":\"BreadcrumbList\",\"@id\":\"https:\/\/www.indieofilo.com\/en\/news\/live-shows\/line-up-announced-for-bcn-2025-guitar#breadcrumb\",\"itemListElement\":[{\"@type\":\"ListItem\",\"position\":1,\"name\":\"Portada\",\"item\":\"https:\/\/www.indieofilo.com\/en\"},{\"@type\":\"ListItem\",\"position\":2,\"name\":\"Line-up announced for BCN 2025 guitar\"}]},{\"@type\":\"WebSite\",\"@id\":\"https:\/\/www.indieofilo.com\/#website\",\"url\":\"https:\/\/www.indieofilo.com\/\",\"name\":\"Indie\u00f3filo\",\"description\":\"Magazine online de la cultura independiente\",\"publisher\":{\"@id\":\"https:\/\/www.indieofilo.com\/#organization\"},\"potentialAction\":[{\"@type\":\"SearchAction\",\"target\":{\"@type\":\"EntryPoint\",\"urlTemplate\":\"https:\/\/www.indieofilo.com\/?s={search_term_string}\"},\"query-input\":{\"@type\":\"PropertyValueSpecification\",\"valueRequired\":true,\"valueName\":\"search_term_string\"}}],\"inLanguage\":\"en-US\"},{\"@type\":\"Organization\",\"@id\":\"https:\/\/www.indieofilo.com\/#organization\",\"name\":\"Indie\u00f3filo Web\",\"url\":\"https:\/\/www.indieofilo.com\/\",\"logo\":{\"@type\":\"ImageObject\",\"inLanguage\":\"en-US\",\"@id\":\"https:\/\/www.indieofilo.com\/#\/schema\/logo\/image\/\",\"url\":\"https:\/\/www.indieofilo.com\/wp-content\/uploads\/2015\/02\/logo-alta-resolucion.png\",\"contentUrl\":\"https:\/\/www.indieofilo.com\/wp-content\/uploads\/2015\/02\/logo-alta-resolucion.png\",\"width\":544,\"height\":185,\"caption\":\"Indie\u00f3filo Web\"},\"image\":{\"@id\":\"https:\/\/www.indieofilo.com\/#\/schema\/logo\/image\/\"},\"sameAs\":[\"https:\/\/www.facebook.com\/Indieofilo\/\",\"https:\/\/x.com\/indieofilo\",\"https:\/\/www.instagram.com\/indieofilo\/\"]},{\"@type\":\"Person\",\"@id\":\"https:\/\/www.indieofilo.com\/#\/schema\/person\/595334d38590e4ce5a09f83cbf2fca90\",\"name\":\"Victor\",\"image\":{\"@type\":\"ImageObject\",\"inLanguage\":\"en-US\",\"@id\":\"https:\/\/www.indieofilo.com\/#\/schema\/person\/image\/\",\"url\":\"https:\/\/secure.gravatar.com\/avatar\/682b8c6ea3e94b6cffec683b25f1797d?s=96&d=mm&r=g\",\"contentUrl\":\"https:\/\/secure.gravatar.com\/avatar\/682b8c6ea3e94b6cffec683b25f1797d?s=96&d=mm&r=g\",\"caption\":\"Victor\"},\"description\":\"Fan\u00e1tico de la m\u00fasica desde que mis padres me pon\u00edan a Eydie Gorme y Los Panchos o el Discotuna por la A2. Intent\u00e9 tocar varios instrumentos, pero soy muy torpe con la mano izquierda, as\u00ed que ya sab\u00e9is el resultado final. Fan del britpop, Post-punk, el rugby y el baloncesto...\",\"sameAs\":[\"http:\/\/indieofilo.com\"],\"url\":\"https:\/\/www.indieofilo.com\/en\/author\/victor\"}]}<\/script>\n<!-- \/ Yoast SEO Premium plugin. -->","yoast_head_json":{"title":"Line-up announced for BCN 2025 guitar - Indie\u00f3filo","description":"Some of the names on the Guitar BCN 2025 line-up include Santana, Amaral, Viva Suecia, Iv\u00e1n Ferreiro, Xoel L\u00f3pez and Rodrigo Cuevas.","robots":{"index":"index","follow":"follow","max-snippet":"max-snippet:-1","max-image-preview":"max-image-preview:large","max-video-preview":"max-video-preview:-1"},"canonical":"https:\/\/www.indieofilo.com\/en\/news\/live-shows\/line-up-announced-for-bcn-2025-guitar","og_locale":"en_US","og_type":"article","og_title":"Line-up announced for BCN 2025 guitar","og_description":"Some of the names on the Guitar BCN 2025 line-up include Santana, Amaral, Viva Suecia, Iv\u00e1n Ferreiro, Xoel L\u00f3pez and Rodrigo Cuevas.","og_url":"https:\/\/www.indieofilo.com\/en\/news\/live-shows\/line-up-announced-for-bcn-2025-guitar","og_site_name":"Indie\u00f3filo","article_publisher":"https:\/\/www.facebook.com\/Indieofilo\/","article_published_time":"2024-12-11T18:30:00+00:00","article_modified_time":"2025-01-13T11:14:13+00:00","og_image":[{"width":1500,"height":850,"url":"http:\/\/www.indieofilo.com\/wp-content\/uploads\/2024\/12\/Guitar_BCN_2025.jpg","type":"image\/jpeg"}],"author":"Victor","twitter_card":"summary_large_image","twitter_creator":"@indieofilo","twitter_site":"@indieofilo","twitter_misc":{"Written by":"Victor","Est. reading time":"2 minutes"},"schema":{"@context":"https:\/\/schema.org","@graph":[{"@type":"Article","@id":"https:\/\/www.indieofilo.com\/en\/news\/live-shows\/line-up-announced-for-bcn-2025-guitar#article","isPartOf":{"@id":"https:\/\/www.indieofilo.com\/en\/news\/live-shows\/line-up-announced-for-bcn-2025-guitar"},"author":{"name":"Victor","@id":"https:\/\/www.indieofilo.com\/#\/schema\/person\/595334d38590e4ce5a09f83cbf2fca90"},"headline":"Line-up announced for BCN 2025 guitar","datePublished":"2024-12-11T18:30:00+00:00","dateModified":"2025-01-13T11:14:13+00:00","mainEntityOfPage":{"@id":"https:\/\/www.indieofilo.com\/en\/news\/live-shows\/line-up-announced-for-bcn-2025-guitar"},"wordCount":245,"commentCount":0,"publisher":{"@id":"https:\/\/www.indieofilo.com\/#organization"},"image":{"@id":"https:\/\/www.indieofilo.com\/en\/news\/live-shows\/line-up-announced-for-bcn-2025-guitar#primaryimage"},"thumbnailUrl":"https:\/\/www.indieofilo.com\/wp-content\/uploads\/2024\/12\/Guitar_BCN_2025.jpg","keywords":["Amaral","Barcelona","Califato \u00be","Guitar BCN","Guitar BCN 2025","Iv\u00e1n Ferreiro","Madeleine Peyroux","Rodrigo Cuevas","Viva Suecia","Xoel Lopez"],"articleSection":["Live Shows","News"],"inLanguage":"en-US","potentialAction":[{"@type":"CommentAction","name":"Comment","target":["https:\/\/www.indieofilo.com\/en\/news\/live-shows\/line-up-announced-for-bcn-2025-guitar#respond"]}]},{"@type":"WebPage","@id":"https:\/\/www.indieofilo.com\/en\/news\/live-shows\/line-up-announced-for-bcn-2025-guitar","url":"https:\/\/www.indieofilo.com\/en\/news\/live-shows\/line-up-announced-for-bcn-2025-guitar","name":"Line-up announced for BCN 2025 guitar - Indie\u00f3filo","isPartOf":{"@id":"https:\/\/www.indieofilo.com\/#website"},"primaryImageOfPage":{"@id":"https:\/\/www.indieofilo.com\/en\/news\/live-shows\/line-up-announced-for-bcn-2025-guitar#primaryimage"},"image":{"@id":"https:\/\/www.indieofilo.com\/en\/news\/live-shows\/line-up-announced-for-bcn-2025-guitar#primaryimage"},"thumbnailUrl":"https:\/\/www.indieofilo.com\/wp-content\/uploads\/2024\/12\/Guitar_BCN_2025.jpg","datePublished":"2024-12-11T18:30:00+00:00","dateModified":"2025-01-13T11:14:13+00:00","description":"Some of the names on the Guitar BCN 2025 line-up include Santana, Amaral, Viva Suecia, Iv\u00e1n Ferreiro, Xoel L\u00f3pez and Rodrigo Cuevas.","breadcrumb":{"@id":"https:\/\/www.indieofilo.com\/en\/news\/live-shows\/line-up-announced-for-bcn-2025-guitar#breadcrumb"},"inLanguage":"en-US","potentialAction":[{"@type":"ReadAction","target":["https:\/\/www.indieofilo.com\/en\/news\/live-shows\/line-up-announced-for-bcn-2025-guitar"]}]},{"@type":"ImageObject","inLanguage":"en-US","@id":"https:\/\/www.indieofilo.com\/en\/news\/live-shows\/line-up-announced-for-bcn-2025-guitar#primaryimage","url":"https:\/\/www.indieofilo.com\/wp-content\/uploads\/2024\/12\/Guitar_BCN_2025.jpg","contentUrl":"https:\/\/www.indieofilo.com\/wp-content\/uploads\/2024\/12\/Guitar_BCN_2025.jpg","width":1500,"height":850,"caption":"Guitar BCN 2025"},{"@type":"BreadcrumbList","@id":"https:\/\/www.indieofilo.com\/en\/news\/live-shows\/line-up-announced-for-bcn-2025-guitar#breadcrumb","itemListElement":[{"@type":"ListItem","position":1,"name":"Portada","item":"https:\/\/www.indieofilo.com\/en"},{"@type":"ListItem","position":2,"name":"Line-up announced for BCN 2025 guitar"}]},{"@type":"WebSite","@id":"https:\/\/www.indieofilo.com\/#website","url":"https:\/\/www.indieofilo.com\/","name":"Indie\u00f3filo","description":"Magazine online de la cultura independiente","publisher":{"@id":"https:\/\/www.indieofilo.com\/#organization"},"potentialAction":[{"@type":"SearchAction","target":{"@type":"EntryPoint","urlTemplate":"https:\/\/www.indieofilo.com\/?s={search_term_string}"},"query-input":{"@type":"PropertyValueSpecification","valueRequired":true,"valueName":"search_term_string"}}],"inLanguage":"en-US"},{"@type":"Organization","@id":"https:\/\/www.indieofilo.com\/#organization","name":"Indie\u00f3filo Web","url":"https:\/\/www.indieofilo.com\/","logo":{"@type":"ImageObject","inLanguage":"en-US","@id":"https:\/\/www.indieofilo.com\/#\/schema\/logo\/image\/","url":"https:\/\/www.indieofilo.com\/wp-content\/uploads\/2015\/02\/logo-alta-resolucion.png","contentUrl":"https:\/\/www.indieofilo.com\/wp-content\/uploads\/2015\/02\/logo-alta-resolucion.png","width":544,"height":185,"caption":"Indie\u00f3filo Web"},"image":{"@id":"https:\/\/www.indieofilo.com\/#\/schema\/logo\/image\/"},"sameAs":["https:\/\/www.facebook.com\/Indieofilo\/","https:\/\/x.com\/indieofilo","https:\/\/www.instagram.com\/indieofilo\/"]},{"@type":"Person","@id":"https:\/\/www.indieofilo.com\/#\/schema\/person\/595334d38590e4ce5a09f83cbf2fca90","name":"Victor","image":{"@type":"ImageObject","inLanguage":"en-US","@id":"https:\/\/www.indieofilo.com\/#\/schema\/person\/image\/","url":"https:\/\/secure.gravatar.com\/avatar\/682b8c6ea3e94b6cffec683b25f1797d?s=96&d=mm&r=g","contentUrl":"https:\/\/secure.gravatar.com\/avatar\/682b8c6ea3e94b6cffec683b25f1797d?s=96&d=mm&r=g","caption":"Victor"},"description":"Fan\u00e1tico de la m\u00fasica desde que mis padres me pon\u00edan a Eydie Gorme y Los Panchos o el Discotuna por la A2. Intent\u00e9 tocar varios instrumentos, pero soy muy torpe con la mano izquierda, as\u00ed que ya sab\u00e9is el resultado final. Fan del britpop, Post-punk, el rugby y el baloncesto...","sameAs":["http:\/\/indieofilo.com"],"url":"https:\/\/www.indieofilo.com\/en\/author\/victor"}]}},"_links":{"self":[{"href":"https:\/\/www.indieofilo.com\/en\/wp-json\/wp\/v2\/posts\/46079","targetHints":{"allow":["GET"]}}],"collection":[{"href":"https:\/\/www.indieofilo.com\/en\/wp-json\/wp\/v2\/posts"}],"about":[{"href":"https:\/\/www.indieofilo.com\/en\/wp-json\/wp\/v2\/types\/post"}],"author":[{"embeddable":true,"href":"https:\/\/www.indieofilo.com\/en\/wp-json\/wp\/v2\/users\/1"}],"replies":[{"embeddable":true,"href":"https:\/\/www.indieofilo.com\/en\/wp-json\/wp\/v2\/comments?post=46079"}],"version-history":[{"count":0,"href":"https:\/\/www.indieofilo.com\/en\/wp-json\/wp\/v2\/posts\/46079\/revisions"}],"wp:featuredmedia":[{"embeddable":true,"href":"https:\/\/www.indieofilo.com\/en\/wp-json\/wp\/v2\/media\/46076"}],"wp:attachment":[{"href":"https:\/\/www.indieofilo.com\/en\/wp-json\/wp\/v2\/media?parent=46079"}],"wp:term":[{"taxonomy":"category","embeddable":true,"href":"https:\/\/www.indieofilo.com\/en\/wp-json\/wp\/v2\/categories?post=46079"},{"taxonomy":"post_tag","embeddable":true,"href":"https:\/\/www.indieofilo.com\/en\/wp-json\/wp\/v2\/tags?post=46079"}],"curies":[{"name":"wp","href":"https:\/\/api.w.org\/{rel}","templated":true}]}}