{"id":46012,"date":"2024-12-11T21:04:00","date_gmt":"2024-12-11T20:04:00","guid":{"rendered":"https:\/\/www.indieofilo.com\/news\/music\/alma-festival-barcelona-2025-confirms-madness-residente-and-the-coors"},"modified":"2025-01-13T10:41:14","modified_gmt":"2025-01-13T09:41:14","slug":"alma-festival-barcelona-2025-confirms-madness-residente-and-the-coors","status":"publish","type":"post","link":"https:\/\/www.indieofilo.com\/en\/news\/alma-festival-barcelona-2025-confirms-madness-residente-and-the-coors","title":{"rendered":"Alma Festival Barcelona 2025 confirms Madness, Residente and The Coors"},"content":{"rendered":"<p style=\"text-align: justify;\">If at the end of last November the organisers of the <strong>Alma Festival Barcelona 2025<\/strong> <a href=\"https:\/\/www.indieofilo.com\/noticias\/conciertos\/el-alma-festival-barcelona-2025-desvela-4-nuevos-nombres-para-su-cartel\">announced Guitarricadelafeunte, Zahara and Parov Stelar<\/a> as the new members of the Catalan concert series, last week new bands were confirmed to perform on the stage of the Poble Espanyol in Barcelona <span class=\"x193iq5w xeuugli x13faqbe x1vvkbs x1xmvt09 x1lliihq x1s928wv xhkezso x1gmr53x x1cpjm7i x1fgarty x1943h6x xudqn12 x3x7a5m x6prxxf xvq8zen xo1l8bm xzsf02u\" dir=\"auto\">from 25th June to 22nd July<\/span>.<\/p>\n<p style=\"text-align: justify;\">The first name announced was that of the British band <strong>Madness<\/strong>, who will present their thirteenth studio album <em>C&#8217;Est La Vie<\/em> (2023) in the Catalan capital on 4 July. Then came the confirmation of the Irish band <strong>The Coors<\/strong>, who, after many years without touring as a band due to the solo adventures of some of their members, have reunited for a greatest hits tour that, after visiting Ireland and the United Kingdom, will include stops in Germany and Spain, specifically at the <strong>Alma Occident Festival in Barcelona (29 June) and Madrid (30 June)<\/strong>.<\/p>\n<p style=\"text-align: justify;\">Finally, the Puerto Rican Ren\u00e9 P\u00e9rez, better known by his artistic alter ego <strong>Residente<\/strong>, has also been confirmed and will return to Barcelona on 14th July 2025 after his visit to the Palau Sant Jordi last September as part of his <em>Las Letras No Importan<\/em> tour.<\/p>\n<p style=\"text-align: justify;\">Tickets for all Alma Festival 2025 concerts, both in Madrid and Barcelona, are available on the <a href=\"https:\/\/almafestival.info\/barcelona\/\" target=\"_blank\" rel=\"noopener\">festival&#8217;s official website<\/a>.<\/p>\n<p><img fetchpriority=\"high\" decoding=\"async\" class=\"aligncenter size-large wp-image-46009\" src=\"http:\/\/www.indieofilo.com\/wp-content\/uploads\/2024\/12\/alma_festival_barcelona_2025_Residente-683x683.jpg\" alt=\"Alma Festival Barcelona 2025 - Residente\" width=\"683\" height=\"683\" srcset=\"https:\/\/www.indieofilo.com\/wp-content\/uploads\/2024\/12\/alma_festival_barcelona_2025_Residente-683x683.jpg 683w, https:\/\/www.indieofilo.com\/wp-content\/uploads\/2024\/12\/alma_festival_barcelona_2025_Residente-533x533.jpg 533w, https:\/\/www.indieofilo.com\/wp-content\/uploads\/2024\/12\/alma_festival_barcelona_2025_Residente-400x400.jpg 400w, https:\/\/www.indieofilo.com\/wp-content\/uploads\/2024\/12\/alma_festival_barcelona_2025_Residente-768x768.jpg 768w, https:\/\/www.indieofilo.com\/wp-content\/uploads\/2024\/12\/alma_festival_barcelona_2025_Residente-300x300.jpg 300w, https:\/\/www.indieofilo.com\/wp-content\/uploads\/2024\/12\/alma_festival_barcelona_2025_Residente.jpg 1080w\" sizes=\"(max-width: 683px) 100vw, 683px\" \/><\/p>\n","protected":false},"excerpt":{"rendered":"<p>If at the end of last November the organisers of the Alma Festival Barcelona 2025 announced Guitarricadelafeunte, Zahara and Parov Stelar as the new members of the Catalan concert series, last week new bands were confirmed to perform on the stage of the Poble Espanyol in Barcelona from 25th June to 22nd July. The first [&hellip;]<\/p>\n","protected":false},"author":5,"featured_media":46009,"comment_status":"open","ping_status":"closed","sticky":false,"template":"","format":"standard","meta":{"footnotes":""},"categories":[41,8],"tags":[7333,7334,4961,5165,5236,7606],"class_list":["post-46012","post","type-post","status-publish","format-standard","has-post-thumbnail","hentry","category-live-shows","category-news","tag-alma-festival-2025-en","tag-alma-festival-barcelona-2025-en","tag-barcelona-en","tag-madness-en","tag-residente-en","tag-the-coors-en"],"yoast_head":"<!-- This site is optimized with the Yoast SEO Premium plugin v23.9 (Yoast SEO v26.6) - https:\/\/yoast.com\/wordpress\/plugins\/seo\/ -->\n<title>Alma Festival Barcelona 2025 confirms Madness, Residente and The Coors - Indie\u00f3filo<\/title>\n<meta name=\"description\" content=\"The Coors on the 29th of June, Madness on the 4th of July and Residente on the 14th of July join the line-up of the Alma Festival Barcelona 2025.\" \/>\n<meta name=\"robots\" content=\"index, follow, max-snippet:-1, max-image-preview:large, max-video-preview:-1\" \/>\n<link rel=\"canonical\" href=\"https:\/\/www.indieofilo.com\/en\/news\/alma-festival-barcelona-2025-confirms-madness-residente-and-the-coors\" \/>\n<meta property=\"og:locale\" content=\"en_US\" \/>\n<meta property=\"og:type\" content=\"article\" \/>\n<meta property=\"og:title\" content=\"Alma Festival Barcelona 2025 confirms Madness, Residente and The Coors\" \/>\n<meta property=\"og:description\" content=\"The Coors on the 29th of June, Madness on the 4th of July and Residente on the 14th of July join the line-up of the Alma Festival Barcelona 2025.\" \/>\n<meta property=\"og:url\" content=\"https:\/\/www.indieofilo.com\/en\/news\/alma-festival-barcelona-2025-confirms-madness-residente-and-the-coors\" \/>\n<meta property=\"og:site_name\" content=\"Indie\u00f3filo\" \/>\n<meta property=\"article:publisher\" content=\"https:\/\/www.facebook.com\/Indieofilo\/\" \/>\n<meta property=\"article:published_time\" content=\"2024-12-11T20:04:00+00:00\" \/>\n<meta property=\"article:modified_time\" content=\"2025-01-13T09:41:14+00:00\" \/>\n<meta property=\"og:image\" content=\"http:\/\/www.indieofilo.com\/wp-content\/uploads\/2024\/12\/alma_festival_barcelona_2025_Residente.jpg\" \/>\n\t<meta property=\"og:image:width\" content=\"1080\" \/>\n\t<meta property=\"og:image:height\" content=\"1080\" \/>\n\t<meta property=\"og:image:type\" content=\"image\/jpeg\" \/>\n<meta name=\"author\" content=\"Esther\" \/>\n<meta name=\"twitter:card\" content=\"summary_large_image\" \/>\n<meta name=\"twitter:creator\" content=\"@indieofilo\" \/>\n<meta name=\"twitter:site\" content=\"@indieofilo\" \/>\n<meta name=\"twitter:label1\" content=\"Written by\" \/>\n\t<meta name=\"twitter:data1\" content=\"Esther\" \/>\n\t<meta name=\"twitter:label2\" content=\"Est. reading time\" \/>\n\t<meta name=\"twitter:data2\" content=\"2 minutes\" \/>\n<script type=\"application\/ld+json\" class=\"yoast-schema-graph\">{\"@context\":\"https:\/\/schema.org\",\"@graph\":[{\"@type\":\"Article\",\"@id\":\"https:\/\/www.indieofilo.com\/en\/news\/alma-festival-barcelona-2025-confirms-madness-residente-and-the-coors#article\",\"isPartOf\":{\"@id\":\"https:\/\/www.indieofilo.com\/en\/news\/alma-festival-barcelona-2025-confirms-madness-residente-and-the-coors\"},\"author\":{\"name\":\"Esther\",\"@id\":\"https:\/\/www.indieofilo.com\/#\/schema\/person\/74da137239ce0d8d2ed179f2baf66e3e\"},\"headline\":\"Alma Festival Barcelona 2025 confirms Madness, Residente and The Coors\",\"datePublished\":\"2024-12-11T20:04:00+00:00\",\"dateModified\":\"2025-01-13T09:41:14+00:00\",\"mainEntityOfPage\":{\"@id\":\"https:\/\/www.indieofilo.com\/en\/news\/alma-festival-barcelona-2025-confirms-madness-residente-and-the-coors\"},\"wordCount\":215,\"commentCount\":0,\"publisher\":{\"@id\":\"https:\/\/www.indieofilo.com\/#organization\"},\"image\":{\"@id\":\"https:\/\/www.indieofilo.com\/en\/news\/alma-festival-barcelona-2025-confirms-madness-residente-and-the-coors#primaryimage\"},\"thumbnailUrl\":\"https:\/\/www.indieofilo.com\/wp-content\/uploads\/2024\/12\/alma_festival_barcelona_2025_Residente.jpg\",\"keywords\":[\"Alma Festival 2025\",\"Alma Festival Barcelona 2025\",\"Barcelona\",\"Madness\",\"Residente\",\"The Coors\"],\"articleSection\":[\"Live Shows\",\"News\"],\"inLanguage\":\"en-US\",\"potentialAction\":[{\"@type\":\"CommentAction\",\"name\":\"Comment\",\"target\":[\"https:\/\/www.indieofilo.com\/en\/news\/alma-festival-barcelona-2025-confirms-madness-residente-and-the-coors#respond\"]}]},{\"@type\":\"WebPage\",\"@id\":\"https:\/\/www.indieofilo.com\/en\/news\/alma-festival-barcelona-2025-confirms-madness-residente-and-the-coors\",\"url\":\"https:\/\/www.indieofilo.com\/en\/news\/alma-festival-barcelona-2025-confirms-madness-residente-and-the-coors\",\"name\":\"Alma Festival Barcelona 2025 confirms Madness, Residente and The Coors - Indie\u00f3filo\",\"isPartOf\":{\"@id\":\"https:\/\/www.indieofilo.com\/#website\"},\"primaryImageOfPage\":{\"@id\":\"https:\/\/www.indieofilo.com\/en\/news\/alma-festival-barcelona-2025-confirms-madness-residente-and-the-coors#primaryimage\"},\"image\":{\"@id\":\"https:\/\/www.indieofilo.com\/en\/news\/alma-festival-barcelona-2025-confirms-madness-residente-and-the-coors#primaryimage\"},\"thumbnailUrl\":\"https:\/\/www.indieofilo.com\/wp-content\/uploads\/2024\/12\/alma_festival_barcelona_2025_Residente.jpg\",\"datePublished\":\"2024-12-11T20:04:00+00:00\",\"dateModified\":\"2025-01-13T09:41:14+00:00\",\"description\":\"The Coors on the 29th of June, Madness on the 4th of July and Residente on the 14th of July join the line-up of the Alma Festival Barcelona 2025.\",\"breadcrumb\":{\"@id\":\"https:\/\/www.indieofilo.com\/en\/news\/alma-festival-barcelona-2025-confirms-madness-residente-and-the-coors#breadcrumb\"},\"inLanguage\":\"en-US\",\"potentialAction\":[{\"@type\":\"ReadAction\",\"target\":[\"https:\/\/www.indieofilo.com\/en\/news\/alma-festival-barcelona-2025-confirms-madness-residente-and-the-coors\"]}]},{\"@type\":\"ImageObject\",\"inLanguage\":\"en-US\",\"@id\":\"https:\/\/www.indieofilo.com\/en\/news\/alma-festival-barcelona-2025-confirms-madness-residente-and-the-coors#primaryimage\",\"url\":\"https:\/\/www.indieofilo.com\/wp-content\/uploads\/2024\/12\/alma_festival_barcelona_2025_Residente.jpg\",\"contentUrl\":\"https:\/\/www.indieofilo.com\/wp-content\/uploads\/2024\/12\/alma_festival_barcelona_2025_Residente.jpg\",\"width\":1080,\"height\":1080,\"caption\":\"Alma Festival Barcelona 2025 - Residente\"},{\"@type\":\"BreadcrumbList\",\"@id\":\"https:\/\/www.indieofilo.com\/en\/news\/alma-festival-barcelona-2025-confirms-madness-residente-and-the-coors#breadcrumb\",\"itemListElement\":[{\"@type\":\"ListItem\",\"position\":1,\"name\":\"Portada\",\"item\":\"https:\/\/www.indieofilo.com\/en\"},{\"@type\":\"ListItem\",\"position\":2,\"name\":\"Alma Festival Barcelona 2025 confirms Madness, Residente and The Coors\"}]},{\"@type\":\"WebSite\",\"@id\":\"https:\/\/www.indieofilo.com\/#website\",\"url\":\"https:\/\/www.indieofilo.com\/\",\"name\":\"Indie\u00f3filo\",\"description\":\"Magazine online de la cultura independiente\",\"publisher\":{\"@id\":\"https:\/\/www.indieofilo.com\/#organization\"},\"potentialAction\":[{\"@type\":\"SearchAction\",\"target\":{\"@type\":\"EntryPoint\",\"urlTemplate\":\"https:\/\/www.indieofilo.com\/?s={search_term_string}\"},\"query-input\":{\"@type\":\"PropertyValueSpecification\",\"valueRequired\":true,\"valueName\":\"search_term_string\"}}],\"inLanguage\":\"en-US\"},{\"@type\":\"Organization\",\"@id\":\"https:\/\/www.indieofilo.com\/#organization\",\"name\":\"Indie\u00f3filo Web\",\"url\":\"https:\/\/www.indieofilo.com\/\",\"logo\":{\"@type\":\"ImageObject\",\"inLanguage\":\"en-US\",\"@id\":\"https:\/\/www.indieofilo.com\/#\/schema\/logo\/image\/\",\"url\":\"https:\/\/www.indieofilo.com\/wp-content\/uploads\/2015\/02\/logo-alta-resolucion.png\",\"contentUrl\":\"https:\/\/www.indieofilo.com\/wp-content\/uploads\/2015\/02\/logo-alta-resolucion.png\",\"width\":544,\"height\":185,\"caption\":\"Indie\u00f3filo Web\"},\"image\":{\"@id\":\"https:\/\/www.indieofilo.com\/#\/schema\/logo\/image\/\"},\"sameAs\":[\"https:\/\/www.facebook.com\/Indieofilo\/\",\"https:\/\/x.com\/indieofilo\",\"https:\/\/www.instagram.com\/indieofilo\/\"]},{\"@type\":\"Person\",\"@id\":\"https:\/\/www.indieofilo.com\/#\/schema\/person\/74da137239ce0d8d2ed179f2baf66e3e\",\"name\":\"Esther\",\"image\":{\"@type\":\"ImageObject\",\"inLanguage\":\"en-US\",\"@id\":\"https:\/\/www.indieofilo.com\/#\/schema\/person\/image\/\",\"url\":\"https:\/\/secure.gravatar.com\/avatar\/07e66d1acb4f381f1c32cd15206dcc22?s=96&d=mm&r=g\",\"contentUrl\":\"https:\/\/secure.gravatar.com\/avatar\/07e66d1acb4f381f1c32cd15206dcc22?s=96&d=mm&r=g\",\"caption\":\"Esther\"},\"description\":\"\u00a1La \u00fanica mente anal\u00edtica de este proyecto! Me encanta la fotograf\u00eda, el crochet, la qu\u00edmica y el running.\",\"url\":\"https:\/\/www.indieofilo.com\/en\/author\/esther\"}]}<\/script>\n<!-- \/ Yoast SEO Premium plugin. -->","yoast_head_json":{"title":"Alma Festival Barcelona 2025 confirms Madness, Residente and The Coors - Indie\u00f3filo","description":"The Coors on the 29th of June, Madness on the 4th of July and Residente on the 14th of July join the line-up of the Alma Festival Barcelona 2025.","robots":{"index":"index","follow":"follow","max-snippet":"max-snippet:-1","max-image-preview":"max-image-preview:large","max-video-preview":"max-video-preview:-1"},"canonical":"https:\/\/www.indieofilo.com\/en\/news\/alma-festival-barcelona-2025-confirms-madness-residente-and-the-coors","og_locale":"en_US","og_type":"article","og_title":"Alma Festival Barcelona 2025 confirms Madness, Residente and The Coors","og_description":"The Coors on the 29th of June, Madness on the 4th of July and Residente on the 14th of July join the line-up of the Alma Festival Barcelona 2025.","og_url":"https:\/\/www.indieofilo.com\/en\/news\/alma-festival-barcelona-2025-confirms-madness-residente-and-the-coors","og_site_name":"Indie\u00f3filo","article_publisher":"https:\/\/www.facebook.com\/Indieofilo\/","article_published_time":"2024-12-11T20:04:00+00:00","article_modified_time":"2025-01-13T09:41:14+00:00","og_image":[{"width":1080,"height":1080,"url":"http:\/\/www.indieofilo.com\/wp-content\/uploads\/2024\/12\/alma_festival_barcelona_2025_Residente.jpg","type":"image\/jpeg"}],"author":"Esther","twitter_card":"summary_large_image","twitter_creator":"@indieofilo","twitter_site":"@indieofilo","twitter_misc":{"Written by":"Esther","Est. reading time":"2 minutes"},"schema":{"@context":"https:\/\/schema.org","@graph":[{"@type":"Article","@id":"https:\/\/www.indieofilo.com\/en\/news\/alma-festival-barcelona-2025-confirms-madness-residente-and-the-coors#article","isPartOf":{"@id":"https:\/\/www.indieofilo.com\/en\/news\/alma-festival-barcelona-2025-confirms-madness-residente-and-the-coors"},"author":{"name":"Esther","@id":"https:\/\/www.indieofilo.com\/#\/schema\/person\/74da137239ce0d8d2ed179f2baf66e3e"},"headline":"Alma Festival Barcelona 2025 confirms Madness, Residente and The Coors","datePublished":"2024-12-11T20:04:00+00:00","dateModified":"2025-01-13T09:41:14+00:00","mainEntityOfPage":{"@id":"https:\/\/www.indieofilo.com\/en\/news\/alma-festival-barcelona-2025-confirms-madness-residente-and-the-coors"},"wordCount":215,"commentCount":0,"publisher":{"@id":"https:\/\/www.indieofilo.com\/#organization"},"image":{"@id":"https:\/\/www.indieofilo.com\/en\/news\/alma-festival-barcelona-2025-confirms-madness-residente-and-the-coors#primaryimage"},"thumbnailUrl":"https:\/\/www.indieofilo.com\/wp-content\/uploads\/2024\/12\/alma_festival_barcelona_2025_Residente.jpg","keywords":["Alma Festival 2025","Alma Festival Barcelona 2025","Barcelona","Madness","Residente","The Coors"],"articleSection":["Live Shows","News"],"inLanguage":"en-US","potentialAction":[{"@type":"CommentAction","name":"Comment","target":["https:\/\/www.indieofilo.com\/en\/news\/alma-festival-barcelona-2025-confirms-madness-residente-and-the-coors#respond"]}]},{"@type":"WebPage","@id":"https:\/\/www.indieofilo.com\/en\/news\/alma-festival-barcelona-2025-confirms-madness-residente-and-the-coors","url":"https:\/\/www.indieofilo.com\/en\/news\/alma-festival-barcelona-2025-confirms-madness-residente-and-the-coors","name":"Alma Festival Barcelona 2025 confirms Madness, Residente and The Coors - Indie\u00f3filo","isPartOf":{"@id":"https:\/\/www.indieofilo.com\/#website"},"primaryImageOfPage":{"@id":"https:\/\/www.indieofilo.com\/en\/news\/alma-festival-barcelona-2025-confirms-madness-residente-and-the-coors#primaryimage"},"image":{"@id":"https:\/\/www.indieofilo.com\/en\/news\/alma-festival-barcelona-2025-confirms-madness-residente-and-the-coors#primaryimage"},"thumbnailUrl":"https:\/\/www.indieofilo.com\/wp-content\/uploads\/2024\/12\/alma_festival_barcelona_2025_Residente.jpg","datePublished":"2024-12-11T20:04:00+00:00","dateModified":"2025-01-13T09:41:14+00:00","description":"The Coors on the 29th of June, Madness on the 4th of July and Residente on the 14th of July join the line-up of the Alma Festival Barcelona 2025.","breadcrumb":{"@id":"https:\/\/www.indieofilo.com\/en\/news\/alma-festival-barcelona-2025-confirms-madness-residente-and-the-coors#breadcrumb"},"inLanguage":"en-US","potentialAction":[{"@type":"ReadAction","target":["https:\/\/www.indieofilo.com\/en\/news\/alma-festival-barcelona-2025-confirms-madness-residente-and-the-coors"]}]},{"@type":"ImageObject","inLanguage":"en-US","@id":"https:\/\/www.indieofilo.com\/en\/news\/alma-festival-barcelona-2025-confirms-madness-residente-and-the-coors#primaryimage","url":"https:\/\/www.indieofilo.com\/wp-content\/uploads\/2024\/12\/alma_festival_barcelona_2025_Residente.jpg","contentUrl":"https:\/\/www.indieofilo.com\/wp-content\/uploads\/2024\/12\/alma_festival_barcelona_2025_Residente.jpg","width":1080,"height":1080,"caption":"Alma Festival Barcelona 2025 - Residente"},{"@type":"BreadcrumbList","@id":"https:\/\/www.indieofilo.com\/en\/news\/alma-festival-barcelona-2025-confirms-madness-residente-and-the-coors#breadcrumb","itemListElement":[{"@type":"ListItem","position":1,"name":"Portada","item":"https:\/\/www.indieofilo.com\/en"},{"@type":"ListItem","position":2,"name":"Alma Festival Barcelona 2025 confirms Madness, Residente and The Coors"}]},{"@type":"WebSite","@id":"https:\/\/www.indieofilo.com\/#website","url":"https:\/\/www.indieofilo.com\/","name":"Indie\u00f3filo","description":"Magazine online de la cultura independiente","publisher":{"@id":"https:\/\/www.indieofilo.com\/#organization"},"potentialAction":[{"@type":"SearchAction","target":{"@type":"EntryPoint","urlTemplate":"https:\/\/www.indieofilo.com\/?s={search_term_string}"},"query-input":{"@type":"PropertyValueSpecification","valueRequired":true,"valueName":"search_term_string"}}],"inLanguage":"en-US"},{"@type":"Organization","@id":"https:\/\/www.indieofilo.com\/#organization","name":"Indie\u00f3filo Web","url":"https:\/\/www.indieofilo.com\/","logo":{"@type":"ImageObject","inLanguage":"en-US","@id":"https:\/\/www.indieofilo.com\/#\/schema\/logo\/image\/","url":"https:\/\/www.indieofilo.com\/wp-content\/uploads\/2015\/02\/logo-alta-resolucion.png","contentUrl":"https:\/\/www.indieofilo.com\/wp-content\/uploads\/2015\/02\/logo-alta-resolucion.png","width":544,"height":185,"caption":"Indie\u00f3filo Web"},"image":{"@id":"https:\/\/www.indieofilo.com\/#\/schema\/logo\/image\/"},"sameAs":["https:\/\/www.facebook.com\/Indieofilo\/","https:\/\/x.com\/indieofilo","https:\/\/www.instagram.com\/indieofilo\/"]},{"@type":"Person","@id":"https:\/\/www.indieofilo.com\/#\/schema\/person\/74da137239ce0d8d2ed179f2baf66e3e","name":"Esther","image":{"@type":"ImageObject","inLanguage":"en-US","@id":"https:\/\/www.indieofilo.com\/#\/schema\/person\/image\/","url":"https:\/\/secure.gravatar.com\/avatar\/07e66d1acb4f381f1c32cd15206dcc22?s=96&d=mm&r=g","contentUrl":"https:\/\/secure.gravatar.com\/avatar\/07e66d1acb4f381f1c32cd15206dcc22?s=96&d=mm&r=g","caption":"Esther"},"description":"\u00a1La \u00fanica mente anal\u00edtica de este proyecto! Me encanta la fotograf\u00eda, el crochet, la qu\u00edmica y el running.","url":"https:\/\/www.indieofilo.com\/en\/author\/esther"}]}},"_links":{"self":[{"href":"https:\/\/www.indieofilo.com\/en\/wp-json\/wp\/v2\/posts\/46012","targetHints":{"allow":["GET"]}}],"collection":[{"href":"https:\/\/www.indieofilo.com\/en\/wp-json\/wp\/v2\/posts"}],"about":[{"href":"https:\/\/www.indieofilo.com\/en\/wp-json\/wp\/v2\/types\/post"}],"author":[{"embeddable":true,"href":"https:\/\/www.indieofilo.com\/en\/wp-json\/wp\/v2\/users\/5"}],"replies":[{"embeddable":true,"href":"https:\/\/www.indieofilo.com\/en\/wp-json\/wp\/v2\/comments?post=46012"}],"version-history":[{"count":0,"href":"https:\/\/www.indieofilo.com\/en\/wp-json\/wp\/v2\/posts\/46012\/revisions"}],"wp:featuredmedia":[{"embeddable":true,"href":"https:\/\/www.indieofilo.com\/en\/wp-json\/wp\/v2\/media\/46009"}],"wp:attachment":[{"href":"https:\/\/www.indieofilo.com\/en\/wp-json\/wp\/v2\/media?parent=46012"}],"wp:term":[{"taxonomy":"category","embeddable":true,"href":"https:\/\/www.indieofilo.com\/en\/wp-json\/wp\/v2\/categories?post=46012"},{"taxonomy":"post_tag","embeddable":true,"href":"https:\/\/www.indieofilo.com\/en\/wp-json\/wp\/v2\/tags?post=46012"}],"curies":[{"name":"wp","href":"https:\/\/api.w.org\/{rel}","templated":true}]}}