{"id":45523,"date":"2024-12-13T17:43:00","date_gmt":"2024-12-13T16:43:00","guid":{"rendered":"https:\/\/www.indieofilo.com\/news\/music\/lynyrd-skynyrd-at-the-barcelona-rock-fest-2025"},"modified":"2024-12-22T20:06:16","modified_gmt":"2024-12-22T19:06:16","slug":"lynyrd-skynyrd-at-the-barcelona-rock-fest-2025","status":"publish","type":"post","link":"https:\/\/www.indieofilo.com\/en\/news\/live-shows\/lynyrd-skynyrd-at-the-barcelona-rock-fest-2025","title":{"rendered":"Lynyrd Skynyrd at the Barcelona Rock Fest 2025"},"content":{"rendered":"<p style=\"text-align: justify;\">Just over two weeks ago, we had the news that North Americans <a href=\"https:\/\/www.indieofilo.com\/en\/news\/live-shows\/the-legendary-savatage-new-confirmation-for-barcelona-rock-fest-2025\">Savatage<\/a> would be joining <a href=\"https:\/\/www.indieofilo.com\/en\/news\/barcelona-rock-fest-2025-confirms-judas-priest-and-scorpions\">Scorpions, Judas Priest<\/a> and <a href=\"https:\/\/www.indieofilo.com\/en\/news\/slipknot-new-headliners-for-barcelona-rock-fest-2025\">Slipknot<\/a> in the <strong>Barcelona Rock Fest 2025<\/strong> line-up, and today the organisers have announced five new names to appear at the Catalan festival, which will take place from 26-29 June at the usual venue of Parc de Can Zam in Santa Coloma de Gramenet.<\/p>\n<p style=\"text-align: justify;\">The legendary American band <strong>Lynyrd Skynyrd<\/strong>, one of the key bands in the history of southern rock and blues rock, which suffered the loss of its last founding member Gary Rossington last year; their fellow countrymen <strong>Stryper<\/strong>; Finland&#8217;s <strong>Insomnium<\/strong> and their melodic death metal; and old festival favourites such as Germany&#8217;s <strong>Doro<\/strong> and Britain&#8217;s <strong>Phil Campbell And The Bastard Sons<\/strong> are the latest additions to the Barcelona Rock Fest 2025 line-up.<\/p>\n<p style=\"text-align: justify;\">We remind you that full festival tickets and day tickets for the festival are available on the <a href=\"http:\/\/www.barcelonarockfest.com\/entradas-festival\">official festival website<\/a>.<\/p>\n<p><img fetchpriority=\"high\" decoding=\"async\" class=\"aligncenter size-full wp-image-45520\" src=\"http:\/\/www.indieofilo.com\/wp-content\/uploads\/2024\/12\/barcelona-rock-fest-2025-lynyrd-skynyrd.jpg\" alt=\"Barcelona Rock Fest 2025 - Lynyrd Skynyrd\" width=\"600\" height=\"600\" srcset=\"https:\/\/www.indieofilo.com\/wp-content\/uploads\/2024\/12\/barcelona-rock-fest-2025-lynyrd-skynyrd.jpg 600w, https:\/\/www.indieofilo.com\/wp-content\/uploads\/2024\/12\/barcelona-rock-fest-2025-lynyrd-skynyrd-533x533.jpg 533w, https:\/\/www.indieofilo.com\/wp-content\/uploads\/2024\/12\/barcelona-rock-fest-2025-lynyrd-skynyrd-400x400.jpg 400w, https:\/\/www.indieofilo.com\/wp-content\/uploads\/2024\/12\/barcelona-rock-fest-2025-lynyrd-skynyrd-300x300.jpg 300w\" sizes=\"(max-width: 600px) 100vw, 600px\" \/><\/p>\n","protected":false},"excerpt":{"rendered":"<p>Just over two weeks ago, we had the news that North Americans Savatage would be joining Scorpions, Judas Priest and Slipknot in the Barcelona Rock Fest 2025 line-up, and today the organisers have announced five new names to appear at the Catalan festival, which will take place from 26-29 June at the usual venue of [&hellip;]<\/p>\n","protected":false},"author":1,"featured_media":45520,"comment_status":"open","ping_status":"closed","sticky":false,"template":"","format":"standard","meta":{"footnotes":""},"categories":[41,8],"tags":[4961,7152,7265,4965],"class_list":["post-45523","post","type-post","status-publish","format-standard","has-post-thumbnail","hentry","category-live-shows","category-news","tag-barcelona-en","tag-barcelona-rock-fest-en","tag-barcelona-rock-fest-2025-en","tag-lynyrd-skynyrd-en"],"yoast_head":"<!-- This site is optimized with the Yoast SEO Premium plugin v23.9 (Yoast SEO v26.6) - https:\/\/yoast.com\/wordpress\/plugins\/seo\/ -->\n<title>Lynyrd Skynyrd at the Barcelona Rock Fest 2025 - Indie\u00f3filo<\/title>\n<meta name=\"description\" content=\"Along with Stryper, Insomnium, Doro and Phil Campbell And The Bastard Sons, these are the latest confirmations for Barcelona Rock Fest 2025.\" \/>\n<meta name=\"robots\" content=\"index, follow, max-snippet:-1, max-image-preview:large, max-video-preview:-1\" \/>\n<link rel=\"canonical\" href=\"https:\/\/www.indieofilo.com\/en\/news\/live-shows\/lynyrd-skynyrd-at-the-barcelona-rock-fest-2025\" \/>\n<meta property=\"og:locale\" content=\"en_US\" \/>\n<meta property=\"og:type\" content=\"article\" \/>\n<meta property=\"og:title\" content=\"Lynyrd Skynyrd at the Barcelona Rock Fest 2025\" \/>\n<meta property=\"og:description\" content=\"Along with Stryper, Insomnium, Doro and Phil Campbell And The Bastard Sons, these are the latest confirmations for Barcelona Rock Fest 2025.\" \/>\n<meta property=\"og:url\" content=\"https:\/\/www.indieofilo.com\/en\/news\/live-shows\/lynyrd-skynyrd-at-the-barcelona-rock-fest-2025\" \/>\n<meta property=\"og:site_name\" content=\"Indie\u00f3filo\" \/>\n<meta property=\"article:publisher\" content=\"https:\/\/www.facebook.com\/Indieofilo\/\" \/>\n<meta property=\"article:published_time\" content=\"2024-12-13T16:43:00+00:00\" \/>\n<meta property=\"article:modified_time\" content=\"2024-12-22T19:06:16+00:00\" \/>\n<meta property=\"og:image\" content=\"http:\/\/www.indieofilo.com\/wp-content\/uploads\/2024\/12\/barcelona-rock-fest-2025-lynyrd-skynyrd.jpg\" \/>\n\t<meta property=\"og:image:width\" content=\"600\" \/>\n\t<meta property=\"og:image:height\" content=\"600\" \/>\n\t<meta property=\"og:image:type\" content=\"image\/jpeg\" \/>\n<meta name=\"author\" content=\"Victor\" \/>\n<meta name=\"twitter:card\" content=\"summary_large_image\" \/>\n<meta name=\"twitter:creator\" content=\"@indieofilo\" \/>\n<meta name=\"twitter:site\" content=\"@indieofilo\" \/>\n<meta name=\"twitter:label1\" content=\"Written by\" \/>\n\t<meta name=\"twitter:data1\" content=\"Victor\" \/>\n\t<meta name=\"twitter:label2\" content=\"Est. reading time\" \/>\n\t<meta name=\"twitter:data2\" content=\"2 minutes\" \/>\n<script type=\"application\/ld+json\" class=\"yoast-schema-graph\">{\"@context\":\"https:\/\/schema.org\",\"@graph\":[{\"@type\":\"Article\",\"@id\":\"https:\/\/www.indieofilo.com\/en\/news\/live-shows\/lynyrd-skynyrd-at-the-barcelona-rock-fest-2025#article\",\"isPartOf\":{\"@id\":\"https:\/\/www.indieofilo.com\/en\/news\/live-shows\/lynyrd-skynyrd-at-the-barcelona-rock-fest-2025\"},\"author\":{\"name\":\"Victor\",\"@id\":\"https:\/\/www.indieofilo.com\/#\/schema\/person\/595334d38590e4ce5a09f83cbf2fca90\"},\"headline\":\"Lynyrd Skynyrd at the Barcelona Rock Fest 2025\",\"datePublished\":\"2024-12-13T16:43:00+00:00\",\"dateModified\":\"2024-12-22T19:06:16+00:00\",\"mainEntityOfPage\":{\"@id\":\"https:\/\/www.indieofilo.com\/en\/news\/live-shows\/lynyrd-skynyrd-at-the-barcelona-rock-fest-2025\"},\"wordCount\":160,\"commentCount\":0,\"publisher\":{\"@id\":\"https:\/\/www.indieofilo.com\/#organization\"},\"image\":{\"@id\":\"https:\/\/www.indieofilo.com\/en\/news\/live-shows\/lynyrd-skynyrd-at-the-barcelona-rock-fest-2025#primaryimage\"},\"thumbnailUrl\":\"https:\/\/www.indieofilo.com\/wp-content\/uploads\/2024\/12\/barcelona-rock-fest-2025-lynyrd-skynyrd.jpg\",\"keywords\":[\"Barcelona\",\"Barcelona Rock Fest\",\"Barcelona Rock Fest 2025\",\"Lynyrd Skynyrd\"],\"articleSection\":[\"Live Shows\",\"News\"],\"inLanguage\":\"en-US\",\"potentialAction\":[{\"@type\":\"CommentAction\",\"name\":\"Comment\",\"target\":[\"https:\/\/www.indieofilo.com\/en\/news\/live-shows\/lynyrd-skynyrd-at-the-barcelona-rock-fest-2025#respond\"]}]},{\"@type\":\"WebPage\",\"@id\":\"https:\/\/www.indieofilo.com\/en\/news\/live-shows\/lynyrd-skynyrd-at-the-barcelona-rock-fest-2025\",\"url\":\"https:\/\/www.indieofilo.com\/en\/news\/live-shows\/lynyrd-skynyrd-at-the-barcelona-rock-fest-2025\",\"name\":\"Lynyrd Skynyrd at the Barcelona Rock Fest 2025 - Indie\u00f3filo\",\"isPartOf\":{\"@id\":\"https:\/\/www.indieofilo.com\/#website\"},\"primaryImageOfPage\":{\"@id\":\"https:\/\/www.indieofilo.com\/en\/news\/live-shows\/lynyrd-skynyrd-at-the-barcelona-rock-fest-2025#primaryimage\"},\"image\":{\"@id\":\"https:\/\/www.indieofilo.com\/en\/news\/live-shows\/lynyrd-skynyrd-at-the-barcelona-rock-fest-2025#primaryimage\"},\"thumbnailUrl\":\"https:\/\/www.indieofilo.com\/wp-content\/uploads\/2024\/12\/barcelona-rock-fest-2025-lynyrd-skynyrd.jpg\",\"datePublished\":\"2024-12-13T16:43:00+00:00\",\"dateModified\":\"2024-12-22T19:06:16+00:00\",\"description\":\"Along with Stryper, Insomnium, Doro and Phil Campbell And The Bastard Sons, these are the latest confirmations for Barcelona Rock Fest 2025.\",\"breadcrumb\":{\"@id\":\"https:\/\/www.indieofilo.com\/en\/news\/live-shows\/lynyrd-skynyrd-at-the-barcelona-rock-fest-2025#breadcrumb\"},\"inLanguage\":\"en-US\",\"potentialAction\":[{\"@type\":\"ReadAction\",\"target\":[\"https:\/\/www.indieofilo.com\/en\/news\/live-shows\/lynyrd-skynyrd-at-the-barcelona-rock-fest-2025\"]}]},{\"@type\":\"ImageObject\",\"inLanguage\":\"en-US\",\"@id\":\"https:\/\/www.indieofilo.com\/en\/news\/live-shows\/lynyrd-skynyrd-at-the-barcelona-rock-fest-2025#primaryimage\",\"url\":\"https:\/\/www.indieofilo.com\/wp-content\/uploads\/2024\/12\/barcelona-rock-fest-2025-lynyrd-skynyrd.jpg\",\"contentUrl\":\"https:\/\/www.indieofilo.com\/wp-content\/uploads\/2024\/12\/barcelona-rock-fest-2025-lynyrd-skynyrd.jpg\",\"width\":600,\"height\":600,\"caption\":\"Barcelona Rock Fest 2025 - Lynyrd Skynyrd\"},{\"@type\":\"BreadcrumbList\",\"@id\":\"https:\/\/www.indieofilo.com\/en\/news\/live-shows\/lynyrd-skynyrd-at-the-barcelona-rock-fest-2025#breadcrumb\",\"itemListElement\":[{\"@type\":\"ListItem\",\"position\":1,\"name\":\"Portada\",\"item\":\"https:\/\/www.indieofilo.com\/en\"},{\"@type\":\"ListItem\",\"position\":2,\"name\":\"Lynyrd Skynyrd at the Barcelona Rock Fest 2025\"}]},{\"@type\":\"WebSite\",\"@id\":\"https:\/\/www.indieofilo.com\/#website\",\"url\":\"https:\/\/www.indieofilo.com\/\",\"name\":\"Indie\u00f3filo\",\"description\":\"Magazine online de la cultura independiente\",\"publisher\":{\"@id\":\"https:\/\/www.indieofilo.com\/#organization\"},\"potentialAction\":[{\"@type\":\"SearchAction\",\"target\":{\"@type\":\"EntryPoint\",\"urlTemplate\":\"https:\/\/www.indieofilo.com\/?s={search_term_string}\"},\"query-input\":{\"@type\":\"PropertyValueSpecification\",\"valueRequired\":true,\"valueName\":\"search_term_string\"}}],\"inLanguage\":\"en-US\"},{\"@type\":\"Organization\",\"@id\":\"https:\/\/www.indieofilo.com\/#organization\",\"name\":\"Indie\u00f3filo Web\",\"url\":\"https:\/\/www.indieofilo.com\/\",\"logo\":{\"@type\":\"ImageObject\",\"inLanguage\":\"en-US\",\"@id\":\"https:\/\/www.indieofilo.com\/#\/schema\/logo\/image\/\",\"url\":\"https:\/\/www.indieofilo.com\/wp-content\/uploads\/2015\/02\/logo-alta-resolucion.png\",\"contentUrl\":\"https:\/\/www.indieofilo.com\/wp-content\/uploads\/2015\/02\/logo-alta-resolucion.png\",\"width\":544,\"height\":185,\"caption\":\"Indie\u00f3filo Web\"},\"image\":{\"@id\":\"https:\/\/www.indieofilo.com\/#\/schema\/logo\/image\/\"},\"sameAs\":[\"https:\/\/www.facebook.com\/Indieofilo\/\",\"https:\/\/x.com\/indieofilo\",\"https:\/\/www.instagram.com\/indieofilo\/\"]},{\"@type\":\"Person\",\"@id\":\"https:\/\/www.indieofilo.com\/#\/schema\/person\/595334d38590e4ce5a09f83cbf2fca90\",\"name\":\"Victor\",\"image\":{\"@type\":\"ImageObject\",\"inLanguage\":\"en-US\",\"@id\":\"https:\/\/www.indieofilo.com\/#\/schema\/person\/image\/\",\"url\":\"https:\/\/secure.gravatar.com\/avatar\/682b8c6ea3e94b6cffec683b25f1797d?s=96&d=mm&r=g\",\"contentUrl\":\"https:\/\/secure.gravatar.com\/avatar\/682b8c6ea3e94b6cffec683b25f1797d?s=96&d=mm&r=g\",\"caption\":\"Victor\"},\"description\":\"Fan\u00e1tico de la m\u00fasica desde que mis padres me pon\u00edan a Eydie Gorme y Los Panchos o el Discotuna por la A2. Intent\u00e9 tocar varios instrumentos, pero soy muy torpe con la mano izquierda, as\u00ed que ya sab\u00e9is el resultado final. Fan del britpop, Post-punk, el rugby y el baloncesto...\",\"sameAs\":[\"http:\/\/indieofilo.com\"],\"url\":\"https:\/\/www.indieofilo.com\/en\/author\/victor\"}]}<\/script>\n<!-- \/ Yoast SEO Premium plugin. -->","yoast_head_json":{"title":"Lynyrd Skynyrd at the Barcelona Rock Fest 2025 - Indie\u00f3filo","description":"Along with Stryper, Insomnium, Doro and Phil Campbell And The Bastard Sons, these are the latest confirmations for Barcelona Rock Fest 2025.","robots":{"index":"index","follow":"follow","max-snippet":"max-snippet:-1","max-image-preview":"max-image-preview:large","max-video-preview":"max-video-preview:-1"},"canonical":"https:\/\/www.indieofilo.com\/en\/news\/live-shows\/lynyrd-skynyrd-at-the-barcelona-rock-fest-2025","og_locale":"en_US","og_type":"article","og_title":"Lynyrd Skynyrd at the Barcelona Rock Fest 2025","og_description":"Along with Stryper, Insomnium, Doro and Phil Campbell And The Bastard Sons, these are the latest confirmations for Barcelona Rock Fest 2025.","og_url":"https:\/\/www.indieofilo.com\/en\/news\/live-shows\/lynyrd-skynyrd-at-the-barcelona-rock-fest-2025","og_site_name":"Indie\u00f3filo","article_publisher":"https:\/\/www.facebook.com\/Indieofilo\/","article_published_time":"2024-12-13T16:43:00+00:00","article_modified_time":"2024-12-22T19:06:16+00:00","og_image":[{"width":600,"height":600,"url":"http:\/\/www.indieofilo.com\/wp-content\/uploads\/2024\/12\/barcelona-rock-fest-2025-lynyrd-skynyrd.jpg","type":"image\/jpeg"}],"author":"Victor","twitter_card":"summary_large_image","twitter_creator":"@indieofilo","twitter_site":"@indieofilo","twitter_misc":{"Written by":"Victor","Est. reading time":"2 minutes"},"schema":{"@context":"https:\/\/schema.org","@graph":[{"@type":"Article","@id":"https:\/\/www.indieofilo.com\/en\/news\/live-shows\/lynyrd-skynyrd-at-the-barcelona-rock-fest-2025#article","isPartOf":{"@id":"https:\/\/www.indieofilo.com\/en\/news\/live-shows\/lynyrd-skynyrd-at-the-barcelona-rock-fest-2025"},"author":{"name":"Victor","@id":"https:\/\/www.indieofilo.com\/#\/schema\/person\/595334d38590e4ce5a09f83cbf2fca90"},"headline":"Lynyrd Skynyrd at the Barcelona Rock Fest 2025","datePublished":"2024-12-13T16:43:00+00:00","dateModified":"2024-12-22T19:06:16+00:00","mainEntityOfPage":{"@id":"https:\/\/www.indieofilo.com\/en\/news\/live-shows\/lynyrd-skynyrd-at-the-barcelona-rock-fest-2025"},"wordCount":160,"commentCount":0,"publisher":{"@id":"https:\/\/www.indieofilo.com\/#organization"},"image":{"@id":"https:\/\/www.indieofilo.com\/en\/news\/live-shows\/lynyrd-skynyrd-at-the-barcelona-rock-fest-2025#primaryimage"},"thumbnailUrl":"https:\/\/www.indieofilo.com\/wp-content\/uploads\/2024\/12\/barcelona-rock-fest-2025-lynyrd-skynyrd.jpg","keywords":["Barcelona","Barcelona Rock Fest","Barcelona Rock Fest 2025","Lynyrd Skynyrd"],"articleSection":["Live Shows","News"],"inLanguage":"en-US","potentialAction":[{"@type":"CommentAction","name":"Comment","target":["https:\/\/www.indieofilo.com\/en\/news\/live-shows\/lynyrd-skynyrd-at-the-barcelona-rock-fest-2025#respond"]}]},{"@type":"WebPage","@id":"https:\/\/www.indieofilo.com\/en\/news\/live-shows\/lynyrd-skynyrd-at-the-barcelona-rock-fest-2025","url":"https:\/\/www.indieofilo.com\/en\/news\/live-shows\/lynyrd-skynyrd-at-the-barcelona-rock-fest-2025","name":"Lynyrd Skynyrd at the Barcelona Rock Fest 2025 - Indie\u00f3filo","isPartOf":{"@id":"https:\/\/www.indieofilo.com\/#website"},"primaryImageOfPage":{"@id":"https:\/\/www.indieofilo.com\/en\/news\/live-shows\/lynyrd-skynyrd-at-the-barcelona-rock-fest-2025#primaryimage"},"image":{"@id":"https:\/\/www.indieofilo.com\/en\/news\/live-shows\/lynyrd-skynyrd-at-the-barcelona-rock-fest-2025#primaryimage"},"thumbnailUrl":"https:\/\/www.indieofilo.com\/wp-content\/uploads\/2024\/12\/barcelona-rock-fest-2025-lynyrd-skynyrd.jpg","datePublished":"2024-12-13T16:43:00+00:00","dateModified":"2024-12-22T19:06:16+00:00","description":"Along with Stryper, Insomnium, Doro and Phil Campbell And The Bastard Sons, these are the latest confirmations for Barcelona Rock Fest 2025.","breadcrumb":{"@id":"https:\/\/www.indieofilo.com\/en\/news\/live-shows\/lynyrd-skynyrd-at-the-barcelona-rock-fest-2025#breadcrumb"},"inLanguage":"en-US","potentialAction":[{"@type":"ReadAction","target":["https:\/\/www.indieofilo.com\/en\/news\/live-shows\/lynyrd-skynyrd-at-the-barcelona-rock-fest-2025"]}]},{"@type":"ImageObject","inLanguage":"en-US","@id":"https:\/\/www.indieofilo.com\/en\/news\/live-shows\/lynyrd-skynyrd-at-the-barcelona-rock-fest-2025#primaryimage","url":"https:\/\/www.indieofilo.com\/wp-content\/uploads\/2024\/12\/barcelona-rock-fest-2025-lynyrd-skynyrd.jpg","contentUrl":"https:\/\/www.indieofilo.com\/wp-content\/uploads\/2024\/12\/barcelona-rock-fest-2025-lynyrd-skynyrd.jpg","width":600,"height":600,"caption":"Barcelona Rock Fest 2025 - Lynyrd Skynyrd"},{"@type":"BreadcrumbList","@id":"https:\/\/www.indieofilo.com\/en\/news\/live-shows\/lynyrd-skynyrd-at-the-barcelona-rock-fest-2025#breadcrumb","itemListElement":[{"@type":"ListItem","position":1,"name":"Portada","item":"https:\/\/www.indieofilo.com\/en"},{"@type":"ListItem","position":2,"name":"Lynyrd Skynyrd at the Barcelona Rock Fest 2025"}]},{"@type":"WebSite","@id":"https:\/\/www.indieofilo.com\/#website","url":"https:\/\/www.indieofilo.com\/","name":"Indie\u00f3filo","description":"Magazine online de la cultura independiente","publisher":{"@id":"https:\/\/www.indieofilo.com\/#organization"},"potentialAction":[{"@type":"SearchAction","target":{"@type":"EntryPoint","urlTemplate":"https:\/\/www.indieofilo.com\/?s={search_term_string}"},"query-input":{"@type":"PropertyValueSpecification","valueRequired":true,"valueName":"search_term_string"}}],"inLanguage":"en-US"},{"@type":"Organization","@id":"https:\/\/www.indieofilo.com\/#organization","name":"Indie\u00f3filo Web","url":"https:\/\/www.indieofilo.com\/","logo":{"@type":"ImageObject","inLanguage":"en-US","@id":"https:\/\/www.indieofilo.com\/#\/schema\/logo\/image\/","url":"https:\/\/www.indieofilo.com\/wp-content\/uploads\/2015\/02\/logo-alta-resolucion.png","contentUrl":"https:\/\/www.indieofilo.com\/wp-content\/uploads\/2015\/02\/logo-alta-resolucion.png","width":544,"height":185,"caption":"Indie\u00f3filo Web"},"image":{"@id":"https:\/\/www.indieofilo.com\/#\/schema\/logo\/image\/"},"sameAs":["https:\/\/www.facebook.com\/Indieofilo\/","https:\/\/x.com\/indieofilo","https:\/\/www.instagram.com\/indieofilo\/"]},{"@type":"Person","@id":"https:\/\/www.indieofilo.com\/#\/schema\/person\/595334d38590e4ce5a09f83cbf2fca90","name":"Victor","image":{"@type":"ImageObject","inLanguage":"en-US","@id":"https:\/\/www.indieofilo.com\/#\/schema\/person\/image\/","url":"https:\/\/secure.gravatar.com\/avatar\/682b8c6ea3e94b6cffec683b25f1797d?s=96&d=mm&r=g","contentUrl":"https:\/\/secure.gravatar.com\/avatar\/682b8c6ea3e94b6cffec683b25f1797d?s=96&d=mm&r=g","caption":"Victor"},"description":"Fan\u00e1tico de la m\u00fasica desde que mis padres me pon\u00edan a Eydie Gorme y Los Panchos o el Discotuna por la A2. Intent\u00e9 tocar varios instrumentos, pero soy muy torpe con la mano izquierda, as\u00ed que ya sab\u00e9is el resultado final. Fan del britpop, Post-punk, el rugby y el baloncesto...","sameAs":["http:\/\/indieofilo.com"],"url":"https:\/\/www.indieofilo.com\/en\/author\/victor"}]}},"_links":{"self":[{"href":"https:\/\/www.indieofilo.com\/en\/wp-json\/wp\/v2\/posts\/45523","targetHints":{"allow":["GET"]}}],"collection":[{"href":"https:\/\/www.indieofilo.com\/en\/wp-json\/wp\/v2\/posts"}],"about":[{"href":"https:\/\/www.indieofilo.com\/en\/wp-json\/wp\/v2\/types\/post"}],"author":[{"embeddable":true,"href":"https:\/\/www.indieofilo.com\/en\/wp-json\/wp\/v2\/users\/1"}],"replies":[{"embeddable":true,"href":"https:\/\/www.indieofilo.com\/en\/wp-json\/wp\/v2\/comments?post=45523"}],"version-history":[{"count":0,"href":"https:\/\/www.indieofilo.com\/en\/wp-json\/wp\/v2\/posts\/45523\/revisions"}],"wp:featuredmedia":[{"embeddable":true,"href":"https:\/\/www.indieofilo.com\/en\/wp-json\/wp\/v2\/media\/45520"}],"wp:attachment":[{"href":"https:\/\/www.indieofilo.com\/en\/wp-json\/wp\/v2\/media?parent=45523"}],"wp:term":[{"taxonomy":"category","embeddable":true,"href":"https:\/\/www.indieofilo.com\/en\/wp-json\/wp\/v2\/categories?post=45523"},{"taxonomy":"post_tag","embeddable":true,"href":"https:\/\/www.indieofilo.com\/en\/wp-json\/wp\/v2\/tags?post=45523"}],"curies":[{"name":"wp","href":"https:\/\/api.w.org\/{rel}","templated":true}]}}