{"id":45440,"date":"2024-10-30T13:33:09","date_gmt":"2024-10-30T12:33:09","guid":{"rendered":"https:\/\/www.indieofilo.com\/news\/music\/sonar-lisboa-2025-reveals-its-first-names"},"modified":"2024-12-12T13:55:04","modified_gmt":"2024-12-12T12:55:04","slug":"sonar-lisboa-2025-reveals-its-first-names","status":"publish","type":"post","link":"https:\/\/www.indieofilo.com\/en\/news\/live-shows\/sonar-lisboa-2025-reveals-its-first-names","title":{"rendered":"S\u00f3nar Lisboa 2025 reveals its first names"},"content":{"rendered":"<p style=\"text-align: justify;\">While we still don&#8217;t have any details on the line-up for <strong>S\u00f3nar 2025<\/strong>, its Lisboa alter ego has just announced the first names of its line-up for an edition that will take place from <strong>11 to 13 April 2025<\/strong> in the Portuguese capital&#8217;s <strong>Parque Eduardo VII<\/strong>.<\/p>\n<p style=\"text-align: justify;\">S\u00f3nar Lisboa 2025 will feature new shows by <strong>Marcel Dettmann<\/strong> and <strong>Max Cooper<\/strong>, DJ sets by <strong>Anetha, Modeselektor,<\/strong> <strong>Nina Kraviz<\/strong> and Colombian <strong>ISAbella<\/strong>, as well as B2B acts such as <strong>BASHKKA + <\/strong><strong>Ogaz\u00f3n<\/strong>. In addition to the multidisciplinary shows that S\u00f3nar audiences are accustomed to, the capital of Lisbon will be able to enjoy <strong>Gabber Eleganza<\/strong> and his &#8216;<em>The Hakke Show<\/em>&#8216;, which l<strong>eft such a good taste in the mouth<\/strong> at the last <a href=\"https:\/\/www.indieofilo.com\/en\/gig-reviews\/festivals\/sonar-2024-15-june-2024-barcelona\">S\u00f3nar by day Barcelona 2024<\/a>.<\/p>\n<p style=\"text-align: justify;\">Season tickets and full festival passes for this fourth edition of the Portuguese festival are available on the <a href=\"https:\/\/sonarlisboa.pt\/en\/tickets\" target=\"_blank\" rel=\"noopener\">festival&#8217;s official website<\/a>.<\/p>\n<p><img fetchpriority=\"high\" decoding=\"async\" class=\"aligncenter size-large wp-image-45437\" src=\"http:\/\/www.indieofilo.com\/wp-content\/uploads\/2024\/10\/Sonar-Lisboa-2025-Dettmann-683x683.jpg\" alt=\"S\u00f3nar Lisboa 2025 Dettmann\" width=\"683\" height=\"683\" srcset=\"https:\/\/www.indieofilo.com\/wp-content\/uploads\/2024\/10\/Sonar-Lisboa-2025-Dettmann-683x683.jpg 683w, https:\/\/www.indieofilo.com\/wp-content\/uploads\/2024\/10\/Sonar-Lisboa-2025-Dettmann-533x533.jpg 533w, https:\/\/www.indieofilo.com\/wp-content\/uploads\/2024\/10\/Sonar-Lisboa-2025-Dettmann-400x400.jpg 400w, https:\/\/www.indieofilo.com\/wp-content\/uploads\/2024\/10\/Sonar-Lisboa-2025-Dettmann-768x768.jpg 768w, https:\/\/www.indieofilo.com\/wp-content\/uploads\/2024\/10\/Sonar-Lisboa-2025-Dettmann-300x300.jpg 300w, https:\/\/www.indieofilo.com\/wp-content\/uploads\/2024\/10\/Sonar-Lisboa-2025-Dettmann.jpg 1440w\" sizes=\"(max-width: 683px) 100vw, 683px\" \/><\/p>\n","protected":false},"excerpt":{"rendered":"<p>While we still don&#8217;t have any details on the line-up for S\u00f3nar 2025, its Lisboa alter ego has just announced the first names of its line-up for an edition that will take place from 11 to 13 April 2025 in the Portuguese capital&#8217;s Parque Eduardo VII. S\u00f3nar Lisboa 2025 will feature new shows by Marcel [&hellip;]<\/p>\n","protected":false},"author":5,"featured_media":45437,"comment_status":"open","ping_status":"closed","sticky":false,"template":"","format":"standard","meta":{"footnotes":""},"categories":[41,8],"tags":[7525,7455,5014,5475,5050,7523,7524],"class_list":["post-45440","post","type-post","status-publish","format-standard","has-post-thumbnail","hentry","category-live-shows","category-news","tag-marcel-dettmann-en-2","tag-max-cooper-en","tag-modeselektor-en","tag-nina-kraviz-en","tag-sonar-en","tag-sonar-lisboa-en","tag-sonar-lisboa-2025-en"],"yoast_head":"<!-- This site is optimized with the Yoast SEO Premium plugin v23.9 (Yoast SEO v26.6) - https:\/\/yoast.com\/wordpress\/plugins\/seo\/ -->\n<title>S\u00f3nar Lisboa 2025 reveals its first names - Indie\u00f3filo<\/title>\n<meta name=\"description\" content=\"S\u00f3nar Lisboa 2025 will feature new shows by Marcel Dettmann and Max Cooper, as well as DJ sets by Anetha, Modeselektor and Nina Kraviz.\" \/>\n<meta name=\"robots\" content=\"index, follow, max-snippet:-1, max-image-preview:large, max-video-preview:-1\" \/>\n<link rel=\"canonical\" href=\"https:\/\/www.indieofilo.com\/en\/news\/live-shows\/sonar-lisboa-2025-reveals-its-first-names\" \/>\n<meta property=\"og:locale\" content=\"en_US\" \/>\n<meta property=\"og:type\" content=\"article\" \/>\n<meta property=\"og:title\" content=\"S\u00f3nar Lisboa 2025 reveals its first names\" \/>\n<meta property=\"og:description\" content=\"S\u00f3nar Lisboa 2025 will feature new shows by Marcel Dettmann and Max Cooper, as well as DJ sets by Anetha, Modeselektor and Nina Kraviz.\" \/>\n<meta property=\"og:url\" content=\"https:\/\/www.indieofilo.com\/en\/news\/live-shows\/sonar-lisboa-2025-reveals-its-first-names\" \/>\n<meta property=\"og:site_name\" content=\"Indie\u00f3filo\" \/>\n<meta property=\"article:publisher\" content=\"https:\/\/www.facebook.com\/Indieofilo\/\" \/>\n<meta property=\"article:published_time\" content=\"2024-10-30T12:33:09+00:00\" \/>\n<meta property=\"article:modified_time\" content=\"2024-12-12T12:55:04+00:00\" \/>\n<meta property=\"og:image\" content=\"http:\/\/www.indieofilo.com\/wp-content\/uploads\/2024\/10\/Sonar-Lisboa-2025-Dettmann.jpg\" \/>\n\t<meta property=\"og:image:width\" content=\"1440\" \/>\n\t<meta property=\"og:image:height\" content=\"1440\" \/>\n\t<meta property=\"og:image:type\" content=\"image\/jpeg\" \/>\n<meta name=\"author\" content=\"Esther\" \/>\n<meta name=\"twitter:card\" content=\"summary_large_image\" \/>\n<meta name=\"twitter:creator\" content=\"@indieofilo\" \/>\n<meta name=\"twitter:site\" content=\"@indieofilo\" \/>\n<meta name=\"twitter:label1\" content=\"Written by\" \/>\n\t<meta name=\"twitter:data1\" content=\"Esther\" \/>\n\t<meta name=\"twitter:label2\" content=\"Est. reading time\" \/>\n\t<meta name=\"twitter:data2\" content=\"2 minutes\" \/>\n<script type=\"application\/ld+json\" class=\"yoast-schema-graph\">{\"@context\":\"https:\/\/schema.org\",\"@graph\":[{\"@type\":\"Article\",\"@id\":\"https:\/\/www.indieofilo.com\/en\/news\/live-shows\/sonar-lisboa-2025-reveals-its-first-names#article\",\"isPartOf\":{\"@id\":\"https:\/\/www.indieofilo.com\/en\/news\/live-shows\/sonar-lisboa-2025-reveals-its-first-names\"},\"author\":{\"name\":\"Esther\",\"@id\":\"https:\/\/www.indieofilo.com\/#\/schema\/person\/74da137239ce0d8d2ed179f2baf66e3e\"},\"headline\":\"S\u00f3nar Lisboa 2025 reveals its first names\",\"datePublished\":\"2024-10-30T12:33:09+00:00\",\"dateModified\":\"2024-12-12T12:55:04+00:00\",\"mainEntityOfPage\":{\"@id\":\"https:\/\/www.indieofilo.com\/en\/news\/live-shows\/sonar-lisboa-2025-reveals-its-first-names\"},\"wordCount\":151,\"commentCount\":0,\"publisher\":{\"@id\":\"https:\/\/www.indieofilo.com\/#organization\"},\"image\":{\"@id\":\"https:\/\/www.indieofilo.com\/en\/news\/live-shows\/sonar-lisboa-2025-reveals-its-first-names#primaryimage\"},\"thumbnailUrl\":\"https:\/\/www.indieofilo.com\/wp-content\/uploads\/2024\/10\/Sonar-Lisboa-2025-Dettmann.jpg\",\"keywords\":[\"Marcel Dettmann\",\"Max Cooper\",\"Modeselektor\",\"Nina Kraviz\",\"S\u00f3nar\",\"S\u00f3nar Lisboa\",\"S\u00f3nar Lisboa 2025\"],\"articleSection\":[\"Live Shows\",\"News\"],\"inLanguage\":\"en-US\",\"potentialAction\":[{\"@type\":\"CommentAction\",\"name\":\"Comment\",\"target\":[\"https:\/\/www.indieofilo.com\/en\/news\/live-shows\/sonar-lisboa-2025-reveals-its-first-names#respond\"]}]},{\"@type\":\"WebPage\",\"@id\":\"https:\/\/www.indieofilo.com\/en\/news\/live-shows\/sonar-lisboa-2025-reveals-its-first-names\",\"url\":\"https:\/\/www.indieofilo.com\/en\/news\/live-shows\/sonar-lisboa-2025-reveals-its-first-names\",\"name\":\"S\u00f3nar Lisboa 2025 reveals its first names - Indie\u00f3filo\",\"isPartOf\":{\"@id\":\"https:\/\/www.indieofilo.com\/#website\"},\"primaryImageOfPage\":{\"@id\":\"https:\/\/www.indieofilo.com\/en\/news\/live-shows\/sonar-lisboa-2025-reveals-its-first-names#primaryimage\"},\"image\":{\"@id\":\"https:\/\/www.indieofilo.com\/en\/news\/live-shows\/sonar-lisboa-2025-reveals-its-first-names#primaryimage\"},\"thumbnailUrl\":\"https:\/\/www.indieofilo.com\/wp-content\/uploads\/2024\/10\/Sonar-Lisboa-2025-Dettmann.jpg\",\"datePublished\":\"2024-10-30T12:33:09+00:00\",\"dateModified\":\"2024-12-12T12:55:04+00:00\",\"description\":\"S\u00f3nar Lisboa 2025 will feature new shows by Marcel Dettmann and Max Cooper, as well as DJ sets by Anetha, Modeselektor and Nina Kraviz.\",\"breadcrumb\":{\"@id\":\"https:\/\/www.indieofilo.com\/en\/news\/live-shows\/sonar-lisboa-2025-reveals-its-first-names#breadcrumb\"},\"inLanguage\":\"en-US\",\"potentialAction\":[{\"@type\":\"ReadAction\",\"target\":[\"https:\/\/www.indieofilo.com\/en\/news\/live-shows\/sonar-lisboa-2025-reveals-its-first-names\"]}]},{\"@type\":\"ImageObject\",\"inLanguage\":\"en-US\",\"@id\":\"https:\/\/www.indieofilo.com\/en\/news\/live-shows\/sonar-lisboa-2025-reveals-its-first-names#primaryimage\",\"url\":\"https:\/\/www.indieofilo.com\/wp-content\/uploads\/2024\/10\/Sonar-Lisboa-2025-Dettmann.jpg\",\"contentUrl\":\"https:\/\/www.indieofilo.com\/wp-content\/uploads\/2024\/10\/Sonar-Lisboa-2025-Dettmann.jpg\",\"width\":1440,\"height\":1440,\"caption\":\"S\u00f3nar Lisboa 2025 Dettmann\"},{\"@type\":\"BreadcrumbList\",\"@id\":\"https:\/\/www.indieofilo.com\/en\/news\/live-shows\/sonar-lisboa-2025-reveals-its-first-names#breadcrumb\",\"itemListElement\":[{\"@type\":\"ListItem\",\"position\":1,\"name\":\"Portada\",\"item\":\"https:\/\/www.indieofilo.com\/en\"},{\"@type\":\"ListItem\",\"position\":2,\"name\":\"S\u00f3nar Lisboa 2025 reveals its first names\"}]},{\"@type\":\"WebSite\",\"@id\":\"https:\/\/www.indieofilo.com\/#website\",\"url\":\"https:\/\/www.indieofilo.com\/\",\"name\":\"Indie\u00f3filo\",\"description\":\"Magazine online de la cultura independiente\",\"publisher\":{\"@id\":\"https:\/\/www.indieofilo.com\/#organization\"},\"potentialAction\":[{\"@type\":\"SearchAction\",\"target\":{\"@type\":\"EntryPoint\",\"urlTemplate\":\"https:\/\/www.indieofilo.com\/?s={search_term_string}\"},\"query-input\":{\"@type\":\"PropertyValueSpecification\",\"valueRequired\":true,\"valueName\":\"search_term_string\"}}],\"inLanguage\":\"en-US\"},{\"@type\":\"Organization\",\"@id\":\"https:\/\/www.indieofilo.com\/#organization\",\"name\":\"Indie\u00f3filo Web\",\"url\":\"https:\/\/www.indieofilo.com\/\",\"logo\":{\"@type\":\"ImageObject\",\"inLanguage\":\"en-US\",\"@id\":\"https:\/\/www.indieofilo.com\/#\/schema\/logo\/image\/\",\"url\":\"https:\/\/www.indieofilo.com\/wp-content\/uploads\/2015\/02\/logo-alta-resolucion.png\",\"contentUrl\":\"https:\/\/www.indieofilo.com\/wp-content\/uploads\/2015\/02\/logo-alta-resolucion.png\",\"width\":544,\"height\":185,\"caption\":\"Indie\u00f3filo Web\"},\"image\":{\"@id\":\"https:\/\/www.indieofilo.com\/#\/schema\/logo\/image\/\"},\"sameAs\":[\"https:\/\/www.facebook.com\/Indieofilo\/\",\"https:\/\/x.com\/indieofilo\",\"https:\/\/www.instagram.com\/indieofilo\/\"]},{\"@type\":\"Person\",\"@id\":\"https:\/\/www.indieofilo.com\/#\/schema\/person\/74da137239ce0d8d2ed179f2baf66e3e\",\"name\":\"Esther\",\"image\":{\"@type\":\"ImageObject\",\"inLanguage\":\"en-US\",\"@id\":\"https:\/\/www.indieofilo.com\/#\/schema\/person\/image\/\",\"url\":\"https:\/\/secure.gravatar.com\/avatar\/07e66d1acb4f381f1c32cd15206dcc22?s=96&d=mm&r=g\",\"contentUrl\":\"https:\/\/secure.gravatar.com\/avatar\/07e66d1acb4f381f1c32cd15206dcc22?s=96&d=mm&r=g\",\"caption\":\"Esther\"},\"description\":\"\u00a1La \u00fanica mente anal\u00edtica de este proyecto! Me encanta la fotograf\u00eda, el crochet, la qu\u00edmica y el running.\",\"url\":\"https:\/\/www.indieofilo.com\/en\/author\/esther\"}]}<\/script>\n<!-- \/ Yoast SEO Premium plugin. -->","yoast_head_json":{"title":"S\u00f3nar Lisboa 2025 reveals its first names - Indie\u00f3filo","description":"S\u00f3nar Lisboa 2025 will feature new shows by Marcel Dettmann and Max Cooper, as well as DJ sets by Anetha, Modeselektor and Nina Kraviz.","robots":{"index":"index","follow":"follow","max-snippet":"max-snippet:-1","max-image-preview":"max-image-preview:large","max-video-preview":"max-video-preview:-1"},"canonical":"https:\/\/www.indieofilo.com\/en\/news\/live-shows\/sonar-lisboa-2025-reveals-its-first-names","og_locale":"en_US","og_type":"article","og_title":"S\u00f3nar Lisboa 2025 reveals its first names","og_description":"S\u00f3nar Lisboa 2025 will feature new shows by Marcel Dettmann and Max Cooper, as well as DJ sets by Anetha, Modeselektor and Nina Kraviz.","og_url":"https:\/\/www.indieofilo.com\/en\/news\/live-shows\/sonar-lisboa-2025-reveals-its-first-names","og_site_name":"Indie\u00f3filo","article_publisher":"https:\/\/www.facebook.com\/Indieofilo\/","article_published_time":"2024-10-30T12:33:09+00:00","article_modified_time":"2024-12-12T12:55:04+00:00","og_image":[{"width":1440,"height":1440,"url":"http:\/\/www.indieofilo.com\/wp-content\/uploads\/2024\/10\/Sonar-Lisboa-2025-Dettmann.jpg","type":"image\/jpeg"}],"author":"Esther","twitter_card":"summary_large_image","twitter_creator":"@indieofilo","twitter_site":"@indieofilo","twitter_misc":{"Written by":"Esther","Est. reading time":"2 minutes"},"schema":{"@context":"https:\/\/schema.org","@graph":[{"@type":"Article","@id":"https:\/\/www.indieofilo.com\/en\/news\/live-shows\/sonar-lisboa-2025-reveals-its-first-names#article","isPartOf":{"@id":"https:\/\/www.indieofilo.com\/en\/news\/live-shows\/sonar-lisboa-2025-reveals-its-first-names"},"author":{"name":"Esther","@id":"https:\/\/www.indieofilo.com\/#\/schema\/person\/74da137239ce0d8d2ed179f2baf66e3e"},"headline":"S\u00f3nar Lisboa 2025 reveals its first names","datePublished":"2024-10-30T12:33:09+00:00","dateModified":"2024-12-12T12:55:04+00:00","mainEntityOfPage":{"@id":"https:\/\/www.indieofilo.com\/en\/news\/live-shows\/sonar-lisboa-2025-reveals-its-first-names"},"wordCount":151,"commentCount":0,"publisher":{"@id":"https:\/\/www.indieofilo.com\/#organization"},"image":{"@id":"https:\/\/www.indieofilo.com\/en\/news\/live-shows\/sonar-lisboa-2025-reveals-its-first-names#primaryimage"},"thumbnailUrl":"https:\/\/www.indieofilo.com\/wp-content\/uploads\/2024\/10\/Sonar-Lisboa-2025-Dettmann.jpg","keywords":["Marcel Dettmann","Max Cooper","Modeselektor","Nina Kraviz","S\u00f3nar","S\u00f3nar Lisboa","S\u00f3nar Lisboa 2025"],"articleSection":["Live Shows","News"],"inLanguage":"en-US","potentialAction":[{"@type":"CommentAction","name":"Comment","target":["https:\/\/www.indieofilo.com\/en\/news\/live-shows\/sonar-lisboa-2025-reveals-its-first-names#respond"]}]},{"@type":"WebPage","@id":"https:\/\/www.indieofilo.com\/en\/news\/live-shows\/sonar-lisboa-2025-reveals-its-first-names","url":"https:\/\/www.indieofilo.com\/en\/news\/live-shows\/sonar-lisboa-2025-reveals-its-first-names","name":"S\u00f3nar Lisboa 2025 reveals its first names - Indie\u00f3filo","isPartOf":{"@id":"https:\/\/www.indieofilo.com\/#website"},"primaryImageOfPage":{"@id":"https:\/\/www.indieofilo.com\/en\/news\/live-shows\/sonar-lisboa-2025-reveals-its-first-names#primaryimage"},"image":{"@id":"https:\/\/www.indieofilo.com\/en\/news\/live-shows\/sonar-lisboa-2025-reveals-its-first-names#primaryimage"},"thumbnailUrl":"https:\/\/www.indieofilo.com\/wp-content\/uploads\/2024\/10\/Sonar-Lisboa-2025-Dettmann.jpg","datePublished":"2024-10-30T12:33:09+00:00","dateModified":"2024-12-12T12:55:04+00:00","description":"S\u00f3nar Lisboa 2025 will feature new shows by Marcel Dettmann and Max Cooper, as well as DJ sets by Anetha, Modeselektor and Nina Kraviz.","breadcrumb":{"@id":"https:\/\/www.indieofilo.com\/en\/news\/live-shows\/sonar-lisboa-2025-reveals-its-first-names#breadcrumb"},"inLanguage":"en-US","potentialAction":[{"@type":"ReadAction","target":["https:\/\/www.indieofilo.com\/en\/news\/live-shows\/sonar-lisboa-2025-reveals-its-first-names"]}]},{"@type":"ImageObject","inLanguage":"en-US","@id":"https:\/\/www.indieofilo.com\/en\/news\/live-shows\/sonar-lisboa-2025-reveals-its-first-names#primaryimage","url":"https:\/\/www.indieofilo.com\/wp-content\/uploads\/2024\/10\/Sonar-Lisboa-2025-Dettmann.jpg","contentUrl":"https:\/\/www.indieofilo.com\/wp-content\/uploads\/2024\/10\/Sonar-Lisboa-2025-Dettmann.jpg","width":1440,"height":1440,"caption":"S\u00f3nar Lisboa 2025 Dettmann"},{"@type":"BreadcrumbList","@id":"https:\/\/www.indieofilo.com\/en\/news\/live-shows\/sonar-lisboa-2025-reveals-its-first-names#breadcrumb","itemListElement":[{"@type":"ListItem","position":1,"name":"Portada","item":"https:\/\/www.indieofilo.com\/en"},{"@type":"ListItem","position":2,"name":"S\u00f3nar Lisboa 2025 reveals its first names"}]},{"@type":"WebSite","@id":"https:\/\/www.indieofilo.com\/#website","url":"https:\/\/www.indieofilo.com\/","name":"Indie\u00f3filo","description":"Magazine online de la cultura independiente","publisher":{"@id":"https:\/\/www.indieofilo.com\/#organization"},"potentialAction":[{"@type":"SearchAction","target":{"@type":"EntryPoint","urlTemplate":"https:\/\/www.indieofilo.com\/?s={search_term_string}"},"query-input":{"@type":"PropertyValueSpecification","valueRequired":true,"valueName":"search_term_string"}}],"inLanguage":"en-US"},{"@type":"Organization","@id":"https:\/\/www.indieofilo.com\/#organization","name":"Indie\u00f3filo Web","url":"https:\/\/www.indieofilo.com\/","logo":{"@type":"ImageObject","inLanguage":"en-US","@id":"https:\/\/www.indieofilo.com\/#\/schema\/logo\/image\/","url":"https:\/\/www.indieofilo.com\/wp-content\/uploads\/2015\/02\/logo-alta-resolucion.png","contentUrl":"https:\/\/www.indieofilo.com\/wp-content\/uploads\/2015\/02\/logo-alta-resolucion.png","width":544,"height":185,"caption":"Indie\u00f3filo Web"},"image":{"@id":"https:\/\/www.indieofilo.com\/#\/schema\/logo\/image\/"},"sameAs":["https:\/\/www.facebook.com\/Indieofilo\/","https:\/\/x.com\/indieofilo","https:\/\/www.instagram.com\/indieofilo\/"]},{"@type":"Person","@id":"https:\/\/www.indieofilo.com\/#\/schema\/person\/74da137239ce0d8d2ed179f2baf66e3e","name":"Esther","image":{"@type":"ImageObject","inLanguage":"en-US","@id":"https:\/\/www.indieofilo.com\/#\/schema\/person\/image\/","url":"https:\/\/secure.gravatar.com\/avatar\/07e66d1acb4f381f1c32cd15206dcc22?s=96&d=mm&r=g","contentUrl":"https:\/\/secure.gravatar.com\/avatar\/07e66d1acb4f381f1c32cd15206dcc22?s=96&d=mm&r=g","caption":"Esther"},"description":"\u00a1La \u00fanica mente anal\u00edtica de este proyecto! Me encanta la fotograf\u00eda, el crochet, la qu\u00edmica y el running.","url":"https:\/\/www.indieofilo.com\/en\/author\/esther"}]}},"_links":{"self":[{"href":"https:\/\/www.indieofilo.com\/en\/wp-json\/wp\/v2\/posts\/45440","targetHints":{"allow":["GET"]}}],"collection":[{"href":"https:\/\/www.indieofilo.com\/en\/wp-json\/wp\/v2\/posts"}],"about":[{"href":"https:\/\/www.indieofilo.com\/en\/wp-json\/wp\/v2\/types\/post"}],"author":[{"embeddable":true,"href":"https:\/\/www.indieofilo.com\/en\/wp-json\/wp\/v2\/users\/5"}],"replies":[{"embeddable":true,"href":"https:\/\/www.indieofilo.com\/en\/wp-json\/wp\/v2\/comments?post=45440"}],"version-history":[{"count":0,"href":"https:\/\/www.indieofilo.com\/en\/wp-json\/wp\/v2\/posts\/45440\/revisions"}],"wp:featuredmedia":[{"embeddable":true,"href":"https:\/\/www.indieofilo.com\/en\/wp-json\/wp\/v2\/media\/45437"}],"wp:attachment":[{"href":"https:\/\/www.indieofilo.com\/en\/wp-json\/wp\/v2\/media?parent=45440"}],"wp:term":[{"taxonomy":"category","embeddable":true,"href":"https:\/\/www.indieofilo.com\/en\/wp-json\/wp\/v2\/categories?post=45440"},{"taxonomy":"post_tag","embeddable":true,"href":"https:\/\/www.indieofilo.com\/en\/wp-json\/wp\/v2\/tags?post=45440"}],"curies":[{"name":"wp","href":"https:\/\/api.w.org\/{rel}","templated":true}]}}