{"id":44982,"date":"2024-11-27T21:57:00","date_gmt":"2024-11-27T20:57:00","guid":{"rendered":"https:\/\/www.indieofilo.com\/news\/music\/the-legendary-savatage-new-confirmation-for-barcelona-rock-fest-2025"},"modified":"2024-11-28T11:08:59","modified_gmt":"2024-11-28T10:08:59","slug":"the-legendary-savatage-new-confirmation-for-barcelona-rock-fest-2025","status":"publish","type":"post","link":"https:\/\/www.indieofilo.com\/en\/news\/live-shows\/the-legendary-savatage-new-confirmation-for-barcelona-rock-fest-2025","title":{"rendered":"The legendary Savatage, new confirmation for Barcelona Rock Fest 2025"},"content":{"rendered":"<p style=\"text-align: justify;\">The line-up for <strong>Barcelona Rock Fest 2025<\/strong> continues to unfold. After the announcement of <a href=\"https:\/\/www.indieofilo.com\/en\/news\/barcelona-rock-fest-confirms-2025-dates\">Running Wild<\/a> at the end of July and the confirmation of <a href=\"https:\/\/www.indieofilo.com\/en\/news\/barcelona-rock-fest-2025-confirms-judas-priest-and-scorpions\">Scorpions, Judas Priest<\/a> and <a href=\"https:\/\/www.indieofilo.com\/en\/news\/slipknot-new-headliners-for-barcelona-rock-fest-2025\">Slipknot<\/a> in recent weeks, today we have learned that the legendary <strong>Savatage<\/strong> will also be part of the Catalan festival.<\/p>\n<p style=\"text-align: justify;\">On Thursday 26th June, the American band Savatage, responsible for some of the best progressive metal albums of the 80s, will be coming to Barcelona for the first time in 23 years. The band will perform with its classic line-up: <b>John Lee Middleton, Zak Stevens, Chris Caffery, Jeff Plate and Al Pitrelli<\/b>, with the only absentees being the founders, the brothers <b>Criss<\/b> and <b>Jon Oliva<\/b>, the former due to his death in a car accident in 1993 and the latter due to his recently confirmed health problems, suffering from multiple sclerosis and M\u00e9ni\u00e8re&#8217;s syndrome.<\/p>\n<p class=\"p1\" style=\"text-align: justify;\">Tickets for the festival, which will take place at the usual Can Zam venue <b>from 26 to 29 June 2025<\/b>, are now available on the <a href=\"http:\/\/www.barcelonarockfest.com\/entradas-festival\">festival&#8217;s official website<\/a>.<\/p>\n<p><img fetchpriority=\"high\" decoding=\"async\" class=\"aligncenter size-large wp-image-44979\" src=\"http:\/\/www.indieofilo.com\/wp-content\/uploads\/2024\/11\/barcelona-rock-fest-2025-savatage-683x683.jpg\" alt=\"Barcelona Rock Fest 2025 - Savatage\" width=\"683\" height=\"683\" srcset=\"https:\/\/www.indieofilo.com\/wp-content\/uploads\/2024\/11\/barcelona-rock-fest-2025-savatage-683x683.jpg 683w, https:\/\/www.indieofilo.com\/wp-content\/uploads\/2024\/11\/barcelona-rock-fest-2025-savatage-533x533.jpg 533w, https:\/\/www.indieofilo.com\/wp-content\/uploads\/2024\/11\/barcelona-rock-fest-2025-savatage-400x400.jpg 400w, https:\/\/www.indieofilo.com\/wp-content\/uploads\/2024\/11\/barcelona-rock-fest-2025-savatage-768x768.jpg 768w, https:\/\/www.indieofilo.com\/wp-content\/uploads\/2024\/11\/barcelona-rock-fest-2025-savatage-300x300.jpg 300w, https:\/\/www.indieofilo.com\/wp-content\/uploads\/2024\/11\/barcelona-rock-fest-2025-savatage.jpg 1080w\" sizes=\"(max-width: 683px) 100vw, 683px\" \/><\/p>\n","protected":false},"excerpt":{"rendered":"<p>The line-up for Barcelona Rock Fest 2025 continues to unfold. After the announcement of Running Wild at the end of July and the confirmation of Scorpions, Judas Priest and Slipknot in recent weeks, today we have learned that the legendary Savatage will also be part of the Catalan festival. On Thursday 26th June, the American [&hellip;]<\/p>\n","protected":false},"author":1,"featured_media":44979,"comment_status":"open","ping_status":"closed","sticky":false,"template":"","format":"standard","meta":{"footnotes":""},"categories":[41,8],"tags":[4961,7152,7265,7476],"class_list":["post-44982","post","type-post","status-publish","format-standard","has-post-thumbnail","hentry","category-live-shows","category-news","tag-barcelona-en","tag-barcelona-rock-fest-en","tag-barcelona-rock-fest-2025-en","tag-savatage-en"],"yoast_head":"<!-- This site is optimized with the Yoast SEO Premium plugin v23.9 (Yoast SEO v26.6) - https:\/\/yoast.com\/wordpress\/plugins\/seo\/ -->\n<title>The legendary Savatage, new confirmation for Barcelona Rock Fest 2025 - Indie\u00f3filo<\/title>\n<meta name=\"description\" content=\"North Americans Savatage, authors of some of the best progressive metal albums of the 80s, will perform on 26th June.\" \/>\n<meta name=\"robots\" content=\"index, follow, max-snippet:-1, max-image-preview:large, max-video-preview:-1\" \/>\n<link rel=\"canonical\" href=\"https:\/\/www.indieofilo.com\/en\/news\/live-shows\/the-legendary-savatage-new-confirmation-for-barcelona-rock-fest-2025\" \/>\n<meta property=\"og:locale\" content=\"en_US\" \/>\n<meta property=\"og:type\" content=\"article\" \/>\n<meta property=\"og:title\" content=\"The legendary Savatage, new confirmation for Barcelona Rock Fest 2025\" \/>\n<meta property=\"og:description\" content=\"North Americans Savatage, authors of some of the best progressive metal albums of the 80s, will perform on 26th June.\" \/>\n<meta property=\"og:url\" content=\"https:\/\/www.indieofilo.com\/en\/news\/live-shows\/the-legendary-savatage-new-confirmation-for-barcelona-rock-fest-2025\" \/>\n<meta property=\"og:site_name\" content=\"Indie\u00f3filo\" \/>\n<meta property=\"article:publisher\" content=\"https:\/\/www.facebook.com\/Indieofilo\/\" \/>\n<meta property=\"article:published_time\" content=\"2024-11-27T20:57:00+00:00\" \/>\n<meta property=\"article:modified_time\" content=\"2024-11-28T10:08:59+00:00\" \/>\n<meta property=\"og:image\" content=\"http:\/\/www.indieofilo.com\/wp-content\/uploads\/2024\/11\/barcelona-rock-fest-2025-savatage.jpg\" \/>\n\t<meta property=\"og:image:width\" content=\"1080\" \/>\n\t<meta property=\"og:image:height\" content=\"1080\" \/>\n\t<meta property=\"og:image:type\" content=\"image\/jpeg\" \/>\n<meta name=\"author\" content=\"Victor\" \/>\n<meta name=\"twitter:card\" content=\"summary_large_image\" \/>\n<meta name=\"twitter:creator\" content=\"@indieofilo\" \/>\n<meta name=\"twitter:site\" content=\"@indieofilo\" \/>\n<meta name=\"twitter:label1\" content=\"Written by\" \/>\n\t<meta name=\"twitter:data1\" content=\"Victor\" \/>\n\t<meta name=\"twitter:label2\" content=\"Est. reading time\" \/>\n\t<meta name=\"twitter:data2\" content=\"2 minutes\" \/>\n<script type=\"application\/ld+json\" class=\"yoast-schema-graph\">{\"@context\":\"https:\/\/schema.org\",\"@graph\":[{\"@type\":\"Article\",\"@id\":\"https:\/\/www.indieofilo.com\/en\/news\/live-shows\/the-legendary-savatage-new-confirmation-for-barcelona-rock-fest-2025#article\",\"isPartOf\":{\"@id\":\"https:\/\/www.indieofilo.com\/en\/news\/live-shows\/the-legendary-savatage-new-confirmation-for-barcelona-rock-fest-2025\"},\"author\":{\"name\":\"Victor\",\"@id\":\"https:\/\/www.indieofilo.com\/#\/schema\/person\/595334d38590e4ce5a09f83cbf2fca90\"},\"headline\":\"The legendary Savatage, new confirmation for Barcelona Rock Fest 2025\",\"datePublished\":\"2024-11-27T20:57:00+00:00\",\"dateModified\":\"2024-11-28T10:08:59+00:00\",\"mainEntityOfPage\":{\"@id\":\"https:\/\/www.indieofilo.com\/en\/news\/live-shows\/the-legendary-savatage-new-confirmation-for-barcelona-rock-fest-2025\"},\"wordCount\":176,\"commentCount\":0,\"publisher\":{\"@id\":\"https:\/\/www.indieofilo.com\/#organization\"},\"image\":{\"@id\":\"https:\/\/www.indieofilo.com\/en\/news\/live-shows\/the-legendary-savatage-new-confirmation-for-barcelona-rock-fest-2025#primaryimage\"},\"thumbnailUrl\":\"https:\/\/www.indieofilo.com\/wp-content\/uploads\/2024\/11\/barcelona-rock-fest-2025-savatage.jpg\",\"keywords\":[\"Barcelona\",\"Barcelona Rock Fest\",\"Barcelona Rock Fest 2025\",\"Savatage\"],\"articleSection\":[\"Live Shows\",\"News\"],\"inLanguage\":\"en-US\",\"potentialAction\":[{\"@type\":\"CommentAction\",\"name\":\"Comment\",\"target\":[\"https:\/\/www.indieofilo.com\/en\/news\/live-shows\/the-legendary-savatage-new-confirmation-for-barcelona-rock-fest-2025#respond\"]}]},{\"@type\":\"WebPage\",\"@id\":\"https:\/\/www.indieofilo.com\/en\/news\/live-shows\/the-legendary-savatage-new-confirmation-for-barcelona-rock-fest-2025\",\"url\":\"https:\/\/www.indieofilo.com\/en\/news\/live-shows\/the-legendary-savatage-new-confirmation-for-barcelona-rock-fest-2025\",\"name\":\"The legendary Savatage, new confirmation for Barcelona Rock Fest 2025 - Indie\u00f3filo\",\"isPartOf\":{\"@id\":\"https:\/\/www.indieofilo.com\/#website\"},\"primaryImageOfPage\":{\"@id\":\"https:\/\/www.indieofilo.com\/en\/news\/live-shows\/the-legendary-savatage-new-confirmation-for-barcelona-rock-fest-2025#primaryimage\"},\"image\":{\"@id\":\"https:\/\/www.indieofilo.com\/en\/news\/live-shows\/the-legendary-savatage-new-confirmation-for-barcelona-rock-fest-2025#primaryimage\"},\"thumbnailUrl\":\"https:\/\/www.indieofilo.com\/wp-content\/uploads\/2024\/11\/barcelona-rock-fest-2025-savatage.jpg\",\"datePublished\":\"2024-11-27T20:57:00+00:00\",\"dateModified\":\"2024-11-28T10:08:59+00:00\",\"description\":\"North Americans Savatage, authors of some of the best progressive metal albums of the 80s, will perform on 26th June.\",\"breadcrumb\":{\"@id\":\"https:\/\/www.indieofilo.com\/en\/news\/live-shows\/the-legendary-savatage-new-confirmation-for-barcelona-rock-fest-2025#breadcrumb\"},\"inLanguage\":\"en-US\",\"potentialAction\":[{\"@type\":\"ReadAction\",\"target\":[\"https:\/\/www.indieofilo.com\/en\/news\/live-shows\/the-legendary-savatage-new-confirmation-for-barcelona-rock-fest-2025\"]}]},{\"@type\":\"ImageObject\",\"inLanguage\":\"en-US\",\"@id\":\"https:\/\/www.indieofilo.com\/en\/news\/live-shows\/the-legendary-savatage-new-confirmation-for-barcelona-rock-fest-2025#primaryimage\",\"url\":\"https:\/\/www.indieofilo.com\/wp-content\/uploads\/2024\/11\/barcelona-rock-fest-2025-savatage.jpg\",\"contentUrl\":\"https:\/\/www.indieofilo.com\/wp-content\/uploads\/2024\/11\/barcelona-rock-fest-2025-savatage.jpg\",\"width\":1080,\"height\":1080,\"caption\":\"Barcelona Rock Fest 2025 - Savatage\"},{\"@type\":\"BreadcrumbList\",\"@id\":\"https:\/\/www.indieofilo.com\/en\/news\/live-shows\/the-legendary-savatage-new-confirmation-for-barcelona-rock-fest-2025#breadcrumb\",\"itemListElement\":[{\"@type\":\"ListItem\",\"position\":1,\"name\":\"Portada\",\"item\":\"https:\/\/www.indieofilo.com\/en\"},{\"@type\":\"ListItem\",\"position\":2,\"name\":\"The legendary Savatage, new confirmation for Barcelona Rock Fest 2025\"}]},{\"@type\":\"WebSite\",\"@id\":\"https:\/\/www.indieofilo.com\/#website\",\"url\":\"https:\/\/www.indieofilo.com\/\",\"name\":\"Indie\u00f3filo\",\"description\":\"Magazine online de la cultura independiente\",\"publisher\":{\"@id\":\"https:\/\/www.indieofilo.com\/#organization\"},\"potentialAction\":[{\"@type\":\"SearchAction\",\"target\":{\"@type\":\"EntryPoint\",\"urlTemplate\":\"https:\/\/www.indieofilo.com\/?s={search_term_string}\"},\"query-input\":{\"@type\":\"PropertyValueSpecification\",\"valueRequired\":true,\"valueName\":\"search_term_string\"}}],\"inLanguage\":\"en-US\"},{\"@type\":\"Organization\",\"@id\":\"https:\/\/www.indieofilo.com\/#organization\",\"name\":\"Indie\u00f3filo Web\",\"url\":\"https:\/\/www.indieofilo.com\/\",\"logo\":{\"@type\":\"ImageObject\",\"inLanguage\":\"en-US\",\"@id\":\"https:\/\/www.indieofilo.com\/#\/schema\/logo\/image\/\",\"url\":\"https:\/\/www.indieofilo.com\/wp-content\/uploads\/2015\/02\/logo-alta-resolucion.png\",\"contentUrl\":\"https:\/\/www.indieofilo.com\/wp-content\/uploads\/2015\/02\/logo-alta-resolucion.png\",\"width\":544,\"height\":185,\"caption\":\"Indie\u00f3filo Web\"},\"image\":{\"@id\":\"https:\/\/www.indieofilo.com\/#\/schema\/logo\/image\/\"},\"sameAs\":[\"https:\/\/www.facebook.com\/Indieofilo\/\",\"https:\/\/x.com\/indieofilo\",\"https:\/\/www.instagram.com\/indieofilo\/\"]},{\"@type\":\"Person\",\"@id\":\"https:\/\/www.indieofilo.com\/#\/schema\/person\/595334d38590e4ce5a09f83cbf2fca90\",\"name\":\"Victor\",\"image\":{\"@type\":\"ImageObject\",\"inLanguage\":\"en-US\",\"@id\":\"https:\/\/www.indieofilo.com\/#\/schema\/person\/image\/\",\"url\":\"https:\/\/secure.gravatar.com\/avatar\/682b8c6ea3e94b6cffec683b25f1797d?s=96&d=mm&r=g\",\"contentUrl\":\"https:\/\/secure.gravatar.com\/avatar\/682b8c6ea3e94b6cffec683b25f1797d?s=96&d=mm&r=g\",\"caption\":\"Victor\"},\"description\":\"Fan\u00e1tico de la m\u00fasica desde que mis padres me pon\u00edan a Eydie Gorme y Los Panchos o el Discotuna por la A2. Intent\u00e9 tocar varios instrumentos, pero soy muy torpe con la mano izquierda, as\u00ed que ya sab\u00e9is el resultado final. Fan del britpop, Post-punk, el rugby y el baloncesto...\",\"sameAs\":[\"http:\/\/indieofilo.com\"],\"url\":\"https:\/\/www.indieofilo.com\/en\/author\/victor\"}]}<\/script>\n<!-- \/ Yoast SEO Premium plugin. -->","yoast_head_json":{"title":"The legendary Savatage, new confirmation for Barcelona Rock Fest 2025 - Indie\u00f3filo","description":"North Americans Savatage, authors of some of the best progressive metal albums of the 80s, will perform on 26th June.","robots":{"index":"index","follow":"follow","max-snippet":"max-snippet:-1","max-image-preview":"max-image-preview:large","max-video-preview":"max-video-preview:-1"},"canonical":"https:\/\/www.indieofilo.com\/en\/news\/live-shows\/the-legendary-savatage-new-confirmation-for-barcelona-rock-fest-2025","og_locale":"en_US","og_type":"article","og_title":"The legendary Savatage, new confirmation for Barcelona Rock Fest 2025","og_description":"North Americans Savatage, authors of some of the best progressive metal albums of the 80s, will perform on 26th June.","og_url":"https:\/\/www.indieofilo.com\/en\/news\/live-shows\/the-legendary-savatage-new-confirmation-for-barcelona-rock-fest-2025","og_site_name":"Indie\u00f3filo","article_publisher":"https:\/\/www.facebook.com\/Indieofilo\/","article_published_time":"2024-11-27T20:57:00+00:00","article_modified_time":"2024-11-28T10:08:59+00:00","og_image":[{"width":1080,"height":1080,"url":"http:\/\/www.indieofilo.com\/wp-content\/uploads\/2024\/11\/barcelona-rock-fest-2025-savatage.jpg","type":"image\/jpeg"}],"author":"Victor","twitter_card":"summary_large_image","twitter_creator":"@indieofilo","twitter_site":"@indieofilo","twitter_misc":{"Written by":"Victor","Est. reading time":"2 minutes"},"schema":{"@context":"https:\/\/schema.org","@graph":[{"@type":"Article","@id":"https:\/\/www.indieofilo.com\/en\/news\/live-shows\/the-legendary-savatage-new-confirmation-for-barcelona-rock-fest-2025#article","isPartOf":{"@id":"https:\/\/www.indieofilo.com\/en\/news\/live-shows\/the-legendary-savatage-new-confirmation-for-barcelona-rock-fest-2025"},"author":{"name":"Victor","@id":"https:\/\/www.indieofilo.com\/#\/schema\/person\/595334d38590e4ce5a09f83cbf2fca90"},"headline":"The legendary Savatage, new confirmation for Barcelona Rock Fest 2025","datePublished":"2024-11-27T20:57:00+00:00","dateModified":"2024-11-28T10:08:59+00:00","mainEntityOfPage":{"@id":"https:\/\/www.indieofilo.com\/en\/news\/live-shows\/the-legendary-savatage-new-confirmation-for-barcelona-rock-fest-2025"},"wordCount":176,"commentCount":0,"publisher":{"@id":"https:\/\/www.indieofilo.com\/#organization"},"image":{"@id":"https:\/\/www.indieofilo.com\/en\/news\/live-shows\/the-legendary-savatage-new-confirmation-for-barcelona-rock-fest-2025#primaryimage"},"thumbnailUrl":"https:\/\/www.indieofilo.com\/wp-content\/uploads\/2024\/11\/barcelona-rock-fest-2025-savatage.jpg","keywords":["Barcelona","Barcelona Rock Fest","Barcelona Rock Fest 2025","Savatage"],"articleSection":["Live Shows","News"],"inLanguage":"en-US","potentialAction":[{"@type":"CommentAction","name":"Comment","target":["https:\/\/www.indieofilo.com\/en\/news\/live-shows\/the-legendary-savatage-new-confirmation-for-barcelona-rock-fest-2025#respond"]}]},{"@type":"WebPage","@id":"https:\/\/www.indieofilo.com\/en\/news\/live-shows\/the-legendary-savatage-new-confirmation-for-barcelona-rock-fest-2025","url":"https:\/\/www.indieofilo.com\/en\/news\/live-shows\/the-legendary-savatage-new-confirmation-for-barcelona-rock-fest-2025","name":"The legendary Savatage, new confirmation for Barcelona Rock Fest 2025 - Indie\u00f3filo","isPartOf":{"@id":"https:\/\/www.indieofilo.com\/#website"},"primaryImageOfPage":{"@id":"https:\/\/www.indieofilo.com\/en\/news\/live-shows\/the-legendary-savatage-new-confirmation-for-barcelona-rock-fest-2025#primaryimage"},"image":{"@id":"https:\/\/www.indieofilo.com\/en\/news\/live-shows\/the-legendary-savatage-new-confirmation-for-barcelona-rock-fest-2025#primaryimage"},"thumbnailUrl":"https:\/\/www.indieofilo.com\/wp-content\/uploads\/2024\/11\/barcelona-rock-fest-2025-savatage.jpg","datePublished":"2024-11-27T20:57:00+00:00","dateModified":"2024-11-28T10:08:59+00:00","description":"North Americans Savatage, authors of some of the best progressive metal albums of the 80s, will perform on 26th June.","breadcrumb":{"@id":"https:\/\/www.indieofilo.com\/en\/news\/live-shows\/the-legendary-savatage-new-confirmation-for-barcelona-rock-fest-2025#breadcrumb"},"inLanguage":"en-US","potentialAction":[{"@type":"ReadAction","target":["https:\/\/www.indieofilo.com\/en\/news\/live-shows\/the-legendary-savatage-new-confirmation-for-barcelona-rock-fest-2025"]}]},{"@type":"ImageObject","inLanguage":"en-US","@id":"https:\/\/www.indieofilo.com\/en\/news\/live-shows\/the-legendary-savatage-new-confirmation-for-barcelona-rock-fest-2025#primaryimage","url":"https:\/\/www.indieofilo.com\/wp-content\/uploads\/2024\/11\/barcelona-rock-fest-2025-savatage.jpg","contentUrl":"https:\/\/www.indieofilo.com\/wp-content\/uploads\/2024\/11\/barcelona-rock-fest-2025-savatage.jpg","width":1080,"height":1080,"caption":"Barcelona Rock Fest 2025 - Savatage"},{"@type":"BreadcrumbList","@id":"https:\/\/www.indieofilo.com\/en\/news\/live-shows\/the-legendary-savatage-new-confirmation-for-barcelona-rock-fest-2025#breadcrumb","itemListElement":[{"@type":"ListItem","position":1,"name":"Portada","item":"https:\/\/www.indieofilo.com\/en"},{"@type":"ListItem","position":2,"name":"The legendary Savatage, new confirmation for Barcelona Rock Fest 2025"}]},{"@type":"WebSite","@id":"https:\/\/www.indieofilo.com\/#website","url":"https:\/\/www.indieofilo.com\/","name":"Indie\u00f3filo","description":"Magazine online de la cultura independiente","publisher":{"@id":"https:\/\/www.indieofilo.com\/#organization"},"potentialAction":[{"@type":"SearchAction","target":{"@type":"EntryPoint","urlTemplate":"https:\/\/www.indieofilo.com\/?s={search_term_string}"},"query-input":{"@type":"PropertyValueSpecification","valueRequired":true,"valueName":"search_term_string"}}],"inLanguage":"en-US"},{"@type":"Organization","@id":"https:\/\/www.indieofilo.com\/#organization","name":"Indie\u00f3filo Web","url":"https:\/\/www.indieofilo.com\/","logo":{"@type":"ImageObject","inLanguage":"en-US","@id":"https:\/\/www.indieofilo.com\/#\/schema\/logo\/image\/","url":"https:\/\/www.indieofilo.com\/wp-content\/uploads\/2015\/02\/logo-alta-resolucion.png","contentUrl":"https:\/\/www.indieofilo.com\/wp-content\/uploads\/2015\/02\/logo-alta-resolucion.png","width":544,"height":185,"caption":"Indie\u00f3filo Web"},"image":{"@id":"https:\/\/www.indieofilo.com\/#\/schema\/logo\/image\/"},"sameAs":["https:\/\/www.facebook.com\/Indieofilo\/","https:\/\/x.com\/indieofilo","https:\/\/www.instagram.com\/indieofilo\/"]},{"@type":"Person","@id":"https:\/\/www.indieofilo.com\/#\/schema\/person\/595334d38590e4ce5a09f83cbf2fca90","name":"Victor","image":{"@type":"ImageObject","inLanguage":"en-US","@id":"https:\/\/www.indieofilo.com\/#\/schema\/person\/image\/","url":"https:\/\/secure.gravatar.com\/avatar\/682b8c6ea3e94b6cffec683b25f1797d?s=96&d=mm&r=g","contentUrl":"https:\/\/secure.gravatar.com\/avatar\/682b8c6ea3e94b6cffec683b25f1797d?s=96&d=mm&r=g","caption":"Victor"},"description":"Fan\u00e1tico de la m\u00fasica desde que mis padres me pon\u00edan a Eydie Gorme y Los Panchos o el Discotuna por la A2. Intent\u00e9 tocar varios instrumentos, pero soy muy torpe con la mano izquierda, as\u00ed que ya sab\u00e9is el resultado final. Fan del britpop, Post-punk, el rugby y el baloncesto...","sameAs":["http:\/\/indieofilo.com"],"url":"https:\/\/www.indieofilo.com\/en\/author\/victor"}]}},"_links":{"self":[{"href":"https:\/\/www.indieofilo.com\/en\/wp-json\/wp\/v2\/posts\/44982","targetHints":{"allow":["GET"]}}],"collection":[{"href":"https:\/\/www.indieofilo.com\/en\/wp-json\/wp\/v2\/posts"}],"about":[{"href":"https:\/\/www.indieofilo.com\/en\/wp-json\/wp\/v2\/types\/post"}],"author":[{"embeddable":true,"href":"https:\/\/www.indieofilo.com\/en\/wp-json\/wp\/v2\/users\/1"}],"replies":[{"embeddable":true,"href":"https:\/\/www.indieofilo.com\/en\/wp-json\/wp\/v2\/comments?post=44982"}],"version-history":[{"count":0,"href":"https:\/\/www.indieofilo.com\/en\/wp-json\/wp\/v2\/posts\/44982\/revisions"}],"wp:featuredmedia":[{"embeddable":true,"href":"https:\/\/www.indieofilo.com\/en\/wp-json\/wp\/v2\/media\/44979"}],"wp:attachment":[{"href":"https:\/\/www.indieofilo.com\/en\/wp-json\/wp\/v2\/media?parent=44982"}],"wp:term":[{"taxonomy":"category","embeddable":true,"href":"https:\/\/www.indieofilo.com\/en\/wp-json\/wp\/v2\/categories?post=44982"},{"taxonomy":"post_tag","embeddable":true,"href":"https:\/\/www.indieofilo.com\/en\/wp-json\/wp\/v2\/tags?post=44982"}],"curies":[{"name":"wp","href":"https:\/\/api.w.org\/{rel}","templated":true}]}}