{"id":44774,"date":"2024-11-21T11:21:54","date_gmt":"2024-11-21T10:21:54","guid":{"rendered":"https:\/\/www.indieofilo.com\/news\/music\/primavera-sound-2025-is-sold-out"},"modified":"2025-01-16T12:45:14","modified_gmt":"2025-01-16T11:45:14","slug":"primavera-sound-2025-is-sold-out","status":"publish","type":"post","link":"https:\/\/www.indieofilo.com\/en\/news\/primavera-sound-2025-is-sold-out","title":{"rendered":"Primavera Sound 2025 is sold out"},"content":{"rendered":"<p style=\"text-align: justify;\">If a little less than three weeks ago we already knew the <a href=\"https:\/\/www.indieofilo.com\/en\/news\/line-up-announced-for-primavera-sound-2025\">full line-up for Primavera Sound 2025<\/a>, and last week the <a href=\"https:\/\/www.indieofilo.com\/en\/news\/daily-line-up-announcement-for-primavera-sound-2025\">daily line-up was revealed<\/a>, today we wake up to the news that <strong>all the full festival tickets for the 2025 edition have been sold out.<\/strong><\/p>\n<p style=\"text-align: justify;\">While it is true that tickets have sold out on several occasions, this year they have sold out much more quickly, demonstrating the success of the organisation in putting together a line-up with three women as headliners, proving that the slogan &#8216;<em>The New Normal<\/em>&#8216;, launched after the pandemic, <strong>is not just a marketing gimmick<\/strong>. Headlined by Charli XCX, Sabrina Carpenter and Chapell Roan, the line-up also includes FKA Twigs, LCD Soundsystem, Fontaines DC, Turnstile, Idles, Jamie XX, Beach House, Caribou, Clairo and Haim, as well as Spanish artists such as Amaia and Carolina Durante.<\/p>\n<p style=\"text-align: justify;\">The organisers have stressed that <strong>there will be no more full festival tickets on sale and that day tickets are still available at <a href=\"https:\/\/feverup.com\/m\/186059\" target=\"_blank\" rel=\"noopener\">Fever<\/a><\/strong>, priced at 135\u20ac for each of the days. We would like to remind you that Primavera Sound Barcelona 2025 will take place from the 5th to the 7th of June at its usual location, the Parc del F\u00f2rum in Barcelona.<\/p>\n<p><img fetchpriority=\"high\" decoding=\"async\" class=\"aligncenter size-large wp-image-44771\" src=\"http:\/\/www.indieofilo.com\/wp-content\/uploads\/2024\/11\/Abonos_Primavera_Sound_2025_sold_out-683x683.jpg\" alt=\"Abonos Primavera Sound 2025 Sold Out\" width=\"683\" height=\"683\" srcset=\"https:\/\/www.indieofilo.com\/wp-content\/uploads\/2024\/11\/Abonos_Primavera_Sound_2025_sold_out-683x683.jpg 683w, https:\/\/www.indieofilo.com\/wp-content\/uploads\/2024\/11\/Abonos_Primavera_Sound_2025_sold_out-533x533.jpg 533w, https:\/\/www.indieofilo.com\/wp-content\/uploads\/2024\/11\/Abonos_Primavera_Sound_2025_sold_out-400x400.jpg 400w, https:\/\/www.indieofilo.com\/wp-content\/uploads\/2024\/11\/Abonos_Primavera_Sound_2025_sold_out-768x768.jpg 768w, https:\/\/www.indieofilo.com\/wp-content\/uploads\/2024\/11\/Abonos_Primavera_Sound_2025_sold_out-300x300.jpg 300w, https:\/\/www.indieofilo.com\/wp-content\/uploads\/2024\/11\/Abonos_Primavera_Sound_2025_sold_out.jpg 1080w\" sizes=\"(max-width: 683px) 100vw, 683px\" \/><\/p>\n","protected":false},"excerpt":{"rendered":"<p>If a little less than three weeks ago we already knew the full line-up for Primavera Sound 2025, and last week the daily line-up was revealed, today we wake up to the news that all the full festival tickets for the 2025 edition have been sold out. While it is true that tickets have sold [&hellip;]<\/p>\n","protected":false},"author":1,"featured_media":44772,"comment_status":"open","ping_status":"closed","sticky":false,"template":"","format":"standard","meta":{"footnotes":""},"categories":[41,8],"tags":[4961,4982,7350],"class_list":["post-44774","post","type-post","status-publish","format-standard","has-post-thumbnail","hentry","category-live-shows","category-news","tag-barcelona-en","tag-primavera-sound-en","tag-primavera-sound-2025-en"],"yoast_head":"<!-- This site is optimized with the Yoast SEO Premium plugin v23.9 (Yoast SEO v26.6) - https:\/\/yoast.com\/wordpress\/plugins\/seo\/ -->\n<title>Primavera Sound 2025 is sold out - Indie\u00f3filo<\/title>\n<meta name=\"description\" content=\"The organisers have pointed out that there will be no more season tickets on sale and that day tickets will still be available at the Fever.\" \/>\n<meta name=\"robots\" content=\"index, follow, max-snippet:-1, max-image-preview:large, max-video-preview:-1\" \/>\n<link rel=\"canonical\" href=\"https:\/\/www.indieofilo.com\/en\/news\/primavera-sound-2025-is-sold-out\" \/>\n<meta property=\"og:locale\" content=\"en_US\" \/>\n<meta property=\"og:type\" content=\"article\" \/>\n<meta property=\"og:title\" content=\"Primavera Sound 2025 is sold out\" \/>\n<meta property=\"og:description\" content=\"The organisers have pointed out that there will be no more season tickets on sale and that day tickets will still be available at the Fever.\" \/>\n<meta property=\"og:url\" content=\"https:\/\/www.indieofilo.com\/en\/news\/primavera-sound-2025-is-sold-out\" \/>\n<meta property=\"og:site_name\" content=\"Indie\u00f3filo\" \/>\n<meta property=\"article:publisher\" content=\"https:\/\/www.facebook.com\/Indieofilo\/\" \/>\n<meta property=\"article:published_time\" content=\"2024-11-21T10:21:54+00:00\" \/>\n<meta property=\"article:modified_time\" content=\"2025-01-16T11:45:14+00:00\" \/>\n<meta property=\"og:image\" content=\"http:\/\/www.indieofilo.com\/wp-content\/uploads\/2024\/11\/Abonos_Primavera_Sound_2025_sold_out.jpg\" \/>\n\t<meta property=\"og:image:width\" content=\"1080\" \/>\n\t<meta property=\"og:image:height\" content=\"1080\" \/>\n\t<meta property=\"og:image:type\" content=\"image\/jpeg\" \/>\n<meta name=\"author\" content=\"Victor\" \/>\n<meta name=\"twitter:card\" content=\"summary_large_image\" \/>\n<meta name=\"twitter:creator\" content=\"@indieofilo\" \/>\n<meta name=\"twitter:site\" content=\"@indieofilo\" \/>\n<meta name=\"twitter:label1\" content=\"Written by\" \/>\n\t<meta name=\"twitter:data1\" content=\"Victor\" \/>\n\t<meta name=\"twitter:label2\" content=\"Est. reading time\" \/>\n\t<meta name=\"twitter:data2\" content=\"2 minutes\" \/>\n<script type=\"application\/ld+json\" class=\"yoast-schema-graph\">{\"@context\":\"https:\/\/schema.org\",\"@graph\":[{\"@type\":\"Article\",\"@id\":\"https:\/\/www.indieofilo.com\/en\/news\/primavera-sound-2025-is-sold-out#article\",\"isPartOf\":{\"@id\":\"https:\/\/www.indieofilo.com\/en\/news\/primavera-sound-2025-is-sold-out\"},\"author\":{\"name\":\"Victor\",\"@id\":\"https:\/\/www.indieofilo.com\/#\/schema\/person\/595334d38590e4ce5a09f83cbf2fca90\"},\"headline\":\"Primavera Sound 2025 is sold out\",\"datePublished\":\"2024-11-21T10:21:54+00:00\",\"dateModified\":\"2025-01-16T11:45:14+00:00\",\"mainEntityOfPage\":{\"@id\":\"https:\/\/www.indieofilo.com\/en\/news\/primavera-sound-2025-is-sold-out\"},\"wordCount\":207,\"commentCount\":0,\"publisher\":{\"@id\":\"https:\/\/www.indieofilo.com\/#organization\"},\"image\":{\"@id\":\"https:\/\/www.indieofilo.com\/en\/news\/primavera-sound-2025-is-sold-out#primaryimage\"},\"thumbnailUrl\":\"https:\/\/www.indieofilo.com\/wp-content\/uploads\/2024\/11\/Abonos_Primavera_Sound_2025_sold_out.jpg\",\"keywords\":[\"Barcelona\",\"Primavera Sound\",\"Primavera Sound 2025\"],\"articleSection\":[\"Live Shows\",\"News\"],\"inLanguage\":\"en-US\",\"potentialAction\":[{\"@type\":\"CommentAction\",\"name\":\"Comment\",\"target\":[\"https:\/\/www.indieofilo.com\/en\/news\/primavera-sound-2025-is-sold-out#respond\"]}]},{\"@type\":\"WebPage\",\"@id\":\"https:\/\/www.indieofilo.com\/en\/news\/primavera-sound-2025-is-sold-out\",\"url\":\"https:\/\/www.indieofilo.com\/en\/news\/primavera-sound-2025-is-sold-out\",\"name\":\"Primavera Sound 2025 is sold out - Indie\u00f3filo\",\"isPartOf\":{\"@id\":\"https:\/\/www.indieofilo.com\/#website\"},\"primaryImageOfPage\":{\"@id\":\"https:\/\/www.indieofilo.com\/en\/news\/primavera-sound-2025-is-sold-out#primaryimage\"},\"image\":{\"@id\":\"https:\/\/www.indieofilo.com\/en\/news\/primavera-sound-2025-is-sold-out#primaryimage\"},\"thumbnailUrl\":\"https:\/\/www.indieofilo.com\/wp-content\/uploads\/2024\/11\/Abonos_Primavera_Sound_2025_sold_out.jpg\",\"datePublished\":\"2024-11-21T10:21:54+00:00\",\"dateModified\":\"2025-01-16T11:45:14+00:00\",\"description\":\"The organisers have pointed out that there will be no more season tickets on sale and that day tickets will still be available at the Fever.\",\"breadcrumb\":{\"@id\":\"https:\/\/www.indieofilo.com\/en\/news\/primavera-sound-2025-is-sold-out#breadcrumb\"},\"inLanguage\":\"en-US\",\"potentialAction\":[{\"@type\":\"ReadAction\",\"target\":[\"https:\/\/www.indieofilo.com\/en\/news\/primavera-sound-2025-is-sold-out\"]}]},{\"@type\":\"ImageObject\",\"inLanguage\":\"en-US\",\"@id\":\"https:\/\/www.indieofilo.com\/en\/news\/primavera-sound-2025-is-sold-out#primaryimage\",\"url\":\"https:\/\/www.indieofilo.com\/wp-content\/uploads\/2024\/11\/Abonos_Primavera_Sound_2025_sold_out.jpg\",\"contentUrl\":\"https:\/\/www.indieofilo.com\/wp-content\/uploads\/2024\/11\/Abonos_Primavera_Sound_2025_sold_out.jpg\",\"width\":1080,\"height\":1080,\"caption\":\"Abonos Primavera Sound 2025 Sold Out\"},{\"@type\":\"BreadcrumbList\",\"@id\":\"https:\/\/www.indieofilo.com\/en\/news\/primavera-sound-2025-is-sold-out#breadcrumb\",\"itemListElement\":[{\"@type\":\"ListItem\",\"position\":1,\"name\":\"Portada\",\"item\":\"https:\/\/www.indieofilo.com\/en\"},{\"@type\":\"ListItem\",\"position\":2,\"name\":\"Primavera Sound 2025 is sold out\"}]},{\"@type\":\"WebSite\",\"@id\":\"https:\/\/www.indieofilo.com\/#website\",\"url\":\"https:\/\/www.indieofilo.com\/\",\"name\":\"Indie\u00f3filo\",\"description\":\"Magazine online de la cultura independiente\",\"publisher\":{\"@id\":\"https:\/\/www.indieofilo.com\/#organization\"},\"potentialAction\":[{\"@type\":\"SearchAction\",\"target\":{\"@type\":\"EntryPoint\",\"urlTemplate\":\"https:\/\/www.indieofilo.com\/?s={search_term_string}\"},\"query-input\":{\"@type\":\"PropertyValueSpecification\",\"valueRequired\":true,\"valueName\":\"search_term_string\"}}],\"inLanguage\":\"en-US\"},{\"@type\":\"Organization\",\"@id\":\"https:\/\/www.indieofilo.com\/#organization\",\"name\":\"Indie\u00f3filo Web\",\"url\":\"https:\/\/www.indieofilo.com\/\",\"logo\":{\"@type\":\"ImageObject\",\"inLanguage\":\"en-US\",\"@id\":\"https:\/\/www.indieofilo.com\/#\/schema\/logo\/image\/\",\"url\":\"https:\/\/www.indieofilo.com\/wp-content\/uploads\/2015\/02\/logo-alta-resolucion.png\",\"contentUrl\":\"https:\/\/www.indieofilo.com\/wp-content\/uploads\/2015\/02\/logo-alta-resolucion.png\",\"width\":544,\"height\":185,\"caption\":\"Indie\u00f3filo Web\"},\"image\":{\"@id\":\"https:\/\/www.indieofilo.com\/#\/schema\/logo\/image\/\"},\"sameAs\":[\"https:\/\/www.facebook.com\/Indieofilo\/\",\"https:\/\/x.com\/indieofilo\",\"https:\/\/www.instagram.com\/indieofilo\/\"]},{\"@type\":\"Person\",\"@id\":\"https:\/\/www.indieofilo.com\/#\/schema\/person\/595334d38590e4ce5a09f83cbf2fca90\",\"name\":\"Victor\",\"image\":{\"@type\":\"ImageObject\",\"inLanguage\":\"en-US\",\"@id\":\"https:\/\/www.indieofilo.com\/#\/schema\/person\/image\/\",\"url\":\"https:\/\/secure.gravatar.com\/avatar\/682b8c6ea3e94b6cffec683b25f1797d?s=96&d=mm&r=g\",\"contentUrl\":\"https:\/\/secure.gravatar.com\/avatar\/682b8c6ea3e94b6cffec683b25f1797d?s=96&d=mm&r=g\",\"caption\":\"Victor\"},\"description\":\"Fan\u00e1tico de la m\u00fasica desde que mis padres me pon\u00edan a Eydie Gorme y Los Panchos o el Discotuna por la A2. Intent\u00e9 tocar varios instrumentos, pero soy muy torpe con la mano izquierda, as\u00ed que ya sab\u00e9is el resultado final. Fan del britpop, Post-punk, el rugby y el baloncesto...\",\"sameAs\":[\"http:\/\/indieofilo.com\"],\"url\":\"https:\/\/www.indieofilo.com\/en\/author\/victor\"}]}<\/script>\n<!-- \/ Yoast SEO Premium plugin. -->","yoast_head_json":{"title":"Primavera Sound 2025 is sold out - Indie\u00f3filo","description":"The organisers have pointed out that there will be no more season tickets on sale and that day tickets will still be available at the Fever.","robots":{"index":"index","follow":"follow","max-snippet":"max-snippet:-1","max-image-preview":"max-image-preview:large","max-video-preview":"max-video-preview:-1"},"canonical":"https:\/\/www.indieofilo.com\/en\/news\/primavera-sound-2025-is-sold-out","og_locale":"en_US","og_type":"article","og_title":"Primavera Sound 2025 is sold out","og_description":"The organisers have pointed out that there will be no more season tickets on sale and that day tickets will still be available at the Fever.","og_url":"https:\/\/www.indieofilo.com\/en\/news\/primavera-sound-2025-is-sold-out","og_site_name":"Indie\u00f3filo","article_publisher":"https:\/\/www.facebook.com\/Indieofilo\/","article_published_time":"2024-11-21T10:21:54+00:00","article_modified_time":"2025-01-16T11:45:14+00:00","og_image":[{"width":1080,"height":1080,"url":"http:\/\/www.indieofilo.com\/wp-content\/uploads\/2024\/11\/Abonos_Primavera_Sound_2025_sold_out.jpg","type":"image\/jpeg"}],"author":"Victor","twitter_card":"summary_large_image","twitter_creator":"@indieofilo","twitter_site":"@indieofilo","twitter_misc":{"Written by":"Victor","Est. reading time":"2 minutes"},"schema":{"@context":"https:\/\/schema.org","@graph":[{"@type":"Article","@id":"https:\/\/www.indieofilo.com\/en\/news\/primavera-sound-2025-is-sold-out#article","isPartOf":{"@id":"https:\/\/www.indieofilo.com\/en\/news\/primavera-sound-2025-is-sold-out"},"author":{"name":"Victor","@id":"https:\/\/www.indieofilo.com\/#\/schema\/person\/595334d38590e4ce5a09f83cbf2fca90"},"headline":"Primavera Sound 2025 is sold out","datePublished":"2024-11-21T10:21:54+00:00","dateModified":"2025-01-16T11:45:14+00:00","mainEntityOfPage":{"@id":"https:\/\/www.indieofilo.com\/en\/news\/primavera-sound-2025-is-sold-out"},"wordCount":207,"commentCount":0,"publisher":{"@id":"https:\/\/www.indieofilo.com\/#organization"},"image":{"@id":"https:\/\/www.indieofilo.com\/en\/news\/primavera-sound-2025-is-sold-out#primaryimage"},"thumbnailUrl":"https:\/\/www.indieofilo.com\/wp-content\/uploads\/2024\/11\/Abonos_Primavera_Sound_2025_sold_out.jpg","keywords":["Barcelona","Primavera Sound","Primavera Sound 2025"],"articleSection":["Live Shows","News"],"inLanguage":"en-US","potentialAction":[{"@type":"CommentAction","name":"Comment","target":["https:\/\/www.indieofilo.com\/en\/news\/primavera-sound-2025-is-sold-out#respond"]}]},{"@type":"WebPage","@id":"https:\/\/www.indieofilo.com\/en\/news\/primavera-sound-2025-is-sold-out","url":"https:\/\/www.indieofilo.com\/en\/news\/primavera-sound-2025-is-sold-out","name":"Primavera Sound 2025 is sold out - Indie\u00f3filo","isPartOf":{"@id":"https:\/\/www.indieofilo.com\/#website"},"primaryImageOfPage":{"@id":"https:\/\/www.indieofilo.com\/en\/news\/primavera-sound-2025-is-sold-out#primaryimage"},"image":{"@id":"https:\/\/www.indieofilo.com\/en\/news\/primavera-sound-2025-is-sold-out#primaryimage"},"thumbnailUrl":"https:\/\/www.indieofilo.com\/wp-content\/uploads\/2024\/11\/Abonos_Primavera_Sound_2025_sold_out.jpg","datePublished":"2024-11-21T10:21:54+00:00","dateModified":"2025-01-16T11:45:14+00:00","description":"The organisers have pointed out that there will be no more season tickets on sale and that day tickets will still be available at the Fever.","breadcrumb":{"@id":"https:\/\/www.indieofilo.com\/en\/news\/primavera-sound-2025-is-sold-out#breadcrumb"},"inLanguage":"en-US","potentialAction":[{"@type":"ReadAction","target":["https:\/\/www.indieofilo.com\/en\/news\/primavera-sound-2025-is-sold-out"]}]},{"@type":"ImageObject","inLanguage":"en-US","@id":"https:\/\/www.indieofilo.com\/en\/news\/primavera-sound-2025-is-sold-out#primaryimage","url":"https:\/\/www.indieofilo.com\/wp-content\/uploads\/2024\/11\/Abonos_Primavera_Sound_2025_sold_out.jpg","contentUrl":"https:\/\/www.indieofilo.com\/wp-content\/uploads\/2024\/11\/Abonos_Primavera_Sound_2025_sold_out.jpg","width":1080,"height":1080,"caption":"Abonos Primavera Sound 2025 Sold Out"},{"@type":"BreadcrumbList","@id":"https:\/\/www.indieofilo.com\/en\/news\/primavera-sound-2025-is-sold-out#breadcrumb","itemListElement":[{"@type":"ListItem","position":1,"name":"Portada","item":"https:\/\/www.indieofilo.com\/en"},{"@type":"ListItem","position":2,"name":"Primavera Sound 2025 is sold out"}]},{"@type":"WebSite","@id":"https:\/\/www.indieofilo.com\/#website","url":"https:\/\/www.indieofilo.com\/","name":"Indie\u00f3filo","description":"Magazine online de la cultura independiente","publisher":{"@id":"https:\/\/www.indieofilo.com\/#organization"},"potentialAction":[{"@type":"SearchAction","target":{"@type":"EntryPoint","urlTemplate":"https:\/\/www.indieofilo.com\/?s={search_term_string}"},"query-input":{"@type":"PropertyValueSpecification","valueRequired":true,"valueName":"search_term_string"}}],"inLanguage":"en-US"},{"@type":"Organization","@id":"https:\/\/www.indieofilo.com\/#organization","name":"Indie\u00f3filo Web","url":"https:\/\/www.indieofilo.com\/","logo":{"@type":"ImageObject","inLanguage":"en-US","@id":"https:\/\/www.indieofilo.com\/#\/schema\/logo\/image\/","url":"https:\/\/www.indieofilo.com\/wp-content\/uploads\/2015\/02\/logo-alta-resolucion.png","contentUrl":"https:\/\/www.indieofilo.com\/wp-content\/uploads\/2015\/02\/logo-alta-resolucion.png","width":544,"height":185,"caption":"Indie\u00f3filo Web"},"image":{"@id":"https:\/\/www.indieofilo.com\/#\/schema\/logo\/image\/"},"sameAs":["https:\/\/www.facebook.com\/Indieofilo\/","https:\/\/x.com\/indieofilo","https:\/\/www.instagram.com\/indieofilo\/"]},{"@type":"Person","@id":"https:\/\/www.indieofilo.com\/#\/schema\/person\/595334d38590e4ce5a09f83cbf2fca90","name":"Victor","image":{"@type":"ImageObject","inLanguage":"en-US","@id":"https:\/\/www.indieofilo.com\/#\/schema\/person\/image\/","url":"https:\/\/secure.gravatar.com\/avatar\/682b8c6ea3e94b6cffec683b25f1797d?s=96&d=mm&r=g","contentUrl":"https:\/\/secure.gravatar.com\/avatar\/682b8c6ea3e94b6cffec683b25f1797d?s=96&d=mm&r=g","caption":"Victor"},"description":"Fan\u00e1tico de la m\u00fasica desde que mis padres me pon\u00edan a Eydie Gorme y Los Panchos o el Discotuna por la A2. Intent\u00e9 tocar varios instrumentos, pero soy muy torpe con la mano izquierda, as\u00ed que ya sab\u00e9is el resultado final. Fan del britpop, Post-punk, el rugby y el baloncesto...","sameAs":["http:\/\/indieofilo.com"],"url":"https:\/\/www.indieofilo.com\/en\/author\/victor"}]}},"_links":{"self":[{"href":"https:\/\/www.indieofilo.com\/en\/wp-json\/wp\/v2\/posts\/44774","targetHints":{"allow":["GET"]}}],"collection":[{"href":"https:\/\/www.indieofilo.com\/en\/wp-json\/wp\/v2\/posts"}],"about":[{"href":"https:\/\/www.indieofilo.com\/en\/wp-json\/wp\/v2\/types\/post"}],"author":[{"embeddable":true,"href":"https:\/\/www.indieofilo.com\/en\/wp-json\/wp\/v2\/users\/1"}],"replies":[{"embeddable":true,"href":"https:\/\/www.indieofilo.com\/en\/wp-json\/wp\/v2\/comments?post=44774"}],"version-history":[{"count":0,"href":"https:\/\/www.indieofilo.com\/en\/wp-json\/wp\/v2\/posts\/44774\/revisions"}],"wp:featuredmedia":[{"embeddable":true,"href":"https:\/\/www.indieofilo.com\/en\/wp-json\/wp\/v2\/media\/44772"}],"wp:attachment":[{"href":"https:\/\/www.indieofilo.com\/en\/wp-json\/wp\/v2\/media?parent=44774"}],"wp:term":[{"taxonomy":"category","embeddable":true,"href":"https:\/\/www.indieofilo.com\/en\/wp-json\/wp\/v2\/categories?post=44774"},{"taxonomy":"post_tag","embeddable":true,"href":"https:\/\/www.indieofilo.com\/en\/wp-json\/wp\/v2\/tags?post=44774"}],"curies":[{"name":"wp","href":"https:\/\/api.w.org\/{rel}","templated":true}]}}