{"id":44761,"date":"2024-11-19T23:13:35","date_gmt":"2024-11-19T22:13:35","guid":{"rendered":"https:\/\/www.indieofilo.com\/news\/music\/pinkpop-2025-announces-first-names-for-its-line-up"},"modified":"2024-11-20T23:43:33","modified_gmt":"2024-11-20T22:43:33","slug":"pinkpop-2025-announces-first-names-for-its-line-up","status":"publish","type":"post","link":"https:\/\/www.indieofilo.com\/en\/news\/live-shows\/pinkpop-2025-announces-first-names-for-its-line-up","title":{"rendered":"Pinkpop 2025 announces first names for its line-up"},"content":{"rendered":"<p style=\"text-align: justify;\"><strong>Pinkpop<\/strong>, one of Europe&#8217;s oldest festivals since its first edition in 1970, today announced the first names for its 2025 edition, which will take place on 20-22 June at Megaland in Landgraaf, Limburg.<\/p>\n<p style=\"text-align: justify;\">The first batch of headliners includes <strong>Justin Timberlake<\/strong>, <strong>Olivia Rodrigo<\/strong> and <strong>Muse<\/strong>. Justin Timberlake will return to the Netherlands for the first time since 2018, while British band Muse will return to a festival they headlined a decade ago in 2015. <\/p>\n<p style=\"text-align: justify;\">In an impressive line-up, Justin Timberlake will be joined by <strong>Weezer<\/strong>, <strong>Oscar and the Wolf, Bad Nerves, Flogging Molly, Mika, Confidence Man, Kid Kapichi<\/strong> and <strong>Janet Livv<\/strong> on Friday 20 June, while Olivia Rodrigo will be joined by local hero <strong>Joost Klein, Cypress Hill, The Last Dinner Party, Amyl and the Sniffers, Mark Ambor, Claude<\/strong> and <strong>Soft Play<\/strong> on Saturday 21 June. Finally, Sunday 22 June is the biggest day yet with <strong>Muse, KoRn, Biffy Clyro, Kaiser Chiefs, Girl in Red, The Warning, Krezip<\/strong> and<strong> Purple Disco Machine<\/strong>. <\/p>\n<p style=\"text-align: justify;\">Tickets for Pinkpop 2025 will go on sale at 9am on Friday and go on general sale at 10am on Saturday via the <a href=\"https:\/\/www.pinkpop.nl\/\" target=\"_blank\" rel=\"noopener\">festival&#8217;s official website<\/a>, priced at \u20ac125 (+ booking fee) for day tickets and \u20ac285 (+ booking fee) for weekend passes.<\/p>\n<p><img fetchpriority=\"high\" decoding=\"async\" class=\"aligncenter size-large wp-image-44758\" src=\"http:\/\/www.indieofilo.com\/wp-content\/uploads\/2024\/11\/Pinkpop_2025_Justin_Timberlake-683x683.jpg\" alt=\"Pinkpop 2025 Justin Timberlake\" width=\"683\" height=\"683\" srcset=\"https:\/\/www.indieofilo.com\/wp-content\/uploads\/2024\/11\/Pinkpop_2025_Justin_Timberlake-683x683.jpg 683w, https:\/\/www.indieofilo.com\/wp-content\/uploads\/2024\/11\/Pinkpop_2025_Justin_Timberlake-533x533.jpg 533w, https:\/\/www.indieofilo.com\/wp-content\/uploads\/2024\/11\/Pinkpop_2025_Justin_Timberlake-400x400.jpg 400w, https:\/\/www.indieofilo.com\/wp-content\/uploads\/2024\/11\/Pinkpop_2025_Justin_Timberlake-768x768.jpg 768w, https:\/\/www.indieofilo.com\/wp-content\/uploads\/2024\/11\/Pinkpop_2025_Justin_Timberlake-1536x1536.jpg 1536w, https:\/\/www.indieofilo.com\/wp-content\/uploads\/2024\/11\/Pinkpop_2025_Justin_Timberlake-300x300.jpg 300w, https:\/\/www.indieofilo.com\/wp-content\/uploads\/2024\/11\/Pinkpop_2025_Justin_Timberlake.jpg 2000w\" sizes=\"(max-width: 683px) 100vw, 683px\" \/><\/p>\n","protected":false},"excerpt":{"rendered":"<p>Pinkpop, one of Europe&#8217;s oldest festivals since its first edition in 1970, today announced the first names for its 2025 edition, which will take place on 20-22 June at Megaland in Landgraaf, Limburg. The first batch of headliners includes Justin Timberlake, Olivia Rodrigo and Muse. Justin Timberlake will return to the Netherlands for the first [&hellip;]<\/p>\n","protected":false},"author":1,"featured_media":44758,"comment_status":"open","ping_status":"closed","sticky":false,"template":"","format":"standard","meta":{"footnotes":""},"categories":[41,8],"tags":[7179,5404,5657,7064,7437,5748,5737,5494,7219,6152,5282,7434,7435,7436,5389],"class_list":["post-44761","post","type-post","status-publish","format-standard","has-post-thumbnail","hentry","category-live-shows","category-news","tag-amyl-and-the-sniffers-en","tag-biffy-clyro-en","tag-cypress-hill-en","tag-girl-in-red-en","tag-justin-timberlake-en","tag-kaiser-chiefs-en","tag-korn-en","tag-muse-en","tag-olivia-rodrigo-en","tag-oscar-and-the-wolf-en","tag-pinkpop-en","tag-pinkpop-2025-en","tag-the-last-dinner-party-en","tag-the-warning-en","tag-weezer-en"],"yoast_head":"<!-- This site is optimized with the Yoast SEO Premium plugin v23.9 (Yoast SEO v26.6) - https:\/\/yoast.com\/wordpress\/plugins\/seo\/ -->\n<title>Pinkpop 2025 announces first names for its line-up - Indie\u00f3filo<\/title>\n<meta name=\"description\" content=\"In this first batch, the names of the big headliners stand out: Justin Timberlake, Olivia Rodrigo and Muse.\" \/>\n<meta name=\"robots\" content=\"index, follow, max-snippet:-1, max-image-preview:large, max-video-preview:-1\" \/>\n<link rel=\"canonical\" href=\"https:\/\/www.indieofilo.com\/en\/news\/live-shows\/pinkpop-2025-announces-first-names-for-its-line-up\" \/>\n<meta property=\"og:locale\" content=\"en_US\" \/>\n<meta property=\"og:type\" content=\"article\" \/>\n<meta property=\"og:title\" content=\"Pinkpop 2025 announces first names for its line-up\" \/>\n<meta property=\"og:description\" content=\"In this first batch, the names of the big headliners stand out: Justin Timberlake, Olivia Rodrigo and Muse.\" \/>\n<meta property=\"og:url\" content=\"https:\/\/www.indieofilo.com\/en\/news\/live-shows\/pinkpop-2025-announces-first-names-for-its-line-up\" \/>\n<meta property=\"og:site_name\" content=\"Indie\u00f3filo\" \/>\n<meta property=\"article:publisher\" content=\"https:\/\/www.facebook.com\/Indieofilo\/\" \/>\n<meta property=\"article:published_time\" content=\"2024-11-19T22:13:35+00:00\" \/>\n<meta property=\"article:modified_time\" content=\"2024-11-20T22:43:33+00:00\" \/>\n<meta property=\"og:image\" content=\"http:\/\/www.indieofilo.com\/wp-content\/uploads\/2024\/11\/Pinkpop_2025_Justin_Timberlake.jpg\" \/>\n\t<meta property=\"og:image:width\" content=\"2000\" \/>\n\t<meta property=\"og:image:height\" content=\"2000\" \/>\n\t<meta property=\"og:image:type\" content=\"image\/jpeg\" \/>\n<meta name=\"author\" content=\"Victor\" \/>\n<meta name=\"twitter:card\" content=\"summary_large_image\" \/>\n<meta name=\"twitter:creator\" content=\"@indieofilo\" \/>\n<meta name=\"twitter:site\" content=\"@indieofilo\" \/>\n<meta name=\"twitter:label1\" content=\"Written by\" \/>\n\t<meta name=\"twitter:data1\" content=\"Victor\" \/>\n\t<meta name=\"twitter:label2\" content=\"Est. reading time\" \/>\n\t<meta name=\"twitter:data2\" content=\"2 minutes\" \/>\n<script type=\"application\/ld+json\" class=\"yoast-schema-graph\">{\"@context\":\"https:\/\/schema.org\",\"@graph\":[{\"@type\":\"Article\",\"@id\":\"https:\/\/www.indieofilo.com\/en\/news\/live-shows\/pinkpop-2025-announces-first-names-for-its-line-up#article\",\"isPartOf\":{\"@id\":\"https:\/\/www.indieofilo.com\/en\/news\/live-shows\/pinkpop-2025-announces-first-names-for-its-line-up\"},\"author\":{\"name\":\"Victor\",\"@id\":\"https:\/\/www.indieofilo.com\/#\/schema\/person\/595334d38590e4ce5a09f83cbf2fca90\"},\"headline\":\"Pinkpop 2025 announces first names for its line-up\",\"datePublished\":\"2024-11-19T22:13:35+00:00\",\"dateModified\":\"2024-11-20T22:43:33+00:00\",\"mainEntityOfPage\":{\"@id\":\"https:\/\/www.indieofilo.com\/en\/news\/live-shows\/pinkpop-2025-announces-first-names-for-its-line-up\"},\"wordCount\":200,\"commentCount\":0,\"publisher\":{\"@id\":\"https:\/\/www.indieofilo.com\/#organization\"},\"image\":{\"@id\":\"https:\/\/www.indieofilo.com\/en\/news\/live-shows\/pinkpop-2025-announces-first-names-for-its-line-up#primaryimage\"},\"thumbnailUrl\":\"https:\/\/www.indieofilo.com\/wp-content\/uploads\/2024\/11\/Pinkpop_2025_Justin_Timberlake.jpg\",\"keywords\":[\"Amyl And The Sniffers\",\"Biffy Clyro\",\"Cypress Hill\",\"Girl In Red\",\"Justin Timberlake\",\"Kaiser Chiefs\",\"Korn\",\"Muse\",\"Olivia Rodrigo\",\"Oscar and the Wolf\",\"Pinkpop\",\"Pinkpop 2025\",\"The Last Dinner Party\",\"The Warning\",\"Weezer\"],\"articleSection\":[\"Live Shows\",\"News\"],\"inLanguage\":\"en-US\",\"potentialAction\":[{\"@type\":\"CommentAction\",\"name\":\"Comment\",\"target\":[\"https:\/\/www.indieofilo.com\/en\/news\/live-shows\/pinkpop-2025-announces-first-names-for-its-line-up#respond\"]}]},{\"@type\":\"WebPage\",\"@id\":\"https:\/\/www.indieofilo.com\/en\/news\/live-shows\/pinkpop-2025-announces-first-names-for-its-line-up\",\"url\":\"https:\/\/www.indieofilo.com\/en\/news\/live-shows\/pinkpop-2025-announces-first-names-for-its-line-up\",\"name\":\"Pinkpop 2025 announces first names for its line-up - Indie\u00f3filo\",\"isPartOf\":{\"@id\":\"https:\/\/www.indieofilo.com\/#website\"},\"primaryImageOfPage\":{\"@id\":\"https:\/\/www.indieofilo.com\/en\/news\/live-shows\/pinkpop-2025-announces-first-names-for-its-line-up#primaryimage\"},\"image\":{\"@id\":\"https:\/\/www.indieofilo.com\/en\/news\/live-shows\/pinkpop-2025-announces-first-names-for-its-line-up#primaryimage\"},\"thumbnailUrl\":\"https:\/\/www.indieofilo.com\/wp-content\/uploads\/2024\/11\/Pinkpop_2025_Justin_Timberlake.jpg\",\"datePublished\":\"2024-11-19T22:13:35+00:00\",\"dateModified\":\"2024-11-20T22:43:33+00:00\",\"description\":\"In this first batch, the names of the big headliners stand out: Justin Timberlake, Olivia Rodrigo and Muse.\",\"breadcrumb\":{\"@id\":\"https:\/\/www.indieofilo.com\/en\/news\/live-shows\/pinkpop-2025-announces-first-names-for-its-line-up#breadcrumb\"},\"inLanguage\":\"en-US\",\"potentialAction\":[{\"@type\":\"ReadAction\",\"target\":[\"https:\/\/www.indieofilo.com\/en\/news\/live-shows\/pinkpop-2025-announces-first-names-for-its-line-up\"]}]},{\"@type\":\"ImageObject\",\"inLanguage\":\"en-US\",\"@id\":\"https:\/\/www.indieofilo.com\/en\/news\/live-shows\/pinkpop-2025-announces-first-names-for-its-line-up#primaryimage\",\"url\":\"https:\/\/www.indieofilo.com\/wp-content\/uploads\/2024\/11\/Pinkpop_2025_Justin_Timberlake.jpg\",\"contentUrl\":\"https:\/\/www.indieofilo.com\/wp-content\/uploads\/2024\/11\/Pinkpop_2025_Justin_Timberlake.jpg\",\"width\":2000,\"height\":2000,\"caption\":\"Pinkpop 2025 Justin Timberlake\"},{\"@type\":\"BreadcrumbList\",\"@id\":\"https:\/\/www.indieofilo.com\/en\/news\/live-shows\/pinkpop-2025-announces-first-names-for-its-line-up#breadcrumb\",\"itemListElement\":[{\"@type\":\"ListItem\",\"position\":1,\"name\":\"Portada\",\"item\":\"https:\/\/www.indieofilo.com\/en\"},{\"@type\":\"ListItem\",\"position\":2,\"name\":\"Pinkpop 2025 announces first names for its line-up\"}]},{\"@type\":\"WebSite\",\"@id\":\"https:\/\/www.indieofilo.com\/#website\",\"url\":\"https:\/\/www.indieofilo.com\/\",\"name\":\"Indie\u00f3filo\",\"description\":\"Magazine online de la cultura independiente\",\"publisher\":{\"@id\":\"https:\/\/www.indieofilo.com\/#organization\"},\"potentialAction\":[{\"@type\":\"SearchAction\",\"target\":{\"@type\":\"EntryPoint\",\"urlTemplate\":\"https:\/\/www.indieofilo.com\/?s={search_term_string}\"},\"query-input\":{\"@type\":\"PropertyValueSpecification\",\"valueRequired\":true,\"valueName\":\"search_term_string\"}}],\"inLanguage\":\"en-US\"},{\"@type\":\"Organization\",\"@id\":\"https:\/\/www.indieofilo.com\/#organization\",\"name\":\"Indie\u00f3filo Web\",\"url\":\"https:\/\/www.indieofilo.com\/\",\"logo\":{\"@type\":\"ImageObject\",\"inLanguage\":\"en-US\",\"@id\":\"https:\/\/www.indieofilo.com\/#\/schema\/logo\/image\/\",\"url\":\"https:\/\/www.indieofilo.com\/wp-content\/uploads\/2015\/02\/logo-alta-resolucion.png\",\"contentUrl\":\"https:\/\/www.indieofilo.com\/wp-content\/uploads\/2015\/02\/logo-alta-resolucion.png\",\"width\":544,\"height\":185,\"caption\":\"Indie\u00f3filo Web\"},\"image\":{\"@id\":\"https:\/\/www.indieofilo.com\/#\/schema\/logo\/image\/\"},\"sameAs\":[\"https:\/\/www.facebook.com\/Indieofilo\/\",\"https:\/\/x.com\/indieofilo\",\"https:\/\/www.instagram.com\/indieofilo\/\"]},{\"@type\":\"Person\",\"@id\":\"https:\/\/www.indieofilo.com\/#\/schema\/person\/595334d38590e4ce5a09f83cbf2fca90\",\"name\":\"Victor\",\"image\":{\"@type\":\"ImageObject\",\"inLanguage\":\"en-US\",\"@id\":\"https:\/\/www.indieofilo.com\/#\/schema\/person\/image\/\",\"url\":\"https:\/\/secure.gravatar.com\/avatar\/682b8c6ea3e94b6cffec683b25f1797d?s=96&d=mm&r=g\",\"contentUrl\":\"https:\/\/secure.gravatar.com\/avatar\/682b8c6ea3e94b6cffec683b25f1797d?s=96&d=mm&r=g\",\"caption\":\"Victor\"},\"description\":\"Fan\u00e1tico de la m\u00fasica desde que mis padres me pon\u00edan a Eydie Gorme y Los Panchos o el Discotuna por la A2. Intent\u00e9 tocar varios instrumentos, pero soy muy torpe con la mano izquierda, as\u00ed que ya sab\u00e9is el resultado final. Fan del britpop, Post-punk, el rugby y el baloncesto...\",\"sameAs\":[\"http:\/\/indieofilo.com\"],\"url\":\"https:\/\/www.indieofilo.com\/en\/author\/victor\"}]}<\/script>\n<!-- \/ Yoast SEO Premium plugin. -->","yoast_head_json":{"title":"Pinkpop 2025 announces first names for its line-up - Indie\u00f3filo","description":"In this first batch, the names of the big headliners stand out: Justin Timberlake, Olivia Rodrigo and Muse.","robots":{"index":"index","follow":"follow","max-snippet":"max-snippet:-1","max-image-preview":"max-image-preview:large","max-video-preview":"max-video-preview:-1"},"canonical":"https:\/\/www.indieofilo.com\/en\/news\/live-shows\/pinkpop-2025-announces-first-names-for-its-line-up","og_locale":"en_US","og_type":"article","og_title":"Pinkpop 2025 announces first names for its line-up","og_description":"In this first batch, the names of the big headliners stand out: Justin Timberlake, Olivia Rodrigo and Muse.","og_url":"https:\/\/www.indieofilo.com\/en\/news\/live-shows\/pinkpop-2025-announces-first-names-for-its-line-up","og_site_name":"Indie\u00f3filo","article_publisher":"https:\/\/www.facebook.com\/Indieofilo\/","article_published_time":"2024-11-19T22:13:35+00:00","article_modified_time":"2024-11-20T22:43:33+00:00","og_image":[{"width":2000,"height":2000,"url":"http:\/\/www.indieofilo.com\/wp-content\/uploads\/2024\/11\/Pinkpop_2025_Justin_Timberlake.jpg","type":"image\/jpeg"}],"author":"Victor","twitter_card":"summary_large_image","twitter_creator":"@indieofilo","twitter_site":"@indieofilo","twitter_misc":{"Written by":"Victor","Est. reading time":"2 minutes"},"schema":{"@context":"https:\/\/schema.org","@graph":[{"@type":"Article","@id":"https:\/\/www.indieofilo.com\/en\/news\/live-shows\/pinkpop-2025-announces-first-names-for-its-line-up#article","isPartOf":{"@id":"https:\/\/www.indieofilo.com\/en\/news\/live-shows\/pinkpop-2025-announces-first-names-for-its-line-up"},"author":{"name":"Victor","@id":"https:\/\/www.indieofilo.com\/#\/schema\/person\/595334d38590e4ce5a09f83cbf2fca90"},"headline":"Pinkpop 2025 announces first names for its line-up","datePublished":"2024-11-19T22:13:35+00:00","dateModified":"2024-11-20T22:43:33+00:00","mainEntityOfPage":{"@id":"https:\/\/www.indieofilo.com\/en\/news\/live-shows\/pinkpop-2025-announces-first-names-for-its-line-up"},"wordCount":200,"commentCount":0,"publisher":{"@id":"https:\/\/www.indieofilo.com\/#organization"},"image":{"@id":"https:\/\/www.indieofilo.com\/en\/news\/live-shows\/pinkpop-2025-announces-first-names-for-its-line-up#primaryimage"},"thumbnailUrl":"https:\/\/www.indieofilo.com\/wp-content\/uploads\/2024\/11\/Pinkpop_2025_Justin_Timberlake.jpg","keywords":["Amyl And The Sniffers","Biffy Clyro","Cypress Hill","Girl In Red","Justin Timberlake","Kaiser Chiefs","Korn","Muse","Olivia Rodrigo","Oscar and the Wolf","Pinkpop","Pinkpop 2025","The Last Dinner Party","The Warning","Weezer"],"articleSection":["Live Shows","News"],"inLanguage":"en-US","potentialAction":[{"@type":"CommentAction","name":"Comment","target":["https:\/\/www.indieofilo.com\/en\/news\/live-shows\/pinkpop-2025-announces-first-names-for-its-line-up#respond"]}]},{"@type":"WebPage","@id":"https:\/\/www.indieofilo.com\/en\/news\/live-shows\/pinkpop-2025-announces-first-names-for-its-line-up","url":"https:\/\/www.indieofilo.com\/en\/news\/live-shows\/pinkpop-2025-announces-first-names-for-its-line-up","name":"Pinkpop 2025 announces first names for its line-up - Indie\u00f3filo","isPartOf":{"@id":"https:\/\/www.indieofilo.com\/#website"},"primaryImageOfPage":{"@id":"https:\/\/www.indieofilo.com\/en\/news\/live-shows\/pinkpop-2025-announces-first-names-for-its-line-up#primaryimage"},"image":{"@id":"https:\/\/www.indieofilo.com\/en\/news\/live-shows\/pinkpop-2025-announces-first-names-for-its-line-up#primaryimage"},"thumbnailUrl":"https:\/\/www.indieofilo.com\/wp-content\/uploads\/2024\/11\/Pinkpop_2025_Justin_Timberlake.jpg","datePublished":"2024-11-19T22:13:35+00:00","dateModified":"2024-11-20T22:43:33+00:00","description":"In this first batch, the names of the big headliners stand out: Justin Timberlake, Olivia Rodrigo and Muse.","breadcrumb":{"@id":"https:\/\/www.indieofilo.com\/en\/news\/live-shows\/pinkpop-2025-announces-first-names-for-its-line-up#breadcrumb"},"inLanguage":"en-US","potentialAction":[{"@type":"ReadAction","target":["https:\/\/www.indieofilo.com\/en\/news\/live-shows\/pinkpop-2025-announces-first-names-for-its-line-up"]}]},{"@type":"ImageObject","inLanguage":"en-US","@id":"https:\/\/www.indieofilo.com\/en\/news\/live-shows\/pinkpop-2025-announces-first-names-for-its-line-up#primaryimage","url":"https:\/\/www.indieofilo.com\/wp-content\/uploads\/2024\/11\/Pinkpop_2025_Justin_Timberlake.jpg","contentUrl":"https:\/\/www.indieofilo.com\/wp-content\/uploads\/2024\/11\/Pinkpop_2025_Justin_Timberlake.jpg","width":2000,"height":2000,"caption":"Pinkpop 2025 Justin Timberlake"},{"@type":"BreadcrumbList","@id":"https:\/\/www.indieofilo.com\/en\/news\/live-shows\/pinkpop-2025-announces-first-names-for-its-line-up#breadcrumb","itemListElement":[{"@type":"ListItem","position":1,"name":"Portada","item":"https:\/\/www.indieofilo.com\/en"},{"@type":"ListItem","position":2,"name":"Pinkpop 2025 announces first names for its line-up"}]},{"@type":"WebSite","@id":"https:\/\/www.indieofilo.com\/#website","url":"https:\/\/www.indieofilo.com\/","name":"Indie\u00f3filo","description":"Magazine online de la cultura independiente","publisher":{"@id":"https:\/\/www.indieofilo.com\/#organization"},"potentialAction":[{"@type":"SearchAction","target":{"@type":"EntryPoint","urlTemplate":"https:\/\/www.indieofilo.com\/?s={search_term_string}"},"query-input":{"@type":"PropertyValueSpecification","valueRequired":true,"valueName":"search_term_string"}}],"inLanguage":"en-US"},{"@type":"Organization","@id":"https:\/\/www.indieofilo.com\/#organization","name":"Indie\u00f3filo Web","url":"https:\/\/www.indieofilo.com\/","logo":{"@type":"ImageObject","inLanguage":"en-US","@id":"https:\/\/www.indieofilo.com\/#\/schema\/logo\/image\/","url":"https:\/\/www.indieofilo.com\/wp-content\/uploads\/2015\/02\/logo-alta-resolucion.png","contentUrl":"https:\/\/www.indieofilo.com\/wp-content\/uploads\/2015\/02\/logo-alta-resolucion.png","width":544,"height":185,"caption":"Indie\u00f3filo Web"},"image":{"@id":"https:\/\/www.indieofilo.com\/#\/schema\/logo\/image\/"},"sameAs":["https:\/\/www.facebook.com\/Indieofilo\/","https:\/\/x.com\/indieofilo","https:\/\/www.instagram.com\/indieofilo\/"]},{"@type":"Person","@id":"https:\/\/www.indieofilo.com\/#\/schema\/person\/595334d38590e4ce5a09f83cbf2fca90","name":"Victor","image":{"@type":"ImageObject","inLanguage":"en-US","@id":"https:\/\/www.indieofilo.com\/#\/schema\/person\/image\/","url":"https:\/\/secure.gravatar.com\/avatar\/682b8c6ea3e94b6cffec683b25f1797d?s=96&d=mm&r=g","contentUrl":"https:\/\/secure.gravatar.com\/avatar\/682b8c6ea3e94b6cffec683b25f1797d?s=96&d=mm&r=g","caption":"Victor"},"description":"Fan\u00e1tico de la m\u00fasica desde que mis padres me pon\u00edan a Eydie Gorme y Los Panchos o el Discotuna por la A2. Intent\u00e9 tocar varios instrumentos, pero soy muy torpe con la mano izquierda, as\u00ed que ya sab\u00e9is el resultado final. Fan del britpop, Post-punk, el rugby y el baloncesto...","sameAs":["http:\/\/indieofilo.com"],"url":"https:\/\/www.indieofilo.com\/en\/author\/victor"}]}},"_links":{"self":[{"href":"https:\/\/www.indieofilo.com\/en\/wp-json\/wp\/v2\/posts\/44761","targetHints":{"allow":["GET"]}}],"collection":[{"href":"https:\/\/www.indieofilo.com\/en\/wp-json\/wp\/v2\/posts"}],"about":[{"href":"https:\/\/www.indieofilo.com\/en\/wp-json\/wp\/v2\/types\/post"}],"author":[{"embeddable":true,"href":"https:\/\/www.indieofilo.com\/en\/wp-json\/wp\/v2\/users\/1"}],"replies":[{"embeddable":true,"href":"https:\/\/www.indieofilo.com\/en\/wp-json\/wp\/v2\/comments?post=44761"}],"version-history":[{"count":0,"href":"https:\/\/www.indieofilo.com\/en\/wp-json\/wp\/v2\/posts\/44761\/revisions"}],"wp:featuredmedia":[{"embeddable":true,"href":"https:\/\/www.indieofilo.com\/en\/wp-json\/wp\/v2\/media\/44758"}],"wp:attachment":[{"href":"https:\/\/www.indieofilo.com\/en\/wp-json\/wp\/v2\/media?parent=44761"}],"wp:term":[{"taxonomy":"category","embeddable":true,"href":"https:\/\/www.indieofilo.com\/en\/wp-json\/wp\/v2\/categories?post=44761"},{"taxonomy":"post_tag","embeddable":true,"href":"https:\/\/www.indieofilo.com\/en\/wp-json\/wp\/v2\/tags?post=44761"}],"curies":[{"name":"wp","href":"https:\/\/api.w.org\/{rel}","templated":true}]}}