{"id":44712,"date":"2024-10-03T18:27:00","date_gmt":"2024-10-03T16:27:00","guid":{"rendered":"https:\/\/www.indieofilo.com\/news\/music\/a-good-part-of-the-line-up-for-the-26th-edition-of-the-mil-lenni-festival-is-already-in-place"},"modified":"2024-11-20T13:45:15","modified_gmt":"2024-11-20T12:45:15","slug":"a-good-part-of-the-line-up-for-the-26th-edition-of-the-mil-lenni-festival-is-already-in-place","status":"publish","type":"post","link":"https:\/\/www.indieofilo.com\/en\/news\/live-shows\/a-good-part-of-the-line-up-for-the-26th-edition-of-the-mil-lenni-festival-is-already-in-place","title":{"rendered":"A good part of the line-up for the 26th edition of the Mil-lenni Festival is already in place"},"content":{"rendered":"<p style=\"text-align: justify;\">The 26th edition of the <strong>Banco Mediolanum Festival Mil-lenni<\/strong>, which runs from October to May and takes place in various venues in Barcelona such as the Palau de la M\u00fasica Catalana, the Gran Teatre del Liceu and the Sala La Paloma, has unveiled a host of names in its line-up.<\/p>\n<p style=\"text-align: justify;\">This year&#8217;s edition offers a varied programme, from the traditional Christmas concert by <strong>Carlos N\u00fa\u00f1ez<\/strong> and the concert by the historic <strong>Paco Ib\u00e1\u00f1ez<\/strong> at the Palau de la M\u00fasica, to two concerts by <strong>Joan Daus\u00e1<\/strong> in the Basilica of Santa Mar\u00eda del Mar in mid-December, and the return of the Italian <strong>Vinicio Capossela<\/strong> to the Sala La Paloma on 28 November, The return of <strong>Tindersticks<\/strong> to the Palau de la M\u00fasica Catalana, the presence of international stars such as <strong>Anastasia<\/strong> in the Sala Paral-lel 62, shows by established national artists such as <strong>Joe Crep\u00fasculo<\/strong> and <strong>Maika Makovski<\/strong>, and a commitment to new sensations on the Spanish indie scene such as <strong>Karavana<\/strong>, <strong>Ginebras, Camellos<\/strong> or <strong>Hinds<\/strong>.       <\/p>\n<p style=\"text-align: justify;\">Tickets, which vary depending on the show and venue, are available on the <a href=\"https:\/\/www.festival-millenni.com\/\" target=\"_blank\" rel=\"noopener\">festival&#8217;s official website<\/a>.<\/p>\n<p><img fetchpriority=\"high\" decoding=\"async\" class=\"aligncenter size-large wp-image-44707\" src=\"http:\/\/www.indieofilo.com\/wp-content\/uploads\/2024\/10\/26-festival-milleni-1024x576.jpg\" alt=\"26 Festival Mil\u00b7leni\" width=\"1024\" height=\"576\" srcset=\"https:\/\/www.indieofilo.com\/wp-content\/uploads\/2024\/10\/26-festival-milleni-1024x576.jpg 1024w, https:\/\/www.indieofilo.com\/wp-content\/uploads\/2024\/10\/26-festival-milleni-800x450.jpg 800w, https:\/\/www.indieofilo.com\/wp-content\/uploads\/2024\/10\/26-festival-milleni-600x338.jpg 600w, https:\/\/www.indieofilo.com\/wp-content\/uploads\/2024\/10\/26-festival-milleni-768x432.jpg 768w, https:\/\/www.indieofilo.com\/wp-content\/uploads\/2024\/10\/26-festival-milleni-1536x864.jpg 1536w, https:\/\/www.indieofilo.com\/wp-content\/uploads\/2024\/10\/26-festival-milleni.jpg 1920w\" sizes=\"(max-width: 1024px) 100vw, 1024px\" \/><\/p>\n\n<p><\/p>\n","protected":false},"excerpt":{"rendered":"<p>The 26th edition of the Banco Mediolanum Festival Mil-lenni, which runs from October to May and takes place in various venues in Barcelona such as the Palau de la M\u00fasica Catalana, the Gran Teatre del Liceu and the Sala La Paloma, has unveiled a host of names in its line-up. This year&#8217;s edition offers a [&hellip;]<\/p>\n","protected":false},"author":1,"featured_media":44708,"comment_status":"open","ping_status":"closed","sticky":false,"template":"","format":"standard","meta":{"footnotes":""},"categories":[41,8],"tags":[4961,5596,7425,7271,6108,5104,5419,7256,7422,7423,7424],"class_list":["post-44712","post","type-post","status-publish","format-standard","has-post-thumbnail","hentry","category-live-shows","category-news","tag-barcelona-en","tag-festival-millenni-en","tag-festival-millenni-2024-en","tag-ginebras-en","tag-hinds-en","tag-joan-dausa-en","tag-joe-crepusculo-en","tag-karavana-en","tag-maika-makovski-en","tag-tindersticks-en","tag-vinicio-capossela-en"],"yoast_head":"<!-- This site is optimized with the Yoast SEO Premium plugin v23.9 (Yoast SEO v26.6) - https:\/\/yoast.com\/wordpress\/plugins\/seo\/ -->\n<title>A good part of the line-up for the 26th edition of the Mil-lenni Festival is already in place - Indie\u00f3filo<\/title>\n<meta name=\"description\" content=\"Anastasia, Paco Iba\u00f1ez, Joan Daus\u00e1, Vinicio Capossela, Tindersticks, Joe Crep\u00fasculo, Karavana or Ginebras are among the confirmed artists.\" \/>\n<meta name=\"robots\" content=\"index, follow, max-snippet:-1, max-image-preview:large, max-video-preview:-1\" \/>\n<link rel=\"canonical\" href=\"https:\/\/www.indieofilo.com\/en\/news\/live-shows\/a-good-part-of-the-line-up-for-the-26th-edition-of-the-mil-lenni-festival-is-already-in-place\" \/>\n<meta property=\"og:locale\" content=\"en_US\" \/>\n<meta property=\"og:type\" content=\"article\" \/>\n<meta property=\"og:title\" content=\"A good part of the line-up for the 26th edition of the Mil-lenni Festival is already in place\" \/>\n<meta property=\"og:description\" content=\"Anastasia, Paco Iba\u00f1ez, Joan Daus\u00e1, Vinicio Capossela, Tindersticks, Joe Crep\u00fasculo, Karavana or Ginebras are among the confirmed artists.\" \/>\n<meta property=\"og:url\" content=\"https:\/\/www.indieofilo.com\/en\/news\/live-shows\/a-good-part-of-the-line-up-for-the-26th-edition-of-the-mil-lenni-festival-is-already-in-place\" \/>\n<meta property=\"og:site_name\" content=\"Indie\u00f3filo\" \/>\n<meta property=\"article:publisher\" content=\"https:\/\/www.facebook.com\/Indieofilo\/\" \/>\n<meta property=\"article:published_time\" content=\"2024-10-03T16:27:00+00:00\" \/>\n<meta property=\"article:modified_time\" content=\"2024-11-20T12:45:15+00:00\" \/>\n<meta property=\"og:image\" content=\"http:\/\/www.indieofilo.com\/wp-content\/uploads\/2024\/10\/26-festival-milleni.jpg\" \/>\n\t<meta property=\"og:image:width\" content=\"1920\" \/>\n\t<meta property=\"og:image:height\" content=\"1080\" \/>\n\t<meta property=\"og:image:type\" content=\"image\/jpeg\" \/>\n<meta name=\"author\" content=\"Victor\" \/>\n<meta name=\"twitter:card\" content=\"summary_large_image\" \/>\n<meta name=\"twitter:creator\" content=\"@indieofilo\" \/>\n<meta name=\"twitter:site\" content=\"@indieofilo\" \/>\n<meta name=\"twitter:label1\" content=\"Written by\" \/>\n\t<meta name=\"twitter:data1\" content=\"Victor\" \/>\n\t<meta name=\"twitter:label2\" content=\"Est. reading time\" \/>\n\t<meta name=\"twitter:data2\" content=\"2 minutes\" \/>\n<script type=\"application\/ld+json\" class=\"yoast-schema-graph\">{\"@context\":\"https:\/\/schema.org\",\"@graph\":[{\"@type\":\"Article\",\"@id\":\"https:\/\/www.indieofilo.com\/en\/news\/live-shows\/a-good-part-of-the-line-up-for-the-26th-edition-of-the-mil-lenni-festival-is-already-in-place#article\",\"isPartOf\":{\"@id\":\"https:\/\/www.indieofilo.com\/en\/news\/live-shows\/a-good-part-of-the-line-up-for-the-26th-edition-of-the-mil-lenni-festival-is-already-in-place\"},\"author\":{\"name\":\"Victor\",\"@id\":\"https:\/\/www.indieofilo.com\/#\/schema\/person\/595334d38590e4ce5a09f83cbf2fca90\"},\"headline\":\"A good part of the line-up for the 26th edition of the Mil-lenni Festival is already in place\",\"datePublished\":\"2024-10-03T16:27:00+00:00\",\"dateModified\":\"2024-11-20T12:45:15+00:00\",\"mainEntityOfPage\":{\"@id\":\"https:\/\/www.indieofilo.com\/en\/news\/live-shows\/a-good-part-of-the-line-up-for-the-26th-edition-of-the-mil-lenni-festival-is-already-in-place\"},\"wordCount\":204,\"commentCount\":0,\"publisher\":{\"@id\":\"https:\/\/www.indieofilo.com\/#organization\"},\"image\":{\"@id\":\"https:\/\/www.indieofilo.com\/en\/news\/live-shows\/a-good-part-of-the-line-up-for-the-26th-edition-of-the-mil-lenni-festival-is-already-in-place#primaryimage\"},\"thumbnailUrl\":\"https:\/\/www.indieofilo.com\/wp-content\/uploads\/2024\/10\/26-festival-milleni.jpg\",\"keywords\":[\"Barcelona\",\"Festival Mil\u00b7lenni\",\"Festival Mil\u00b7lenni 2024\",\"Ginebras\",\"Hinds\",\"Joan Daus\u00e0\",\"Joe Crep\u00fasculo\",\"Karavana\",\"Maika Makovski\",\"Tindersticks\",\"Vinicio Capossela\"],\"articleSection\":[\"Live Shows\",\"News\"],\"inLanguage\":\"en-US\",\"potentialAction\":[{\"@type\":\"CommentAction\",\"name\":\"Comment\",\"target\":[\"https:\/\/www.indieofilo.com\/en\/news\/live-shows\/a-good-part-of-the-line-up-for-the-26th-edition-of-the-mil-lenni-festival-is-already-in-place#respond\"]}]},{\"@type\":\"WebPage\",\"@id\":\"https:\/\/www.indieofilo.com\/en\/news\/live-shows\/a-good-part-of-the-line-up-for-the-26th-edition-of-the-mil-lenni-festival-is-already-in-place\",\"url\":\"https:\/\/www.indieofilo.com\/en\/news\/live-shows\/a-good-part-of-the-line-up-for-the-26th-edition-of-the-mil-lenni-festival-is-already-in-place\",\"name\":\"A good part of the line-up for the 26th edition of the Mil-lenni Festival is already in place - Indie\u00f3filo\",\"isPartOf\":{\"@id\":\"https:\/\/www.indieofilo.com\/#website\"},\"primaryImageOfPage\":{\"@id\":\"https:\/\/www.indieofilo.com\/en\/news\/live-shows\/a-good-part-of-the-line-up-for-the-26th-edition-of-the-mil-lenni-festival-is-already-in-place#primaryimage\"},\"image\":{\"@id\":\"https:\/\/www.indieofilo.com\/en\/news\/live-shows\/a-good-part-of-the-line-up-for-the-26th-edition-of-the-mil-lenni-festival-is-already-in-place#primaryimage\"},\"thumbnailUrl\":\"https:\/\/www.indieofilo.com\/wp-content\/uploads\/2024\/10\/26-festival-milleni.jpg\",\"datePublished\":\"2024-10-03T16:27:00+00:00\",\"dateModified\":\"2024-11-20T12:45:15+00:00\",\"description\":\"Anastasia, Paco Iba\u00f1ez, Joan Daus\u00e1, Vinicio Capossela, Tindersticks, Joe Crep\u00fasculo, Karavana or Ginebras are among the confirmed artists.\",\"breadcrumb\":{\"@id\":\"https:\/\/www.indieofilo.com\/en\/news\/live-shows\/a-good-part-of-the-line-up-for-the-26th-edition-of-the-mil-lenni-festival-is-already-in-place#breadcrumb\"},\"inLanguage\":\"en-US\",\"potentialAction\":[{\"@type\":\"ReadAction\",\"target\":[\"https:\/\/www.indieofilo.com\/en\/news\/live-shows\/a-good-part-of-the-line-up-for-the-26th-edition-of-the-mil-lenni-festival-is-already-in-place\"]}]},{\"@type\":\"ImageObject\",\"inLanguage\":\"en-US\",\"@id\":\"https:\/\/www.indieofilo.com\/en\/news\/live-shows\/a-good-part-of-the-line-up-for-the-26th-edition-of-the-mil-lenni-festival-is-already-in-place#primaryimage\",\"url\":\"https:\/\/www.indieofilo.com\/wp-content\/uploads\/2024\/10\/26-festival-milleni.jpg\",\"contentUrl\":\"https:\/\/www.indieofilo.com\/wp-content\/uploads\/2024\/10\/26-festival-milleni.jpg\",\"width\":1920,\"height\":1080,\"caption\":\"26 Festival Mil\u00b7leni\"},{\"@type\":\"BreadcrumbList\",\"@id\":\"https:\/\/www.indieofilo.com\/en\/news\/live-shows\/a-good-part-of-the-line-up-for-the-26th-edition-of-the-mil-lenni-festival-is-already-in-place#breadcrumb\",\"itemListElement\":[{\"@type\":\"ListItem\",\"position\":1,\"name\":\"Portada\",\"item\":\"https:\/\/www.indieofilo.com\/en\"},{\"@type\":\"ListItem\",\"position\":2,\"name\":\"A good part of the line-up for the 26th edition of the Mil-lenni Festival is already in place\"}]},{\"@type\":\"WebSite\",\"@id\":\"https:\/\/www.indieofilo.com\/#website\",\"url\":\"https:\/\/www.indieofilo.com\/\",\"name\":\"Indie\u00f3filo\",\"description\":\"Magazine online de la cultura independiente\",\"publisher\":{\"@id\":\"https:\/\/www.indieofilo.com\/#organization\"},\"potentialAction\":[{\"@type\":\"SearchAction\",\"target\":{\"@type\":\"EntryPoint\",\"urlTemplate\":\"https:\/\/www.indieofilo.com\/?s={search_term_string}\"},\"query-input\":{\"@type\":\"PropertyValueSpecification\",\"valueRequired\":true,\"valueName\":\"search_term_string\"}}],\"inLanguage\":\"en-US\"},{\"@type\":\"Organization\",\"@id\":\"https:\/\/www.indieofilo.com\/#organization\",\"name\":\"Indie\u00f3filo Web\",\"url\":\"https:\/\/www.indieofilo.com\/\",\"logo\":{\"@type\":\"ImageObject\",\"inLanguage\":\"en-US\",\"@id\":\"https:\/\/www.indieofilo.com\/#\/schema\/logo\/image\/\",\"url\":\"https:\/\/www.indieofilo.com\/wp-content\/uploads\/2015\/02\/logo-alta-resolucion.png\",\"contentUrl\":\"https:\/\/www.indieofilo.com\/wp-content\/uploads\/2015\/02\/logo-alta-resolucion.png\",\"width\":544,\"height\":185,\"caption\":\"Indie\u00f3filo Web\"},\"image\":{\"@id\":\"https:\/\/www.indieofilo.com\/#\/schema\/logo\/image\/\"},\"sameAs\":[\"https:\/\/www.facebook.com\/Indieofilo\/\",\"https:\/\/x.com\/indieofilo\",\"https:\/\/www.instagram.com\/indieofilo\/\"]},{\"@type\":\"Person\",\"@id\":\"https:\/\/www.indieofilo.com\/#\/schema\/person\/595334d38590e4ce5a09f83cbf2fca90\",\"name\":\"Victor\",\"image\":{\"@type\":\"ImageObject\",\"inLanguage\":\"en-US\",\"@id\":\"https:\/\/www.indieofilo.com\/#\/schema\/person\/image\/\",\"url\":\"https:\/\/secure.gravatar.com\/avatar\/682b8c6ea3e94b6cffec683b25f1797d?s=96&d=mm&r=g\",\"contentUrl\":\"https:\/\/secure.gravatar.com\/avatar\/682b8c6ea3e94b6cffec683b25f1797d?s=96&d=mm&r=g\",\"caption\":\"Victor\"},\"description\":\"Fan\u00e1tico de la m\u00fasica desde que mis padres me pon\u00edan a Eydie Gorme y Los Panchos o el Discotuna por la A2. Intent\u00e9 tocar varios instrumentos, pero soy muy torpe con la mano izquierda, as\u00ed que ya sab\u00e9is el resultado final. Fan del britpop, Post-punk, el rugby y el baloncesto...\",\"sameAs\":[\"http:\/\/indieofilo.com\"],\"url\":\"https:\/\/www.indieofilo.com\/en\/author\/victor\"}]}<\/script>\n<!-- \/ Yoast SEO Premium plugin. -->","yoast_head_json":{"title":"A good part of the line-up for the 26th edition of the Mil-lenni Festival is already in place - Indie\u00f3filo","description":"Anastasia, Paco Iba\u00f1ez, Joan Daus\u00e1, Vinicio Capossela, Tindersticks, Joe Crep\u00fasculo, Karavana or Ginebras are among the confirmed artists.","robots":{"index":"index","follow":"follow","max-snippet":"max-snippet:-1","max-image-preview":"max-image-preview:large","max-video-preview":"max-video-preview:-1"},"canonical":"https:\/\/www.indieofilo.com\/en\/news\/live-shows\/a-good-part-of-the-line-up-for-the-26th-edition-of-the-mil-lenni-festival-is-already-in-place","og_locale":"en_US","og_type":"article","og_title":"A good part of the line-up for the 26th edition of the Mil-lenni Festival is already in place","og_description":"Anastasia, Paco Iba\u00f1ez, Joan Daus\u00e1, Vinicio Capossela, Tindersticks, Joe Crep\u00fasculo, Karavana or Ginebras are among the confirmed artists.","og_url":"https:\/\/www.indieofilo.com\/en\/news\/live-shows\/a-good-part-of-the-line-up-for-the-26th-edition-of-the-mil-lenni-festival-is-already-in-place","og_site_name":"Indie\u00f3filo","article_publisher":"https:\/\/www.facebook.com\/Indieofilo\/","article_published_time":"2024-10-03T16:27:00+00:00","article_modified_time":"2024-11-20T12:45:15+00:00","og_image":[{"width":1920,"height":1080,"url":"http:\/\/www.indieofilo.com\/wp-content\/uploads\/2024\/10\/26-festival-milleni.jpg","type":"image\/jpeg"}],"author":"Victor","twitter_card":"summary_large_image","twitter_creator":"@indieofilo","twitter_site":"@indieofilo","twitter_misc":{"Written by":"Victor","Est. reading time":"2 minutes"},"schema":{"@context":"https:\/\/schema.org","@graph":[{"@type":"Article","@id":"https:\/\/www.indieofilo.com\/en\/news\/live-shows\/a-good-part-of-the-line-up-for-the-26th-edition-of-the-mil-lenni-festival-is-already-in-place#article","isPartOf":{"@id":"https:\/\/www.indieofilo.com\/en\/news\/live-shows\/a-good-part-of-the-line-up-for-the-26th-edition-of-the-mil-lenni-festival-is-already-in-place"},"author":{"name":"Victor","@id":"https:\/\/www.indieofilo.com\/#\/schema\/person\/595334d38590e4ce5a09f83cbf2fca90"},"headline":"A good part of the line-up for the 26th edition of the Mil-lenni Festival is already in place","datePublished":"2024-10-03T16:27:00+00:00","dateModified":"2024-11-20T12:45:15+00:00","mainEntityOfPage":{"@id":"https:\/\/www.indieofilo.com\/en\/news\/live-shows\/a-good-part-of-the-line-up-for-the-26th-edition-of-the-mil-lenni-festival-is-already-in-place"},"wordCount":204,"commentCount":0,"publisher":{"@id":"https:\/\/www.indieofilo.com\/#organization"},"image":{"@id":"https:\/\/www.indieofilo.com\/en\/news\/live-shows\/a-good-part-of-the-line-up-for-the-26th-edition-of-the-mil-lenni-festival-is-already-in-place#primaryimage"},"thumbnailUrl":"https:\/\/www.indieofilo.com\/wp-content\/uploads\/2024\/10\/26-festival-milleni.jpg","keywords":["Barcelona","Festival Mil\u00b7lenni","Festival Mil\u00b7lenni 2024","Ginebras","Hinds","Joan Daus\u00e0","Joe Crep\u00fasculo","Karavana","Maika Makovski","Tindersticks","Vinicio Capossela"],"articleSection":["Live Shows","News"],"inLanguage":"en-US","potentialAction":[{"@type":"CommentAction","name":"Comment","target":["https:\/\/www.indieofilo.com\/en\/news\/live-shows\/a-good-part-of-the-line-up-for-the-26th-edition-of-the-mil-lenni-festival-is-already-in-place#respond"]}]},{"@type":"WebPage","@id":"https:\/\/www.indieofilo.com\/en\/news\/live-shows\/a-good-part-of-the-line-up-for-the-26th-edition-of-the-mil-lenni-festival-is-already-in-place","url":"https:\/\/www.indieofilo.com\/en\/news\/live-shows\/a-good-part-of-the-line-up-for-the-26th-edition-of-the-mil-lenni-festival-is-already-in-place","name":"A good part of the line-up for the 26th edition of the Mil-lenni Festival is already in place - Indie\u00f3filo","isPartOf":{"@id":"https:\/\/www.indieofilo.com\/#website"},"primaryImageOfPage":{"@id":"https:\/\/www.indieofilo.com\/en\/news\/live-shows\/a-good-part-of-the-line-up-for-the-26th-edition-of-the-mil-lenni-festival-is-already-in-place#primaryimage"},"image":{"@id":"https:\/\/www.indieofilo.com\/en\/news\/live-shows\/a-good-part-of-the-line-up-for-the-26th-edition-of-the-mil-lenni-festival-is-already-in-place#primaryimage"},"thumbnailUrl":"https:\/\/www.indieofilo.com\/wp-content\/uploads\/2024\/10\/26-festival-milleni.jpg","datePublished":"2024-10-03T16:27:00+00:00","dateModified":"2024-11-20T12:45:15+00:00","description":"Anastasia, Paco Iba\u00f1ez, Joan Daus\u00e1, Vinicio Capossela, Tindersticks, Joe Crep\u00fasculo, Karavana or Ginebras are among the confirmed artists.","breadcrumb":{"@id":"https:\/\/www.indieofilo.com\/en\/news\/live-shows\/a-good-part-of-the-line-up-for-the-26th-edition-of-the-mil-lenni-festival-is-already-in-place#breadcrumb"},"inLanguage":"en-US","potentialAction":[{"@type":"ReadAction","target":["https:\/\/www.indieofilo.com\/en\/news\/live-shows\/a-good-part-of-the-line-up-for-the-26th-edition-of-the-mil-lenni-festival-is-already-in-place"]}]},{"@type":"ImageObject","inLanguage":"en-US","@id":"https:\/\/www.indieofilo.com\/en\/news\/live-shows\/a-good-part-of-the-line-up-for-the-26th-edition-of-the-mil-lenni-festival-is-already-in-place#primaryimage","url":"https:\/\/www.indieofilo.com\/wp-content\/uploads\/2024\/10\/26-festival-milleni.jpg","contentUrl":"https:\/\/www.indieofilo.com\/wp-content\/uploads\/2024\/10\/26-festival-milleni.jpg","width":1920,"height":1080,"caption":"26 Festival Mil\u00b7leni"},{"@type":"BreadcrumbList","@id":"https:\/\/www.indieofilo.com\/en\/news\/live-shows\/a-good-part-of-the-line-up-for-the-26th-edition-of-the-mil-lenni-festival-is-already-in-place#breadcrumb","itemListElement":[{"@type":"ListItem","position":1,"name":"Portada","item":"https:\/\/www.indieofilo.com\/en"},{"@type":"ListItem","position":2,"name":"A good part of the line-up for the 26th edition of the Mil-lenni Festival is already in place"}]},{"@type":"WebSite","@id":"https:\/\/www.indieofilo.com\/#website","url":"https:\/\/www.indieofilo.com\/","name":"Indie\u00f3filo","description":"Magazine online de la cultura independiente","publisher":{"@id":"https:\/\/www.indieofilo.com\/#organization"},"potentialAction":[{"@type":"SearchAction","target":{"@type":"EntryPoint","urlTemplate":"https:\/\/www.indieofilo.com\/?s={search_term_string}"},"query-input":{"@type":"PropertyValueSpecification","valueRequired":true,"valueName":"search_term_string"}}],"inLanguage":"en-US"},{"@type":"Organization","@id":"https:\/\/www.indieofilo.com\/#organization","name":"Indie\u00f3filo Web","url":"https:\/\/www.indieofilo.com\/","logo":{"@type":"ImageObject","inLanguage":"en-US","@id":"https:\/\/www.indieofilo.com\/#\/schema\/logo\/image\/","url":"https:\/\/www.indieofilo.com\/wp-content\/uploads\/2015\/02\/logo-alta-resolucion.png","contentUrl":"https:\/\/www.indieofilo.com\/wp-content\/uploads\/2015\/02\/logo-alta-resolucion.png","width":544,"height":185,"caption":"Indie\u00f3filo Web"},"image":{"@id":"https:\/\/www.indieofilo.com\/#\/schema\/logo\/image\/"},"sameAs":["https:\/\/www.facebook.com\/Indieofilo\/","https:\/\/x.com\/indieofilo","https:\/\/www.instagram.com\/indieofilo\/"]},{"@type":"Person","@id":"https:\/\/www.indieofilo.com\/#\/schema\/person\/595334d38590e4ce5a09f83cbf2fca90","name":"Victor","image":{"@type":"ImageObject","inLanguage":"en-US","@id":"https:\/\/www.indieofilo.com\/#\/schema\/person\/image\/","url":"https:\/\/secure.gravatar.com\/avatar\/682b8c6ea3e94b6cffec683b25f1797d?s=96&d=mm&r=g","contentUrl":"https:\/\/secure.gravatar.com\/avatar\/682b8c6ea3e94b6cffec683b25f1797d?s=96&d=mm&r=g","caption":"Victor"},"description":"Fan\u00e1tico de la m\u00fasica desde que mis padres me pon\u00edan a Eydie Gorme y Los Panchos o el Discotuna por la A2. Intent\u00e9 tocar varios instrumentos, pero soy muy torpe con la mano izquierda, as\u00ed que ya sab\u00e9is el resultado final. Fan del britpop, Post-punk, el rugby y el baloncesto...","sameAs":["http:\/\/indieofilo.com"],"url":"https:\/\/www.indieofilo.com\/en\/author\/victor"}]}},"_links":{"self":[{"href":"https:\/\/www.indieofilo.com\/en\/wp-json\/wp\/v2\/posts\/44712","targetHints":{"allow":["GET"]}}],"collection":[{"href":"https:\/\/www.indieofilo.com\/en\/wp-json\/wp\/v2\/posts"}],"about":[{"href":"https:\/\/www.indieofilo.com\/en\/wp-json\/wp\/v2\/types\/post"}],"author":[{"embeddable":true,"href":"https:\/\/www.indieofilo.com\/en\/wp-json\/wp\/v2\/users\/1"}],"replies":[{"embeddable":true,"href":"https:\/\/www.indieofilo.com\/en\/wp-json\/wp\/v2\/comments?post=44712"}],"version-history":[{"count":0,"href":"https:\/\/www.indieofilo.com\/en\/wp-json\/wp\/v2\/posts\/44712\/revisions"}],"wp:featuredmedia":[{"embeddable":true,"href":"https:\/\/www.indieofilo.com\/en\/wp-json\/wp\/v2\/media\/44708"}],"wp:attachment":[{"href":"https:\/\/www.indieofilo.com\/en\/wp-json\/wp\/v2\/media?parent=44712"}],"wp:term":[{"taxonomy":"category","embeddable":true,"href":"https:\/\/www.indieofilo.com\/en\/wp-json\/wp\/v2\/categories?post=44712"},{"taxonomy":"post_tag","embeddable":true,"href":"https:\/\/www.indieofilo.com\/en\/wp-json\/wp\/v2\/tags?post=44712"}],"curies":[{"name":"wp","href":"https:\/\/api.w.org\/{rel}","templated":true}]}}