{"id":44558,"date":"2024-11-15T23:11:02","date_gmt":"2024-11-15T22:11:02","guid":{"rendered":"https:\/\/www.indieofilo.com\/news\/music\/electric-callboy-announce-world-tour-for-2025-and-2026"},"modified":"2024-11-19T23:29:45","modified_gmt":"2024-11-19T22:29:45","slug":"electric-callboy-announce-world-tour-for-2025-and-2026","status":"publish","type":"post","link":"https:\/\/www.indieofilo.com\/en\/news\/electric-callboy-announce-world-tour-for-2025-and-2026","title":{"rendered":"Electric Callboy announce world tour for 2025 and 2026"},"content":{"rendered":"<p style=\"text-align: justify;\">Germany&#8217;s <strong>Electric Callboy<\/strong> have today announced a world tour that will include up to two concerts in Spain in January 2026.<\/p>\n<p style=\"text-align: justify;\">The band from Castrop-Rauxel (North Rhine-Westphalia), who were called Eskimo Callboy until 2022, were one of the sensations of the last Resurrection Fest in 2024 thanks to their mix of metalcore and electronica. As part of the world tour, which will kick off in Denmark on 1 November 2025, the German band will visit Spain <strong>on Thursday <span class=\"css-1jxf684 r-bcqeeo r-1ttztb7 r-qvutc0 r-poiln3\">22 January 2026 at the Sant Jordi Club<\/span> in Barcelona and on <span class=\"css-1jxf684 r-bcqeeo r-1ttztb7 r-qvutc0 r-poiln3\">Friday 23 January at the WiZink Center in Madrid<\/span><\/strong>. They will also visit Sweden, Belgium, the Czech Republic, Luxembourg, Switzerland, Poland, Hungary, Germany, the Netherlands and France before ending the tour in Lisbon, Portugal on 25 January 2026.<\/p>\n<p style=\"text-align: justify;\">Tickets for the concerts in Spain will go on sale on Monday, November 18th at 10:00 am on the <a href=\"http:\/\/route.resurrectionfest.es\">Route Resurrection promoter&#8217;s website<\/a>, although a pre-sale of tickets for both concerts is already available on the same website for Resurrection Fest 2025 season ticket buyers.<\/p>\n<p><img fetchpriority=\"high\" decoding=\"async\" class=\"aligncenter size-large wp-image-44560\" src=\"http:\/\/www.indieofilo.com\/wp-content\/uploads\/2024\/11\/Electric-Callboy-World-Tour-2025-2026-547x683.jpg\" alt=\"Electric Callboy World Tour 2025-2026\" width=\"547\" height=\"683\" srcset=\"https:\/\/www.indieofilo.com\/wp-content\/uploads\/2024\/11\/Electric-Callboy-World-Tour-2025-2026-547x683.jpg 547w, https:\/\/www.indieofilo.com\/wp-content\/uploads\/2024\/11\/Electric-Callboy-World-Tour-2025-2026-427x533.jpg 427w, https:\/\/www.indieofilo.com\/wp-content\/uploads\/2024\/11\/Electric-Callboy-World-Tour-2025-2026-320x400.jpg 320w, https:\/\/www.indieofilo.com\/wp-content\/uploads\/2024\/11\/Electric-Callboy-World-Tour-2025-2026-768x960.jpg 768w, https:\/\/www.indieofilo.com\/wp-content\/uploads\/2024\/11\/Electric-Callboy-World-Tour-2025-2026-1229x1536.jpg 1229w, https:\/\/www.indieofilo.com\/wp-content\/uploads\/2024\/11\/Electric-Callboy-World-Tour-2025-2026.jpg 1350w\" sizes=\"(max-width: 547px) 100vw, 547px\" \/><\/p>\n\n\n<p><\/p>\n","protected":false},"excerpt":{"rendered":"<p>Germany&#8217;s Electric Callboy have today announced a world tour that will include up to two concerts in Spain in January 2026. The band from Castrop-Rauxel (North Rhine-Westphalia), who were called Eskimo Callboy until 2022, were one of the sensations of the last Resurrection Fest in 2024 thanks to their mix of metalcore and electronica. As [&hellip;]<\/p>\n","protected":false},"author":1,"featured_media":44560,"comment_status":"open","ping_status":"closed","sticky":false,"template":"","format":"standard","meta":{"footnotes":""},"categories":[41,8],"tags":[4961,7403],"class_list":["post-44558","post","type-post","status-publish","format-standard","has-post-thumbnail","hentry","category-live-shows","category-news","tag-barcelona-en","tag-electric-callboy-en"],"yoast_head":"<!-- This site is optimized with the Yoast SEO Premium plugin v23.9 (Yoast SEO v26.6) - https:\/\/yoast.com\/wordpress\/plugins\/seo\/ -->\n<title>Electric Callboy announce world tour for 2025 and 2026 - Indie\u00f3filo<\/title>\n<meta name=\"description\" content=\"The German band will visit Spain on Thursday 22 January 2026 in Barcelona and Friday 23 January in Madrid.\" \/>\n<meta name=\"robots\" content=\"index, follow, max-snippet:-1, max-image-preview:large, max-video-preview:-1\" \/>\n<link rel=\"canonical\" href=\"https:\/\/www.indieofilo.com\/en\/news\/electric-callboy-announce-world-tour-for-2025-and-2026\" \/>\n<meta property=\"og:locale\" content=\"en_US\" \/>\n<meta property=\"og:type\" content=\"article\" \/>\n<meta property=\"og:title\" content=\"Electric Callboy announce world tour for 2025 and 2026\" \/>\n<meta property=\"og:description\" content=\"The German band will visit Spain on Thursday 22 January 2026 in Barcelona and Friday 23 January in Madrid.\" \/>\n<meta property=\"og:url\" content=\"https:\/\/www.indieofilo.com\/en\/news\/electric-callboy-announce-world-tour-for-2025-and-2026\" \/>\n<meta property=\"og:site_name\" content=\"Indie\u00f3filo\" \/>\n<meta property=\"article:publisher\" content=\"https:\/\/www.facebook.com\/Indieofilo\/\" \/>\n<meta property=\"article:published_time\" content=\"2024-11-15T22:11:02+00:00\" \/>\n<meta property=\"article:modified_time\" content=\"2024-11-19T22:29:45+00:00\" \/>\n<meta property=\"og:image\" content=\"http:\/\/www.indieofilo.com\/wp-content\/uploads\/2024\/11\/Electric-Callboy-World-Tour-2025-2026.jpg\" \/>\n\t<meta property=\"og:image:width\" content=\"1350\" \/>\n\t<meta property=\"og:image:height\" content=\"1687\" \/>\n\t<meta property=\"og:image:type\" content=\"image\/jpeg\" \/>\n<meta name=\"author\" content=\"Victor\" \/>\n<meta name=\"twitter:card\" content=\"summary_large_image\" \/>\n<meta name=\"twitter:creator\" content=\"@indieofilo\" \/>\n<meta name=\"twitter:site\" content=\"@indieofilo\" \/>\n<meta name=\"twitter:label1\" content=\"Written by\" \/>\n\t<meta name=\"twitter:data1\" content=\"Victor\" \/>\n\t<meta name=\"twitter:label2\" content=\"Est. reading time\" \/>\n\t<meta name=\"twitter:data2\" content=\"2 minutes\" \/>\n<script type=\"application\/ld+json\" class=\"yoast-schema-graph\">{\"@context\":\"https:\/\/schema.org\",\"@graph\":[{\"@type\":\"Article\",\"@id\":\"https:\/\/www.indieofilo.com\/en\/news\/electric-callboy-announce-world-tour-for-2025-and-2026#article\",\"isPartOf\":{\"@id\":\"https:\/\/www.indieofilo.com\/en\/news\/electric-callboy-announce-world-tour-for-2025-and-2026\"},\"author\":{\"name\":\"Victor\",\"@id\":\"https:\/\/www.indieofilo.com\/#\/schema\/person\/595334d38590e4ce5a09f83cbf2fca90\"},\"headline\":\"Electric Callboy announce world tour for 2025 and 2026\",\"datePublished\":\"2024-11-15T22:11:02+00:00\",\"dateModified\":\"2024-11-19T22:29:45+00:00\",\"mainEntityOfPage\":{\"@id\":\"https:\/\/www.indieofilo.com\/en\/news\/electric-callboy-announce-world-tour-for-2025-and-2026\"},\"wordCount\":168,\"commentCount\":0,\"publisher\":{\"@id\":\"https:\/\/www.indieofilo.com\/#organization\"},\"image\":{\"@id\":\"https:\/\/www.indieofilo.com\/en\/news\/electric-callboy-announce-world-tour-for-2025-and-2026#primaryimage\"},\"thumbnailUrl\":\"https:\/\/www.indieofilo.com\/wp-content\/uploads\/2024\/11\/Electric-Callboy-World-Tour-2025-2026.jpg\",\"keywords\":[\"Barcelona\",\"Electric Callboy\"],\"articleSection\":[\"Live Shows\",\"News\"],\"inLanguage\":\"en-US\",\"potentialAction\":[{\"@type\":\"CommentAction\",\"name\":\"Comment\",\"target\":[\"https:\/\/www.indieofilo.com\/en\/news\/electric-callboy-announce-world-tour-for-2025-and-2026#respond\"]}]},{\"@type\":\"WebPage\",\"@id\":\"https:\/\/www.indieofilo.com\/en\/news\/electric-callboy-announce-world-tour-for-2025-and-2026\",\"url\":\"https:\/\/www.indieofilo.com\/en\/news\/electric-callboy-announce-world-tour-for-2025-and-2026\",\"name\":\"Electric Callboy announce world tour for 2025 and 2026 - Indie\u00f3filo\",\"isPartOf\":{\"@id\":\"https:\/\/www.indieofilo.com\/#website\"},\"primaryImageOfPage\":{\"@id\":\"https:\/\/www.indieofilo.com\/en\/news\/electric-callboy-announce-world-tour-for-2025-and-2026#primaryimage\"},\"image\":{\"@id\":\"https:\/\/www.indieofilo.com\/en\/news\/electric-callboy-announce-world-tour-for-2025-and-2026#primaryimage\"},\"thumbnailUrl\":\"https:\/\/www.indieofilo.com\/wp-content\/uploads\/2024\/11\/Electric-Callboy-World-Tour-2025-2026.jpg\",\"datePublished\":\"2024-11-15T22:11:02+00:00\",\"dateModified\":\"2024-11-19T22:29:45+00:00\",\"description\":\"The German band will visit Spain on Thursday 22 January 2026 in Barcelona and Friday 23 January in Madrid.\",\"breadcrumb\":{\"@id\":\"https:\/\/www.indieofilo.com\/en\/news\/electric-callboy-announce-world-tour-for-2025-and-2026#breadcrumb\"},\"inLanguage\":\"en-US\",\"potentialAction\":[{\"@type\":\"ReadAction\",\"target\":[\"https:\/\/www.indieofilo.com\/en\/news\/electric-callboy-announce-world-tour-for-2025-and-2026\"]}]},{\"@type\":\"ImageObject\",\"inLanguage\":\"en-US\",\"@id\":\"https:\/\/www.indieofilo.com\/en\/news\/electric-callboy-announce-world-tour-for-2025-and-2026#primaryimage\",\"url\":\"https:\/\/www.indieofilo.com\/wp-content\/uploads\/2024\/11\/Electric-Callboy-World-Tour-2025-2026.jpg\",\"contentUrl\":\"https:\/\/www.indieofilo.com\/wp-content\/uploads\/2024\/11\/Electric-Callboy-World-Tour-2025-2026.jpg\",\"width\":1350,\"height\":1687,\"caption\":\"Electric Callboy World Tour 2025-2026\"},{\"@type\":\"BreadcrumbList\",\"@id\":\"https:\/\/www.indieofilo.com\/en\/news\/electric-callboy-announce-world-tour-for-2025-and-2026#breadcrumb\",\"itemListElement\":[{\"@type\":\"ListItem\",\"position\":1,\"name\":\"Portada\",\"item\":\"https:\/\/www.indieofilo.com\/en\"},{\"@type\":\"ListItem\",\"position\":2,\"name\":\"Electric Callboy announce world tour for 2025 and 2026\"}]},{\"@type\":\"WebSite\",\"@id\":\"https:\/\/www.indieofilo.com\/#website\",\"url\":\"https:\/\/www.indieofilo.com\/\",\"name\":\"Indie\u00f3filo\",\"description\":\"Magazine online de la cultura independiente\",\"publisher\":{\"@id\":\"https:\/\/www.indieofilo.com\/#organization\"},\"potentialAction\":[{\"@type\":\"SearchAction\",\"target\":{\"@type\":\"EntryPoint\",\"urlTemplate\":\"https:\/\/www.indieofilo.com\/?s={search_term_string}\"},\"query-input\":{\"@type\":\"PropertyValueSpecification\",\"valueRequired\":true,\"valueName\":\"search_term_string\"}}],\"inLanguage\":\"en-US\"},{\"@type\":\"Organization\",\"@id\":\"https:\/\/www.indieofilo.com\/#organization\",\"name\":\"Indie\u00f3filo Web\",\"url\":\"https:\/\/www.indieofilo.com\/\",\"logo\":{\"@type\":\"ImageObject\",\"inLanguage\":\"en-US\",\"@id\":\"https:\/\/www.indieofilo.com\/#\/schema\/logo\/image\/\",\"url\":\"https:\/\/www.indieofilo.com\/wp-content\/uploads\/2015\/02\/logo-alta-resolucion.png\",\"contentUrl\":\"https:\/\/www.indieofilo.com\/wp-content\/uploads\/2015\/02\/logo-alta-resolucion.png\",\"width\":544,\"height\":185,\"caption\":\"Indie\u00f3filo Web\"},\"image\":{\"@id\":\"https:\/\/www.indieofilo.com\/#\/schema\/logo\/image\/\"},\"sameAs\":[\"https:\/\/www.facebook.com\/Indieofilo\/\",\"https:\/\/x.com\/indieofilo\",\"https:\/\/www.instagram.com\/indieofilo\/\"]},{\"@type\":\"Person\",\"@id\":\"https:\/\/www.indieofilo.com\/#\/schema\/person\/595334d38590e4ce5a09f83cbf2fca90\",\"name\":\"Victor\",\"image\":{\"@type\":\"ImageObject\",\"inLanguage\":\"en-US\",\"@id\":\"https:\/\/www.indieofilo.com\/#\/schema\/person\/image\/\",\"url\":\"https:\/\/secure.gravatar.com\/avatar\/682b8c6ea3e94b6cffec683b25f1797d?s=96&d=mm&r=g\",\"contentUrl\":\"https:\/\/secure.gravatar.com\/avatar\/682b8c6ea3e94b6cffec683b25f1797d?s=96&d=mm&r=g\",\"caption\":\"Victor\"},\"description\":\"Fan\u00e1tico de la m\u00fasica desde que mis padres me pon\u00edan a Eydie Gorme y Los Panchos o el Discotuna por la A2. Intent\u00e9 tocar varios instrumentos, pero soy muy torpe con la mano izquierda, as\u00ed que ya sab\u00e9is el resultado final. Fan del britpop, Post-punk, el rugby y el baloncesto...\",\"sameAs\":[\"http:\/\/indieofilo.com\"],\"url\":\"https:\/\/www.indieofilo.com\/en\/author\/victor\"}]}<\/script>\n<!-- \/ Yoast SEO Premium plugin. -->","yoast_head_json":{"title":"Electric Callboy announce world tour for 2025 and 2026 - Indie\u00f3filo","description":"The German band will visit Spain on Thursday 22 January 2026 in Barcelona and Friday 23 January in Madrid.","robots":{"index":"index","follow":"follow","max-snippet":"max-snippet:-1","max-image-preview":"max-image-preview:large","max-video-preview":"max-video-preview:-1"},"canonical":"https:\/\/www.indieofilo.com\/en\/news\/electric-callboy-announce-world-tour-for-2025-and-2026","og_locale":"en_US","og_type":"article","og_title":"Electric Callboy announce world tour for 2025 and 2026","og_description":"The German band will visit Spain on Thursday 22 January 2026 in Barcelona and Friday 23 January in Madrid.","og_url":"https:\/\/www.indieofilo.com\/en\/news\/electric-callboy-announce-world-tour-for-2025-and-2026","og_site_name":"Indie\u00f3filo","article_publisher":"https:\/\/www.facebook.com\/Indieofilo\/","article_published_time":"2024-11-15T22:11:02+00:00","article_modified_time":"2024-11-19T22:29:45+00:00","og_image":[{"width":1350,"height":1687,"url":"http:\/\/www.indieofilo.com\/wp-content\/uploads\/2024\/11\/Electric-Callboy-World-Tour-2025-2026.jpg","type":"image\/jpeg"}],"author":"Victor","twitter_card":"summary_large_image","twitter_creator":"@indieofilo","twitter_site":"@indieofilo","twitter_misc":{"Written by":"Victor","Est. reading time":"2 minutes"},"schema":{"@context":"https:\/\/schema.org","@graph":[{"@type":"Article","@id":"https:\/\/www.indieofilo.com\/en\/news\/electric-callboy-announce-world-tour-for-2025-and-2026#article","isPartOf":{"@id":"https:\/\/www.indieofilo.com\/en\/news\/electric-callboy-announce-world-tour-for-2025-and-2026"},"author":{"name":"Victor","@id":"https:\/\/www.indieofilo.com\/#\/schema\/person\/595334d38590e4ce5a09f83cbf2fca90"},"headline":"Electric Callboy announce world tour for 2025 and 2026","datePublished":"2024-11-15T22:11:02+00:00","dateModified":"2024-11-19T22:29:45+00:00","mainEntityOfPage":{"@id":"https:\/\/www.indieofilo.com\/en\/news\/electric-callboy-announce-world-tour-for-2025-and-2026"},"wordCount":168,"commentCount":0,"publisher":{"@id":"https:\/\/www.indieofilo.com\/#organization"},"image":{"@id":"https:\/\/www.indieofilo.com\/en\/news\/electric-callboy-announce-world-tour-for-2025-and-2026#primaryimage"},"thumbnailUrl":"https:\/\/www.indieofilo.com\/wp-content\/uploads\/2024\/11\/Electric-Callboy-World-Tour-2025-2026.jpg","keywords":["Barcelona","Electric Callboy"],"articleSection":["Live Shows","News"],"inLanguage":"en-US","potentialAction":[{"@type":"CommentAction","name":"Comment","target":["https:\/\/www.indieofilo.com\/en\/news\/electric-callboy-announce-world-tour-for-2025-and-2026#respond"]}]},{"@type":"WebPage","@id":"https:\/\/www.indieofilo.com\/en\/news\/electric-callboy-announce-world-tour-for-2025-and-2026","url":"https:\/\/www.indieofilo.com\/en\/news\/electric-callboy-announce-world-tour-for-2025-and-2026","name":"Electric Callboy announce world tour for 2025 and 2026 - Indie\u00f3filo","isPartOf":{"@id":"https:\/\/www.indieofilo.com\/#website"},"primaryImageOfPage":{"@id":"https:\/\/www.indieofilo.com\/en\/news\/electric-callboy-announce-world-tour-for-2025-and-2026#primaryimage"},"image":{"@id":"https:\/\/www.indieofilo.com\/en\/news\/electric-callboy-announce-world-tour-for-2025-and-2026#primaryimage"},"thumbnailUrl":"https:\/\/www.indieofilo.com\/wp-content\/uploads\/2024\/11\/Electric-Callboy-World-Tour-2025-2026.jpg","datePublished":"2024-11-15T22:11:02+00:00","dateModified":"2024-11-19T22:29:45+00:00","description":"The German band will visit Spain on Thursday 22 January 2026 in Barcelona and Friday 23 January in Madrid.","breadcrumb":{"@id":"https:\/\/www.indieofilo.com\/en\/news\/electric-callboy-announce-world-tour-for-2025-and-2026#breadcrumb"},"inLanguage":"en-US","potentialAction":[{"@type":"ReadAction","target":["https:\/\/www.indieofilo.com\/en\/news\/electric-callboy-announce-world-tour-for-2025-and-2026"]}]},{"@type":"ImageObject","inLanguage":"en-US","@id":"https:\/\/www.indieofilo.com\/en\/news\/electric-callboy-announce-world-tour-for-2025-and-2026#primaryimage","url":"https:\/\/www.indieofilo.com\/wp-content\/uploads\/2024\/11\/Electric-Callboy-World-Tour-2025-2026.jpg","contentUrl":"https:\/\/www.indieofilo.com\/wp-content\/uploads\/2024\/11\/Electric-Callboy-World-Tour-2025-2026.jpg","width":1350,"height":1687,"caption":"Electric Callboy World Tour 2025-2026"},{"@type":"BreadcrumbList","@id":"https:\/\/www.indieofilo.com\/en\/news\/electric-callboy-announce-world-tour-for-2025-and-2026#breadcrumb","itemListElement":[{"@type":"ListItem","position":1,"name":"Portada","item":"https:\/\/www.indieofilo.com\/en"},{"@type":"ListItem","position":2,"name":"Electric Callboy announce world tour for 2025 and 2026"}]},{"@type":"WebSite","@id":"https:\/\/www.indieofilo.com\/#website","url":"https:\/\/www.indieofilo.com\/","name":"Indie\u00f3filo","description":"Magazine online de la cultura independiente","publisher":{"@id":"https:\/\/www.indieofilo.com\/#organization"},"potentialAction":[{"@type":"SearchAction","target":{"@type":"EntryPoint","urlTemplate":"https:\/\/www.indieofilo.com\/?s={search_term_string}"},"query-input":{"@type":"PropertyValueSpecification","valueRequired":true,"valueName":"search_term_string"}}],"inLanguage":"en-US"},{"@type":"Organization","@id":"https:\/\/www.indieofilo.com\/#organization","name":"Indie\u00f3filo Web","url":"https:\/\/www.indieofilo.com\/","logo":{"@type":"ImageObject","inLanguage":"en-US","@id":"https:\/\/www.indieofilo.com\/#\/schema\/logo\/image\/","url":"https:\/\/www.indieofilo.com\/wp-content\/uploads\/2015\/02\/logo-alta-resolucion.png","contentUrl":"https:\/\/www.indieofilo.com\/wp-content\/uploads\/2015\/02\/logo-alta-resolucion.png","width":544,"height":185,"caption":"Indie\u00f3filo Web"},"image":{"@id":"https:\/\/www.indieofilo.com\/#\/schema\/logo\/image\/"},"sameAs":["https:\/\/www.facebook.com\/Indieofilo\/","https:\/\/x.com\/indieofilo","https:\/\/www.instagram.com\/indieofilo\/"]},{"@type":"Person","@id":"https:\/\/www.indieofilo.com\/#\/schema\/person\/595334d38590e4ce5a09f83cbf2fca90","name":"Victor","image":{"@type":"ImageObject","inLanguage":"en-US","@id":"https:\/\/www.indieofilo.com\/#\/schema\/person\/image\/","url":"https:\/\/secure.gravatar.com\/avatar\/682b8c6ea3e94b6cffec683b25f1797d?s=96&d=mm&r=g","contentUrl":"https:\/\/secure.gravatar.com\/avatar\/682b8c6ea3e94b6cffec683b25f1797d?s=96&d=mm&r=g","caption":"Victor"},"description":"Fan\u00e1tico de la m\u00fasica desde que mis padres me pon\u00edan a Eydie Gorme y Los Panchos o el Discotuna por la A2. Intent\u00e9 tocar varios instrumentos, pero soy muy torpe con la mano izquierda, as\u00ed que ya sab\u00e9is el resultado final. Fan del britpop, Post-punk, el rugby y el baloncesto...","sameAs":["http:\/\/indieofilo.com"],"url":"https:\/\/www.indieofilo.com\/en\/author\/victor"}]}},"_links":{"self":[{"href":"https:\/\/www.indieofilo.com\/en\/wp-json\/wp\/v2\/posts\/44558","targetHints":{"allow":["GET"]}}],"collection":[{"href":"https:\/\/www.indieofilo.com\/en\/wp-json\/wp\/v2\/posts"}],"about":[{"href":"https:\/\/www.indieofilo.com\/en\/wp-json\/wp\/v2\/types\/post"}],"author":[{"embeddable":true,"href":"https:\/\/www.indieofilo.com\/en\/wp-json\/wp\/v2\/users\/1"}],"replies":[{"embeddable":true,"href":"https:\/\/www.indieofilo.com\/en\/wp-json\/wp\/v2\/comments?post=44558"}],"version-history":[{"count":0,"href":"https:\/\/www.indieofilo.com\/en\/wp-json\/wp\/v2\/posts\/44558\/revisions"}],"wp:featuredmedia":[{"embeddable":true,"href":"https:\/\/www.indieofilo.com\/en\/wp-json\/wp\/v2\/media\/44560"}],"wp:attachment":[{"href":"https:\/\/www.indieofilo.com\/en\/wp-json\/wp\/v2\/media?parent=44558"}],"wp:term":[{"taxonomy":"category","embeddable":true,"href":"https:\/\/www.indieofilo.com\/en\/wp-json\/wp\/v2\/categories?post=44558"},{"taxonomy":"post_tag","embeddable":true,"href":"https:\/\/www.indieofilo.com\/en\/wp-json\/wp\/v2\/tags?post=44558"}],"curies":[{"name":"wp","href":"https:\/\/api.w.org\/{rel}","templated":true}]}}