{"id":44527,"date":"2024-11-04T23:59:00","date_gmt":"2024-11-04T22:59:00","guid":{"rendered":"https:\/\/www.indieofilo.com\/news\/music\/slipknot-also-announced-as-headliners-for-resurrection-fest-2025"},"modified":"2024-11-19T22:48:44","modified_gmt":"2024-11-19T21:48:44","slug":"slipknot-also-announced-as-headliners-for-resurrection-fest-2025","status":"publish","type":"post","link":"https:\/\/www.indieofilo.com\/en\/news\/slipknot-also-announced-as-headliners-for-resurrection-fest-2025","title":{"rendered":"Slipknot, also announced as headliners for Resurrection Fest 2025"},"content":{"rendered":"<p style=\"text-align: justify;\">At the same time as the announcement that <a href=\"https:\/\/www.indieofilo.com\/en\/news\/slipknot-new-headliners-for-barcelona-rock-fest-2025\">Slipknot will be part of Barcelona Rock Fest 2025<\/a>, another of Spain&#8217;s biggest metal festivals, <strong>Resurrection Fest 2025<\/strong>, has announced that the Iowa band will also be part of its line-up.<\/p>\n<p style=\"text-align: justify;\"><strong>Corey Taylor<\/strong>&#8216;s band was one of the most voted bands in the poll that the festival organisers launched after the summer to consult which bands should be part of the line-up for the 20th edition of the Galician festival, and today we have learned that <strong>Slipknot<\/strong> will return to Galicia after their incredible concerts in the 2019 and 2023 editions.<\/p>\n<p style=\"text-align: justify;\">Tickets and passes for the festival, which will be held from 25 to 28 June at the usual venue in Viveiro (Lugo), are on sale on the <a href=\"https:\/\/www.resurrectionfest.es\/entradas\/\" target=\"_blank\" rel=\"noopener\">festival&#8217;s official website<\/a>.<\/p>\n<p><img fetchpriority=\"high\" decoding=\"async\" class=\"aligncenter size-large wp-image-44523\" src=\"http:\/\/www.indieofilo.com\/wp-content\/uploads\/2024\/11\/Slipknot-Resurrection-Fest-2025-1-546x683.jpg\" alt=\"Slipknot - Resurrection Fest 2025\" width=\"546\" height=\"683\" srcset=\"https:\/\/www.indieofilo.com\/wp-content\/uploads\/2024\/11\/Slipknot-Resurrection-Fest-2025-1-546x683.jpg 546w, https:\/\/www.indieofilo.com\/wp-content\/uploads\/2024\/11\/Slipknot-Resurrection-Fest-2025-1-426x533.jpg 426w, https:\/\/www.indieofilo.com\/wp-content\/uploads\/2024\/11\/Slipknot-Resurrection-Fest-2025-1-320x400.jpg 320w, https:\/\/www.indieofilo.com\/wp-content\/uploads\/2024\/11\/Slipknot-Resurrection-Fest-2025-1.jpg 640w\" sizes=\"(max-width: 546px) 100vw, 546px\" \/><\/p>\n","protected":false},"excerpt":{"rendered":"<p>At the same time as the announcement that Slipknot will be part of Barcelona Rock Fest 2025, another of Spain&#8217;s biggest metal festivals, Resurrection Fest 2025, has announced that the Iowa band will also be part of its line-up. Corey Taylor&#8216;s band was one of the most voted bands in the poll that the festival [&hellip;]<\/p>\n","protected":false},"author":1,"featured_media":44523,"comment_status":"open","ping_status":"closed","sticky":false,"template":"","format":"standard","meta":{"footnotes":""},"categories":[41,8],"tags":[5538,7267,7401],"class_list":["post-44527","post","type-post","status-publish","format-standard","has-post-thumbnail","hentry","category-live-shows","category-news","tag-resurrection-fest-en","tag-resurrection-fest-2025-en","tag-slipknot-en"],"yoast_head":"<!-- This site is optimized with the Yoast SEO Premium plugin v23.9 (Yoast SEO v26.6) - https:\/\/yoast.com\/wordpress\/plugins\/seo\/ -->\n<title>Slipknot, also announced as headliners for Resurrection Fest 2025 - Indie\u00f3filo<\/title>\n<meta name=\"description\" content=\"Corey Taylor&#039;s band was one of the most voted for bands in the poll set up by the festival organisers after the summer.\" \/>\n<meta name=\"robots\" content=\"index, follow, max-snippet:-1, max-image-preview:large, max-video-preview:-1\" \/>\n<link rel=\"canonical\" href=\"https:\/\/www.indieofilo.com\/en\/news\/slipknot-also-announced-as-headliners-for-resurrection-fest-2025\" \/>\n<meta property=\"og:locale\" content=\"en_US\" \/>\n<meta property=\"og:type\" content=\"article\" \/>\n<meta property=\"og:title\" content=\"Slipknot, also announced as headliners for Resurrection Fest 2025\" \/>\n<meta property=\"og:description\" content=\"Corey Taylor&#039;s band was one of the most voted for bands in the poll set up by the festival organisers after the summer.\" \/>\n<meta property=\"og:url\" content=\"https:\/\/www.indieofilo.com\/en\/news\/slipknot-also-announced-as-headliners-for-resurrection-fest-2025\" \/>\n<meta property=\"og:site_name\" content=\"Indie\u00f3filo\" \/>\n<meta property=\"article:publisher\" content=\"https:\/\/www.facebook.com\/Indieofilo\/\" \/>\n<meta property=\"article:published_time\" content=\"2024-11-04T22:59:00+00:00\" \/>\n<meta property=\"article:modified_time\" content=\"2024-11-19T21:48:44+00:00\" \/>\n<meta property=\"og:image\" content=\"http:\/\/www.indieofilo.com\/wp-content\/uploads\/2024\/11\/Slipknot-Resurrection-Fest-2025-1.jpg\" \/>\n\t<meta property=\"og:image:width\" content=\"640\" \/>\n\t<meta property=\"og:image:height\" content=\"800\" \/>\n\t<meta property=\"og:image:type\" content=\"image\/jpeg\" \/>\n<meta name=\"author\" content=\"Victor\" \/>\n<meta name=\"twitter:card\" content=\"summary_large_image\" \/>\n<meta name=\"twitter:creator\" content=\"@indieofilo\" \/>\n<meta name=\"twitter:site\" content=\"@indieofilo\" \/>\n<meta name=\"twitter:label1\" content=\"Written by\" \/>\n\t<meta name=\"twitter:data1\" content=\"Victor\" \/>\n\t<meta name=\"twitter:label2\" content=\"Est. reading time\" \/>\n\t<meta name=\"twitter:data2\" content=\"1 minute\" \/>\n<script type=\"application\/ld+json\" class=\"yoast-schema-graph\">{\"@context\":\"https:\/\/schema.org\",\"@graph\":[{\"@type\":\"Article\",\"@id\":\"https:\/\/www.indieofilo.com\/en\/news\/slipknot-also-announced-as-headliners-for-resurrection-fest-2025#article\",\"isPartOf\":{\"@id\":\"https:\/\/www.indieofilo.com\/en\/news\/slipknot-also-announced-as-headliners-for-resurrection-fest-2025\"},\"author\":{\"name\":\"Victor\",\"@id\":\"https:\/\/www.indieofilo.com\/#\/schema\/person\/595334d38590e4ce5a09f83cbf2fca90\"},\"headline\":\"Slipknot, also announced as headliners for Resurrection Fest 2025\",\"datePublished\":\"2024-11-04T22:59:00+00:00\",\"dateModified\":\"2024-11-19T21:48:44+00:00\",\"mainEntityOfPage\":{\"@id\":\"https:\/\/www.indieofilo.com\/en\/news\/slipknot-also-announced-as-headliners-for-resurrection-fest-2025\"},\"wordCount\":131,\"commentCount\":0,\"publisher\":{\"@id\":\"https:\/\/www.indieofilo.com\/#organization\"},\"image\":{\"@id\":\"https:\/\/www.indieofilo.com\/en\/news\/slipknot-also-announced-as-headliners-for-resurrection-fest-2025#primaryimage\"},\"thumbnailUrl\":\"https:\/\/www.indieofilo.com\/wp-content\/uploads\/2024\/11\/Slipknot-Resurrection-Fest-2025-1.jpg\",\"keywords\":[\"Resurrection Fest\",\"Resurrection Fest 2025\",\"Slipknot\"],\"articleSection\":[\"Live Shows\",\"News\"],\"inLanguage\":\"en-US\",\"potentialAction\":[{\"@type\":\"CommentAction\",\"name\":\"Comment\",\"target\":[\"https:\/\/www.indieofilo.com\/en\/news\/slipknot-also-announced-as-headliners-for-resurrection-fest-2025#respond\"]}]},{\"@type\":\"WebPage\",\"@id\":\"https:\/\/www.indieofilo.com\/en\/news\/slipknot-also-announced-as-headliners-for-resurrection-fest-2025\",\"url\":\"https:\/\/www.indieofilo.com\/en\/news\/slipknot-also-announced-as-headliners-for-resurrection-fest-2025\",\"name\":\"Slipknot, also announced as headliners for Resurrection Fest 2025 - Indie\u00f3filo\",\"isPartOf\":{\"@id\":\"https:\/\/www.indieofilo.com\/#website\"},\"primaryImageOfPage\":{\"@id\":\"https:\/\/www.indieofilo.com\/en\/news\/slipknot-also-announced-as-headliners-for-resurrection-fest-2025#primaryimage\"},\"image\":{\"@id\":\"https:\/\/www.indieofilo.com\/en\/news\/slipknot-also-announced-as-headliners-for-resurrection-fest-2025#primaryimage\"},\"thumbnailUrl\":\"https:\/\/www.indieofilo.com\/wp-content\/uploads\/2024\/11\/Slipknot-Resurrection-Fest-2025-1.jpg\",\"datePublished\":\"2024-11-04T22:59:00+00:00\",\"dateModified\":\"2024-11-19T21:48:44+00:00\",\"description\":\"Corey Taylor's band was one of the most voted for bands in the poll set up by the festival organisers after the summer.\",\"breadcrumb\":{\"@id\":\"https:\/\/www.indieofilo.com\/en\/news\/slipknot-also-announced-as-headliners-for-resurrection-fest-2025#breadcrumb\"},\"inLanguage\":\"en-US\",\"potentialAction\":[{\"@type\":\"ReadAction\",\"target\":[\"https:\/\/www.indieofilo.com\/en\/news\/slipknot-also-announced-as-headliners-for-resurrection-fest-2025\"]}]},{\"@type\":\"ImageObject\",\"inLanguage\":\"en-US\",\"@id\":\"https:\/\/www.indieofilo.com\/en\/news\/slipknot-also-announced-as-headliners-for-resurrection-fest-2025#primaryimage\",\"url\":\"https:\/\/www.indieofilo.com\/wp-content\/uploads\/2024\/11\/Slipknot-Resurrection-Fest-2025-1.jpg\",\"contentUrl\":\"https:\/\/www.indieofilo.com\/wp-content\/uploads\/2024\/11\/Slipknot-Resurrection-Fest-2025-1.jpg\",\"width\":640,\"height\":800,\"caption\":\"Slipknot - Resurrection Fest 2025\"},{\"@type\":\"BreadcrumbList\",\"@id\":\"https:\/\/www.indieofilo.com\/en\/news\/slipknot-also-announced-as-headliners-for-resurrection-fest-2025#breadcrumb\",\"itemListElement\":[{\"@type\":\"ListItem\",\"position\":1,\"name\":\"Portada\",\"item\":\"https:\/\/www.indieofilo.com\/en\"},{\"@type\":\"ListItem\",\"position\":2,\"name\":\"Slipknot, also announced as headliners for Resurrection Fest 2025\"}]},{\"@type\":\"WebSite\",\"@id\":\"https:\/\/www.indieofilo.com\/#website\",\"url\":\"https:\/\/www.indieofilo.com\/\",\"name\":\"Indie\u00f3filo\",\"description\":\"Magazine online de la cultura independiente\",\"publisher\":{\"@id\":\"https:\/\/www.indieofilo.com\/#organization\"},\"potentialAction\":[{\"@type\":\"SearchAction\",\"target\":{\"@type\":\"EntryPoint\",\"urlTemplate\":\"https:\/\/www.indieofilo.com\/?s={search_term_string}\"},\"query-input\":{\"@type\":\"PropertyValueSpecification\",\"valueRequired\":true,\"valueName\":\"search_term_string\"}}],\"inLanguage\":\"en-US\"},{\"@type\":\"Organization\",\"@id\":\"https:\/\/www.indieofilo.com\/#organization\",\"name\":\"Indie\u00f3filo Web\",\"url\":\"https:\/\/www.indieofilo.com\/\",\"logo\":{\"@type\":\"ImageObject\",\"inLanguage\":\"en-US\",\"@id\":\"https:\/\/www.indieofilo.com\/#\/schema\/logo\/image\/\",\"url\":\"https:\/\/www.indieofilo.com\/wp-content\/uploads\/2015\/02\/logo-alta-resolucion.png\",\"contentUrl\":\"https:\/\/www.indieofilo.com\/wp-content\/uploads\/2015\/02\/logo-alta-resolucion.png\",\"width\":544,\"height\":185,\"caption\":\"Indie\u00f3filo Web\"},\"image\":{\"@id\":\"https:\/\/www.indieofilo.com\/#\/schema\/logo\/image\/\"},\"sameAs\":[\"https:\/\/www.facebook.com\/Indieofilo\/\",\"https:\/\/x.com\/indieofilo\",\"https:\/\/www.instagram.com\/indieofilo\/\"]},{\"@type\":\"Person\",\"@id\":\"https:\/\/www.indieofilo.com\/#\/schema\/person\/595334d38590e4ce5a09f83cbf2fca90\",\"name\":\"Victor\",\"image\":{\"@type\":\"ImageObject\",\"inLanguage\":\"en-US\",\"@id\":\"https:\/\/www.indieofilo.com\/#\/schema\/person\/image\/\",\"url\":\"https:\/\/secure.gravatar.com\/avatar\/682b8c6ea3e94b6cffec683b25f1797d?s=96&d=mm&r=g\",\"contentUrl\":\"https:\/\/secure.gravatar.com\/avatar\/682b8c6ea3e94b6cffec683b25f1797d?s=96&d=mm&r=g\",\"caption\":\"Victor\"},\"description\":\"Fan\u00e1tico de la m\u00fasica desde que mis padres me pon\u00edan a Eydie Gorme y Los Panchos o el Discotuna por la A2. Intent\u00e9 tocar varios instrumentos, pero soy muy torpe con la mano izquierda, as\u00ed que ya sab\u00e9is el resultado final. Fan del britpop, Post-punk, el rugby y el baloncesto...\",\"sameAs\":[\"http:\/\/indieofilo.com\"],\"url\":\"https:\/\/www.indieofilo.com\/en\/author\/victor\"}]}<\/script>\n<!-- \/ Yoast SEO Premium plugin. -->","yoast_head_json":{"title":"Slipknot, also announced as headliners for Resurrection Fest 2025 - Indie\u00f3filo","description":"Corey Taylor's band was one of the most voted for bands in the poll set up by the festival organisers after the summer.","robots":{"index":"index","follow":"follow","max-snippet":"max-snippet:-1","max-image-preview":"max-image-preview:large","max-video-preview":"max-video-preview:-1"},"canonical":"https:\/\/www.indieofilo.com\/en\/news\/slipknot-also-announced-as-headliners-for-resurrection-fest-2025","og_locale":"en_US","og_type":"article","og_title":"Slipknot, also announced as headliners for Resurrection Fest 2025","og_description":"Corey Taylor's band was one of the most voted for bands in the poll set up by the festival organisers after the summer.","og_url":"https:\/\/www.indieofilo.com\/en\/news\/slipknot-also-announced-as-headliners-for-resurrection-fest-2025","og_site_name":"Indie\u00f3filo","article_publisher":"https:\/\/www.facebook.com\/Indieofilo\/","article_published_time":"2024-11-04T22:59:00+00:00","article_modified_time":"2024-11-19T21:48:44+00:00","og_image":[{"width":640,"height":800,"url":"http:\/\/www.indieofilo.com\/wp-content\/uploads\/2024\/11\/Slipknot-Resurrection-Fest-2025-1.jpg","type":"image\/jpeg"}],"author":"Victor","twitter_card":"summary_large_image","twitter_creator":"@indieofilo","twitter_site":"@indieofilo","twitter_misc":{"Written by":"Victor","Est. reading time":"1 minute"},"schema":{"@context":"https:\/\/schema.org","@graph":[{"@type":"Article","@id":"https:\/\/www.indieofilo.com\/en\/news\/slipknot-also-announced-as-headliners-for-resurrection-fest-2025#article","isPartOf":{"@id":"https:\/\/www.indieofilo.com\/en\/news\/slipknot-also-announced-as-headliners-for-resurrection-fest-2025"},"author":{"name":"Victor","@id":"https:\/\/www.indieofilo.com\/#\/schema\/person\/595334d38590e4ce5a09f83cbf2fca90"},"headline":"Slipknot, also announced as headliners for Resurrection Fest 2025","datePublished":"2024-11-04T22:59:00+00:00","dateModified":"2024-11-19T21:48:44+00:00","mainEntityOfPage":{"@id":"https:\/\/www.indieofilo.com\/en\/news\/slipknot-also-announced-as-headliners-for-resurrection-fest-2025"},"wordCount":131,"commentCount":0,"publisher":{"@id":"https:\/\/www.indieofilo.com\/#organization"},"image":{"@id":"https:\/\/www.indieofilo.com\/en\/news\/slipknot-also-announced-as-headliners-for-resurrection-fest-2025#primaryimage"},"thumbnailUrl":"https:\/\/www.indieofilo.com\/wp-content\/uploads\/2024\/11\/Slipknot-Resurrection-Fest-2025-1.jpg","keywords":["Resurrection Fest","Resurrection Fest 2025","Slipknot"],"articleSection":["Live Shows","News"],"inLanguage":"en-US","potentialAction":[{"@type":"CommentAction","name":"Comment","target":["https:\/\/www.indieofilo.com\/en\/news\/slipknot-also-announced-as-headliners-for-resurrection-fest-2025#respond"]}]},{"@type":"WebPage","@id":"https:\/\/www.indieofilo.com\/en\/news\/slipknot-also-announced-as-headliners-for-resurrection-fest-2025","url":"https:\/\/www.indieofilo.com\/en\/news\/slipknot-also-announced-as-headliners-for-resurrection-fest-2025","name":"Slipknot, also announced as headliners for Resurrection Fest 2025 - Indie\u00f3filo","isPartOf":{"@id":"https:\/\/www.indieofilo.com\/#website"},"primaryImageOfPage":{"@id":"https:\/\/www.indieofilo.com\/en\/news\/slipknot-also-announced-as-headliners-for-resurrection-fest-2025#primaryimage"},"image":{"@id":"https:\/\/www.indieofilo.com\/en\/news\/slipknot-also-announced-as-headliners-for-resurrection-fest-2025#primaryimage"},"thumbnailUrl":"https:\/\/www.indieofilo.com\/wp-content\/uploads\/2024\/11\/Slipknot-Resurrection-Fest-2025-1.jpg","datePublished":"2024-11-04T22:59:00+00:00","dateModified":"2024-11-19T21:48:44+00:00","description":"Corey Taylor's band was one of the most voted for bands in the poll set up by the festival organisers after the summer.","breadcrumb":{"@id":"https:\/\/www.indieofilo.com\/en\/news\/slipknot-also-announced-as-headliners-for-resurrection-fest-2025#breadcrumb"},"inLanguage":"en-US","potentialAction":[{"@type":"ReadAction","target":["https:\/\/www.indieofilo.com\/en\/news\/slipknot-also-announced-as-headliners-for-resurrection-fest-2025"]}]},{"@type":"ImageObject","inLanguage":"en-US","@id":"https:\/\/www.indieofilo.com\/en\/news\/slipknot-also-announced-as-headliners-for-resurrection-fest-2025#primaryimage","url":"https:\/\/www.indieofilo.com\/wp-content\/uploads\/2024\/11\/Slipknot-Resurrection-Fest-2025-1.jpg","contentUrl":"https:\/\/www.indieofilo.com\/wp-content\/uploads\/2024\/11\/Slipknot-Resurrection-Fest-2025-1.jpg","width":640,"height":800,"caption":"Slipknot - Resurrection Fest 2025"},{"@type":"BreadcrumbList","@id":"https:\/\/www.indieofilo.com\/en\/news\/slipknot-also-announced-as-headliners-for-resurrection-fest-2025#breadcrumb","itemListElement":[{"@type":"ListItem","position":1,"name":"Portada","item":"https:\/\/www.indieofilo.com\/en"},{"@type":"ListItem","position":2,"name":"Slipknot, also announced as headliners for Resurrection Fest 2025"}]},{"@type":"WebSite","@id":"https:\/\/www.indieofilo.com\/#website","url":"https:\/\/www.indieofilo.com\/","name":"Indie\u00f3filo","description":"Magazine online de la cultura independiente","publisher":{"@id":"https:\/\/www.indieofilo.com\/#organization"},"potentialAction":[{"@type":"SearchAction","target":{"@type":"EntryPoint","urlTemplate":"https:\/\/www.indieofilo.com\/?s={search_term_string}"},"query-input":{"@type":"PropertyValueSpecification","valueRequired":true,"valueName":"search_term_string"}}],"inLanguage":"en-US"},{"@type":"Organization","@id":"https:\/\/www.indieofilo.com\/#organization","name":"Indie\u00f3filo Web","url":"https:\/\/www.indieofilo.com\/","logo":{"@type":"ImageObject","inLanguage":"en-US","@id":"https:\/\/www.indieofilo.com\/#\/schema\/logo\/image\/","url":"https:\/\/www.indieofilo.com\/wp-content\/uploads\/2015\/02\/logo-alta-resolucion.png","contentUrl":"https:\/\/www.indieofilo.com\/wp-content\/uploads\/2015\/02\/logo-alta-resolucion.png","width":544,"height":185,"caption":"Indie\u00f3filo Web"},"image":{"@id":"https:\/\/www.indieofilo.com\/#\/schema\/logo\/image\/"},"sameAs":["https:\/\/www.facebook.com\/Indieofilo\/","https:\/\/x.com\/indieofilo","https:\/\/www.instagram.com\/indieofilo\/"]},{"@type":"Person","@id":"https:\/\/www.indieofilo.com\/#\/schema\/person\/595334d38590e4ce5a09f83cbf2fca90","name":"Victor","image":{"@type":"ImageObject","inLanguage":"en-US","@id":"https:\/\/www.indieofilo.com\/#\/schema\/person\/image\/","url":"https:\/\/secure.gravatar.com\/avatar\/682b8c6ea3e94b6cffec683b25f1797d?s=96&d=mm&r=g","contentUrl":"https:\/\/secure.gravatar.com\/avatar\/682b8c6ea3e94b6cffec683b25f1797d?s=96&d=mm&r=g","caption":"Victor"},"description":"Fan\u00e1tico de la m\u00fasica desde que mis padres me pon\u00edan a Eydie Gorme y Los Panchos o el Discotuna por la A2. Intent\u00e9 tocar varios instrumentos, pero soy muy torpe con la mano izquierda, as\u00ed que ya sab\u00e9is el resultado final. Fan del britpop, Post-punk, el rugby y el baloncesto...","sameAs":["http:\/\/indieofilo.com"],"url":"https:\/\/www.indieofilo.com\/en\/author\/victor"}]}},"_links":{"self":[{"href":"https:\/\/www.indieofilo.com\/en\/wp-json\/wp\/v2\/posts\/44527","targetHints":{"allow":["GET"]}}],"collection":[{"href":"https:\/\/www.indieofilo.com\/en\/wp-json\/wp\/v2\/posts"}],"about":[{"href":"https:\/\/www.indieofilo.com\/en\/wp-json\/wp\/v2\/types\/post"}],"author":[{"embeddable":true,"href":"https:\/\/www.indieofilo.com\/en\/wp-json\/wp\/v2\/users\/1"}],"replies":[{"embeddable":true,"href":"https:\/\/www.indieofilo.com\/en\/wp-json\/wp\/v2\/comments?post=44527"}],"version-history":[{"count":0,"href":"https:\/\/www.indieofilo.com\/en\/wp-json\/wp\/v2\/posts\/44527\/revisions"}],"wp:featuredmedia":[{"embeddable":true,"href":"https:\/\/www.indieofilo.com\/en\/wp-json\/wp\/v2\/media\/44523"}],"wp:attachment":[{"href":"https:\/\/www.indieofilo.com\/en\/wp-json\/wp\/v2\/media?parent=44527"}],"wp:term":[{"taxonomy":"category","embeddable":true,"href":"https:\/\/www.indieofilo.com\/en\/wp-json\/wp\/v2\/categories?post=44527"},{"taxonomy":"post_tag","embeddable":true,"href":"https:\/\/www.indieofilo.com\/en\/wp-json\/wp\/v2\/tags?post=44527"}],"curies":[{"name":"wp","href":"https:\/\/api.w.org\/{rel}","templated":true}]}}