{"id":44485,"date":"2024-10-28T23:22:52","date_gmt":"2024-10-28T22:22:52","guid":{"rendered":"https:\/\/www.indieofilo.com\/news\/music\/barcelona-rock-fest-2025-confirms-judas-priest-and-scorpions"},"modified":"2024-11-18T23:36:54","modified_gmt":"2024-11-18T22:36:54","slug":"barcelona-rock-fest-2025-confirms-judas-priest-and-scorpions","status":"publish","type":"post","link":"https:\/\/www.indieofilo.com\/en\/news\/barcelona-rock-fest-2025-confirms-judas-priest-and-scorpions","title":{"rendered":"Barcelona Rock Fest 2025 confirms Judas Priest and Scorpions"},"content":{"rendered":"<p style=\"text-align: justify;\">After announcing <a href=\"https:\/\/www.indieofilo.com\/en\/news\/barcelona-rock-fest-confirms-2025-dates\">the dates and presence of Germany&#8217;s Running Wild at the beginning of July<\/a>, the organisers of the Barcelona Rock Fest have waited until today to announce the two new names in the line-up.<\/p>\n<p style=\"text-align: justify;\"><strong>Barcelona Rock Fest 2025<\/strong> will feature two of the European bands that have been at the forefront of the metal movement for more than 50 years and that have visited the Catalan festival in previous editions, such as Britain&#8217;s <strong>Judas Priest<\/strong> and Germany&#8217;s <strong>Scorpions<\/strong>. Both bands have been confirmed for Sunday 29th June.<\/p>\n<p style=\"text-align: justify;\">Tickets and season tickets for the festival, which will take place from 26 to 29 June 2025 at its usual venue, Parc de Can Zam in Santa Coloma de Gramenet, are available at special prices on the <a href=\"https:\/\/www.barcelonarockfest.com\/\" target=\"_blank\" rel=\"noopener\">festival&#8217;s official website<\/a> until Monday 4 November.<\/p>\n<p><img fetchpriority=\"high\" decoding=\"async\" class=\"aligncenter size-large wp-image-44482\" src=\"http:\/\/www.indieofilo.com\/wp-content\/uploads\/2024\/10\/barcelona-rock-fest-2025-judas-priest-683x683.jpg\" alt=\"Barcelona Rock Fest 2025 Judas Priest\" width=\"683\" height=\"683\" srcset=\"https:\/\/www.indieofilo.com\/wp-content\/uploads\/2024\/10\/barcelona-rock-fest-2025-judas-priest-683x683.jpg 683w, https:\/\/www.indieofilo.com\/wp-content\/uploads\/2024\/10\/barcelona-rock-fest-2025-judas-priest-533x533.jpg 533w, https:\/\/www.indieofilo.com\/wp-content\/uploads\/2024\/10\/barcelona-rock-fest-2025-judas-priest-400x400.jpg 400w, https:\/\/www.indieofilo.com\/wp-content\/uploads\/2024\/10\/barcelona-rock-fest-2025-judas-priest-768x768.jpg 768w, https:\/\/www.indieofilo.com\/wp-content\/uploads\/2024\/10\/barcelona-rock-fest-2025-judas-priest-300x300.jpg 300w, https:\/\/www.indieofilo.com\/wp-content\/uploads\/2024\/10\/barcelona-rock-fest-2025-judas-priest.jpg 800w\" sizes=\"(max-width: 683px) 100vw, 683px\" \/><\/p>\n","protected":false},"excerpt":{"rendered":"<p>After announcing the dates and presence of Germany&#8217;s Running Wild at the beginning of July, the organisers of the Barcelona Rock Fest have waited until today to announce the two new names in the line-up. Barcelona Rock Fest 2025 will feature two of the European bands that have been at the forefront of the metal [&hellip;]<\/p>\n","protected":false},"author":1,"featured_media":44482,"comment_status":"open","ping_status":"closed","sticky":false,"template":"","format":"standard","meta":{"footnotes":""},"categories":[41,8],"tags":[4961,7152,7265,5259,5243],"class_list":["post-44485","post","type-post","status-publish","format-standard","has-post-thumbnail","hentry","category-live-shows","category-news","tag-barcelona-en","tag-barcelona-rock-fest-en","tag-barcelona-rock-fest-2025-en","tag-judas-priest-en","tag-scorpions-en"],"yoast_head":"<!-- This site is optimized with the Yoast SEO Premium plugin v23.9 (Yoast SEO v26.6) - https:\/\/yoast.com\/wordpress\/plugins\/seo\/ -->\n<title>Barcelona Rock Fest 2025 confirms Judas Priest and Scorpions - Indie\u00f3filo<\/title>\n<meta name=\"description\" content=\"The organisers of Barcelona Rock Fest 2025 have announced two old favourites: Judas Priest and Scorpions to the line-up.\" \/>\n<meta name=\"robots\" content=\"index, follow, max-snippet:-1, max-image-preview:large, max-video-preview:-1\" \/>\n<link rel=\"canonical\" href=\"https:\/\/www.indieofilo.com\/en\/news\/barcelona-rock-fest-2025-confirms-judas-priest-and-scorpions\" \/>\n<meta property=\"og:locale\" content=\"en_US\" \/>\n<meta property=\"og:type\" content=\"article\" \/>\n<meta property=\"og:title\" content=\"Barcelona Rock Fest 2025 confirms Judas Priest and Scorpions\" \/>\n<meta property=\"og:description\" content=\"The organisers of Barcelona Rock Fest 2025 have announced two old favourites: Judas Priest and Scorpions to the line-up.\" \/>\n<meta property=\"og:url\" content=\"https:\/\/www.indieofilo.com\/en\/news\/barcelona-rock-fest-2025-confirms-judas-priest-and-scorpions\" \/>\n<meta property=\"og:site_name\" content=\"Indie\u00f3filo\" \/>\n<meta property=\"article:publisher\" content=\"https:\/\/www.facebook.com\/Indieofilo\/\" \/>\n<meta property=\"article:published_time\" content=\"2024-10-28T22:22:52+00:00\" \/>\n<meta property=\"article:modified_time\" content=\"2024-11-18T22:36:54+00:00\" \/>\n<meta property=\"og:image\" content=\"http:\/\/www.indieofilo.com\/wp-content\/uploads\/2024\/10\/barcelona-rock-fest-2025-judas-priest.jpg\" \/>\n\t<meta property=\"og:image:width\" content=\"800\" \/>\n\t<meta property=\"og:image:height\" content=\"800\" \/>\n\t<meta property=\"og:image:type\" content=\"image\/jpeg\" \/>\n<meta name=\"author\" content=\"Victor\" \/>\n<meta name=\"twitter:card\" content=\"summary_large_image\" \/>\n<meta name=\"twitter:creator\" content=\"@indieofilo\" \/>\n<meta name=\"twitter:site\" content=\"@indieofilo\" \/>\n<meta name=\"twitter:label1\" content=\"Written by\" \/>\n\t<meta name=\"twitter:data1\" content=\"Victor\" \/>\n\t<meta name=\"twitter:label2\" content=\"Est. reading time\" \/>\n\t<meta name=\"twitter:data2\" content=\"2 minutes\" \/>\n<script type=\"application\/ld+json\" class=\"yoast-schema-graph\">{\"@context\":\"https:\/\/schema.org\",\"@graph\":[{\"@type\":\"Article\",\"@id\":\"https:\/\/www.indieofilo.com\/en\/news\/barcelona-rock-fest-2025-confirms-judas-priest-and-scorpions#article\",\"isPartOf\":{\"@id\":\"https:\/\/www.indieofilo.com\/en\/news\/barcelona-rock-fest-2025-confirms-judas-priest-and-scorpions\"},\"author\":{\"name\":\"Victor\",\"@id\":\"https:\/\/www.indieofilo.com\/#\/schema\/person\/595334d38590e4ce5a09f83cbf2fca90\"},\"headline\":\"Barcelona Rock Fest 2025 confirms Judas Priest and Scorpions\",\"datePublished\":\"2024-10-28T22:22:52+00:00\",\"dateModified\":\"2024-11-18T22:36:54+00:00\",\"mainEntityOfPage\":{\"@id\":\"https:\/\/www.indieofilo.com\/en\/news\/barcelona-rock-fest-2025-confirms-judas-priest-and-scorpions\"},\"wordCount\":134,\"commentCount\":0,\"publisher\":{\"@id\":\"https:\/\/www.indieofilo.com\/#organization\"},\"image\":{\"@id\":\"https:\/\/www.indieofilo.com\/en\/news\/barcelona-rock-fest-2025-confirms-judas-priest-and-scorpions#primaryimage\"},\"thumbnailUrl\":\"https:\/\/www.indieofilo.com\/wp-content\/uploads\/2024\/10\/barcelona-rock-fest-2025-judas-priest.jpg\",\"keywords\":[\"Barcelona\",\"Barcelona Rock Fest\",\"Barcelona Rock Fest 2025\",\"Judas Priest\",\"Scorpions\"],\"articleSection\":[\"Live Shows\",\"News\"],\"inLanguage\":\"en-US\",\"potentialAction\":[{\"@type\":\"CommentAction\",\"name\":\"Comment\",\"target\":[\"https:\/\/www.indieofilo.com\/en\/news\/barcelona-rock-fest-2025-confirms-judas-priest-and-scorpions#respond\"]}]},{\"@type\":\"WebPage\",\"@id\":\"https:\/\/www.indieofilo.com\/en\/news\/barcelona-rock-fest-2025-confirms-judas-priest-and-scorpions\",\"url\":\"https:\/\/www.indieofilo.com\/en\/news\/barcelona-rock-fest-2025-confirms-judas-priest-and-scorpions\",\"name\":\"Barcelona Rock Fest 2025 confirms Judas Priest and Scorpions - Indie\u00f3filo\",\"isPartOf\":{\"@id\":\"https:\/\/www.indieofilo.com\/#website\"},\"primaryImageOfPage\":{\"@id\":\"https:\/\/www.indieofilo.com\/en\/news\/barcelona-rock-fest-2025-confirms-judas-priest-and-scorpions#primaryimage\"},\"image\":{\"@id\":\"https:\/\/www.indieofilo.com\/en\/news\/barcelona-rock-fest-2025-confirms-judas-priest-and-scorpions#primaryimage\"},\"thumbnailUrl\":\"https:\/\/www.indieofilo.com\/wp-content\/uploads\/2024\/10\/barcelona-rock-fest-2025-judas-priest.jpg\",\"datePublished\":\"2024-10-28T22:22:52+00:00\",\"dateModified\":\"2024-11-18T22:36:54+00:00\",\"description\":\"The organisers of Barcelona Rock Fest 2025 have announced two old favourites: Judas Priest and Scorpions to the line-up.\",\"breadcrumb\":{\"@id\":\"https:\/\/www.indieofilo.com\/en\/news\/barcelona-rock-fest-2025-confirms-judas-priest-and-scorpions#breadcrumb\"},\"inLanguage\":\"en-US\",\"potentialAction\":[{\"@type\":\"ReadAction\",\"target\":[\"https:\/\/www.indieofilo.com\/en\/news\/barcelona-rock-fest-2025-confirms-judas-priest-and-scorpions\"]}]},{\"@type\":\"ImageObject\",\"inLanguage\":\"en-US\",\"@id\":\"https:\/\/www.indieofilo.com\/en\/news\/barcelona-rock-fest-2025-confirms-judas-priest-and-scorpions#primaryimage\",\"url\":\"https:\/\/www.indieofilo.com\/wp-content\/uploads\/2024\/10\/barcelona-rock-fest-2025-judas-priest.jpg\",\"contentUrl\":\"https:\/\/www.indieofilo.com\/wp-content\/uploads\/2024\/10\/barcelona-rock-fest-2025-judas-priest.jpg\",\"width\":800,\"height\":800,\"caption\":\"Barcelona Rock Fest 2025 Judas Priest\"},{\"@type\":\"BreadcrumbList\",\"@id\":\"https:\/\/www.indieofilo.com\/en\/news\/barcelona-rock-fest-2025-confirms-judas-priest-and-scorpions#breadcrumb\",\"itemListElement\":[{\"@type\":\"ListItem\",\"position\":1,\"name\":\"Portada\",\"item\":\"https:\/\/www.indieofilo.com\/en\"},{\"@type\":\"ListItem\",\"position\":2,\"name\":\"Barcelona Rock Fest 2025 confirms Judas Priest and Scorpions\"}]},{\"@type\":\"WebSite\",\"@id\":\"https:\/\/www.indieofilo.com\/#website\",\"url\":\"https:\/\/www.indieofilo.com\/\",\"name\":\"Indie\u00f3filo\",\"description\":\"Magazine online de la cultura independiente\",\"publisher\":{\"@id\":\"https:\/\/www.indieofilo.com\/#organization\"},\"potentialAction\":[{\"@type\":\"SearchAction\",\"target\":{\"@type\":\"EntryPoint\",\"urlTemplate\":\"https:\/\/www.indieofilo.com\/?s={search_term_string}\"},\"query-input\":{\"@type\":\"PropertyValueSpecification\",\"valueRequired\":true,\"valueName\":\"search_term_string\"}}],\"inLanguage\":\"en-US\"},{\"@type\":\"Organization\",\"@id\":\"https:\/\/www.indieofilo.com\/#organization\",\"name\":\"Indie\u00f3filo Web\",\"url\":\"https:\/\/www.indieofilo.com\/\",\"logo\":{\"@type\":\"ImageObject\",\"inLanguage\":\"en-US\",\"@id\":\"https:\/\/www.indieofilo.com\/#\/schema\/logo\/image\/\",\"url\":\"https:\/\/www.indieofilo.com\/wp-content\/uploads\/2015\/02\/logo-alta-resolucion.png\",\"contentUrl\":\"https:\/\/www.indieofilo.com\/wp-content\/uploads\/2015\/02\/logo-alta-resolucion.png\",\"width\":544,\"height\":185,\"caption\":\"Indie\u00f3filo Web\"},\"image\":{\"@id\":\"https:\/\/www.indieofilo.com\/#\/schema\/logo\/image\/\"},\"sameAs\":[\"https:\/\/www.facebook.com\/Indieofilo\/\",\"https:\/\/x.com\/indieofilo\",\"https:\/\/www.instagram.com\/indieofilo\/\"]},{\"@type\":\"Person\",\"@id\":\"https:\/\/www.indieofilo.com\/#\/schema\/person\/595334d38590e4ce5a09f83cbf2fca90\",\"name\":\"Victor\",\"image\":{\"@type\":\"ImageObject\",\"inLanguage\":\"en-US\",\"@id\":\"https:\/\/www.indieofilo.com\/#\/schema\/person\/image\/\",\"url\":\"https:\/\/secure.gravatar.com\/avatar\/682b8c6ea3e94b6cffec683b25f1797d?s=96&d=mm&r=g\",\"contentUrl\":\"https:\/\/secure.gravatar.com\/avatar\/682b8c6ea3e94b6cffec683b25f1797d?s=96&d=mm&r=g\",\"caption\":\"Victor\"},\"description\":\"Fan\u00e1tico de la m\u00fasica desde que mis padres me pon\u00edan a Eydie Gorme y Los Panchos o el Discotuna por la A2. Intent\u00e9 tocar varios instrumentos, pero soy muy torpe con la mano izquierda, as\u00ed que ya sab\u00e9is el resultado final. Fan del britpop, Post-punk, el rugby y el baloncesto...\",\"sameAs\":[\"http:\/\/indieofilo.com\"],\"url\":\"https:\/\/www.indieofilo.com\/en\/author\/victor\"}]}<\/script>\n<!-- \/ Yoast SEO Premium plugin. -->","yoast_head_json":{"title":"Barcelona Rock Fest 2025 confirms Judas Priest and Scorpions - Indie\u00f3filo","description":"The organisers of Barcelona Rock Fest 2025 have announced two old favourites: Judas Priest and Scorpions to the line-up.","robots":{"index":"index","follow":"follow","max-snippet":"max-snippet:-1","max-image-preview":"max-image-preview:large","max-video-preview":"max-video-preview:-1"},"canonical":"https:\/\/www.indieofilo.com\/en\/news\/barcelona-rock-fest-2025-confirms-judas-priest-and-scorpions","og_locale":"en_US","og_type":"article","og_title":"Barcelona Rock Fest 2025 confirms Judas Priest and Scorpions","og_description":"The organisers of Barcelona Rock Fest 2025 have announced two old favourites: Judas Priest and Scorpions to the line-up.","og_url":"https:\/\/www.indieofilo.com\/en\/news\/barcelona-rock-fest-2025-confirms-judas-priest-and-scorpions","og_site_name":"Indie\u00f3filo","article_publisher":"https:\/\/www.facebook.com\/Indieofilo\/","article_published_time":"2024-10-28T22:22:52+00:00","article_modified_time":"2024-11-18T22:36:54+00:00","og_image":[{"width":800,"height":800,"url":"http:\/\/www.indieofilo.com\/wp-content\/uploads\/2024\/10\/barcelona-rock-fest-2025-judas-priest.jpg","type":"image\/jpeg"}],"author":"Victor","twitter_card":"summary_large_image","twitter_creator":"@indieofilo","twitter_site":"@indieofilo","twitter_misc":{"Written by":"Victor","Est. reading time":"2 minutes"},"schema":{"@context":"https:\/\/schema.org","@graph":[{"@type":"Article","@id":"https:\/\/www.indieofilo.com\/en\/news\/barcelona-rock-fest-2025-confirms-judas-priest-and-scorpions#article","isPartOf":{"@id":"https:\/\/www.indieofilo.com\/en\/news\/barcelona-rock-fest-2025-confirms-judas-priest-and-scorpions"},"author":{"name":"Victor","@id":"https:\/\/www.indieofilo.com\/#\/schema\/person\/595334d38590e4ce5a09f83cbf2fca90"},"headline":"Barcelona Rock Fest 2025 confirms Judas Priest and Scorpions","datePublished":"2024-10-28T22:22:52+00:00","dateModified":"2024-11-18T22:36:54+00:00","mainEntityOfPage":{"@id":"https:\/\/www.indieofilo.com\/en\/news\/barcelona-rock-fest-2025-confirms-judas-priest-and-scorpions"},"wordCount":134,"commentCount":0,"publisher":{"@id":"https:\/\/www.indieofilo.com\/#organization"},"image":{"@id":"https:\/\/www.indieofilo.com\/en\/news\/barcelona-rock-fest-2025-confirms-judas-priest-and-scorpions#primaryimage"},"thumbnailUrl":"https:\/\/www.indieofilo.com\/wp-content\/uploads\/2024\/10\/barcelona-rock-fest-2025-judas-priest.jpg","keywords":["Barcelona","Barcelona Rock Fest","Barcelona Rock Fest 2025","Judas Priest","Scorpions"],"articleSection":["Live Shows","News"],"inLanguage":"en-US","potentialAction":[{"@type":"CommentAction","name":"Comment","target":["https:\/\/www.indieofilo.com\/en\/news\/barcelona-rock-fest-2025-confirms-judas-priest-and-scorpions#respond"]}]},{"@type":"WebPage","@id":"https:\/\/www.indieofilo.com\/en\/news\/barcelona-rock-fest-2025-confirms-judas-priest-and-scorpions","url":"https:\/\/www.indieofilo.com\/en\/news\/barcelona-rock-fest-2025-confirms-judas-priest-and-scorpions","name":"Barcelona Rock Fest 2025 confirms Judas Priest and Scorpions - Indie\u00f3filo","isPartOf":{"@id":"https:\/\/www.indieofilo.com\/#website"},"primaryImageOfPage":{"@id":"https:\/\/www.indieofilo.com\/en\/news\/barcelona-rock-fest-2025-confirms-judas-priest-and-scorpions#primaryimage"},"image":{"@id":"https:\/\/www.indieofilo.com\/en\/news\/barcelona-rock-fest-2025-confirms-judas-priest-and-scorpions#primaryimage"},"thumbnailUrl":"https:\/\/www.indieofilo.com\/wp-content\/uploads\/2024\/10\/barcelona-rock-fest-2025-judas-priest.jpg","datePublished":"2024-10-28T22:22:52+00:00","dateModified":"2024-11-18T22:36:54+00:00","description":"The organisers of Barcelona Rock Fest 2025 have announced two old favourites: Judas Priest and Scorpions to the line-up.","breadcrumb":{"@id":"https:\/\/www.indieofilo.com\/en\/news\/barcelona-rock-fest-2025-confirms-judas-priest-and-scorpions#breadcrumb"},"inLanguage":"en-US","potentialAction":[{"@type":"ReadAction","target":["https:\/\/www.indieofilo.com\/en\/news\/barcelona-rock-fest-2025-confirms-judas-priest-and-scorpions"]}]},{"@type":"ImageObject","inLanguage":"en-US","@id":"https:\/\/www.indieofilo.com\/en\/news\/barcelona-rock-fest-2025-confirms-judas-priest-and-scorpions#primaryimage","url":"https:\/\/www.indieofilo.com\/wp-content\/uploads\/2024\/10\/barcelona-rock-fest-2025-judas-priest.jpg","contentUrl":"https:\/\/www.indieofilo.com\/wp-content\/uploads\/2024\/10\/barcelona-rock-fest-2025-judas-priest.jpg","width":800,"height":800,"caption":"Barcelona Rock Fest 2025 Judas Priest"},{"@type":"BreadcrumbList","@id":"https:\/\/www.indieofilo.com\/en\/news\/barcelona-rock-fest-2025-confirms-judas-priest-and-scorpions#breadcrumb","itemListElement":[{"@type":"ListItem","position":1,"name":"Portada","item":"https:\/\/www.indieofilo.com\/en"},{"@type":"ListItem","position":2,"name":"Barcelona Rock Fest 2025 confirms Judas Priest and Scorpions"}]},{"@type":"WebSite","@id":"https:\/\/www.indieofilo.com\/#website","url":"https:\/\/www.indieofilo.com\/","name":"Indie\u00f3filo","description":"Magazine online de la cultura independiente","publisher":{"@id":"https:\/\/www.indieofilo.com\/#organization"},"potentialAction":[{"@type":"SearchAction","target":{"@type":"EntryPoint","urlTemplate":"https:\/\/www.indieofilo.com\/?s={search_term_string}"},"query-input":{"@type":"PropertyValueSpecification","valueRequired":true,"valueName":"search_term_string"}}],"inLanguage":"en-US"},{"@type":"Organization","@id":"https:\/\/www.indieofilo.com\/#organization","name":"Indie\u00f3filo Web","url":"https:\/\/www.indieofilo.com\/","logo":{"@type":"ImageObject","inLanguage":"en-US","@id":"https:\/\/www.indieofilo.com\/#\/schema\/logo\/image\/","url":"https:\/\/www.indieofilo.com\/wp-content\/uploads\/2015\/02\/logo-alta-resolucion.png","contentUrl":"https:\/\/www.indieofilo.com\/wp-content\/uploads\/2015\/02\/logo-alta-resolucion.png","width":544,"height":185,"caption":"Indie\u00f3filo Web"},"image":{"@id":"https:\/\/www.indieofilo.com\/#\/schema\/logo\/image\/"},"sameAs":["https:\/\/www.facebook.com\/Indieofilo\/","https:\/\/x.com\/indieofilo","https:\/\/www.instagram.com\/indieofilo\/"]},{"@type":"Person","@id":"https:\/\/www.indieofilo.com\/#\/schema\/person\/595334d38590e4ce5a09f83cbf2fca90","name":"Victor","image":{"@type":"ImageObject","inLanguage":"en-US","@id":"https:\/\/www.indieofilo.com\/#\/schema\/person\/image\/","url":"https:\/\/secure.gravatar.com\/avatar\/682b8c6ea3e94b6cffec683b25f1797d?s=96&d=mm&r=g","contentUrl":"https:\/\/secure.gravatar.com\/avatar\/682b8c6ea3e94b6cffec683b25f1797d?s=96&d=mm&r=g","caption":"Victor"},"description":"Fan\u00e1tico de la m\u00fasica desde que mis padres me pon\u00edan a Eydie Gorme y Los Panchos o el Discotuna por la A2. Intent\u00e9 tocar varios instrumentos, pero soy muy torpe con la mano izquierda, as\u00ed que ya sab\u00e9is el resultado final. Fan del britpop, Post-punk, el rugby y el baloncesto...","sameAs":["http:\/\/indieofilo.com"],"url":"https:\/\/www.indieofilo.com\/en\/author\/victor"}]}},"_links":{"self":[{"href":"https:\/\/www.indieofilo.com\/en\/wp-json\/wp\/v2\/posts\/44485","targetHints":{"allow":["GET"]}}],"collection":[{"href":"https:\/\/www.indieofilo.com\/en\/wp-json\/wp\/v2\/posts"}],"about":[{"href":"https:\/\/www.indieofilo.com\/en\/wp-json\/wp\/v2\/types\/post"}],"author":[{"embeddable":true,"href":"https:\/\/www.indieofilo.com\/en\/wp-json\/wp\/v2\/users\/1"}],"replies":[{"embeddable":true,"href":"https:\/\/www.indieofilo.com\/en\/wp-json\/wp\/v2\/comments?post=44485"}],"version-history":[{"count":0,"href":"https:\/\/www.indieofilo.com\/en\/wp-json\/wp\/v2\/posts\/44485\/revisions"}],"wp:featuredmedia":[{"embeddable":true,"href":"https:\/\/www.indieofilo.com\/en\/wp-json\/wp\/v2\/media\/44482"}],"wp:attachment":[{"href":"https:\/\/www.indieofilo.com\/en\/wp-json\/wp\/v2\/media?parent=44485"}],"wp:term":[{"taxonomy":"category","embeddable":true,"href":"https:\/\/www.indieofilo.com\/en\/wp-json\/wp\/v2\/categories?post=44485"},{"taxonomy":"post_tag","embeddable":true,"href":"https:\/\/www.indieofilo.com\/en\/wp-json\/wp\/v2\/tags?post=44485"}],"curies":[{"name":"wp","href":"https:\/\/api.w.org\/{rel}","templated":true}]}}