{"id":44450,"date":"2024-11-14T23:52:25","date_gmt":"2024-11-14T22:52:25","guid":{"rendered":"https:\/\/www.indieofilo.com\/news\/music\/first-names-for-azkena-rock-festival-2025"},"modified":"2024-11-14T23:58:16","modified_gmt":"2024-11-14T22:58:16","slug":"first-names-for-azkena-rock-festival-2025","status":"publish","type":"post","link":"https:\/\/www.indieofilo.com\/en\/news\/first-names-for-azkena-rock-festival-2025","title":{"rendered":"First names for Azkena Rock Festival 2025"},"content":{"rendered":"<p style=\"text-align: justify;\">It seems that we are gradually getting to know the line-ups of the main festivals that will be taking place in our country next year. If a <a href=\"https:\/\/www.indieofilo.com\/noticias\/conciertos\/primavera-sound-2025-anuncia-su-cartel\">few weeks ago it was Primavera Sound<\/a>, now it is the turn of another classic of the national festival scene, the Azkena Rock Festival, whose 2025 edition will be held from 19 to 21 June at the Mendizabala in Vitoria-Gasteiz. <\/p>\n<p style=\"text-align: justify;\">This first batch of confirmations includes <strong>The Flaming Lips<\/strong> performing their 2002 album <em>Yoshimi Battles The Pink Robots<\/em>, <strong>Manic Street Preachers<\/strong>, <strong>P.I.L.<\/strong>, <strong>Buzzcocks<\/strong> and <strong>Lucinda Williams<\/strong>. In addition to these names, we can also find old festival favourites such as <strong>The Hellacopters, Dead Kennedys<\/strong> and <strong>Turbonegro<\/strong>, while the national scene will be represented by <strong>Derby Motoreta&#8217;s Burrito Kachimba, Quique Gonz\u00e1lez<\/strong> and the band from the film La Estrella Azul. <\/p>\n<p style=\"text-align: justify;\">Tickets for the festival will go on sale on Wednesday 20 November at 10am on the <a href=\"https:\/\/azkenarockfestival.com\/tickets\/\" target=\"_blank\" rel=\"noopener\">official festival website<\/a> at a still undisclosed promotion rate. Those who have attended previous editions will be able to access an exclusive pre-sale on the <a href=\"https:\/\/azkenarockfestival.com\/tickets\/\" target=\"_blank\" rel=\"noopener\">same website<\/a> from Friday 15 November until 9:59am on 20 November. <\/p>\n<p><img fetchpriority=\"high\" decoding=\"async\" class=\"aligncenter size-large wp-image-44447\" src=\"http:\/\/www.indieofilo.com\/wp-content\/uploads\/2024\/11\/Azkena-Rock_Festival_2025-546x683.webp\" alt=\"Azkena Rock Festival 2025\" width=\"546\" height=\"683\" srcset=\"https:\/\/www.indieofilo.com\/wp-content\/uploads\/2024\/11\/Azkena-Rock_Festival_2025-546x683.webp 546w, https:\/\/www.indieofilo.com\/wp-content\/uploads\/2024\/11\/Azkena-Rock_Festival_2025-426x533.webp 426w, https:\/\/www.indieofilo.com\/wp-content\/uploads\/2024\/11\/Azkena-Rock_Festival_2025-320x400.webp 320w, https:\/\/www.indieofilo.com\/wp-content\/uploads\/2024\/11\/Azkena-Rock_Festival_2025.webp 640w\" sizes=\"(max-width: 546px) 100vw, 546px\" \/><\/p>\n","protected":false},"excerpt":{"rendered":"<p>It seems that we are gradually getting to know the line-ups of the main festivals that will be taking place in our country next year. If a few weeks ago it was Primavera Sound, now it is the turn of another classic of the national festival scene, the Azkena Rock Festival, whose 2025 edition will [&hellip;]<\/p>\n","protected":false},"author":1,"featured_media":44447,"comment_status":"open","ping_status":"closed","sticky":false,"template":"","format":"standard","meta":{"footnotes":""},"categories":[41,8],"tags":[6930,7384,704,7385,1123,7386,2734,3505,4292],"class_list":["post-44450","post","type-post","status-publish","format-standard","has-post-thumbnail","hentry","category-live-shows","category-news","tag-azkena-rock-festival","tag-azkena-rock-festival-2025","tag-buzzcocks","tag-dead-kennedys","tag-derby-motoretas-burrito-kachimba","tag-lucinda-williams","tag-manic-street-preachers","tag-quique-gonzalez","tag-the-flaming-lips"],"yoast_head":"<!-- This site is optimized with the Yoast SEO Premium plugin v23.9 (Yoast SEO v26.6) - https:\/\/yoast.com\/wordpress\/plugins\/seo\/ -->\n<title>First names for Azkena Rock Festival 2025 - Indie\u00f3filo<\/title>\n<meta name=\"description\" content=\"The Flaming Lips, Manic Street Preachers, P.I.L., Buzzcocks, Lucinda Williams or The Hellacopters are among the first confirmations.\" \/>\n<meta name=\"robots\" content=\"index, follow, max-snippet:-1, max-image-preview:large, max-video-preview:-1\" \/>\n<link rel=\"canonical\" href=\"https:\/\/www.indieofilo.com\/en\/news\/first-names-for-azkena-rock-festival-2025\" \/>\n<meta property=\"og:locale\" content=\"en_US\" \/>\n<meta property=\"og:type\" content=\"article\" \/>\n<meta property=\"og:title\" content=\"First names for Azkena Rock Festival 2025\" \/>\n<meta property=\"og:description\" content=\"The Flaming Lips, Manic Street Preachers, P.I.L., Buzzcocks, Lucinda Williams or The Hellacopters are among the first confirmations.\" \/>\n<meta property=\"og:url\" content=\"https:\/\/www.indieofilo.com\/en\/news\/first-names-for-azkena-rock-festival-2025\" \/>\n<meta property=\"og:site_name\" content=\"Indie\u00f3filo\" \/>\n<meta property=\"article:publisher\" content=\"https:\/\/www.facebook.com\/Indieofilo\/\" \/>\n<meta property=\"article:published_time\" content=\"2024-11-14T22:52:25+00:00\" \/>\n<meta property=\"article:modified_time\" content=\"2024-11-14T22:58:16+00:00\" \/>\n<meta property=\"og:image\" content=\"http:\/\/www.indieofilo.com\/wp-content\/uploads\/2024\/11\/Azkena-Rock_Festival_2025.webp\" \/>\n\t<meta property=\"og:image:width\" content=\"640\" \/>\n\t<meta property=\"og:image:height\" content=\"800\" \/>\n\t<meta property=\"og:image:type\" content=\"image\/webp\" \/>\n<meta name=\"author\" content=\"Victor\" \/>\n<meta name=\"twitter:card\" content=\"summary_large_image\" \/>\n<meta name=\"twitter:creator\" content=\"@indieofilo\" \/>\n<meta name=\"twitter:site\" content=\"@indieofilo\" \/>\n<meta name=\"twitter:label1\" content=\"Written by\" \/>\n\t<meta name=\"twitter:data1\" content=\"Victor\" \/>\n\t<meta name=\"twitter:label2\" content=\"Est. reading time\" \/>\n\t<meta name=\"twitter:data2\" content=\"2 minutes\" \/>\n<script type=\"application\/ld+json\" class=\"yoast-schema-graph\">{\"@context\":\"https:\/\/schema.org\",\"@graph\":[{\"@type\":\"Article\",\"@id\":\"https:\/\/www.indieofilo.com\/en\/news\/first-names-for-azkena-rock-festival-2025#article\",\"isPartOf\":{\"@id\":\"https:\/\/www.indieofilo.com\/en\/news\/first-names-for-azkena-rock-festival-2025\"},\"author\":{\"name\":\"Victor\",\"@id\":\"https:\/\/www.indieofilo.com\/#\/schema\/person\/595334d38590e4ce5a09f83cbf2fca90\"},\"headline\":\"First names for Azkena Rock Festival 2025\",\"datePublished\":\"2024-11-14T22:52:25+00:00\",\"dateModified\":\"2024-11-14T22:58:16+00:00\",\"mainEntityOfPage\":{\"@id\":\"https:\/\/www.indieofilo.com\/en\/news\/first-names-for-azkena-rock-festival-2025\"},\"wordCount\":190,\"commentCount\":0,\"publisher\":{\"@id\":\"https:\/\/www.indieofilo.com\/#organization\"},\"image\":{\"@id\":\"https:\/\/www.indieofilo.com\/en\/news\/first-names-for-azkena-rock-festival-2025#primaryimage\"},\"thumbnailUrl\":\"https:\/\/www.indieofilo.com\/wp-content\/uploads\/2024\/11\/Azkena-Rock_Festival_2025.webp\",\"keywords\":[\"Azkena Rock Festival\",\"Azkena Rock festival 2025\",\"Buzzcocks\",\"Dead Kennedys\",\"Derby Motoreta's Burrito Kachimba\",\"Lucinda Williams\",\"Manic Street Preachers\",\"Quique Gonz\u00e1lez\",\"The Flaming Lips\"],\"articleSection\":[\"Live Shows\",\"News\"],\"inLanguage\":\"en-US\",\"potentialAction\":[{\"@type\":\"CommentAction\",\"name\":\"Comment\",\"target\":[\"https:\/\/www.indieofilo.com\/en\/news\/first-names-for-azkena-rock-festival-2025#respond\"]}]},{\"@type\":\"WebPage\",\"@id\":\"https:\/\/www.indieofilo.com\/en\/news\/first-names-for-azkena-rock-festival-2025\",\"url\":\"https:\/\/www.indieofilo.com\/en\/news\/first-names-for-azkena-rock-festival-2025\",\"name\":\"First names for Azkena Rock Festival 2025 - Indie\u00f3filo\",\"isPartOf\":{\"@id\":\"https:\/\/www.indieofilo.com\/#website\"},\"primaryImageOfPage\":{\"@id\":\"https:\/\/www.indieofilo.com\/en\/news\/first-names-for-azkena-rock-festival-2025#primaryimage\"},\"image\":{\"@id\":\"https:\/\/www.indieofilo.com\/en\/news\/first-names-for-azkena-rock-festival-2025#primaryimage\"},\"thumbnailUrl\":\"https:\/\/www.indieofilo.com\/wp-content\/uploads\/2024\/11\/Azkena-Rock_Festival_2025.webp\",\"datePublished\":\"2024-11-14T22:52:25+00:00\",\"dateModified\":\"2024-11-14T22:58:16+00:00\",\"description\":\"The Flaming Lips, Manic Street Preachers, P.I.L., Buzzcocks, Lucinda Williams or The Hellacopters are among the first confirmations.\",\"breadcrumb\":{\"@id\":\"https:\/\/www.indieofilo.com\/en\/news\/first-names-for-azkena-rock-festival-2025#breadcrumb\"},\"inLanguage\":\"en-US\",\"potentialAction\":[{\"@type\":\"ReadAction\",\"target\":[\"https:\/\/www.indieofilo.com\/en\/news\/first-names-for-azkena-rock-festival-2025\"]}]},{\"@type\":\"ImageObject\",\"inLanguage\":\"en-US\",\"@id\":\"https:\/\/www.indieofilo.com\/en\/news\/first-names-for-azkena-rock-festival-2025#primaryimage\",\"url\":\"https:\/\/www.indieofilo.com\/wp-content\/uploads\/2024\/11\/Azkena-Rock_Festival_2025.webp\",\"contentUrl\":\"https:\/\/www.indieofilo.com\/wp-content\/uploads\/2024\/11\/Azkena-Rock_Festival_2025.webp\",\"width\":640,\"height\":800,\"caption\":\"Azkena Rock Festival 2025\"},{\"@type\":\"BreadcrumbList\",\"@id\":\"https:\/\/www.indieofilo.com\/en\/news\/first-names-for-azkena-rock-festival-2025#breadcrumb\",\"itemListElement\":[{\"@type\":\"ListItem\",\"position\":1,\"name\":\"Portada\",\"item\":\"https:\/\/www.indieofilo.com\/en\"},{\"@type\":\"ListItem\",\"position\":2,\"name\":\"First names for Azkena Rock Festival 2025\"}]},{\"@type\":\"WebSite\",\"@id\":\"https:\/\/www.indieofilo.com\/#website\",\"url\":\"https:\/\/www.indieofilo.com\/\",\"name\":\"Indie\u00f3filo\",\"description\":\"Magazine online de la cultura independiente\",\"publisher\":{\"@id\":\"https:\/\/www.indieofilo.com\/#organization\"},\"potentialAction\":[{\"@type\":\"SearchAction\",\"target\":{\"@type\":\"EntryPoint\",\"urlTemplate\":\"https:\/\/www.indieofilo.com\/?s={search_term_string}\"},\"query-input\":{\"@type\":\"PropertyValueSpecification\",\"valueRequired\":true,\"valueName\":\"search_term_string\"}}],\"inLanguage\":\"en-US\"},{\"@type\":\"Organization\",\"@id\":\"https:\/\/www.indieofilo.com\/#organization\",\"name\":\"Indie\u00f3filo Web\",\"url\":\"https:\/\/www.indieofilo.com\/\",\"logo\":{\"@type\":\"ImageObject\",\"inLanguage\":\"en-US\",\"@id\":\"https:\/\/www.indieofilo.com\/#\/schema\/logo\/image\/\",\"url\":\"https:\/\/www.indieofilo.com\/wp-content\/uploads\/2015\/02\/logo-alta-resolucion.png\",\"contentUrl\":\"https:\/\/www.indieofilo.com\/wp-content\/uploads\/2015\/02\/logo-alta-resolucion.png\",\"width\":544,\"height\":185,\"caption\":\"Indie\u00f3filo Web\"},\"image\":{\"@id\":\"https:\/\/www.indieofilo.com\/#\/schema\/logo\/image\/\"},\"sameAs\":[\"https:\/\/www.facebook.com\/Indieofilo\/\",\"https:\/\/x.com\/indieofilo\",\"https:\/\/www.instagram.com\/indieofilo\/\"]},{\"@type\":\"Person\",\"@id\":\"https:\/\/www.indieofilo.com\/#\/schema\/person\/595334d38590e4ce5a09f83cbf2fca90\",\"name\":\"Victor\",\"image\":{\"@type\":\"ImageObject\",\"inLanguage\":\"en-US\",\"@id\":\"https:\/\/www.indieofilo.com\/#\/schema\/person\/image\/\",\"url\":\"https:\/\/secure.gravatar.com\/avatar\/682b8c6ea3e94b6cffec683b25f1797d?s=96&d=mm&r=g\",\"contentUrl\":\"https:\/\/secure.gravatar.com\/avatar\/682b8c6ea3e94b6cffec683b25f1797d?s=96&d=mm&r=g\",\"caption\":\"Victor\"},\"description\":\"Fan\u00e1tico de la m\u00fasica desde que mis padres me pon\u00edan a Eydie Gorme y Los Panchos o el Discotuna por la A2. Intent\u00e9 tocar varios instrumentos, pero soy muy torpe con la mano izquierda, as\u00ed que ya sab\u00e9is el resultado final. Fan del britpop, Post-punk, el rugby y el baloncesto...\",\"sameAs\":[\"http:\/\/indieofilo.com\"],\"url\":\"https:\/\/www.indieofilo.com\/en\/author\/victor\"}]}<\/script>\n<!-- \/ Yoast SEO Premium plugin. -->","yoast_head_json":{"title":"First names for Azkena Rock Festival 2025 - Indie\u00f3filo","description":"The Flaming Lips, Manic Street Preachers, P.I.L., Buzzcocks, Lucinda Williams or The Hellacopters are among the first confirmations.","robots":{"index":"index","follow":"follow","max-snippet":"max-snippet:-1","max-image-preview":"max-image-preview:large","max-video-preview":"max-video-preview:-1"},"canonical":"https:\/\/www.indieofilo.com\/en\/news\/first-names-for-azkena-rock-festival-2025","og_locale":"en_US","og_type":"article","og_title":"First names for Azkena Rock Festival 2025","og_description":"The Flaming Lips, Manic Street Preachers, P.I.L., Buzzcocks, Lucinda Williams or The Hellacopters are among the first confirmations.","og_url":"https:\/\/www.indieofilo.com\/en\/news\/first-names-for-azkena-rock-festival-2025","og_site_name":"Indie\u00f3filo","article_publisher":"https:\/\/www.facebook.com\/Indieofilo\/","article_published_time":"2024-11-14T22:52:25+00:00","article_modified_time":"2024-11-14T22:58:16+00:00","og_image":[{"width":640,"height":800,"url":"http:\/\/www.indieofilo.com\/wp-content\/uploads\/2024\/11\/Azkena-Rock_Festival_2025.webp","type":"image\/webp"}],"author":"Victor","twitter_card":"summary_large_image","twitter_creator":"@indieofilo","twitter_site":"@indieofilo","twitter_misc":{"Written by":"Victor","Est. reading time":"2 minutes"},"schema":{"@context":"https:\/\/schema.org","@graph":[{"@type":"Article","@id":"https:\/\/www.indieofilo.com\/en\/news\/first-names-for-azkena-rock-festival-2025#article","isPartOf":{"@id":"https:\/\/www.indieofilo.com\/en\/news\/first-names-for-azkena-rock-festival-2025"},"author":{"name":"Victor","@id":"https:\/\/www.indieofilo.com\/#\/schema\/person\/595334d38590e4ce5a09f83cbf2fca90"},"headline":"First names for Azkena Rock Festival 2025","datePublished":"2024-11-14T22:52:25+00:00","dateModified":"2024-11-14T22:58:16+00:00","mainEntityOfPage":{"@id":"https:\/\/www.indieofilo.com\/en\/news\/first-names-for-azkena-rock-festival-2025"},"wordCount":190,"commentCount":0,"publisher":{"@id":"https:\/\/www.indieofilo.com\/#organization"},"image":{"@id":"https:\/\/www.indieofilo.com\/en\/news\/first-names-for-azkena-rock-festival-2025#primaryimage"},"thumbnailUrl":"https:\/\/www.indieofilo.com\/wp-content\/uploads\/2024\/11\/Azkena-Rock_Festival_2025.webp","keywords":["Azkena Rock Festival","Azkena Rock festival 2025","Buzzcocks","Dead Kennedys","Derby Motoreta's Burrito Kachimba","Lucinda Williams","Manic Street Preachers","Quique Gonz\u00e1lez","The Flaming Lips"],"articleSection":["Live Shows","News"],"inLanguage":"en-US","potentialAction":[{"@type":"CommentAction","name":"Comment","target":["https:\/\/www.indieofilo.com\/en\/news\/first-names-for-azkena-rock-festival-2025#respond"]}]},{"@type":"WebPage","@id":"https:\/\/www.indieofilo.com\/en\/news\/first-names-for-azkena-rock-festival-2025","url":"https:\/\/www.indieofilo.com\/en\/news\/first-names-for-azkena-rock-festival-2025","name":"First names for Azkena Rock Festival 2025 - Indie\u00f3filo","isPartOf":{"@id":"https:\/\/www.indieofilo.com\/#website"},"primaryImageOfPage":{"@id":"https:\/\/www.indieofilo.com\/en\/news\/first-names-for-azkena-rock-festival-2025#primaryimage"},"image":{"@id":"https:\/\/www.indieofilo.com\/en\/news\/first-names-for-azkena-rock-festival-2025#primaryimage"},"thumbnailUrl":"https:\/\/www.indieofilo.com\/wp-content\/uploads\/2024\/11\/Azkena-Rock_Festival_2025.webp","datePublished":"2024-11-14T22:52:25+00:00","dateModified":"2024-11-14T22:58:16+00:00","description":"The Flaming Lips, Manic Street Preachers, P.I.L., Buzzcocks, Lucinda Williams or The Hellacopters are among the first confirmations.","breadcrumb":{"@id":"https:\/\/www.indieofilo.com\/en\/news\/first-names-for-azkena-rock-festival-2025#breadcrumb"},"inLanguage":"en-US","potentialAction":[{"@type":"ReadAction","target":["https:\/\/www.indieofilo.com\/en\/news\/first-names-for-azkena-rock-festival-2025"]}]},{"@type":"ImageObject","inLanguage":"en-US","@id":"https:\/\/www.indieofilo.com\/en\/news\/first-names-for-azkena-rock-festival-2025#primaryimage","url":"https:\/\/www.indieofilo.com\/wp-content\/uploads\/2024\/11\/Azkena-Rock_Festival_2025.webp","contentUrl":"https:\/\/www.indieofilo.com\/wp-content\/uploads\/2024\/11\/Azkena-Rock_Festival_2025.webp","width":640,"height":800,"caption":"Azkena Rock Festival 2025"},{"@type":"BreadcrumbList","@id":"https:\/\/www.indieofilo.com\/en\/news\/first-names-for-azkena-rock-festival-2025#breadcrumb","itemListElement":[{"@type":"ListItem","position":1,"name":"Portada","item":"https:\/\/www.indieofilo.com\/en"},{"@type":"ListItem","position":2,"name":"First names for Azkena Rock Festival 2025"}]},{"@type":"WebSite","@id":"https:\/\/www.indieofilo.com\/#website","url":"https:\/\/www.indieofilo.com\/","name":"Indie\u00f3filo","description":"Magazine online de la cultura independiente","publisher":{"@id":"https:\/\/www.indieofilo.com\/#organization"},"potentialAction":[{"@type":"SearchAction","target":{"@type":"EntryPoint","urlTemplate":"https:\/\/www.indieofilo.com\/?s={search_term_string}"},"query-input":{"@type":"PropertyValueSpecification","valueRequired":true,"valueName":"search_term_string"}}],"inLanguage":"en-US"},{"@type":"Organization","@id":"https:\/\/www.indieofilo.com\/#organization","name":"Indie\u00f3filo Web","url":"https:\/\/www.indieofilo.com\/","logo":{"@type":"ImageObject","inLanguage":"en-US","@id":"https:\/\/www.indieofilo.com\/#\/schema\/logo\/image\/","url":"https:\/\/www.indieofilo.com\/wp-content\/uploads\/2015\/02\/logo-alta-resolucion.png","contentUrl":"https:\/\/www.indieofilo.com\/wp-content\/uploads\/2015\/02\/logo-alta-resolucion.png","width":544,"height":185,"caption":"Indie\u00f3filo Web"},"image":{"@id":"https:\/\/www.indieofilo.com\/#\/schema\/logo\/image\/"},"sameAs":["https:\/\/www.facebook.com\/Indieofilo\/","https:\/\/x.com\/indieofilo","https:\/\/www.instagram.com\/indieofilo\/"]},{"@type":"Person","@id":"https:\/\/www.indieofilo.com\/#\/schema\/person\/595334d38590e4ce5a09f83cbf2fca90","name":"Victor","image":{"@type":"ImageObject","inLanguage":"en-US","@id":"https:\/\/www.indieofilo.com\/#\/schema\/person\/image\/","url":"https:\/\/secure.gravatar.com\/avatar\/682b8c6ea3e94b6cffec683b25f1797d?s=96&d=mm&r=g","contentUrl":"https:\/\/secure.gravatar.com\/avatar\/682b8c6ea3e94b6cffec683b25f1797d?s=96&d=mm&r=g","caption":"Victor"},"description":"Fan\u00e1tico de la m\u00fasica desde que mis padres me pon\u00edan a Eydie Gorme y Los Panchos o el Discotuna por la A2. Intent\u00e9 tocar varios instrumentos, pero soy muy torpe con la mano izquierda, as\u00ed que ya sab\u00e9is el resultado final. Fan del britpop, Post-punk, el rugby y el baloncesto...","sameAs":["http:\/\/indieofilo.com"],"url":"https:\/\/www.indieofilo.com\/en\/author\/victor"}]}},"_links":{"self":[{"href":"https:\/\/www.indieofilo.com\/en\/wp-json\/wp\/v2\/posts\/44450","targetHints":{"allow":["GET"]}}],"collection":[{"href":"https:\/\/www.indieofilo.com\/en\/wp-json\/wp\/v2\/posts"}],"about":[{"href":"https:\/\/www.indieofilo.com\/en\/wp-json\/wp\/v2\/types\/post"}],"author":[{"embeddable":true,"href":"https:\/\/www.indieofilo.com\/en\/wp-json\/wp\/v2\/users\/1"}],"replies":[{"embeddable":true,"href":"https:\/\/www.indieofilo.com\/en\/wp-json\/wp\/v2\/comments?post=44450"}],"version-history":[{"count":0,"href":"https:\/\/www.indieofilo.com\/en\/wp-json\/wp\/v2\/posts\/44450\/revisions"}],"wp:featuredmedia":[{"embeddable":true,"href":"https:\/\/www.indieofilo.com\/en\/wp-json\/wp\/v2\/media\/44447"}],"wp:attachment":[{"href":"https:\/\/www.indieofilo.com\/en\/wp-json\/wp\/v2\/media?parent=44450"}],"wp:term":[{"taxonomy":"category","embeddable":true,"href":"https:\/\/www.indieofilo.com\/en\/wp-json\/wp\/v2\/categories?post=44450"},{"taxonomy":"post_tag","embeddable":true,"href":"https:\/\/www.indieofilo.com\/en\/wp-json\/wp\/v2\/tags?post=44450"}],"curies":[{"name":"wp","href":"https:\/\/api.w.org\/{rel}","templated":true}]}}