{"id":44278,"date":"2024-10-23T21:45:00","date_gmt":"2024-10-23T19:45:00","guid":{"rendered":"https:\/\/www.indieofilo.com\/news\/music\/babymetal-confirm-european-tour-in-the-year-2025"},"modified":"2024-10-30T19:26:15","modified_gmt":"2024-10-30T18:26:15","slug":"babymetal-confirm-european-tour-in-the-year-2025","status":"publish","type":"post","link":"https:\/\/www.indieofilo.com\/en\/news\/live-shows\/babymetal-confirm-european-tour-in-the-year-2025","title":{"rendered":"Babymetal confirm European tour in the year 2025"},"content":{"rendered":"<p style=\"text-align: justify;\">The Japanese band <strong>Babymetal<\/strong>, at the forefront of what has been dubbed cute metal, kawaii metal or kawaii core in their mix of j-pop and metal, have just announced a tour of major European venues to present their latest album <em>The Other One<\/em> (2023), following on from the concert that brought them to this year&#8217;s Resurrection Fest (2024).<\/p>\n<p style=\"text-align: justify;\">The European tour, which will feature Poppy and Bambie Thug as support acts, will kick off in Brussels on 10 May and will then visit Hamburg, Amsterdam, Frankfurt, Berlin, Krakow, Nuremberg and Zurich. <strong>On 25th May they will play Madrid&#8217;s Palacio de Vistalegre and the following day, 26th May, they will play Barcelona&#8217;s Poble Espanyol<\/strong>, before closing the tour in Paris and London.<\/p>\n<p style=\"text-align: justify;\">Tickets for the Madrid and Barcelona concerts will go on sale on Friday 25th October at 11:00am on <a href=\"http:\/\/route.resurrectionfest.es\" target=\"_blank\" rel=\"noopener\">route.resurrectionfest.es<\/a>, although there will be a pre-sale tomorrow Thursday 24th for those who have a Resurrection Fest 2025 season ticket on the same website.<\/p>\n<p><img fetchpriority=\"high\" decoding=\"async\" class=\"aligncenter size-large wp-image-44280\" src=\"http:\/\/www.indieofilo.com\/wp-content\/uploads\/2024\/10\/Baby_metal_europe_tour_2025-546x683.jpg\" alt=\"Babymetal european tour 2025\" width=\"546\" height=\"683\" srcset=\"https:\/\/www.indieofilo.com\/wp-content\/uploads\/2024\/10\/Baby_metal_europe_tour_2025-546x683.jpg 546w, https:\/\/www.indieofilo.com\/wp-content\/uploads\/2024\/10\/Baby_metal_europe_tour_2025-426x533.jpg 426w, https:\/\/www.indieofilo.com\/wp-content\/uploads\/2024\/10\/Baby_metal_europe_tour_2025-320x400.jpg 320w, https:\/\/www.indieofilo.com\/wp-content\/uploads\/2024\/10\/Baby_metal_europe_tour_2025-768x960.jpg 768w, https:\/\/www.indieofilo.com\/wp-content\/uploads\/2024\/10\/Baby_metal_europe_tour_2025.jpg 960w\" sizes=\"(max-width: 546px) 100vw, 546px\" \/><\/p>\n\n\n<p><\/p>\n","protected":false},"excerpt":{"rendered":"<p>The Japanese band Babymetal, at the forefront of what has been dubbed cute metal, kawaii metal or kawaii core in their mix of j-pop and metal, have just announced a tour of major European venues to present their latest album The Other One (2023), following on from the concert that brought them to this year&#8217;s [&hellip;]<\/p>\n","protected":false},"author":5,"featured_media":44269,"comment_status":"open","ping_status":"closed","sticky":false,"template":"","format":"standard","meta":{"footnotes":""},"categories":[41,8],"tags":[7373,4961],"class_list":["post-44278","post","type-post","status-publish","format-standard","has-post-thumbnail","hentry","category-live-shows","category-news","tag-babymetal-en","tag-barcelona-en"],"yoast_head":"<!-- This site is optimized with the Yoast SEO Premium plugin v23.9 (Yoast SEO v26.6) - https:\/\/yoast.com\/wordpress\/plugins\/seo\/ -->\n<title>Babymetal confirm European tour in the year 2025 - Indie\u00f3filo<\/title>\n<meta name=\"description\" content=\"On the 25th of May, Babymetal will perform at the Vistalegre Palace in Madrid and a day later, on the 26th of May, at the Poble Espanyol in Barcelona.\" \/>\n<meta name=\"robots\" content=\"index, follow, max-snippet:-1, max-image-preview:large, max-video-preview:-1\" \/>\n<link rel=\"canonical\" href=\"https:\/\/www.indieofilo.com\/en\/news\/live-shows\/babymetal-confirm-european-tour-in-the-year-2025\" \/>\n<meta property=\"og:locale\" content=\"en_US\" \/>\n<meta property=\"og:type\" content=\"article\" \/>\n<meta property=\"og:title\" content=\"Babymetal confirm European tour in the year 2025\" \/>\n<meta property=\"og:description\" content=\"On the 25th of May, Babymetal will perform at the Vistalegre Palace in Madrid and a day later, on the 26th of May, at the Poble Espanyol in Barcelona.\" \/>\n<meta property=\"og:url\" content=\"https:\/\/www.indieofilo.com\/en\/news\/live-shows\/babymetal-confirm-european-tour-in-the-year-2025\" \/>\n<meta property=\"og:site_name\" content=\"Indie\u00f3filo\" \/>\n<meta property=\"article:publisher\" content=\"https:\/\/www.facebook.com\/Indieofilo\/\" \/>\n<meta property=\"article:published_time\" content=\"2024-10-23T19:45:00+00:00\" \/>\n<meta property=\"article:modified_time\" content=\"2024-10-30T18:26:15+00:00\" \/>\n<meta property=\"og:image\" content=\"http:\/\/www.indieofilo.com\/wp-content\/uploads\/2024\/10\/Babymetal-barcelona_2025.jpg\" \/>\n\t<meta property=\"og:image:width\" content=\"640\" \/>\n\t<meta property=\"og:image:height\" content=\"800\" \/>\n\t<meta property=\"og:image:type\" content=\"image\/jpeg\" \/>\n<meta name=\"author\" content=\"Esther\" \/>\n<meta name=\"twitter:card\" content=\"summary_large_image\" \/>\n<meta name=\"twitter:creator\" content=\"@indieofilo\" \/>\n<meta name=\"twitter:site\" content=\"@indieofilo\" \/>\n<meta name=\"twitter:label1\" content=\"Written by\" \/>\n\t<meta name=\"twitter:data1\" content=\"Esther\" \/>\n\t<meta name=\"twitter:label2\" content=\"Est. reading time\" \/>\n\t<meta name=\"twitter:data2\" content=\"2 minutes\" \/>\n<script type=\"application\/ld+json\" class=\"yoast-schema-graph\">{\"@context\":\"https:\/\/schema.org\",\"@graph\":[{\"@type\":\"Article\",\"@id\":\"https:\/\/www.indieofilo.com\/en\/news\/live-shows\/babymetal-confirm-european-tour-in-the-year-2025#article\",\"isPartOf\":{\"@id\":\"https:\/\/www.indieofilo.com\/en\/news\/live-shows\/babymetal-confirm-european-tour-in-the-year-2025\"},\"author\":{\"name\":\"Esther\",\"@id\":\"https:\/\/www.indieofilo.com\/#\/schema\/person\/74da137239ce0d8d2ed179f2baf66e3e\"},\"headline\":\"Babymetal confirm European tour in the year 2025\",\"datePublished\":\"2024-10-23T19:45:00+00:00\",\"dateModified\":\"2024-10-30T18:26:15+00:00\",\"mainEntityOfPage\":{\"@id\":\"https:\/\/www.indieofilo.com\/en\/news\/live-shows\/babymetal-confirm-european-tour-in-the-year-2025\"},\"wordCount\":168,\"commentCount\":0,\"publisher\":{\"@id\":\"https:\/\/www.indieofilo.com\/#organization\"},\"image\":{\"@id\":\"https:\/\/www.indieofilo.com\/en\/news\/live-shows\/babymetal-confirm-european-tour-in-the-year-2025#primaryimage\"},\"thumbnailUrl\":\"https:\/\/www.indieofilo.com\/wp-content\/uploads\/2024\/10\/Babymetal-barcelona_2025.jpg\",\"keywords\":[\"Babymetal\",\"Barcelona\"],\"articleSection\":[\"Live Shows\",\"News\"],\"inLanguage\":\"en-US\",\"potentialAction\":[{\"@type\":\"CommentAction\",\"name\":\"Comment\",\"target\":[\"https:\/\/www.indieofilo.com\/en\/news\/live-shows\/babymetal-confirm-european-tour-in-the-year-2025#respond\"]}]},{\"@type\":\"WebPage\",\"@id\":\"https:\/\/www.indieofilo.com\/en\/news\/live-shows\/babymetal-confirm-european-tour-in-the-year-2025\",\"url\":\"https:\/\/www.indieofilo.com\/en\/news\/live-shows\/babymetal-confirm-european-tour-in-the-year-2025\",\"name\":\"Babymetal confirm European tour in the year 2025 - Indie\u00f3filo\",\"isPartOf\":{\"@id\":\"https:\/\/www.indieofilo.com\/#website\"},\"primaryImageOfPage\":{\"@id\":\"https:\/\/www.indieofilo.com\/en\/news\/live-shows\/babymetal-confirm-european-tour-in-the-year-2025#primaryimage\"},\"image\":{\"@id\":\"https:\/\/www.indieofilo.com\/en\/news\/live-shows\/babymetal-confirm-european-tour-in-the-year-2025#primaryimage\"},\"thumbnailUrl\":\"https:\/\/www.indieofilo.com\/wp-content\/uploads\/2024\/10\/Babymetal-barcelona_2025.jpg\",\"datePublished\":\"2024-10-23T19:45:00+00:00\",\"dateModified\":\"2024-10-30T18:26:15+00:00\",\"description\":\"On the 25th of May, Babymetal will perform at the Vistalegre Palace in Madrid and a day later, on the 26th of May, at the Poble Espanyol in Barcelona.\",\"breadcrumb\":{\"@id\":\"https:\/\/www.indieofilo.com\/en\/news\/live-shows\/babymetal-confirm-european-tour-in-the-year-2025#breadcrumb\"},\"inLanguage\":\"en-US\",\"potentialAction\":[{\"@type\":\"ReadAction\",\"target\":[\"https:\/\/www.indieofilo.com\/en\/news\/live-shows\/babymetal-confirm-european-tour-in-the-year-2025\"]}]},{\"@type\":\"ImageObject\",\"inLanguage\":\"en-US\",\"@id\":\"https:\/\/www.indieofilo.com\/en\/news\/live-shows\/babymetal-confirm-european-tour-in-the-year-2025#primaryimage\",\"url\":\"https:\/\/www.indieofilo.com\/wp-content\/uploads\/2024\/10\/Babymetal-barcelona_2025.jpg\",\"contentUrl\":\"https:\/\/www.indieofilo.com\/wp-content\/uploads\/2024\/10\/Babymetal-barcelona_2025.jpg\",\"width\":640,\"height\":800,\"caption\":\"Babymetal Barcelona 2025\"},{\"@type\":\"BreadcrumbList\",\"@id\":\"https:\/\/www.indieofilo.com\/en\/news\/live-shows\/babymetal-confirm-european-tour-in-the-year-2025#breadcrumb\",\"itemListElement\":[{\"@type\":\"ListItem\",\"position\":1,\"name\":\"Portada\",\"item\":\"https:\/\/www.indieofilo.com\/en\"},{\"@type\":\"ListItem\",\"position\":2,\"name\":\"Babymetal confirm European tour in the year 2025\"}]},{\"@type\":\"WebSite\",\"@id\":\"https:\/\/www.indieofilo.com\/#website\",\"url\":\"https:\/\/www.indieofilo.com\/\",\"name\":\"Indie\u00f3filo\",\"description\":\"Magazine online de la cultura independiente\",\"publisher\":{\"@id\":\"https:\/\/www.indieofilo.com\/#organization\"},\"potentialAction\":[{\"@type\":\"SearchAction\",\"target\":{\"@type\":\"EntryPoint\",\"urlTemplate\":\"https:\/\/www.indieofilo.com\/?s={search_term_string}\"},\"query-input\":{\"@type\":\"PropertyValueSpecification\",\"valueRequired\":true,\"valueName\":\"search_term_string\"}}],\"inLanguage\":\"en-US\"},{\"@type\":\"Organization\",\"@id\":\"https:\/\/www.indieofilo.com\/#organization\",\"name\":\"Indie\u00f3filo Web\",\"url\":\"https:\/\/www.indieofilo.com\/\",\"logo\":{\"@type\":\"ImageObject\",\"inLanguage\":\"en-US\",\"@id\":\"https:\/\/www.indieofilo.com\/#\/schema\/logo\/image\/\",\"url\":\"https:\/\/www.indieofilo.com\/wp-content\/uploads\/2015\/02\/logo-alta-resolucion.png\",\"contentUrl\":\"https:\/\/www.indieofilo.com\/wp-content\/uploads\/2015\/02\/logo-alta-resolucion.png\",\"width\":544,\"height\":185,\"caption\":\"Indie\u00f3filo Web\"},\"image\":{\"@id\":\"https:\/\/www.indieofilo.com\/#\/schema\/logo\/image\/\"},\"sameAs\":[\"https:\/\/www.facebook.com\/Indieofilo\/\",\"https:\/\/x.com\/indieofilo\",\"https:\/\/www.instagram.com\/indieofilo\/\"]},{\"@type\":\"Person\",\"@id\":\"https:\/\/www.indieofilo.com\/#\/schema\/person\/74da137239ce0d8d2ed179f2baf66e3e\",\"name\":\"Esther\",\"image\":{\"@type\":\"ImageObject\",\"inLanguage\":\"en-US\",\"@id\":\"https:\/\/www.indieofilo.com\/#\/schema\/person\/image\/\",\"url\":\"https:\/\/secure.gravatar.com\/avatar\/07e66d1acb4f381f1c32cd15206dcc22?s=96&d=mm&r=g\",\"contentUrl\":\"https:\/\/secure.gravatar.com\/avatar\/07e66d1acb4f381f1c32cd15206dcc22?s=96&d=mm&r=g\",\"caption\":\"Esther\"},\"description\":\"\u00a1La \u00fanica mente anal\u00edtica de este proyecto! Me encanta la fotograf\u00eda, el crochet, la qu\u00edmica y el running.\",\"url\":\"https:\/\/www.indieofilo.com\/en\/author\/esther\"}]}<\/script>\n<!-- \/ Yoast SEO Premium plugin. -->","yoast_head_json":{"title":"Babymetal confirm European tour in the year 2025 - Indie\u00f3filo","description":"On the 25th of May, Babymetal will perform at the Vistalegre Palace in Madrid and a day later, on the 26th of May, at the Poble Espanyol in Barcelona.","robots":{"index":"index","follow":"follow","max-snippet":"max-snippet:-1","max-image-preview":"max-image-preview:large","max-video-preview":"max-video-preview:-1"},"canonical":"https:\/\/www.indieofilo.com\/en\/news\/live-shows\/babymetal-confirm-european-tour-in-the-year-2025","og_locale":"en_US","og_type":"article","og_title":"Babymetal confirm European tour in the year 2025","og_description":"On the 25th of May, Babymetal will perform at the Vistalegre Palace in Madrid and a day later, on the 26th of May, at the Poble Espanyol in Barcelona.","og_url":"https:\/\/www.indieofilo.com\/en\/news\/live-shows\/babymetal-confirm-european-tour-in-the-year-2025","og_site_name":"Indie\u00f3filo","article_publisher":"https:\/\/www.facebook.com\/Indieofilo\/","article_published_time":"2024-10-23T19:45:00+00:00","article_modified_time":"2024-10-30T18:26:15+00:00","og_image":[{"width":640,"height":800,"url":"http:\/\/www.indieofilo.com\/wp-content\/uploads\/2024\/10\/Babymetal-barcelona_2025.jpg","type":"image\/jpeg"}],"author":"Esther","twitter_card":"summary_large_image","twitter_creator":"@indieofilo","twitter_site":"@indieofilo","twitter_misc":{"Written by":"Esther","Est. reading time":"2 minutes"},"schema":{"@context":"https:\/\/schema.org","@graph":[{"@type":"Article","@id":"https:\/\/www.indieofilo.com\/en\/news\/live-shows\/babymetal-confirm-european-tour-in-the-year-2025#article","isPartOf":{"@id":"https:\/\/www.indieofilo.com\/en\/news\/live-shows\/babymetal-confirm-european-tour-in-the-year-2025"},"author":{"name":"Esther","@id":"https:\/\/www.indieofilo.com\/#\/schema\/person\/74da137239ce0d8d2ed179f2baf66e3e"},"headline":"Babymetal confirm European tour in the year 2025","datePublished":"2024-10-23T19:45:00+00:00","dateModified":"2024-10-30T18:26:15+00:00","mainEntityOfPage":{"@id":"https:\/\/www.indieofilo.com\/en\/news\/live-shows\/babymetal-confirm-european-tour-in-the-year-2025"},"wordCount":168,"commentCount":0,"publisher":{"@id":"https:\/\/www.indieofilo.com\/#organization"},"image":{"@id":"https:\/\/www.indieofilo.com\/en\/news\/live-shows\/babymetal-confirm-european-tour-in-the-year-2025#primaryimage"},"thumbnailUrl":"https:\/\/www.indieofilo.com\/wp-content\/uploads\/2024\/10\/Babymetal-barcelona_2025.jpg","keywords":["Babymetal","Barcelona"],"articleSection":["Live Shows","News"],"inLanguage":"en-US","potentialAction":[{"@type":"CommentAction","name":"Comment","target":["https:\/\/www.indieofilo.com\/en\/news\/live-shows\/babymetal-confirm-european-tour-in-the-year-2025#respond"]}]},{"@type":"WebPage","@id":"https:\/\/www.indieofilo.com\/en\/news\/live-shows\/babymetal-confirm-european-tour-in-the-year-2025","url":"https:\/\/www.indieofilo.com\/en\/news\/live-shows\/babymetal-confirm-european-tour-in-the-year-2025","name":"Babymetal confirm European tour in the year 2025 - Indie\u00f3filo","isPartOf":{"@id":"https:\/\/www.indieofilo.com\/#website"},"primaryImageOfPage":{"@id":"https:\/\/www.indieofilo.com\/en\/news\/live-shows\/babymetal-confirm-european-tour-in-the-year-2025#primaryimage"},"image":{"@id":"https:\/\/www.indieofilo.com\/en\/news\/live-shows\/babymetal-confirm-european-tour-in-the-year-2025#primaryimage"},"thumbnailUrl":"https:\/\/www.indieofilo.com\/wp-content\/uploads\/2024\/10\/Babymetal-barcelona_2025.jpg","datePublished":"2024-10-23T19:45:00+00:00","dateModified":"2024-10-30T18:26:15+00:00","description":"On the 25th of May, Babymetal will perform at the Vistalegre Palace in Madrid and a day later, on the 26th of May, at the Poble Espanyol in Barcelona.","breadcrumb":{"@id":"https:\/\/www.indieofilo.com\/en\/news\/live-shows\/babymetal-confirm-european-tour-in-the-year-2025#breadcrumb"},"inLanguage":"en-US","potentialAction":[{"@type":"ReadAction","target":["https:\/\/www.indieofilo.com\/en\/news\/live-shows\/babymetal-confirm-european-tour-in-the-year-2025"]}]},{"@type":"ImageObject","inLanguage":"en-US","@id":"https:\/\/www.indieofilo.com\/en\/news\/live-shows\/babymetal-confirm-european-tour-in-the-year-2025#primaryimage","url":"https:\/\/www.indieofilo.com\/wp-content\/uploads\/2024\/10\/Babymetal-barcelona_2025.jpg","contentUrl":"https:\/\/www.indieofilo.com\/wp-content\/uploads\/2024\/10\/Babymetal-barcelona_2025.jpg","width":640,"height":800,"caption":"Babymetal Barcelona 2025"},{"@type":"BreadcrumbList","@id":"https:\/\/www.indieofilo.com\/en\/news\/live-shows\/babymetal-confirm-european-tour-in-the-year-2025#breadcrumb","itemListElement":[{"@type":"ListItem","position":1,"name":"Portada","item":"https:\/\/www.indieofilo.com\/en"},{"@type":"ListItem","position":2,"name":"Babymetal confirm European tour in the year 2025"}]},{"@type":"WebSite","@id":"https:\/\/www.indieofilo.com\/#website","url":"https:\/\/www.indieofilo.com\/","name":"Indie\u00f3filo","description":"Magazine online de la cultura independiente","publisher":{"@id":"https:\/\/www.indieofilo.com\/#organization"},"potentialAction":[{"@type":"SearchAction","target":{"@type":"EntryPoint","urlTemplate":"https:\/\/www.indieofilo.com\/?s={search_term_string}"},"query-input":{"@type":"PropertyValueSpecification","valueRequired":true,"valueName":"search_term_string"}}],"inLanguage":"en-US"},{"@type":"Organization","@id":"https:\/\/www.indieofilo.com\/#organization","name":"Indie\u00f3filo Web","url":"https:\/\/www.indieofilo.com\/","logo":{"@type":"ImageObject","inLanguage":"en-US","@id":"https:\/\/www.indieofilo.com\/#\/schema\/logo\/image\/","url":"https:\/\/www.indieofilo.com\/wp-content\/uploads\/2015\/02\/logo-alta-resolucion.png","contentUrl":"https:\/\/www.indieofilo.com\/wp-content\/uploads\/2015\/02\/logo-alta-resolucion.png","width":544,"height":185,"caption":"Indie\u00f3filo Web"},"image":{"@id":"https:\/\/www.indieofilo.com\/#\/schema\/logo\/image\/"},"sameAs":["https:\/\/www.facebook.com\/Indieofilo\/","https:\/\/x.com\/indieofilo","https:\/\/www.instagram.com\/indieofilo\/"]},{"@type":"Person","@id":"https:\/\/www.indieofilo.com\/#\/schema\/person\/74da137239ce0d8d2ed179f2baf66e3e","name":"Esther","image":{"@type":"ImageObject","inLanguage":"en-US","@id":"https:\/\/www.indieofilo.com\/#\/schema\/person\/image\/","url":"https:\/\/secure.gravatar.com\/avatar\/07e66d1acb4f381f1c32cd15206dcc22?s=96&d=mm&r=g","contentUrl":"https:\/\/secure.gravatar.com\/avatar\/07e66d1acb4f381f1c32cd15206dcc22?s=96&d=mm&r=g","caption":"Esther"},"description":"\u00a1La \u00fanica mente anal\u00edtica de este proyecto! Me encanta la fotograf\u00eda, el crochet, la qu\u00edmica y el running.","url":"https:\/\/www.indieofilo.com\/en\/author\/esther"}]}},"_links":{"self":[{"href":"https:\/\/www.indieofilo.com\/en\/wp-json\/wp\/v2\/posts\/44278","targetHints":{"allow":["GET"]}}],"collection":[{"href":"https:\/\/www.indieofilo.com\/en\/wp-json\/wp\/v2\/posts"}],"about":[{"href":"https:\/\/www.indieofilo.com\/en\/wp-json\/wp\/v2\/types\/post"}],"author":[{"embeddable":true,"href":"https:\/\/www.indieofilo.com\/en\/wp-json\/wp\/v2\/users\/5"}],"replies":[{"embeddable":true,"href":"https:\/\/www.indieofilo.com\/en\/wp-json\/wp\/v2\/comments?post=44278"}],"version-history":[{"count":0,"href":"https:\/\/www.indieofilo.com\/en\/wp-json\/wp\/v2\/posts\/44278\/revisions"}],"wp:featuredmedia":[{"embeddable":true,"href":"https:\/\/www.indieofilo.com\/en\/wp-json\/wp\/v2\/media\/44269"}],"wp:attachment":[{"href":"https:\/\/www.indieofilo.com\/en\/wp-json\/wp\/v2\/media?parent=44278"}],"wp:term":[{"taxonomy":"category","embeddable":true,"href":"https:\/\/www.indieofilo.com\/en\/wp-json\/wp\/v2\/categories?post=44278"},{"taxonomy":"post_tag","embeddable":true,"href":"https:\/\/www.indieofilo.com\/en\/wp-json\/wp\/v2\/tags?post=44278"}],"curies":[{"name":"wp","href":"https:\/\/api.w.org\/{rel}","templated":true}]}}