{"id":44050,"date":"2024-10-22T10:46:58","date_gmt":"2024-10-22T08:46:58","guid":{"rendered":"https:\/\/www.indieofilo.com\/news\/music\/the-vaccines-16-october-2024-sala-apolo-barcelona"},"modified":"2024-10-22T11:23:35","modified_gmt":"2024-10-22T09:23:35","slug":"the-vaccines-16-october-2024-sala-apolo-barcelona","status":"publish","type":"post","link":"https:\/\/www.indieofilo.com\/en\/gig-reviews\/the-vaccines-16-october-2024-sala-apolo-barcelona","title":{"rendered":"The Vaccines &#8211; 16 October 2024 (Sala Apolo &#8211; Barcelona)"},"content":{"rendered":"<p style=\"text-align: justify;\">Few bands are as safe a bet for the writer of this article to see live as the British band <strong>The Vaccines<\/strong>. We&#8217;ve had the pleasure of seeing them live more than a dozen times, and their show has never failed to impress, whether in theatres or at festivals. Their visit to Barcelona to present their excellent new album, <em>Pick-Up Full of Pink Carnations<\/em> (2024), is also their first tour without their original guitarist, <strong>Freddie Cowan<\/strong>, who left the band last year.<\/p>\n<p><img fetchpriority=\"high\" decoding=\"async\" class=\"aligncenter size-full wp-image-44037\" src=\"http:\/\/www.indieofilo.com\/wp-content\/uploads\/2024\/10\/The_Vaccines_Barcelona_2024_12.jpg\" alt=\"The Vaccines Barcelona 2024\" width=\"800\" height=\"533\" srcset=\"https:\/\/www.indieofilo.com\/wp-content\/uploads\/2024\/10\/The_Vaccines_Barcelona_2024_12.jpg 800w, https:\/\/www.indieofilo.com\/wp-content\/uploads\/2024\/10\/The_Vaccines_Barcelona_2024_12-600x400.jpg 600w, https:\/\/www.indieofilo.com\/wp-content\/uploads\/2024\/10\/The_Vaccines_Barcelona_2024_12-768x512.jpg 768w\" sizes=\"(max-width: 800px) 100vw, 800px\" \/><\/p>\n<p style=\"text-align: center;\"><span style=\"font-size: 10px;\"><strong>The Vaccines<\/strong><b>, Sala Apolo Barcelona 2024<\/b> &#8211; Photo taken by <strong>V\u00edctor Ramos Santaf\u00e9<\/strong> for <strong>Indieofilo<sup>\u00a9<\/sup><\/strong><\/span><\/p>\n<p style=\"text-align: justify;\"><a href=\"https:\/\/www.indieofilo.com\/cronicas-conciertos\/salas\/the-vaccines-04-diciembre-2018-sala-razzmatazz-barcelona\">Six years after playing to capacity at the Sala Razzmatazz<\/a>, <strong>Justin Young<\/strong>&#8216;s band came to Barcelona&#8217;s Paral-lel to sell out the Sala Apolo once again. <strong>And what better way to start the concert than with the amazing guitars from &#8216;<em>Love To Walk Away<\/em>&#8216;!<\/strong> A clear statement of intent to begin with one of the most dynamic songs of their recent record, followed by &#8216;<em>Wreckin&#8217; Bar (Ra Ra Ra Ra)<\/em>&#8216;, &#8216;<em>I Can&#8217;t Quit<\/em>&#8216;, &#8216;<em>Post Break-Up Sex<\/em>&#8216; and &#8216;<em>Wetsuit<\/em>&#8216; <strong>for a great first few minutes<\/strong>.. <strong>Just over 15 minutes in and they had the crowd in their pocket, chanting and sweating like it was August<\/strong>.<\/p>\n<p><img decoding=\"async\" class=\"aligncenter size-full wp-image-44029\" src=\"http:\/\/www.indieofilo.com\/wp-content\/uploads\/2024\/10\/The_Vaccines_Barcelona_2024_8.jpg\" alt=\"The Vaccines Justin Young Barcelona 2024\" width=\"800\" height=\"533\" srcset=\"https:\/\/www.indieofilo.com\/wp-content\/uploads\/2024\/10\/The_Vaccines_Barcelona_2024_8.jpg 800w, https:\/\/www.indieofilo.com\/wp-content\/uploads\/2024\/10\/The_Vaccines_Barcelona_2024_8-600x400.jpg 600w, https:\/\/www.indieofilo.com\/wp-content\/uploads\/2024\/10\/The_Vaccines_Barcelona_2024_8-768x512.jpg 768w\" sizes=\"(max-width: 800px) 100vw, 800px\" \/><\/p>\n<p style=\"text-align: center;\"><span style=\"font-size: 10px;\"><strong>Justin Young<\/strong> of <strong>The Vaccines<\/strong><b>, Sala Apolo Barcelona 2024<\/b> &#8211; Photo taken by <strong>V\u00edctor Ramos Santaf\u00e9<\/strong> for <strong>Indieofilo<sup>\u00a9<\/sup><\/strong><\/span><\/p>\n<p style=\"text-align: justify;\">It was impossible to keep up this pace until the end of the show, so on &#8216;<em>Your Love Is My Favourite Band<\/em>&#8216; we missed Freddie Cowan&#8217;s charisma and guitar accompaniment, as <strong>Timothy Lanham seems not to have left his former role of backing guitarist and is still more comfortable in the shadows than in the spotlight of the foreground<\/strong>. &#8216;<em>Discount De Kooning (Last One Standing)<\/em>&#8216; continued in this quieter vein, probably the only minutes of respite for a supreme Justin Young, who relied on a reverb effect that was sometimes a little too much.<\/p>\n<p><img decoding=\"async\" class=\"aligncenter size-full wp-image-44035\" src=\"http:\/\/www.indieofilo.com\/wp-content\/uploads\/2024\/10\/The_Vaccines_Barcelona_2024_11.jpg\" alt=\"The Vaccines Timothy Lanham Barcelona 2024\" width=\"800\" height=\"533\" srcset=\"https:\/\/www.indieofilo.com\/wp-content\/uploads\/2024\/10\/The_Vaccines_Barcelona_2024_11.jpg 800w, https:\/\/www.indieofilo.com\/wp-content\/uploads\/2024\/10\/The_Vaccines_Barcelona_2024_11-600x400.jpg 600w, https:\/\/www.indieofilo.com\/wp-content\/uploads\/2024\/10\/The_Vaccines_Barcelona_2024_11-768x512.jpg 768w\" sizes=\"(max-width: 800px) 100vw, 800px\" \/><\/p>\n<p style=\"text-align: center;\"><span style=\"font-size: 10px;\"><strong>Timothy Lanham<\/strong> of <strong>The Vaccines<\/strong><b>, Sala Apolo Barcelona 2024<\/b> &#8211; Photo taken by <strong>V\u00edctor Ramos Santaf\u00e9<\/strong> for <strong>Indieofilo<sup>\u00a9<\/sup><\/strong><\/span><\/p>\n<p style=\"text-align: justify;\">From here it was back to cruising speed, with Justin himself swapping acoustic and electric guitars to <strong>intersperse new songs with hits from their extensive discography<\/strong>. So &#8216;<em>The Dreamer<\/em>&#8216; was not out of place among karaoke anthems like &#8216;<em>Headphones Baby<\/em>&#8216; or the wild concatenation of &#8216;<em>Jump Off The Top<\/em>&#8216;, &#8216;<em>No Hope<\/em>&#8216; and &#8216;<em>Handsome<\/em>&#8216; after the band&#8217;s introduction&#8230; <strong>A little more than 35 minutes into the show and the train was already moving at full speed with no brakes, a situation in which the band from London seemed to find themselves like a fish in water<\/strong>.<\/p>\n<p><img loading=\"lazy\" decoding=\"async\" class=\"aligncenter size-full wp-image-44019\" src=\"http:\/\/www.indieofilo.com\/wp-content\/uploads\/2024\/10\/The_Vaccines_Barcelona_2024_3.jpg\" alt=\"The Vaccines Barcelona 2024 Sala Apolo\" width=\"800\" height=\"533\" srcset=\"https:\/\/www.indieofilo.com\/wp-content\/uploads\/2024\/10\/The_Vaccines_Barcelona_2024_3.jpg 800w, https:\/\/www.indieofilo.com\/wp-content\/uploads\/2024\/10\/The_Vaccines_Barcelona_2024_3-600x400.jpg 600w, https:\/\/www.indieofilo.com\/wp-content\/uploads\/2024\/10\/The_Vaccines_Barcelona_2024_3-768x512.jpg 768w\" sizes=\"(max-width: 800px) 100vw, 800px\" \/><\/p>\n<p style=\"text-align: center;\"><span style=\"font-size: 10px;\"><strong>Justin Young<\/strong> of <strong>The Vaccines<\/strong><b>, Sala Apolo Barcelona 2024<\/b> &#8211; Photo taken by <strong>V\u00edctor Ramos Santaf\u00e9<\/strong> for <strong>Indieofilo<sup>\u00a9<\/sup><\/strong><\/span><\/p>\n<p style=\"text-align: justify;\">The first single from their new album, &#8216;<em>Heartbreak Kid<\/em>&#8216;, proved that it&#8217;s already in the band&#8217;s hit list, and then took us back more than 10 years to when we first saw them at Sant Jordi Club as part of Primavera Club 2012, with an apotheosis of &#8216;<em>Teenage Icon<\/em>&#8216;, <em>&#8216;I Always Knew<\/em>&#8216;, &#8216;<em>If You Wanna<\/em>&#8216; and &#8216;<em>All in White<\/em>&#8216;. <strong>Guitars, jumping, Justin Young&#8217;s uncontrolled faces&#8230; 1 hour of concert and many were already on the verge of aphonia, having not stopped singing the whole time<\/strong>.<\/p>\n<p><img loading=\"lazy\" decoding=\"async\" class=\"aligncenter size-full wp-image-44027\" src=\"http:\/\/www.indieofilo.com\/wp-content\/uploads\/2024\/10\/The_Vaccines_Barcelona_2024_7.jpg\" alt=\"Justin Young The Vaccines Barcelona 2024\" width=\"800\" height=\"533\" srcset=\"https:\/\/www.indieofilo.com\/wp-content\/uploads\/2024\/10\/The_Vaccines_Barcelona_2024_7.jpg 800w, https:\/\/www.indieofilo.com\/wp-content\/uploads\/2024\/10\/The_Vaccines_Barcelona_2024_7-600x400.jpg 600w, https:\/\/www.indieofilo.com\/wp-content\/uploads\/2024\/10\/The_Vaccines_Barcelona_2024_7-768x512.jpg 768w\" sizes=\"(max-width: 800px) 100vw, 800px\" \/><\/p>\n<p style=\"text-align: center;\"><span style=\"font-size: 10px;\"><strong>Justin Young<\/strong> of <strong>The Vaccines<\/strong><b>, Sala Apolo Barcelona 2024<\/b> &#8211; Photo taken by <strong>V\u00edctor Ramos Santaf\u00e9<\/strong> for <strong>Indieofilo<sup>\u00a9<\/sup><\/strong><\/span><\/p>\n<p style=\"text-align: justify;\">The crowd <strong>was hungry for more, especially some of the more up-tempo tracks from their latest album<\/strong>. We would have to wait for the encores to enjoy the best of them with &#8216; <em>Sometimes, I Swear<\/em>\u2018, probably <strong>the most solid track of the night from the incredible drums and keyboards that gave the song an extra point of power<\/strong> which was rewarded by a room that ended the song with a rousing ovation. &#8216;<em>A Lack of Understanding&#8217;<\/em> was the gift to a fan in the front row who insisted on having it, while the last tracks of the concert were a sure thing with &#8216;<em>Lunar Eclipse<\/em>&#8216;, a track from their new album that shows more continuity with their most successful tracks from a decade ago and, above all, <strong>the invitation to dance that is &#8216;<em>All My Friends Are Falling in Love<\/em>&#8216;,<\/strong> with which they closed the concert.<\/p>\n<p><img loading=\"lazy\" decoding=\"async\" class=\"aligncenter size-full wp-image-44039\" src=\"http:\/\/www.indieofilo.com\/wp-content\/uploads\/2024\/10\/The_Vaccines_Barcelona_2024_13.jpg\" alt=\"2024 The Vaccines Barcelona\" width=\"800\" height=\"533\" srcset=\"https:\/\/www.indieofilo.com\/wp-content\/uploads\/2024\/10\/The_Vaccines_Barcelona_2024_13.jpg 800w, https:\/\/www.indieofilo.com\/wp-content\/uploads\/2024\/10\/The_Vaccines_Barcelona_2024_13-600x400.jpg 600w, https:\/\/www.indieofilo.com\/wp-content\/uploads\/2024\/10\/The_Vaccines_Barcelona_2024_13-768x512.jpg 768w\" sizes=\"(max-width: 800px) 100vw, 800px\" \/><\/p>\n<p style=\"text-align: center;\"><span style=\"font-size: 10px;\"><strong>The Vaccines<\/strong><b>, Sala Apolo Barcelona 2024<\/b> &#8211; Photo taken by <strong>V\u00edctor Ramos Santaf\u00e9<\/strong> for <strong>Indieofilo<sup>\u00a9<\/sup><\/strong><\/span><\/p>\n<p style=\"text-align: justify;\">A little over an hour and ten minutes of music <strong>that proved that The Vaccines are still at the top of the British indie rock pile, both for the number of hits they have had in the past and, above all, for their brilliant present with a stratospheric last album<\/strong>. It is worth noting that, <strong>despite the short duration of the concert, I didn&#8217;t hear anyone complaining about the rush of time, on the contrary, everyone left the Apolo with the feeling of having experienced one of the great concerts of the year in Barcelona<\/strong>.<\/p>\n","protected":false},"excerpt":{"rendered":"<p>Few bands are as safe a bet for the writer of this article to see live as the British band The Vaccines. We&#8217;ve had the pleasure of seeing them live more than a dozen times, and their show has never failed to impress, whether in theatres or at festivals. Their visit to Barcelona to present [&hellip;]<\/p>\n","protected":false},"author":1,"featured_media":44037,"comment_status":"open","ping_status":"closed","sticky":false,"template":"","format":"gallery","meta":{"footnotes":""},"categories":[6908,7,15],"tags":[4961,5046],"class_list":["post-44050","post","type-post","status-publish","format-gallery","has-post-thumbnail","hentry","category-featured","category-gig-reviews","category-rooms","tag-barcelona-en","tag-the-vaccines-en","post_format-post-format-gallery"],"yoast_head":"<!-- This site is optimized with the Yoast SEO Premium plugin v23.9 (Yoast SEO v26.6) - https:\/\/yoast.com\/wordpress\/plugins\/seo\/ -->\n<title>The Vaccines - 16 October 2024 (Sala Apolo - Barcelona) - Indie\u00f3filo<\/title>\n<meta name=\"description\" content=\"Exclusive review and photo gallery of The Vaccines concert at the Sala Apolo in Barcelona in 2024.\" \/>\n<meta name=\"robots\" content=\"index, follow, max-snippet:-1, max-image-preview:large, max-video-preview:-1\" \/>\n<link rel=\"canonical\" href=\"https:\/\/www.indieofilo.com\/en\/gig-reviews\/the-vaccines-16-october-2024-sala-apolo-barcelona\" \/>\n<meta property=\"og:locale\" content=\"en_US\" \/>\n<meta property=\"og:type\" content=\"article\" \/>\n<meta property=\"og:title\" content=\"The Vaccines - 16 October 2024 (Sala Apolo - Barcelona)\" \/>\n<meta property=\"og:description\" content=\"Exclusive review and photo gallery of The Vaccines concert at the Sala Apolo in Barcelona in 2024.\" \/>\n<meta property=\"og:url\" content=\"https:\/\/www.indieofilo.com\/en\/gig-reviews\/the-vaccines-16-october-2024-sala-apolo-barcelona\" \/>\n<meta property=\"og:site_name\" content=\"Indie\u00f3filo\" \/>\n<meta property=\"article:publisher\" content=\"https:\/\/www.facebook.com\/Indieofilo\/\" \/>\n<meta property=\"article:published_time\" content=\"2024-10-22T08:46:58+00:00\" \/>\n<meta property=\"article:modified_time\" content=\"2024-10-22T09:23:35+00:00\" \/>\n<meta property=\"og:image\" content=\"http:\/\/www.indieofilo.com\/wp-content\/uploads\/2024\/10\/The_Vaccines_Barcelona_2024_12.jpg\" \/>\n\t<meta property=\"og:image:width\" content=\"800\" \/>\n\t<meta property=\"og:image:height\" content=\"533\" \/>\n\t<meta property=\"og:image:type\" content=\"image\/jpeg\" \/>\n<meta name=\"author\" content=\"Victor\" \/>\n<meta name=\"twitter:card\" content=\"summary_large_image\" \/>\n<meta name=\"twitter:creator\" content=\"@indieofilo\" \/>\n<meta name=\"twitter:site\" content=\"@indieofilo\" \/>\n<meta name=\"twitter:label1\" content=\"Written by\" \/>\n\t<meta name=\"twitter:data1\" content=\"Victor\" \/>\n\t<meta name=\"twitter:label2\" content=\"Est. reading time\" \/>\n\t<meta name=\"twitter:data2\" content=\"6 minutes\" \/>\n<script type=\"application\/ld+json\" class=\"yoast-schema-graph\">{\"@context\":\"https:\/\/schema.org\",\"@graph\":[{\"@type\":\"Article\",\"@id\":\"https:\/\/www.indieofilo.com\/en\/gig-reviews\/the-vaccines-16-october-2024-sala-apolo-barcelona#article\",\"isPartOf\":{\"@id\":\"https:\/\/www.indieofilo.com\/en\/gig-reviews\/the-vaccines-16-october-2024-sala-apolo-barcelona\"},\"author\":{\"name\":\"Victor\",\"@id\":\"https:\/\/www.indieofilo.com\/#\/schema\/person\/595334d38590e4ce5a09f83cbf2fca90\"},\"headline\":\"The Vaccines &#8211; 16 October 2024 (Sala Apolo &#8211; Barcelona)\",\"datePublished\":\"2024-10-22T08:46:58+00:00\",\"dateModified\":\"2024-10-22T09:23:35+00:00\",\"mainEntityOfPage\":{\"@id\":\"https:\/\/www.indieofilo.com\/en\/gig-reviews\/the-vaccines-16-october-2024-sala-apolo-barcelona\"},\"wordCount\":807,\"commentCount\":0,\"publisher\":{\"@id\":\"https:\/\/www.indieofilo.com\/#organization\"},\"image\":{\"@id\":\"https:\/\/www.indieofilo.com\/en\/gig-reviews\/the-vaccines-16-october-2024-sala-apolo-barcelona#primaryimage\"},\"thumbnailUrl\":\"https:\/\/www.indieofilo.com\/wp-content\/uploads\/2024\/10\/The_Vaccines_Barcelona_2024_12.jpg\",\"keywords\":[\"Barcelona\",\"The Vaccines\"],\"articleSection\":[\"Featured\",\"Gig Reviews\",\"Rooms\"],\"inLanguage\":\"en-US\",\"potentialAction\":[{\"@type\":\"CommentAction\",\"name\":\"Comment\",\"target\":[\"https:\/\/www.indieofilo.com\/en\/gig-reviews\/the-vaccines-16-october-2024-sala-apolo-barcelona#respond\"]}]},{\"@type\":\"WebPage\",\"@id\":\"https:\/\/www.indieofilo.com\/en\/gig-reviews\/the-vaccines-16-october-2024-sala-apolo-barcelona\",\"url\":\"https:\/\/www.indieofilo.com\/en\/gig-reviews\/the-vaccines-16-october-2024-sala-apolo-barcelona\",\"name\":\"The Vaccines - 16 October 2024 (Sala Apolo - Barcelona) - Indie\u00f3filo\",\"isPartOf\":{\"@id\":\"https:\/\/www.indieofilo.com\/#website\"},\"primaryImageOfPage\":{\"@id\":\"https:\/\/www.indieofilo.com\/en\/gig-reviews\/the-vaccines-16-october-2024-sala-apolo-barcelona#primaryimage\"},\"image\":{\"@id\":\"https:\/\/www.indieofilo.com\/en\/gig-reviews\/the-vaccines-16-october-2024-sala-apolo-barcelona#primaryimage\"},\"thumbnailUrl\":\"https:\/\/www.indieofilo.com\/wp-content\/uploads\/2024\/10\/The_Vaccines_Barcelona_2024_12.jpg\",\"datePublished\":\"2024-10-22T08:46:58+00:00\",\"dateModified\":\"2024-10-22T09:23:35+00:00\",\"description\":\"Exclusive review and photo gallery of The Vaccines concert at the Sala Apolo in Barcelona in 2024.\",\"breadcrumb\":{\"@id\":\"https:\/\/www.indieofilo.com\/en\/gig-reviews\/the-vaccines-16-october-2024-sala-apolo-barcelona#breadcrumb\"},\"inLanguage\":\"en-US\",\"potentialAction\":[{\"@type\":\"ReadAction\",\"target\":[\"https:\/\/www.indieofilo.com\/en\/gig-reviews\/the-vaccines-16-october-2024-sala-apolo-barcelona\"]}]},{\"@type\":\"ImageObject\",\"inLanguage\":\"en-US\",\"@id\":\"https:\/\/www.indieofilo.com\/en\/gig-reviews\/the-vaccines-16-october-2024-sala-apolo-barcelona#primaryimage\",\"url\":\"https:\/\/www.indieofilo.com\/wp-content\/uploads\/2024\/10\/The_Vaccines_Barcelona_2024_12.jpg\",\"contentUrl\":\"https:\/\/www.indieofilo.com\/wp-content\/uploads\/2024\/10\/The_Vaccines_Barcelona_2024_12.jpg\",\"width\":800,\"height\":533,\"caption\":\"The Vaccines Barcelona 2024\"},{\"@type\":\"BreadcrumbList\",\"@id\":\"https:\/\/www.indieofilo.com\/en\/gig-reviews\/the-vaccines-16-october-2024-sala-apolo-barcelona#breadcrumb\",\"itemListElement\":[{\"@type\":\"ListItem\",\"position\":1,\"name\":\"Portada\",\"item\":\"https:\/\/www.indieofilo.com\/en\"},{\"@type\":\"ListItem\",\"position\":2,\"name\":\"The Vaccines &#8211; 16 October 2024 (Sala Apolo &#8211; Barcelona)\"}]},{\"@type\":\"WebSite\",\"@id\":\"https:\/\/www.indieofilo.com\/#website\",\"url\":\"https:\/\/www.indieofilo.com\/\",\"name\":\"Indie\u00f3filo\",\"description\":\"Magazine online de la cultura independiente\",\"publisher\":{\"@id\":\"https:\/\/www.indieofilo.com\/#organization\"},\"potentialAction\":[{\"@type\":\"SearchAction\",\"target\":{\"@type\":\"EntryPoint\",\"urlTemplate\":\"https:\/\/www.indieofilo.com\/?s={search_term_string}\"},\"query-input\":{\"@type\":\"PropertyValueSpecification\",\"valueRequired\":true,\"valueName\":\"search_term_string\"}}],\"inLanguage\":\"en-US\"},{\"@type\":\"Organization\",\"@id\":\"https:\/\/www.indieofilo.com\/#organization\",\"name\":\"Indie\u00f3filo Web\",\"url\":\"https:\/\/www.indieofilo.com\/\",\"logo\":{\"@type\":\"ImageObject\",\"inLanguage\":\"en-US\",\"@id\":\"https:\/\/www.indieofilo.com\/#\/schema\/logo\/image\/\",\"url\":\"https:\/\/www.indieofilo.com\/wp-content\/uploads\/2015\/02\/logo-alta-resolucion.png\",\"contentUrl\":\"https:\/\/www.indieofilo.com\/wp-content\/uploads\/2015\/02\/logo-alta-resolucion.png\",\"width\":544,\"height\":185,\"caption\":\"Indie\u00f3filo Web\"},\"image\":{\"@id\":\"https:\/\/www.indieofilo.com\/#\/schema\/logo\/image\/\"},\"sameAs\":[\"https:\/\/www.facebook.com\/Indieofilo\/\",\"https:\/\/x.com\/indieofilo\",\"https:\/\/www.instagram.com\/indieofilo\/\"]},{\"@type\":\"Person\",\"@id\":\"https:\/\/www.indieofilo.com\/#\/schema\/person\/595334d38590e4ce5a09f83cbf2fca90\",\"name\":\"Victor\",\"image\":{\"@type\":\"ImageObject\",\"inLanguage\":\"en-US\",\"@id\":\"https:\/\/www.indieofilo.com\/#\/schema\/person\/image\/\",\"url\":\"https:\/\/secure.gravatar.com\/avatar\/682b8c6ea3e94b6cffec683b25f1797d?s=96&d=mm&r=g\",\"contentUrl\":\"https:\/\/secure.gravatar.com\/avatar\/682b8c6ea3e94b6cffec683b25f1797d?s=96&d=mm&r=g\",\"caption\":\"Victor\"},\"description\":\"Fan\u00e1tico de la m\u00fasica desde que mis padres me pon\u00edan a Eydie Gorme y Los Panchos o el Discotuna por la A2. Intent\u00e9 tocar varios instrumentos, pero soy muy torpe con la mano izquierda, as\u00ed que ya sab\u00e9is el resultado final. Fan del britpop, Post-punk, el rugby y el baloncesto...\",\"sameAs\":[\"http:\/\/indieofilo.com\"],\"url\":\"https:\/\/www.indieofilo.com\/en\/author\/victor\"}]}<\/script>\n<!-- \/ Yoast SEO Premium plugin. -->","yoast_head_json":{"title":"The Vaccines - 16 October 2024 (Sala Apolo - Barcelona) - Indie\u00f3filo","description":"Exclusive review and photo gallery of The Vaccines concert at the Sala Apolo in Barcelona in 2024.","robots":{"index":"index","follow":"follow","max-snippet":"max-snippet:-1","max-image-preview":"max-image-preview:large","max-video-preview":"max-video-preview:-1"},"canonical":"https:\/\/www.indieofilo.com\/en\/gig-reviews\/the-vaccines-16-october-2024-sala-apolo-barcelona","og_locale":"en_US","og_type":"article","og_title":"The Vaccines - 16 October 2024 (Sala Apolo - Barcelona)","og_description":"Exclusive review and photo gallery of The Vaccines concert at the Sala Apolo in Barcelona in 2024.","og_url":"https:\/\/www.indieofilo.com\/en\/gig-reviews\/the-vaccines-16-october-2024-sala-apolo-barcelona","og_site_name":"Indie\u00f3filo","article_publisher":"https:\/\/www.facebook.com\/Indieofilo\/","article_published_time":"2024-10-22T08:46:58+00:00","article_modified_time":"2024-10-22T09:23:35+00:00","og_image":[{"width":800,"height":533,"url":"http:\/\/www.indieofilo.com\/wp-content\/uploads\/2024\/10\/The_Vaccines_Barcelona_2024_12.jpg","type":"image\/jpeg"}],"author":"Victor","twitter_card":"summary_large_image","twitter_creator":"@indieofilo","twitter_site":"@indieofilo","twitter_misc":{"Written by":"Victor","Est. reading time":"6 minutes"},"schema":{"@context":"https:\/\/schema.org","@graph":[{"@type":"Article","@id":"https:\/\/www.indieofilo.com\/en\/gig-reviews\/the-vaccines-16-october-2024-sala-apolo-barcelona#article","isPartOf":{"@id":"https:\/\/www.indieofilo.com\/en\/gig-reviews\/the-vaccines-16-october-2024-sala-apolo-barcelona"},"author":{"name":"Victor","@id":"https:\/\/www.indieofilo.com\/#\/schema\/person\/595334d38590e4ce5a09f83cbf2fca90"},"headline":"The Vaccines &#8211; 16 October 2024 (Sala Apolo &#8211; Barcelona)","datePublished":"2024-10-22T08:46:58+00:00","dateModified":"2024-10-22T09:23:35+00:00","mainEntityOfPage":{"@id":"https:\/\/www.indieofilo.com\/en\/gig-reviews\/the-vaccines-16-october-2024-sala-apolo-barcelona"},"wordCount":807,"commentCount":0,"publisher":{"@id":"https:\/\/www.indieofilo.com\/#organization"},"image":{"@id":"https:\/\/www.indieofilo.com\/en\/gig-reviews\/the-vaccines-16-october-2024-sala-apolo-barcelona#primaryimage"},"thumbnailUrl":"https:\/\/www.indieofilo.com\/wp-content\/uploads\/2024\/10\/The_Vaccines_Barcelona_2024_12.jpg","keywords":["Barcelona","The Vaccines"],"articleSection":["Featured","Gig Reviews","Rooms"],"inLanguage":"en-US","potentialAction":[{"@type":"CommentAction","name":"Comment","target":["https:\/\/www.indieofilo.com\/en\/gig-reviews\/the-vaccines-16-october-2024-sala-apolo-barcelona#respond"]}]},{"@type":"WebPage","@id":"https:\/\/www.indieofilo.com\/en\/gig-reviews\/the-vaccines-16-october-2024-sala-apolo-barcelona","url":"https:\/\/www.indieofilo.com\/en\/gig-reviews\/the-vaccines-16-october-2024-sala-apolo-barcelona","name":"The Vaccines - 16 October 2024 (Sala Apolo - Barcelona) - Indie\u00f3filo","isPartOf":{"@id":"https:\/\/www.indieofilo.com\/#website"},"primaryImageOfPage":{"@id":"https:\/\/www.indieofilo.com\/en\/gig-reviews\/the-vaccines-16-october-2024-sala-apolo-barcelona#primaryimage"},"image":{"@id":"https:\/\/www.indieofilo.com\/en\/gig-reviews\/the-vaccines-16-october-2024-sala-apolo-barcelona#primaryimage"},"thumbnailUrl":"https:\/\/www.indieofilo.com\/wp-content\/uploads\/2024\/10\/The_Vaccines_Barcelona_2024_12.jpg","datePublished":"2024-10-22T08:46:58+00:00","dateModified":"2024-10-22T09:23:35+00:00","description":"Exclusive review and photo gallery of The Vaccines concert at the Sala Apolo in Barcelona in 2024.","breadcrumb":{"@id":"https:\/\/www.indieofilo.com\/en\/gig-reviews\/the-vaccines-16-october-2024-sala-apolo-barcelona#breadcrumb"},"inLanguage":"en-US","potentialAction":[{"@type":"ReadAction","target":["https:\/\/www.indieofilo.com\/en\/gig-reviews\/the-vaccines-16-october-2024-sala-apolo-barcelona"]}]},{"@type":"ImageObject","inLanguage":"en-US","@id":"https:\/\/www.indieofilo.com\/en\/gig-reviews\/the-vaccines-16-october-2024-sala-apolo-barcelona#primaryimage","url":"https:\/\/www.indieofilo.com\/wp-content\/uploads\/2024\/10\/The_Vaccines_Barcelona_2024_12.jpg","contentUrl":"https:\/\/www.indieofilo.com\/wp-content\/uploads\/2024\/10\/The_Vaccines_Barcelona_2024_12.jpg","width":800,"height":533,"caption":"The Vaccines Barcelona 2024"},{"@type":"BreadcrumbList","@id":"https:\/\/www.indieofilo.com\/en\/gig-reviews\/the-vaccines-16-october-2024-sala-apolo-barcelona#breadcrumb","itemListElement":[{"@type":"ListItem","position":1,"name":"Portada","item":"https:\/\/www.indieofilo.com\/en"},{"@type":"ListItem","position":2,"name":"The Vaccines &#8211; 16 October 2024 (Sala Apolo &#8211; Barcelona)"}]},{"@type":"WebSite","@id":"https:\/\/www.indieofilo.com\/#website","url":"https:\/\/www.indieofilo.com\/","name":"Indie\u00f3filo","description":"Magazine online de la cultura independiente","publisher":{"@id":"https:\/\/www.indieofilo.com\/#organization"},"potentialAction":[{"@type":"SearchAction","target":{"@type":"EntryPoint","urlTemplate":"https:\/\/www.indieofilo.com\/?s={search_term_string}"},"query-input":{"@type":"PropertyValueSpecification","valueRequired":true,"valueName":"search_term_string"}}],"inLanguage":"en-US"},{"@type":"Organization","@id":"https:\/\/www.indieofilo.com\/#organization","name":"Indie\u00f3filo Web","url":"https:\/\/www.indieofilo.com\/","logo":{"@type":"ImageObject","inLanguage":"en-US","@id":"https:\/\/www.indieofilo.com\/#\/schema\/logo\/image\/","url":"https:\/\/www.indieofilo.com\/wp-content\/uploads\/2015\/02\/logo-alta-resolucion.png","contentUrl":"https:\/\/www.indieofilo.com\/wp-content\/uploads\/2015\/02\/logo-alta-resolucion.png","width":544,"height":185,"caption":"Indie\u00f3filo Web"},"image":{"@id":"https:\/\/www.indieofilo.com\/#\/schema\/logo\/image\/"},"sameAs":["https:\/\/www.facebook.com\/Indieofilo\/","https:\/\/x.com\/indieofilo","https:\/\/www.instagram.com\/indieofilo\/"]},{"@type":"Person","@id":"https:\/\/www.indieofilo.com\/#\/schema\/person\/595334d38590e4ce5a09f83cbf2fca90","name":"Victor","image":{"@type":"ImageObject","inLanguage":"en-US","@id":"https:\/\/www.indieofilo.com\/#\/schema\/person\/image\/","url":"https:\/\/secure.gravatar.com\/avatar\/682b8c6ea3e94b6cffec683b25f1797d?s=96&d=mm&r=g","contentUrl":"https:\/\/secure.gravatar.com\/avatar\/682b8c6ea3e94b6cffec683b25f1797d?s=96&d=mm&r=g","caption":"Victor"},"description":"Fan\u00e1tico de la m\u00fasica desde que mis padres me pon\u00edan a Eydie Gorme y Los Panchos o el Discotuna por la A2. Intent\u00e9 tocar varios instrumentos, pero soy muy torpe con la mano izquierda, as\u00ed que ya sab\u00e9is el resultado final. Fan del britpop, Post-punk, el rugby y el baloncesto...","sameAs":["http:\/\/indieofilo.com"],"url":"https:\/\/www.indieofilo.com\/en\/author\/victor"}]}},"_links":{"self":[{"href":"https:\/\/www.indieofilo.com\/en\/wp-json\/wp\/v2\/posts\/44050","targetHints":{"allow":["GET"]}}],"collection":[{"href":"https:\/\/www.indieofilo.com\/en\/wp-json\/wp\/v2\/posts"}],"about":[{"href":"https:\/\/www.indieofilo.com\/en\/wp-json\/wp\/v2\/types\/post"}],"author":[{"embeddable":true,"href":"https:\/\/www.indieofilo.com\/en\/wp-json\/wp\/v2\/users\/1"}],"replies":[{"embeddable":true,"href":"https:\/\/www.indieofilo.com\/en\/wp-json\/wp\/v2\/comments?post=44050"}],"version-history":[{"count":0,"href":"https:\/\/www.indieofilo.com\/en\/wp-json\/wp\/v2\/posts\/44050\/revisions"}],"wp:featuredmedia":[{"embeddable":true,"href":"https:\/\/www.indieofilo.com\/en\/wp-json\/wp\/v2\/media\/44037"}],"wp:attachment":[{"href":"https:\/\/www.indieofilo.com\/en\/wp-json\/wp\/v2\/media?parent=44050"}],"wp:term":[{"taxonomy":"category","embeddable":true,"href":"https:\/\/www.indieofilo.com\/en\/wp-json\/wp\/v2\/categories?post=44050"},{"taxonomy":"post_tag","embeddable":true,"href":"https:\/\/www.indieofilo.com\/en\/wp-json\/wp\/v2\/tags?post=44050"}],"curies":[{"name":"wp","href":"https:\/\/api.w.org\/{rel}","templated":true}]}}