{"id":4300,"date":"2016-02-23T21:53:58","date_gmt":"2016-02-23T20:53:58","guid":{"rendered":"http:\/\/indieofilo.com\/?p=4300"},"modified":"2023-09-19T12:58:21","modified_gmt":"2023-09-19T10:58:21","slug":"anohni-confirmed-for-down-the-rabbit-hole-2016","status":"publish","type":"post","link":"https:\/\/www.indieofilo.com\/en\/news\/live-shows\/anohni-confirmed-for-down-the-rabbit-hole-2016","title":{"rendered":"ANOHNI confirmed for Down The Rabbit Hole 2016"},"content":{"rendered":"<p><img fetchpriority=\"high\" decoding=\"async\" alt=\"Down The rabbit hole 2016 - Anohni\" class=\"aligncenter size-large wp-image-4301\" height=\"533\" src=\"http:\/\/indieofilo.com\/wp-content\/uploads\/2016\/02\/Down-The-rabbit-hole-2016-Anohni-533x533.jpg\" width=\"533\" \/><\/p>\n<p style=\"text-align: justify;\">\n\tAfter <a href=\"http:\/\/indieofilo.com\/short-news-en\/11-new-names-for-down-the-rabbit-hole-2016?lang=en\">confirming 11 new names like Savages or Daughter<\/a> two weeks ago,&nbsp;<strong>Down The Rabbit Hole 2016<\/strong>&nbsp;has announced a new big name for its line-up. The Dutch festival, that will be held in De Groene Heuvels&nbsp;from 24th until 26th of June, have confirmed that <strong>ANOHNI<\/strong>,&nbsp;the new&nbsp;project of <strong>Antony<\/strong> (from&nbsp;Antony &amp;&nbsp;The Johnsons), where also collaborate electronic producers like Hudson Mohawke or Oneohtrix Point Never, will be one of&nbsp;the special shows of the edition of this year&nbsp;.<\/p>\n<p style=\"text-align: justify;\">\n\tWe inform you that tickets are available <a href=\"http:\/\/downtherabbithole.nl\/tickets\" target=\"_blank\" rel=\"noopener\">on its official website<\/a> with a price of&nbsp;&euro;125 for the three days ticket.<\/p>\n","protected":false},"excerpt":{"rendered":"<p>After confirming 11 new names like Savages or Daughter two weeks ago,&nbsp;Down The Rabbit Hole 2016&nbsp;has announced a new big name for its line-up. The Dutch festival, that will be held in De Groene Heuvels&nbsp;from 24th until 26th of June, have confirmed that ANOHNI,&nbsp;the new&nbsp;project of Antony (from&nbsp;Antony &amp;&nbsp;The Johnsons), where also collaborate electronic producers [&hellip;]<\/p>\n","protected":false},"author":1,"featured_media":0,"comment_status":"open","ping_status":"closed","sticky":false,"template":"","format":"standard","meta":{"footnotes":""},"categories":[41,8],"tags":[5747,6069,5555,5813],"class_list":["post-4300","post","type-post","status-publish","format-standard","hentry","category-live-shows","category-news","tag-anohni-en","tag-antony-and-the-johnsons-en","tag-down-the-rabbit-hole-en","tag-down-the-rabbit-hole-2016-en"],"yoast_head":"<!-- This site is optimized with the Yoast SEO Premium plugin v23.9 (Yoast SEO v26.6) - https:\/\/yoast.com\/wordpress\/plugins\/seo\/ -->\n<title>ANOHNI confirmed for Down The Rabbit Hole 2016 - Indie\u00f3filo<\/title>\n<meta name=\"robots\" content=\"index, follow, max-snippet:-1, max-image-preview:large, max-video-preview:-1\" \/>\n<link rel=\"canonical\" href=\"https:\/\/www.indieofilo.com\/en\/news\/anohni-confirmed-for-down-the-rabbit-hole-2016\" \/>\n<meta property=\"og:locale\" content=\"en_US\" \/>\n<meta property=\"og:type\" content=\"article\" \/>\n<meta property=\"og:title\" content=\"ANOHNI confirmed for Down The Rabbit Hole 2016\" \/>\n<meta property=\"og:description\" content=\"After confirming 11 new names like Savages or Daughter two weeks ago,&nbsp;Down The Rabbit Hole 2016&nbsp;has announced a new big name for its line-up. The Dutch festival, that will be held in De Groene Heuvels&nbsp;from 24th until 26th of June, have confirmed that ANOHNI,&nbsp;the new&nbsp;project of Antony (from&nbsp;Antony &amp;&nbsp;The Johnsons), where also collaborate electronic producers [&hellip;]\" \/>\n<meta property=\"og:url\" content=\"https:\/\/www.indieofilo.com\/en\/news\/anohni-confirmed-for-down-the-rabbit-hole-2016\" \/>\n<meta property=\"og:site_name\" content=\"Indie\u00f3filo\" \/>\n<meta property=\"article:publisher\" content=\"https:\/\/www.facebook.com\/Indieofilo\/\" \/>\n<meta property=\"article:published_time\" content=\"2016-02-23T20:53:58+00:00\" \/>\n<meta property=\"article:modified_time\" content=\"2023-09-19T10:58:21+00:00\" \/>\n<meta property=\"og:image\" content=\"http:\/\/indieofilo.com\/wp-content\/uploads\/2016\/02\/Down-The-rabbit-hole-2016-Anohni-533x533.jpg\" \/>\n<meta name=\"author\" content=\"Victor\" \/>\n<meta name=\"twitter:card\" content=\"summary_large_image\" \/>\n<meta name=\"twitter:creator\" content=\"@indieofilo\" \/>\n<meta name=\"twitter:site\" content=\"@indieofilo\" \/>\n<meta name=\"twitter:label1\" content=\"Written by\" \/>\n\t<meta name=\"twitter:data1\" content=\"Victor\" \/>\n\t<meta name=\"twitter:label2\" content=\"Est. reading time\" \/>\n\t<meta name=\"twitter:data2\" content=\"1 minute\" \/>\n<script type=\"application\/ld+json\" class=\"yoast-schema-graph\">{\"@context\":\"https:\/\/schema.org\",\"@graph\":[{\"@type\":\"Article\",\"@id\":\"https:\/\/www.indieofilo.com\/en\/news\/anohni-confirmed-for-down-the-rabbit-hole-2016#article\",\"isPartOf\":{\"@id\":\"https:\/\/www.indieofilo.com\/en\/news\/anohni-confirmed-for-down-the-rabbit-hole-2016\"},\"author\":{\"name\":\"Victor\",\"@id\":\"https:\/\/www.indieofilo.com\/#\/schema\/person\/595334d38590e4ce5a09f83cbf2fca90\"},\"headline\":\"ANOHNI confirmed for Down The Rabbit Hole 2016\",\"datePublished\":\"2016-02-23T20:53:58+00:00\",\"dateModified\":\"2023-09-19T10:58:21+00:00\",\"mainEntityOfPage\":{\"@id\":\"https:\/\/www.indieofilo.com\/en\/news\/anohni-confirmed-for-down-the-rabbit-hole-2016\"},\"wordCount\":118,\"commentCount\":0,\"publisher\":{\"@id\":\"https:\/\/www.indieofilo.com\/#organization\"},\"image\":{\"@id\":\"https:\/\/www.indieofilo.com\/en\/news\/anohni-confirmed-for-down-the-rabbit-hole-2016#primaryimage\"},\"thumbnailUrl\":\"http:\/\/indieofilo.com\/wp-content\/uploads\/2016\/02\/Down-The-rabbit-hole-2016-Anohni-533x533.jpg\",\"keywords\":[\"Anohni\",\"Antony and The Johnsons\",\"Down The Rabbit Hole\",\"Down The Rabbit Hole 2016\"],\"articleSection\":[\"Live Shows\",\"News\"],\"inLanguage\":\"en-US\",\"potentialAction\":[{\"@type\":\"CommentAction\",\"name\":\"Comment\",\"target\":[\"https:\/\/www.indieofilo.com\/en\/news\/anohni-confirmed-for-down-the-rabbit-hole-2016#respond\"]}]},{\"@type\":\"WebPage\",\"@id\":\"https:\/\/www.indieofilo.com\/en\/news\/anohni-confirmed-for-down-the-rabbit-hole-2016\",\"url\":\"https:\/\/www.indieofilo.com\/en\/news\/anohni-confirmed-for-down-the-rabbit-hole-2016\",\"name\":\"ANOHNI confirmed for Down The Rabbit Hole 2016 - Indie\u00f3filo\",\"isPartOf\":{\"@id\":\"https:\/\/www.indieofilo.com\/#website\"},\"primaryImageOfPage\":{\"@id\":\"https:\/\/www.indieofilo.com\/en\/news\/anohni-confirmed-for-down-the-rabbit-hole-2016#primaryimage\"},\"image\":{\"@id\":\"https:\/\/www.indieofilo.com\/en\/news\/anohni-confirmed-for-down-the-rabbit-hole-2016#primaryimage\"},\"thumbnailUrl\":\"http:\/\/indieofilo.com\/wp-content\/uploads\/2016\/02\/Down-The-rabbit-hole-2016-Anohni-533x533.jpg\",\"datePublished\":\"2016-02-23T20:53:58+00:00\",\"dateModified\":\"2023-09-19T10:58:21+00:00\",\"breadcrumb\":{\"@id\":\"https:\/\/www.indieofilo.com\/en\/news\/anohni-confirmed-for-down-the-rabbit-hole-2016#breadcrumb\"},\"inLanguage\":\"en-US\",\"potentialAction\":[{\"@type\":\"ReadAction\",\"target\":[\"https:\/\/www.indieofilo.com\/en\/news\/anohni-confirmed-for-down-the-rabbit-hole-2016\"]}]},{\"@type\":\"ImageObject\",\"inLanguage\":\"en-US\",\"@id\":\"https:\/\/www.indieofilo.com\/en\/news\/anohni-confirmed-for-down-the-rabbit-hole-2016#primaryimage\",\"url\":\"http:\/\/indieofilo.com\/wp-content\/uploads\/2016\/02\/Down-The-rabbit-hole-2016-Anohni-533x533.jpg\",\"contentUrl\":\"http:\/\/indieofilo.com\/wp-content\/uploads\/2016\/02\/Down-The-rabbit-hole-2016-Anohni-533x533.jpg\"},{\"@type\":\"BreadcrumbList\",\"@id\":\"https:\/\/www.indieofilo.com\/en\/news\/anohni-confirmed-for-down-the-rabbit-hole-2016#breadcrumb\",\"itemListElement\":[{\"@type\":\"ListItem\",\"position\":1,\"name\":\"Portada\",\"item\":\"https:\/\/www.indieofilo.com\/en\"},{\"@type\":\"ListItem\",\"position\":2,\"name\":\"ANOHNI confirmed for Down The Rabbit Hole 2016\"}]},{\"@type\":\"WebSite\",\"@id\":\"https:\/\/www.indieofilo.com\/#website\",\"url\":\"https:\/\/www.indieofilo.com\/\",\"name\":\"Indie\u00f3filo\",\"description\":\"Magazine online de la cultura independiente\",\"publisher\":{\"@id\":\"https:\/\/www.indieofilo.com\/#organization\"},\"potentialAction\":[{\"@type\":\"SearchAction\",\"target\":{\"@type\":\"EntryPoint\",\"urlTemplate\":\"https:\/\/www.indieofilo.com\/?s={search_term_string}\"},\"query-input\":{\"@type\":\"PropertyValueSpecification\",\"valueRequired\":true,\"valueName\":\"search_term_string\"}}],\"inLanguage\":\"en-US\"},{\"@type\":\"Organization\",\"@id\":\"https:\/\/www.indieofilo.com\/#organization\",\"name\":\"Indie\u00f3filo Web\",\"url\":\"https:\/\/www.indieofilo.com\/\",\"logo\":{\"@type\":\"ImageObject\",\"inLanguage\":\"en-US\",\"@id\":\"https:\/\/www.indieofilo.com\/#\/schema\/logo\/image\/\",\"url\":\"https:\/\/www.indieofilo.com\/wp-content\/uploads\/2015\/02\/logo-alta-resolucion.png\",\"contentUrl\":\"https:\/\/www.indieofilo.com\/wp-content\/uploads\/2015\/02\/logo-alta-resolucion.png\",\"width\":544,\"height\":185,\"caption\":\"Indie\u00f3filo Web\"},\"image\":{\"@id\":\"https:\/\/www.indieofilo.com\/#\/schema\/logo\/image\/\"},\"sameAs\":[\"https:\/\/www.facebook.com\/Indieofilo\/\",\"https:\/\/x.com\/indieofilo\",\"https:\/\/www.instagram.com\/indieofilo\/\"]},{\"@type\":\"Person\",\"@id\":\"https:\/\/www.indieofilo.com\/#\/schema\/person\/595334d38590e4ce5a09f83cbf2fca90\",\"name\":\"Victor\",\"image\":{\"@type\":\"ImageObject\",\"inLanguage\":\"en-US\",\"@id\":\"https:\/\/www.indieofilo.com\/#\/schema\/person\/image\/\",\"url\":\"https:\/\/secure.gravatar.com\/avatar\/682b8c6ea3e94b6cffec683b25f1797d?s=96&d=mm&r=g\",\"contentUrl\":\"https:\/\/secure.gravatar.com\/avatar\/682b8c6ea3e94b6cffec683b25f1797d?s=96&d=mm&r=g\",\"caption\":\"Victor\"},\"description\":\"Fan\u00e1tico de la m\u00fasica desde que mis padres me pon\u00edan a Eydie Gorme y Los Panchos o el Discotuna por la A2. Intent\u00e9 tocar varios instrumentos, pero soy muy torpe con la mano izquierda, as\u00ed que ya sab\u00e9is el resultado final. Fan del britpop, Post-punk, el rugby y el baloncesto...\",\"sameAs\":[\"http:\/\/indieofilo.com\"],\"url\":\"https:\/\/www.indieofilo.com\/en\/author\/victor\"}]}<\/script>\n<!-- \/ Yoast SEO Premium plugin. -->","yoast_head_json":{"title":"ANOHNI confirmed for Down The Rabbit Hole 2016 - Indie\u00f3filo","robots":{"index":"index","follow":"follow","max-snippet":"max-snippet:-1","max-image-preview":"max-image-preview:large","max-video-preview":"max-video-preview:-1"},"canonical":"https:\/\/www.indieofilo.com\/en\/news\/anohni-confirmed-for-down-the-rabbit-hole-2016","og_locale":"en_US","og_type":"article","og_title":"ANOHNI confirmed for Down The Rabbit Hole 2016","og_description":"After confirming 11 new names like Savages or Daughter two weeks ago,&nbsp;Down The Rabbit Hole 2016&nbsp;has announced a new big name for its line-up. The Dutch festival, that will be held in De Groene Heuvels&nbsp;from 24th until 26th of June, have confirmed that ANOHNI,&nbsp;the new&nbsp;project of Antony (from&nbsp;Antony &amp;&nbsp;The Johnsons), where also collaborate electronic producers [&hellip;]","og_url":"https:\/\/www.indieofilo.com\/en\/news\/anohni-confirmed-for-down-the-rabbit-hole-2016","og_site_name":"Indie\u00f3filo","article_publisher":"https:\/\/www.facebook.com\/Indieofilo\/","article_published_time":"2016-02-23T20:53:58+00:00","article_modified_time":"2023-09-19T10:58:21+00:00","og_image":[{"url":"http:\/\/indieofilo.com\/wp-content\/uploads\/2016\/02\/Down-The-rabbit-hole-2016-Anohni-533x533.jpg","type":"","width":"","height":""}],"author":"Victor","twitter_card":"summary_large_image","twitter_creator":"@indieofilo","twitter_site":"@indieofilo","twitter_misc":{"Written by":"Victor","Est. reading time":"1 minute"},"schema":{"@context":"https:\/\/schema.org","@graph":[{"@type":"Article","@id":"https:\/\/www.indieofilo.com\/en\/news\/anohni-confirmed-for-down-the-rabbit-hole-2016#article","isPartOf":{"@id":"https:\/\/www.indieofilo.com\/en\/news\/anohni-confirmed-for-down-the-rabbit-hole-2016"},"author":{"name":"Victor","@id":"https:\/\/www.indieofilo.com\/#\/schema\/person\/595334d38590e4ce5a09f83cbf2fca90"},"headline":"ANOHNI confirmed for Down The Rabbit Hole 2016","datePublished":"2016-02-23T20:53:58+00:00","dateModified":"2023-09-19T10:58:21+00:00","mainEntityOfPage":{"@id":"https:\/\/www.indieofilo.com\/en\/news\/anohni-confirmed-for-down-the-rabbit-hole-2016"},"wordCount":118,"commentCount":0,"publisher":{"@id":"https:\/\/www.indieofilo.com\/#organization"},"image":{"@id":"https:\/\/www.indieofilo.com\/en\/news\/anohni-confirmed-for-down-the-rabbit-hole-2016#primaryimage"},"thumbnailUrl":"http:\/\/indieofilo.com\/wp-content\/uploads\/2016\/02\/Down-The-rabbit-hole-2016-Anohni-533x533.jpg","keywords":["Anohni","Antony and The Johnsons","Down The Rabbit Hole","Down The Rabbit Hole 2016"],"articleSection":["Live Shows","News"],"inLanguage":"en-US","potentialAction":[{"@type":"CommentAction","name":"Comment","target":["https:\/\/www.indieofilo.com\/en\/news\/anohni-confirmed-for-down-the-rabbit-hole-2016#respond"]}]},{"@type":"WebPage","@id":"https:\/\/www.indieofilo.com\/en\/news\/anohni-confirmed-for-down-the-rabbit-hole-2016","url":"https:\/\/www.indieofilo.com\/en\/news\/anohni-confirmed-for-down-the-rabbit-hole-2016","name":"ANOHNI confirmed for Down The Rabbit Hole 2016 - Indie\u00f3filo","isPartOf":{"@id":"https:\/\/www.indieofilo.com\/#website"},"primaryImageOfPage":{"@id":"https:\/\/www.indieofilo.com\/en\/news\/anohni-confirmed-for-down-the-rabbit-hole-2016#primaryimage"},"image":{"@id":"https:\/\/www.indieofilo.com\/en\/news\/anohni-confirmed-for-down-the-rabbit-hole-2016#primaryimage"},"thumbnailUrl":"http:\/\/indieofilo.com\/wp-content\/uploads\/2016\/02\/Down-The-rabbit-hole-2016-Anohni-533x533.jpg","datePublished":"2016-02-23T20:53:58+00:00","dateModified":"2023-09-19T10:58:21+00:00","breadcrumb":{"@id":"https:\/\/www.indieofilo.com\/en\/news\/anohni-confirmed-for-down-the-rabbit-hole-2016#breadcrumb"},"inLanguage":"en-US","potentialAction":[{"@type":"ReadAction","target":["https:\/\/www.indieofilo.com\/en\/news\/anohni-confirmed-for-down-the-rabbit-hole-2016"]}]},{"@type":"ImageObject","inLanguage":"en-US","@id":"https:\/\/www.indieofilo.com\/en\/news\/anohni-confirmed-for-down-the-rabbit-hole-2016#primaryimage","url":"http:\/\/indieofilo.com\/wp-content\/uploads\/2016\/02\/Down-The-rabbit-hole-2016-Anohni-533x533.jpg","contentUrl":"http:\/\/indieofilo.com\/wp-content\/uploads\/2016\/02\/Down-The-rabbit-hole-2016-Anohni-533x533.jpg"},{"@type":"BreadcrumbList","@id":"https:\/\/www.indieofilo.com\/en\/news\/anohni-confirmed-for-down-the-rabbit-hole-2016#breadcrumb","itemListElement":[{"@type":"ListItem","position":1,"name":"Portada","item":"https:\/\/www.indieofilo.com\/en"},{"@type":"ListItem","position":2,"name":"ANOHNI confirmed for Down The Rabbit Hole 2016"}]},{"@type":"WebSite","@id":"https:\/\/www.indieofilo.com\/#website","url":"https:\/\/www.indieofilo.com\/","name":"Indie\u00f3filo","description":"Magazine online de la cultura independiente","publisher":{"@id":"https:\/\/www.indieofilo.com\/#organization"},"potentialAction":[{"@type":"SearchAction","target":{"@type":"EntryPoint","urlTemplate":"https:\/\/www.indieofilo.com\/?s={search_term_string}"},"query-input":{"@type":"PropertyValueSpecification","valueRequired":true,"valueName":"search_term_string"}}],"inLanguage":"en-US"},{"@type":"Organization","@id":"https:\/\/www.indieofilo.com\/#organization","name":"Indie\u00f3filo Web","url":"https:\/\/www.indieofilo.com\/","logo":{"@type":"ImageObject","inLanguage":"en-US","@id":"https:\/\/www.indieofilo.com\/#\/schema\/logo\/image\/","url":"https:\/\/www.indieofilo.com\/wp-content\/uploads\/2015\/02\/logo-alta-resolucion.png","contentUrl":"https:\/\/www.indieofilo.com\/wp-content\/uploads\/2015\/02\/logo-alta-resolucion.png","width":544,"height":185,"caption":"Indie\u00f3filo Web"},"image":{"@id":"https:\/\/www.indieofilo.com\/#\/schema\/logo\/image\/"},"sameAs":["https:\/\/www.facebook.com\/Indieofilo\/","https:\/\/x.com\/indieofilo","https:\/\/www.instagram.com\/indieofilo\/"]},{"@type":"Person","@id":"https:\/\/www.indieofilo.com\/#\/schema\/person\/595334d38590e4ce5a09f83cbf2fca90","name":"Victor","image":{"@type":"ImageObject","inLanguage":"en-US","@id":"https:\/\/www.indieofilo.com\/#\/schema\/person\/image\/","url":"https:\/\/secure.gravatar.com\/avatar\/682b8c6ea3e94b6cffec683b25f1797d?s=96&d=mm&r=g","contentUrl":"https:\/\/secure.gravatar.com\/avatar\/682b8c6ea3e94b6cffec683b25f1797d?s=96&d=mm&r=g","caption":"Victor"},"description":"Fan\u00e1tico de la m\u00fasica desde que mis padres me pon\u00edan a Eydie Gorme y Los Panchos o el Discotuna por la A2. Intent\u00e9 tocar varios instrumentos, pero soy muy torpe con la mano izquierda, as\u00ed que ya sab\u00e9is el resultado final. Fan del britpop, Post-punk, el rugby y el baloncesto...","sameAs":["http:\/\/indieofilo.com"],"url":"https:\/\/www.indieofilo.com\/en\/author\/victor"}]}},"_links":{"self":[{"href":"https:\/\/www.indieofilo.com\/en\/wp-json\/wp\/v2\/posts\/4300","targetHints":{"allow":["GET"]}}],"collection":[{"href":"https:\/\/www.indieofilo.com\/en\/wp-json\/wp\/v2\/posts"}],"about":[{"href":"https:\/\/www.indieofilo.com\/en\/wp-json\/wp\/v2\/types\/post"}],"author":[{"embeddable":true,"href":"https:\/\/www.indieofilo.com\/en\/wp-json\/wp\/v2\/users\/1"}],"replies":[{"embeddable":true,"href":"https:\/\/www.indieofilo.com\/en\/wp-json\/wp\/v2\/comments?post=4300"}],"version-history":[{"count":0,"href":"https:\/\/www.indieofilo.com\/en\/wp-json\/wp\/v2\/posts\/4300\/revisions"}],"wp:attachment":[{"href":"https:\/\/www.indieofilo.com\/en\/wp-json\/wp\/v2\/media?parent=4300"}],"wp:term":[{"taxonomy":"category","embeddable":true,"href":"https:\/\/www.indieofilo.com\/en\/wp-json\/wp\/v2\/categories?post=4300"},{"taxonomy":"post_tag","embeddable":true,"href":"https:\/\/www.indieofilo.com\/en\/wp-json\/wp\/v2\/tags?post=4300"}],"curies":[{"name":"wp","href":"https:\/\/api.w.org\/{rel}","templated":true}]}}