{"id":4266,"date":"2016-02-23T13:08:40","date_gmt":"2016-02-23T12:08:40","guid":{"rendered":"http:\/\/indieofilo.com\/?p=4266"},"modified":"2023-11-18T02:49:52","modified_gmt":"2023-11-18T01:49:52","slug":"kula-shaker-21st-february-2016-paradiso-amsterdam","status":"publish","type":"post","link":"https:\/\/www.indieofilo.com\/en\/gig-reviews\/kula-shaker-21st-february-2016-paradiso-amsterdam","title":{"rendered":"Kula Shaker \u2013 21st February 2016 (Paradiso &#8211; Amsterdam)"},"content":{"rendered":"<p style=\"text-align: justify;\">\n\tAfter nearly six years without any news of British <strong>Kula Shaker<\/strong>, this 2016 they surprised us with the release of <em>K2.0<\/em>, a reinterpretation 2 decades later of the album that gave them fame. To mark the presentation of the album, the room Paradiso in Amsterdam received them nine years after their last performance in the Dutch capital, and on the basis of the great amount of audience that were at the room, the expectation was high. It is surprising that a band that in the mid-90 remained at the wrongly called second step of brit movement (as <strong>Ocean Colour Scene<\/strong>, <strong>The Blue Tones<\/strong> or <strong>Marion<\/strong>), currently enjoying greater recognition by the public of the one they had at the time of greatest splendor..<\/p>\n<p style=\"text-align: justify;\">\n\t<img fetchpriority=\"high\" decoding=\"async\" alt=\"Kula Shaker - 21st November 2016 Amsterdam\" class=\"aligncenter size-medium wp-image-4286\" height=\"400\" src=\"http:\/\/indieofilo.com\/wp-content\/uploads\/2016\/02\/Kula-Shaker-21st-November-2016-Amsterdam-9-600x400.jpg\" width=\"600\" \/><\/p>\n<p style=\"text-align: justify;\">\n\tWith a delay of about 30 minutes of schedule due to problems of sound, the band came to light to stage wrapped in a suffocating smell of incense sticks caused by typical neo Hippie shops with which they attempt to create the right atmosphere for their proposal.. However, the start of the concert was somewhat slow and also with small problems of synchronization between the band members, which showed even more vocal problems that <strong>Crispian Mills<\/strong> dragged and made they to cancel the concert the day before in Paris. Should be the fourth song of the show, the powerfull &quot;<em>Grateful When You&#39;re Dead \/ Jerry Was There<\/em>&quot;, the one that would give the real green light to the start of the concert, creating a conducive enviroment to the concatenation of &quot;<em>Temple of Everlasting Light<\/em>&quot; with two themes of the new revision as &quot;<em>Infinite Sun<\/em>&quot; and &quot;<em>33 Crows<\/em>&quot;, which sounded much better in their proposal live than in physical form, probably due to the increased presence of the wah wah effect wah wah on lead guitar.<\/p>\n<p style=\"text-align: justify;\">\n\t<img decoding=\"async\" alt=\"Kula Shaker - Amsterdam 21st November 2016\" class=\"aligncenter size-medium wp-image-4290\" height=\"400\" src=\"http:\/\/indieofilo.com\/wp-content\/uploads\/2016\/02\/Kula-Shaker-21st-November-2016-Amsterdam-13-600x400.jpg\" width=\"600\" \/><\/p>\n<p style=\"text-align: justify;\">\n\tAgain boredom takes over much of the room when some minor songs from their discography sounded, until surprisingly the only two songs from their latest album <em>Pilgrim&#39;s Progress<\/em> appeared on the setlist, creating with its immediacy and perfect blend of guitar and keyboards a favorable atmosphere that no longer disappear until the end of the concert. The return to the origins, in this case represented by LP <em>Peasants, Pigs and Astronauts<\/em> and their themes &quot;<em>Mystical Machine Gun<\/em>&quot; and &quot;<em>108 Battles (Of the Mind)<\/em>&quot; served for personal brilliance of <strong>Crispian Mills<\/strong> on the guitar, showing that as soon as the band fuse psychedelia of <strong>Grateful Dead<\/strong> with their Hindu influences it is when they connect with harder their fans.<\/p>\n<p style=\"text-align: justify;\">\n\t<img decoding=\"async\" alt=\"Kula Shaker - 2016 Amsterdam 21st November\" class=\"aligncenter size-medium wp-image-4281\" height=\"400\" src=\"http:\/\/indieofilo.com\/wp-content\/uploads\/2016\/02\/Kula-Shaker-21st-November-2016-Amsterdam-4-600x400.jpg\" width=\"600\" \/><\/p>\n<p style=\"text-align: justify;\">\n\tProof of this were the last five songs from their repertoire, with &quot;<em>Hash<\/em>&quot; triggering the madness as an absolute hit at the end of the concert, and also with &quot;<em>Hey Dude<\/em>&quot; and &quot;<em>Great Hosannah<\/em>&quot; as perfect prelude of the messianic &quot;<em>Govinda<\/em>&quot; where the sound was perfect as a band, highlighting the synchronization between the slide effect on Mills&#39; guitar and organ and keyboards of <strong>Harry Broadbent<\/strong>. Therefore gig with two clear distinct parts, where surprised the good reception of recent songs despite the criticism when the album was released and where the criticized immobility of the band proved to be a favorable factor to a legion of followers that yearn for better times, either of the brit 90s or 70s psychedelia.<\/p>\n","protected":false},"excerpt":{"rendered":"<p>After nearly six years without any news of British Kula Shaker, this 2016 they surprised us with the release of K2.0, a reinterpretation 2 decades later of the album that gave them fame. To mark the presentation of the album, the room Paradiso in Amsterdam received them nine years after their last performance in the [&hellip;]<\/p>\n","protected":false},"author":5,"featured_media":4281,"comment_status":"open","ping_status":"closed","sticky":false,"template":"","format":"gallery","meta":{"footnotes":""},"categories":[7,15],"tags":[5735,6070,5868],"class_list":["post-4266","post","type-post","status-publish","format-gallery","has-post-thumbnail","hentry","category-gig-reviews","category-rooms","tag-amsterdam-en","tag-kula-shaker-en","tag-paradiso-en","post_format-post-format-gallery"],"yoast_head":"<!-- This site is optimized with the Yoast SEO Premium plugin v23.9 (Yoast SEO v26.6) - https:\/\/yoast.com\/wordpress\/plugins\/seo\/ -->\n<title>Kula Shaker \u2013 21st February 2016 (Paradiso - Amsterdam) - Indie\u00f3filo<\/title>\n<meta name=\"description\" content=\"Review and exclusive photo gallery of the gig that Kula Shaker gave in Amsterdam in February 2016 to present their new album K2.0.\" \/>\n<meta name=\"robots\" content=\"index, follow, max-snippet:-1, max-image-preview:large, max-video-preview:-1\" \/>\n<link rel=\"canonical\" href=\"https:\/\/www.indieofilo.com\/en\/gig-reviews\/kula-shaker-21st-february-2016-paradiso-amsterdam\" \/>\n<meta property=\"og:locale\" content=\"en_US\" \/>\n<meta property=\"og:type\" content=\"article\" \/>\n<meta property=\"og:title\" content=\"Kula Shaker \u2013 21st February 2016 (Paradiso - Amsterdam)\" \/>\n<meta property=\"og:description\" content=\"Review and exclusive photo gallery of the gig that Kula Shaker gave in Amsterdam in February 2016 to present their new album K2.0.\" \/>\n<meta property=\"og:url\" content=\"https:\/\/www.indieofilo.com\/en\/gig-reviews\/kula-shaker-21st-february-2016-paradiso-amsterdam\" \/>\n<meta property=\"og:site_name\" content=\"Indie\u00f3filo\" \/>\n<meta property=\"article:publisher\" content=\"https:\/\/www.facebook.com\/Indieofilo\/\" \/>\n<meta property=\"article:published_time\" content=\"2016-02-23T12:08:40+00:00\" \/>\n<meta property=\"article:modified_time\" content=\"2023-11-18T01:49:52+00:00\" \/>\n<meta property=\"og:image\" content=\"https:\/\/www.indieofilo.com\/wp-content\/uploads\/2016\/02\/Kula-Shaker-21st-November-2016-Amsterdam-4.jpg\" \/>\n\t<meta property=\"og:image:width\" content=\"800\" \/>\n\t<meta property=\"og:image:height\" content=\"533\" \/>\n\t<meta property=\"og:image:type\" content=\"image\/jpeg\" \/>\n<meta name=\"author\" content=\"Esther\" \/>\n<meta name=\"twitter:card\" content=\"summary_large_image\" \/>\n<meta name=\"twitter:creator\" content=\"@indieofilo\" \/>\n<meta name=\"twitter:site\" content=\"@indieofilo\" \/>\n<meta name=\"twitter:label1\" content=\"Written by\" \/>\n\t<meta name=\"twitter:data1\" content=\"Esther\" \/>\n\t<meta name=\"twitter:label2\" content=\"Est. reading time\" \/>\n\t<meta name=\"twitter:data2\" content=\"4 minutes\" \/>\n<script type=\"application\/ld+json\" class=\"yoast-schema-graph\">{\"@context\":\"https:\/\/schema.org\",\"@graph\":[{\"@type\":\"Article\",\"@id\":\"https:\/\/www.indieofilo.com\/en\/gig-reviews\/kula-shaker-21st-february-2016-paradiso-amsterdam#article\",\"isPartOf\":{\"@id\":\"https:\/\/www.indieofilo.com\/en\/gig-reviews\/kula-shaker-21st-february-2016-paradiso-amsterdam\"},\"author\":{\"name\":\"Esther\",\"@id\":\"https:\/\/www.indieofilo.com\/#\/schema\/person\/74da137239ce0d8d2ed179f2baf66e3e\"},\"headline\":\"Kula Shaker \u2013 21st February 2016 (Paradiso &#8211; Amsterdam)\",\"datePublished\":\"2016-02-23T12:08:40+00:00\",\"dateModified\":\"2023-11-18T01:49:52+00:00\",\"mainEntityOfPage\":{\"@id\":\"https:\/\/www.indieofilo.com\/en\/gig-reviews\/kula-shaker-21st-february-2016-paradiso-amsterdam\"},\"wordCount\":560,\"commentCount\":0,\"publisher\":{\"@id\":\"https:\/\/www.indieofilo.com\/#organization\"},\"image\":{\"@id\":\"https:\/\/www.indieofilo.com\/en\/gig-reviews\/kula-shaker-21st-february-2016-paradiso-amsterdam#primaryimage\"},\"thumbnailUrl\":\"https:\/\/www.indieofilo.com\/wp-content\/uploads\/2016\/02\/Kula-Shaker-21st-November-2016-Amsterdam-4.jpg\",\"keywords\":[\"Amsterdam\",\"Kula Shaker\",\"Paradiso\"],\"articleSection\":[\"Gig Reviews\",\"Rooms\"],\"inLanguage\":\"en-US\",\"potentialAction\":[{\"@type\":\"CommentAction\",\"name\":\"Comment\",\"target\":[\"https:\/\/www.indieofilo.com\/en\/gig-reviews\/kula-shaker-21st-february-2016-paradiso-amsterdam#respond\"]}]},{\"@type\":\"WebPage\",\"@id\":\"https:\/\/www.indieofilo.com\/en\/gig-reviews\/kula-shaker-21st-february-2016-paradiso-amsterdam\",\"url\":\"https:\/\/www.indieofilo.com\/en\/gig-reviews\/kula-shaker-21st-february-2016-paradiso-amsterdam\",\"name\":\"Kula Shaker \u2013 21st February 2016 (Paradiso - Amsterdam) - Indie\u00f3filo\",\"isPartOf\":{\"@id\":\"https:\/\/www.indieofilo.com\/#website\"},\"primaryImageOfPage\":{\"@id\":\"https:\/\/www.indieofilo.com\/en\/gig-reviews\/kula-shaker-21st-february-2016-paradiso-amsterdam#primaryimage\"},\"image\":{\"@id\":\"https:\/\/www.indieofilo.com\/en\/gig-reviews\/kula-shaker-21st-february-2016-paradiso-amsterdam#primaryimage\"},\"thumbnailUrl\":\"https:\/\/www.indieofilo.com\/wp-content\/uploads\/2016\/02\/Kula-Shaker-21st-November-2016-Amsterdam-4.jpg\",\"datePublished\":\"2016-02-23T12:08:40+00:00\",\"dateModified\":\"2023-11-18T01:49:52+00:00\",\"description\":\"Review and exclusive photo gallery of the gig that Kula Shaker gave in Amsterdam in February 2016 to present their new album K2.0.\",\"breadcrumb\":{\"@id\":\"https:\/\/www.indieofilo.com\/en\/gig-reviews\/kula-shaker-21st-february-2016-paradiso-amsterdam#breadcrumb\"},\"inLanguage\":\"en-US\",\"potentialAction\":[{\"@type\":\"ReadAction\",\"target\":[\"https:\/\/www.indieofilo.com\/en\/gig-reviews\/kula-shaker-21st-february-2016-paradiso-amsterdam\"]}]},{\"@type\":\"ImageObject\",\"inLanguage\":\"en-US\",\"@id\":\"https:\/\/www.indieofilo.com\/en\/gig-reviews\/kula-shaker-21st-february-2016-paradiso-amsterdam#primaryimage\",\"url\":\"https:\/\/www.indieofilo.com\/wp-content\/uploads\/2016\/02\/Kula-Shaker-21st-November-2016-Amsterdam-4.jpg\",\"contentUrl\":\"https:\/\/www.indieofilo.com\/wp-content\/uploads\/2016\/02\/Kula-Shaker-21st-November-2016-Amsterdam-4.jpg\",\"width\":800,\"height\":533,\"caption\":\"Kula Shaker - 2016 Amsterdam 21st November\"},{\"@type\":\"BreadcrumbList\",\"@id\":\"https:\/\/www.indieofilo.com\/en\/gig-reviews\/kula-shaker-21st-february-2016-paradiso-amsterdam#breadcrumb\",\"itemListElement\":[{\"@type\":\"ListItem\",\"position\":1,\"name\":\"Portada\",\"item\":\"https:\/\/www.indieofilo.com\/en\"},{\"@type\":\"ListItem\",\"position\":2,\"name\":\"Kula Shaker \u2013 21st February 2016 (Paradiso &#8211; Amsterdam)\"}]},{\"@type\":\"WebSite\",\"@id\":\"https:\/\/www.indieofilo.com\/#website\",\"url\":\"https:\/\/www.indieofilo.com\/\",\"name\":\"Indie\u00f3filo\",\"description\":\"Magazine online de la cultura independiente\",\"publisher\":{\"@id\":\"https:\/\/www.indieofilo.com\/#organization\"},\"potentialAction\":[{\"@type\":\"SearchAction\",\"target\":{\"@type\":\"EntryPoint\",\"urlTemplate\":\"https:\/\/www.indieofilo.com\/?s={search_term_string}\"},\"query-input\":{\"@type\":\"PropertyValueSpecification\",\"valueRequired\":true,\"valueName\":\"search_term_string\"}}],\"inLanguage\":\"en-US\"},{\"@type\":\"Organization\",\"@id\":\"https:\/\/www.indieofilo.com\/#organization\",\"name\":\"Indie\u00f3filo Web\",\"url\":\"https:\/\/www.indieofilo.com\/\",\"logo\":{\"@type\":\"ImageObject\",\"inLanguage\":\"en-US\",\"@id\":\"https:\/\/www.indieofilo.com\/#\/schema\/logo\/image\/\",\"url\":\"https:\/\/www.indieofilo.com\/wp-content\/uploads\/2015\/02\/logo-alta-resolucion.png\",\"contentUrl\":\"https:\/\/www.indieofilo.com\/wp-content\/uploads\/2015\/02\/logo-alta-resolucion.png\",\"width\":544,\"height\":185,\"caption\":\"Indie\u00f3filo Web\"},\"image\":{\"@id\":\"https:\/\/www.indieofilo.com\/#\/schema\/logo\/image\/\"},\"sameAs\":[\"https:\/\/www.facebook.com\/Indieofilo\/\",\"https:\/\/x.com\/indieofilo\",\"https:\/\/www.instagram.com\/indieofilo\/\"]},{\"@type\":\"Person\",\"@id\":\"https:\/\/www.indieofilo.com\/#\/schema\/person\/74da137239ce0d8d2ed179f2baf66e3e\",\"name\":\"Esther\",\"image\":{\"@type\":\"ImageObject\",\"inLanguage\":\"en-US\",\"@id\":\"https:\/\/www.indieofilo.com\/#\/schema\/person\/image\/\",\"url\":\"https:\/\/secure.gravatar.com\/avatar\/07e66d1acb4f381f1c32cd15206dcc22?s=96&d=mm&r=g\",\"contentUrl\":\"https:\/\/secure.gravatar.com\/avatar\/07e66d1acb4f381f1c32cd15206dcc22?s=96&d=mm&r=g\",\"caption\":\"Esther\"},\"description\":\"\u00a1La \u00fanica mente anal\u00edtica de este proyecto! Me encanta la fotograf\u00eda, el crochet, la qu\u00edmica y el running.\",\"url\":\"https:\/\/www.indieofilo.com\/en\/author\/esther\"}]}<\/script>\n<!-- \/ Yoast SEO Premium plugin. -->","yoast_head_json":{"title":"Kula Shaker \u2013 21st February 2016 (Paradiso - Amsterdam) - Indie\u00f3filo","description":"Review and exclusive photo gallery of the gig that Kula Shaker gave in Amsterdam in February 2016 to present their new album K2.0.","robots":{"index":"index","follow":"follow","max-snippet":"max-snippet:-1","max-image-preview":"max-image-preview:large","max-video-preview":"max-video-preview:-1"},"canonical":"https:\/\/www.indieofilo.com\/en\/gig-reviews\/kula-shaker-21st-february-2016-paradiso-amsterdam","og_locale":"en_US","og_type":"article","og_title":"Kula Shaker \u2013 21st February 2016 (Paradiso - Amsterdam)","og_description":"Review and exclusive photo gallery of the gig that Kula Shaker gave in Amsterdam in February 2016 to present their new album K2.0.","og_url":"https:\/\/www.indieofilo.com\/en\/gig-reviews\/kula-shaker-21st-february-2016-paradiso-amsterdam","og_site_name":"Indie\u00f3filo","article_publisher":"https:\/\/www.facebook.com\/Indieofilo\/","article_published_time":"2016-02-23T12:08:40+00:00","article_modified_time":"2023-11-18T01:49:52+00:00","og_image":[{"width":800,"height":533,"url":"https:\/\/www.indieofilo.com\/wp-content\/uploads\/2016\/02\/Kula-Shaker-21st-November-2016-Amsterdam-4.jpg","type":"image\/jpeg"}],"author":"Esther","twitter_card":"summary_large_image","twitter_creator":"@indieofilo","twitter_site":"@indieofilo","twitter_misc":{"Written by":"Esther","Est. reading time":"4 minutes"},"schema":{"@context":"https:\/\/schema.org","@graph":[{"@type":"Article","@id":"https:\/\/www.indieofilo.com\/en\/gig-reviews\/kula-shaker-21st-february-2016-paradiso-amsterdam#article","isPartOf":{"@id":"https:\/\/www.indieofilo.com\/en\/gig-reviews\/kula-shaker-21st-february-2016-paradiso-amsterdam"},"author":{"name":"Esther","@id":"https:\/\/www.indieofilo.com\/#\/schema\/person\/74da137239ce0d8d2ed179f2baf66e3e"},"headline":"Kula Shaker \u2013 21st February 2016 (Paradiso &#8211; Amsterdam)","datePublished":"2016-02-23T12:08:40+00:00","dateModified":"2023-11-18T01:49:52+00:00","mainEntityOfPage":{"@id":"https:\/\/www.indieofilo.com\/en\/gig-reviews\/kula-shaker-21st-february-2016-paradiso-amsterdam"},"wordCount":560,"commentCount":0,"publisher":{"@id":"https:\/\/www.indieofilo.com\/#organization"},"image":{"@id":"https:\/\/www.indieofilo.com\/en\/gig-reviews\/kula-shaker-21st-february-2016-paradiso-amsterdam#primaryimage"},"thumbnailUrl":"https:\/\/www.indieofilo.com\/wp-content\/uploads\/2016\/02\/Kula-Shaker-21st-November-2016-Amsterdam-4.jpg","keywords":["Amsterdam","Kula Shaker","Paradiso"],"articleSection":["Gig Reviews","Rooms"],"inLanguage":"en-US","potentialAction":[{"@type":"CommentAction","name":"Comment","target":["https:\/\/www.indieofilo.com\/en\/gig-reviews\/kula-shaker-21st-february-2016-paradiso-amsterdam#respond"]}]},{"@type":"WebPage","@id":"https:\/\/www.indieofilo.com\/en\/gig-reviews\/kula-shaker-21st-february-2016-paradiso-amsterdam","url":"https:\/\/www.indieofilo.com\/en\/gig-reviews\/kula-shaker-21st-february-2016-paradiso-amsterdam","name":"Kula Shaker \u2013 21st February 2016 (Paradiso - Amsterdam) - Indie\u00f3filo","isPartOf":{"@id":"https:\/\/www.indieofilo.com\/#website"},"primaryImageOfPage":{"@id":"https:\/\/www.indieofilo.com\/en\/gig-reviews\/kula-shaker-21st-february-2016-paradiso-amsterdam#primaryimage"},"image":{"@id":"https:\/\/www.indieofilo.com\/en\/gig-reviews\/kula-shaker-21st-february-2016-paradiso-amsterdam#primaryimage"},"thumbnailUrl":"https:\/\/www.indieofilo.com\/wp-content\/uploads\/2016\/02\/Kula-Shaker-21st-November-2016-Amsterdam-4.jpg","datePublished":"2016-02-23T12:08:40+00:00","dateModified":"2023-11-18T01:49:52+00:00","description":"Review and exclusive photo gallery of the gig that Kula Shaker gave in Amsterdam in February 2016 to present their new album K2.0.","breadcrumb":{"@id":"https:\/\/www.indieofilo.com\/en\/gig-reviews\/kula-shaker-21st-february-2016-paradiso-amsterdam#breadcrumb"},"inLanguage":"en-US","potentialAction":[{"@type":"ReadAction","target":["https:\/\/www.indieofilo.com\/en\/gig-reviews\/kula-shaker-21st-february-2016-paradiso-amsterdam"]}]},{"@type":"ImageObject","inLanguage":"en-US","@id":"https:\/\/www.indieofilo.com\/en\/gig-reviews\/kula-shaker-21st-february-2016-paradiso-amsterdam#primaryimage","url":"https:\/\/www.indieofilo.com\/wp-content\/uploads\/2016\/02\/Kula-Shaker-21st-November-2016-Amsterdam-4.jpg","contentUrl":"https:\/\/www.indieofilo.com\/wp-content\/uploads\/2016\/02\/Kula-Shaker-21st-November-2016-Amsterdam-4.jpg","width":800,"height":533,"caption":"Kula Shaker - 2016 Amsterdam 21st November"},{"@type":"BreadcrumbList","@id":"https:\/\/www.indieofilo.com\/en\/gig-reviews\/kula-shaker-21st-february-2016-paradiso-amsterdam#breadcrumb","itemListElement":[{"@type":"ListItem","position":1,"name":"Portada","item":"https:\/\/www.indieofilo.com\/en"},{"@type":"ListItem","position":2,"name":"Kula Shaker \u2013 21st February 2016 (Paradiso &#8211; Amsterdam)"}]},{"@type":"WebSite","@id":"https:\/\/www.indieofilo.com\/#website","url":"https:\/\/www.indieofilo.com\/","name":"Indie\u00f3filo","description":"Magazine online de la cultura independiente","publisher":{"@id":"https:\/\/www.indieofilo.com\/#organization"},"potentialAction":[{"@type":"SearchAction","target":{"@type":"EntryPoint","urlTemplate":"https:\/\/www.indieofilo.com\/?s={search_term_string}"},"query-input":{"@type":"PropertyValueSpecification","valueRequired":true,"valueName":"search_term_string"}}],"inLanguage":"en-US"},{"@type":"Organization","@id":"https:\/\/www.indieofilo.com\/#organization","name":"Indie\u00f3filo Web","url":"https:\/\/www.indieofilo.com\/","logo":{"@type":"ImageObject","inLanguage":"en-US","@id":"https:\/\/www.indieofilo.com\/#\/schema\/logo\/image\/","url":"https:\/\/www.indieofilo.com\/wp-content\/uploads\/2015\/02\/logo-alta-resolucion.png","contentUrl":"https:\/\/www.indieofilo.com\/wp-content\/uploads\/2015\/02\/logo-alta-resolucion.png","width":544,"height":185,"caption":"Indie\u00f3filo Web"},"image":{"@id":"https:\/\/www.indieofilo.com\/#\/schema\/logo\/image\/"},"sameAs":["https:\/\/www.facebook.com\/Indieofilo\/","https:\/\/x.com\/indieofilo","https:\/\/www.instagram.com\/indieofilo\/"]},{"@type":"Person","@id":"https:\/\/www.indieofilo.com\/#\/schema\/person\/74da137239ce0d8d2ed179f2baf66e3e","name":"Esther","image":{"@type":"ImageObject","inLanguage":"en-US","@id":"https:\/\/www.indieofilo.com\/#\/schema\/person\/image\/","url":"https:\/\/secure.gravatar.com\/avatar\/07e66d1acb4f381f1c32cd15206dcc22?s=96&d=mm&r=g","contentUrl":"https:\/\/secure.gravatar.com\/avatar\/07e66d1acb4f381f1c32cd15206dcc22?s=96&d=mm&r=g","caption":"Esther"},"description":"\u00a1La \u00fanica mente anal\u00edtica de este proyecto! Me encanta la fotograf\u00eda, el crochet, la qu\u00edmica y el running.","url":"https:\/\/www.indieofilo.com\/en\/author\/esther"}]}},"_links":{"self":[{"href":"https:\/\/www.indieofilo.com\/en\/wp-json\/wp\/v2\/posts\/4266","targetHints":{"allow":["GET"]}}],"collection":[{"href":"https:\/\/www.indieofilo.com\/en\/wp-json\/wp\/v2\/posts"}],"about":[{"href":"https:\/\/www.indieofilo.com\/en\/wp-json\/wp\/v2\/types\/post"}],"author":[{"embeddable":true,"href":"https:\/\/www.indieofilo.com\/en\/wp-json\/wp\/v2\/users\/5"}],"replies":[{"embeddable":true,"href":"https:\/\/www.indieofilo.com\/en\/wp-json\/wp\/v2\/comments?post=4266"}],"version-history":[{"count":0,"href":"https:\/\/www.indieofilo.com\/en\/wp-json\/wp\/v2\/posts\/4266\/revisions"}],"wp:featuredmedia":[{"embeddable":true,"href":"https:\/\/www.indieofilo.com\/en\/wp-json\/wp\/v2\/media\/4281"}],"wp:attachment":[{"href":"https:\/\/www.indieofilo.com\/en\/wp-json\/wp\/v2\/media?parent=4266"}],"wp:term":[{"taxonomy":"category","embeddable":true,"href":"https:\/\/www.indieofilo.com\/en\/wp-json\/wp\/v2\/categories?post=4266"},{"taxonomy":"post_tag","embeddable":true,"href":"https:\/\/www.indieofilo.com\/en\/wp-json\/wp\/v2\/tags?post=4266"}],"curies":[{"name":"wp","href":"https:\/\/api.w.org\/{rel}","templated":true}]}}