{"id":41666,"date":"2024-06-19T00:40:35","date_gmt":"2024-06-18T22:40:35","guid":{"rendered":"https:\/\/www.indieofilo.com\/news\/music\/sonar-2024-13-june-2023-barcelona"},"modified":"2024-07-02T13:33:02","modified_gmt":"2024-07-02T11:33:02","slug":"sonar-2024-13-june-2024-barcelona","status":"publish","type":"post","link":"https:\/\/www.indieofilo.com\/en\/gig-reviews\/sonar-2024-13-june-2024-barcelona","title":{"rendered":"S\u00f3nar 2024 &#8211; 13 June 2024 (Barcelona)"},"content":{"rendered":"<p style=\"text-align: justify;\"><strong>S\u00f3nar 2024<\/strong> kicked off this Thursday at the Montjuic fairgrounds for the 31st edition of the Catalan festival, with Air, Paul Kalkbrenner, Jessie Ware and Kaytranada as the festival&#8217;s main attractions by night and Laurent Garnier and Sevdaliza at S\u00f3nar by day.<\/p>\n<p><img fetchpriority=\"high\" decoding=\"async\" class=\"aligncenter size-full wp-image-41643\" src=\"http:\/\/www.indieofilo.com\/wp-content\/uploads\/2024\/06\/Sevdaliza_Sonar_2024.jpg\" alt=\"Sevdaliza Sonar 2024\" width=\"800\" height=\"533\" srcset=\"https:\/\/www.indieofilo.com\/wp-content\/uploads\/2024\/06\/Sevdaliza_Sonar_2024.jpg 800w, https:\/\/www.indieofilo.com\/wp-content\/uploads\/2024\/06\/Sevdaliza_Sonar_2024-600x400.jpg 600w, https:\/\/www.indieofilo.com\/wp-content\/uploads\/2024\/06\/Sevdaliza_Sonar_2024-768x512.jpg 768w\" sizes=\"(max-width: 800px) 100vw, 800px\" \/><\/p>\n<p style=\"text-align: center;\"><span style=\"font-size: 10px;\"><b>Sevdaliza, S\u00f3nar <\/b>2024 &#8211; Photo by <strong>V\u00edctor Ramos Santaf\u00e9<\/strong> for <strong>Indieofilo<sup>\u00a9<\/sup><\/strong><\/span><\/p>\n<p style=\"text-align: justify;\">The opening day started with the overlapping of <strong>Pablopablo<\/strong> and the <strong>main stage performance of Olof Dreijer with the percussionist Diva Cruz<\/strong>. Taking advantage of the longer duration of The Knife&#8217;s half show, we caught Jorge Drexler&#8217;s son&#8217;s show in a fairly packed S\u00f3nar Hall. <strong>Accompanied by a saxophone and drums, pablopablo offered an intimate show full of pop, in which slow rhythms abounded and the delicacy of a forced voice over falsettos<\/strong> was the main instrument on which the dreamy songs of the Madrid-born singer sailed. There was time for &#8216;<em>Otra vida<\/em>&#8216;, &#8216;<em>Sidekick<\/em>&#8216; and a number of new songs to be played, <strong> which at times left a disjointed, collage-like feeling<\/strong> that began to empty the hangar of the exhibition hall.<\/p>\n<p><img decoding=\"async\" class=\"aligncenter size-full wp-image-41635\" src=\"http:\/\/www.indieofilo.com\/wp-content\/uploads\/2024\/06\/pablopablo_Sonar_2024.jpg\" alt=\"pablopablo S\u00f3nar 2024\" width=\"800\" height=\"533\" srcset=\"https:\/\/www.indieofilo.com\/wp-content\/uploads\/2024\/06\/pablopablo_Sonar_2024.jpg 800w, https:\/\/www.indieofilo.com\/wp-content\/uploads\/2024\/06\/pablopablo_Sonar_2024-600x400.jpg 600w, https:\/\/www.indieofilo.com\/wp-content\/uploads\/2024\/06\/pablopablo_Sonar_2024-768x512.jpg 768w\" sizes=\"(max-width: 800px) 100vw, 800px\" \/><\/p>\n<p style=\"text-align: center;\"><span style=\"font-size: 10px;\"><b>pablopablo, S\u00f3nar <\/b>2024 &#8211; Photo by <strong>V\u00edctor Ramos Santaf\u00e9<\/strong> for <strong>Indieofilo<sup>\u00a9<\/sup><\/strong><\/span><\/p>\n<p style=\"text-align: justify;\"><strong>Quite the opposite of Olof Dreijer and Diva Cruz&#8217;s show on the main stage. An amalgam of rhythms based on percussion and synthesizers that had the audience dancing from the first second of the show.<\/strong>. With a jubilant Olof, who never stopped smiling, and in front of that force on stage that is Diva Cruz, <strong>the duo&#8217;s show has been in full swing for almost an hour<\/strong>, highlighting the pleasure of the Swede&#8217;s remix to close in &#8220;<em>Oral<\/em>\u201d of Bj\u00f6rk and Rosal\u00eda or the power of \u201c<em>Brujas<\/em>\u201d, <strong>the theme taht they&#8217;ve done together, which seems tailor-made to be played on loop during the 8M protests.<\/strong>. Between <strong>dances, passages from The Knife or even Celia Cruz, theirs was one of the shows of the festival<\/strong>&#8230; and yet we had only been there for 2 hours!<\/p>\n<p><img decoding=\"async\" class=\"aligncenter size-full wp-image-41629\" src=\"http:\/\/www.indieofilo.com\/wp-content\/uploads\/2024\/06\/Olof_Dreijer_Diva_Cruz_2_Sonar_2024.jpg\" alt=\"Olof Dreijer Diva Cruz Sonar 2024\" width=\"800\" height=\"533\" srcset=\"https:\/\/www.indieofilo.com\/wp-content\/uploads\/2024\/06\/Olof_Dreijer_Diva_Cruz_2_Sonar_2024.jpg 800w, https:\/\/www.indieofilo.com\/wp-content\/uploads\/2024\/06\/Olof_Dreijer_Diva_Cruz_2_Sonar_2024-600x400.jpg 600w, https:\/\/www.indieofilo.com\/wp-content\/uploads\/2024\/06\/Olof_Dreijer_Diva_Cruz_2_Sonar_2024-768x512.jpg 768w\" sizes=\"(max-width: 800px) 100vw, 800px\" \/><\/p>\n<p style=\"text-align: center;\"><span style=\"font-size: 10px;\"><b>Olof Dreijer y Diva Cruz, S\u00f3nar <\/b>2024 &#8211; Photo by <strong>V\u00edctor Ramos Santaf\u00e9<\/strong> for <strong>Indieofilo<sup>\u00a9<\/sup><\/strong><\/span><\/p>\n<p style=\"text-align: justify;\">We don&#8217;t know if it was the drop in energy or really the nature of their show, but <strong>Judeline<\/strong>&#8216;s concert was not enough for us. Standing in front of a huge stage with a staircase with a door in the middle, <strong>the Andalusian singer seemed overly timid and lacking in strength, which resulted in some rather decaffeinated versions<\/strong> of brilliant songs such as &#8216;<em>Zahara<\/em>&#8216; and &#8216;<em>Mangata<\/em>&#8216;. Personally, I think that <strong>these flamenco touches mixed with the urban rhythms of their songs would sound much more powerful live, without the lesser presence of an autotune<\/strong> that swallows everything, leaving the feeling of a completely impersonal show.<\/p>\n<p><img loading=\"lazy\" decoding=\"async\" class=\"aligncenter size-full wp-image-41623\" src=\"http:\/\/www.indieofilo.com\/wp-content\/uploads\/2024\/06\/Judeline_Sonar_2024.jpg\" alt=\"Judeline Sonar 2024\" width=\"800\" height=\"533\" srcset=\"https:\/\/www.indieofilo.com\/wp-content\/uploads\/2024\/06\/Judeline_Sonar_2024.jpg 800w, https:\/\/www.indieofilo.com\/wp-content\/uploads\/2024\/06\/Judeline_Sonar_2024-600x400.jpg 600w, https:\/\/www.indieofilo.com\/wp-content\/uploads\/2024\/06\/Judeline_Sonar_2024-768x512.jpg 768w\" sizes=\"(max-width: 800px) 100vw, 800px\" \/><\/p>\n<p style=\"text-align: center;\"><span style=\"font-size: 10px;\"><b>Judeline, S\u00f3nar <\/b>2024 &#8211; Photo by <strong>V\u00edctor Ramos Santaf\u00e9<\/strong> for <strong>Indieofilo<sup>\u00a9<\/sup><\/strong><\/span><\/p>\n<p style=\"text-align: justify;\">Speaking of disappointments, <strong>Sevdaliza<\/strong>&#8216;s visit to <a href=\"https:\/\/www.indieofilo.com\/en\/gig-reviews\/primavera-sound-barcelona-2023-3-june-2023-barcelona\">Primavera Sound 2023 last year<\/a> left us wanting more with a show full of 90s Eurodance. Returning to Barcelona barely a year later, <strong>her concert was diametrically opposed, offering a show full of delicacy and sensuality, with trip-hop as close to rock as it was to reggaeton at various points<\/strong>. She was joined by a drummer who was the main character in the early stages of the concert for his presence in songs like &#8220;<em>Human<\/em>\u201d or \u201c<em>Good torture<\/em>\u201d, <strong>the show gradually moved towards more danceable rhythms, which made us wonder how good the Iranian would have been on one of the S\u00f3nar nights.<\/strong>\u2026 In this way, <strong>In a fast-paced and energetic second part of the show, she presented her recent collaborations on <em>&#8216;Ride or Die<\/em>&#8216; and &#8216;<em>Nothing Lasts Forever<\/em>&#8216;, as well as his new song &#8216;<em>Alibi<\/em>&#8216;.<\/strong>. We&#8217;re still missing more tracks from the wonderful <em>ISON<\/em> (2017), but at least this time we&#8217;ve come to terms with the Iranian-born artist&#8217;s live performances&#8230;<\/p>\n<p><img loading=\"lazy\" decoding=\"async\" class=\"aligncenter size-full wp-image-41641\" src=\"http:\/\/www.indieofilo.com\/wp-content\/uploads\/2024\/06\/Sevdaliza_4_Sonar_2024.jpg\" alt=\"Sevdaliza Sonar Barcelona 2024\" width=\"800\" height=\"533\" srcset=\"https:\/\/www.indieofilo.com\/wp-content\/uploads\/2024\/06\/Sevdaliza_4_Sonar_2024.jpg 800w, https:\/\/www.indieofilo.com\/wp-content\/uploads\/2024\/06\/Sevdaliza_4_Sonar_2024-600x400.jpg 600w, https:\/\/www.indieofilo.com\/wp-content\/uploads\/2024\/06\/Sevdaliza_4_Sonar_2024-768x512.jpg 768w\" sizes=\"(max-width: 800px) 100vw, 800px\" \/><\/p>\n<p style=\"text-align: center;\"><span style=\"font-size: 10px;\"><b>Sevdaliza, S\u00f3nar <\/b>2024 &#8211; Photo by <strong>V\u00edctor Ramos Santaf\u00e9<\/strong> for <strong>Indieofilo<sup>\u00a9<\/sup><\/strong><\/span><\/p>\n<p style=\"text-align: justify;\">In a 180\u00ba turn, we would go to the stage of the S\u00f3nar Complex to be surprised by the proposal of <strong>A\u00efsha Devi<\/strong> in the show &#8220;Les immortelles&#8221;. A torrent of electronic sounds with a predominance of bass, and although I had my usual drum earplugs in, <strong>I must confess that at times I felt overwhelmed by the power that the Swiss woman unleashed from the stage<\/strong>. Accompanied by a scenography of banners and chiaroscuro lighting, much of the concert was based on her wonderful album <em>Death is Home<\/em> (2023). Physically and emotionally exhausted, we can only be grateful that a festival of S\u00f3nar&#8217;s magnitude continues to support such diverse proposals on a stage the size of the small auditorium of the S\u00f3nar Complex stage.<\/p>\n<p><img loading=\"lazy\" decoding=\"async\" class=\"aligncenter size-full wp-image-41605\" src=\"http:\/\/www.indieofilo.com\/wp-content\/uploads\/2024\/06\/Aisha_Devi_Sonar_2024.jpg\" alt=\"Aisha Devi Sonar 2024\" width=\"800\" height=\"533\" srcset=\"https:\/\/www.indieofilo.com\/wp-content\/uploads\/2024\/06\/Aisha_Devi_Sonar_2024.jpg 800w, https:\/\/www.indieofilo.com\/wp-content\/uploads\/2024\/06\/Aisha_Devi_Sonar_2024-600x400.jpg 600w, https:\/\/www.indieofilo.com\/wp-content\/uploads\/2024\/06\/Aisha_Devi_Sonar_2024-768x512.jpg 768w\" sizes=\"(max-width: 800px) 100vw, 800px\" \/><\/p>\n<p style=\"text-align: center;\"><span style=\"font-size: 10px;\"><b>A\u00efsha Devi, S\u00f3nar <\/b>2024 &#8211; Photo by <strong>V\u00edctor Ramos Santaf\u00e9<\/strong> for <strong>Indieofilo<sup>\u00a9<\/sup><\/strong><\/span><\/p>\n<p style=\"text-align: justify;\">At the end of the day, and after the sonic upheaval of the last hour, it was back to the S\u00f3nar Village stage to see if all the good things that the young Irishwoman <strong>Yun\u00e8 Pinku<\/strong> has shown on her EPs would continue live. <strong>If they gave equal parts hyper-pop and UK garage, their concert moved away from the darker passages to more conventional pop, highlighting the Malaysian singer&#8217;s voice<\/strong>. Theirs was a show that <strong>went from so-good to so-less, where the monotony and lack of rhythmic variation meant that after the first 10 minutes all the songs sounded very similar<\/strong>, leading to a general feeling of boredom.<\/p>\n","protected":false},"excerpt":{"rendered":"<p>S\u00f3nar 2024 kicked off this Thursday at the Montjuic fairgrounds for the 31st edition of the Catalan festival, with Air, Paul Kalkbrenner, Jessie Ware and Kaytranada as the festival&#8217;s main attractions by night and Laurent Garnier and Sevdaliza at S\u00f3nar by day. Sevdaliza, S\u00f3nar 2024 &#8211; Photo by V\u00edctor Ramos Santaf\u00e9 for Indieofilo\u00a9 The opening [&hellip;]<\/p>\n","protected":false},"author":1,"featured_media":41643,"comment_status":"open","ping_status":"closed","sticky":false,"template":"","format":"gallery","meta":{"footnotes":""},"categories":[6908,33,7],"tags":[7225,4961,7226,6138,5050,6916,7224],"class_list":["post-41666","post","type-post","status-publish","format-gallery","has-post-thumbnail","hentry","category-featured","category-festivals","category-gig-reviews","tag-aisha-devi-en","tag-barcelona-en","tag-judeline-en","tag-sevdaliza-en","tag-sonar-en","tag-sonar-2024-en","tag-yune-pinku-en","post_format-post-format-gallery"],"yoast_head":"<!-- This site is optimized with the Yoast SEO Premium plugin v23.9 (Yoast SEO v26.6) - https:\/\/yoast.com\/wordpress\/plugins\/seo\/ -->\n<title>S\u00f3nar 2024 - 13 June 2024 (Barcelona) - Indie\u00f3filo<\/title>\n<meta name=\"description\" content=\"Chronicle and photo gallery of the first day of S\u00f3nar 2024, with performances by Olof Dreijer and Diva Cruz, Sevdaliza and Judeline.\" \/>\n<meta name=\"robots\" content=\"index, follow, max-snippet:-1, max-image-preview:large, max-video-preview:-1\" \/>\n<link rel=\"canonical\" href=\"https:\/\/www.indieofilo.com\/en\/gig-reviews\/sonar-2024-13-june-2024-barcelona\" \/>\n<meta property=\"og:locale\" content=\"en_US\" \/>\n<meta property=\"og:type\" content=\"article\" \/>\n<meta property=\"og:title\" content=\"S\u00f3nar 2024 - 13 June 2024 (Barcelona)\" \/>\n<meta property=\"og:description\" content=\"Chronicle and photo gallery of the first day of S\u00f3nar 2024, with performances by Olof Dreijer and Diva Cruz, Sevdaliza and Judeline.\" \/>\n<meta property=\"og:url\" content=\"https:\/\/www.indieofilo.com\/en\/gig-reviews\/sonar-2024-13-june-2024-barcelona\" \/>\n<meta property=\"og:site_name\" content=\"Indie\u00f3filo\" \/>\n<meta property=\"article:publisher\" content=\"https:\/\/www.facebook.com\/Indieofilo\/\" \/>\n<meta property=\"article:published_time\" content=\"2024-06-18T22:40:35+00:00\" \/>\n<meta property=\"article:modified_time\" content=\"2024-07-02T11:33:02+00:00\" \/>\n<meta property=\"og:image\" content=\"http:\/\/www.indieofilo.com\/wp-content\/uploads\/2024\/06\/Sevdaliza_Sonar_2024.jpg\" \/>\n\t<meta property=\"og:image:width\" content=\"800\" \/>\n\t<meta property=\"og:image:height\" content=\"533\" \/>\n\t<meta property=\"og:image:type\" content=\"image\/jpeg\" \/>\n<meta name=\"author\" content=\"Victor\" \/>\n<meta name=\"twitter:card\" content=\"summary_large_image\" \/>\n<meta name=\"twitter:creator\" content=\"@indieofilo\" \/>\n<meta name=\"twitter:site\" content=\"@indieofilo\" \/>\n<meta name=\"twitter:label1\" content=\"Written by\" \/>\n\t<meta name=\"twitter:data1\" content=\"Victor\" \/>\n\t<meta name=\"twitter:label2\" content=\"Est. reading time\" \/>\n\t<meta name=\"twitter:data2\" content=\"6 minutes\" \/>\n<script type=\"application\/ld+json\" class=\"yoast-schema-graph\">{\"@context\":\"https:\/\/schema.org\",\"@graph\":[{\"@type\":\"Article\",\"@id\":\"https:\/\/www.indieofilo.com\/en\/gig-reviews\/sonar-2024-13-june-2024-barcelona#article\",\"isPartOf\":{\"@id\":\"https:\/\/www.indieofilo.com\/en\/gig-reviews\/sonar-2024-13-june-2024-barcelona\"},\"author\":{\"name\":\"Victor\",\"@id\":\"https:\/\/www.indieofilo.com\/#\/schema\/person\/595334d38590e4ce5a09f83cbf2fca90\"},\"headline\":\"S\u00f3nar 2024 &#8211; 13 June 2024 (Barcelona)\",\"datePublished\":\"2024-06-18T22:40:35+00:00\",\"dateModified\":\"2024-07-02T11:33:02+00:00\",\"mainEntityOfPage\":{\"@id\":\"https:\/\/www.indieofilo.com\/en\/gig-reviews\/sonar-2024-13-june-2024-barcelona\"},\"wordCount\":889,\"commentCount\":0,\"publisher\":{\"@id\":\"https:\/\/www.indieofilo.com\/#organization\"},\"image\":{\"@id\":\"https:\/\/www.indieofilo.com\/en\/gig-reviews\/sonar-2024-13-june-2024-barcelona#primaryimage\"},\"thumbnailUrl\":\"https:\/\/www.indieofilo.com\/wp-content\/uploads\/2024\/06\/Sevdaliza_Sonar_2024.jpg\",\"keywords\":[\"A\u00efsha Devi\",\"Barcelona\",\"Judeline\",\"Sevdaliza\",\"S\u00f3nar\",\"S\u00f3nar 2024\",\"Yun\u00e8 Pinku\"],\"articleSection\":[\"Featured\",\"Festivals\",\"Gig Reviews\"],\"inLanguage\":\"en-US\",\"potentialAction\":[{\"@type\":\"CommentAction\",\"name\":\"Comment\",\"target\":[\"https:\/\/www.indieofilo.com\/en\/gig-reviews\/sonar-2024-13-june-2024-barcelona#respond\"]}]},{\"@type\":\"WebPage\",\"@id\":\"https:\/\/www.indieofilo.com\/en\/gig-reviews\/sonar-2024-13-june-2024-barcelona\",\"url\":\"https:\/\/www.indieofilo.com\/en\/gig-reviews\/sonar-2024-13-june-2024-barcelona\",\"name\":\"S\u00f3nar 2024 - 13 June 2024 (Barcelona) - Indie\u00f3filo\",\"isPartOf\":{\"@id\":\"https:\/\/www.indieofilo.com\/#website\"},\"primaryImageOfPage\":{\"@id\":\"https:\/\/www.indieofilo.com\/en\/gig-reviews\/sonar-2024-13-june-2024-barcelona#primaryimage\"},\"image\":{\"@id\":\"https:\/\/www.indieofilo.com\/en\/gig-reviews\/sonar-2024-13-june-2024-barcelona#primaryimage\"},\"thumbnailUrl\":\"https:\/\/www.indieofilo.com\/wp-content\/uploads\/2024\/06\/Sevdaliza_Sonar_2024.jpg\",\"datePublished\":\"2024-06-18T22:40:35+00:00\",\"dateModified\":\"2024-07-02T11:33:02+00:00\",\"description\":\"Chronicle and photo gallery of the first day of S\u00f3nar 2024, with performances by Olof Dreijer and Diva Cruz, Sevdaliza and Judeline.\",\"breadcrumb\":{\"@id\":\"https:\/\/www.indieofilo.com\/en\/gig-reviews\/sonar-2024-13-june-2024-barcelona#breadcrumb\"},\"inLanguage\":\"en-US\",\"potentialAction\":[{\"@type\":\"ReadAction\",\"target\":[\"https:\/\/www.indieofilo.com\/en\/gig-reviews\/sonar-2024-13-june-2024-barcelona\"]}]},{\"@type\":\"ImageObject\",\"inLanguage\":\"en-US\",\"@id\":\"https:\/\/www.indieofilo.com\/en\/gig-reviews\/sonar-2024-13-june-2024-barcelona#primaryimage\",\"url\":\"https:\/\/www.indieofilo.com\/wp-content\/uploads\/2024\/06\/Sevdaliza_Sonar_2024.jpg\",\"contentUrl\":\"https:\/\/www.indieofilo.com\/wp-content\/uploads\/2024\/06\/Sevdaliza_Sonar_2024.jpg\",\"width\":800,\"height\":533,\"caption\":\"Sevdaliza Sonar 2024\"},{\"@type\":\"BreadcrumbList\",\"@id\":\"https:\/\/www.indieofilo.com\/en\/gig-reviews\/sonar-2024-13-june-2024-barcelona#breadcrumb\",\"itemListElement\":[{\"@type\":\"ListItem\",\"position\":1,\"name\":\"Portada\",\"item\":\"https:\/\/www.indieofilo.com\/en\"},{\"@type\":\"ListItem\",\"position\":2,\"name\":\"S\u00f3nar 2024 &#8211; 13 June 2024 (Barcelona)\"}]},{\"@type\":\"WebSite\",\"@id\":\"https:\/\/www.indieofilo.com\/#website\",\"url\":\"https:\/\/www.indieofilo.com\/\",\"name\":\"Indie\u00f3filo\",\"description\":\"Magazine online de la cultura independiente\",\"publisher\":{\"@id\":\"https:\/\/www.indieofilo.com\/#organization\"},\"potentialAction\":[{\"@type\":\"SearchAction\",\"target\":{\"@type\":\"EntryPoint\",\"urlTemplate\":\"https:\/\/www.indieofilo.com\/?s={search_term_string}\"},\"query-input\":{\"@type\":\"PropertyValueSpecification\",\"valueRequired\":true,\"valueName\":\"search_term_string\"}}],\"inLanguage\":\"en-US\"},{\"@type\":\"Organization\",\"@id\":\"https:\/\/www.indieofilo.com\/#organization\",\"name\":\"Indie\u00f3filo Web\",\"url\":\"https:\/\/www.indieofilo.com\/\",\"logo\":{\"@type\":\"ImageObject\",\"inLanguage\":\"en-US\",\"@id\":\"https:\/\/www.indieofilo.com\/#\/schema\/logo\/image\/\",\"url\":\"https:\/\/www.indieofilo.com\/wp-content\/uploads\/2015\/02\/logo-alta-resolucion.png\",\"contentUrl\":\"https:\/\/www.indieofilo.com\/wp-content\/uploads\/2015\/02\/logo-alta-resolucion.png\",\"width\":544,\"height\":185,\"caption\":\"Indie\u00f3filo Web\"},\"image\":{\"@id\":\"https:\/\/www.indieofilo.com\/#\/schema\/logo\/image\/\"},\"sameAs\":[\"https:\/\/www.facebook.com\/Indieofilo\/\",\"https:\/\/x.com\/indieofilo\",\"https:\/\/www.instagram.com\/indieofilo\/\"]},{\"@type\":\"Person\",\"@id\":\"https:\/\/www.indieofilo.com\/#\/schema\/person\/595334d38590e4ce5a09f83cbf2fca90\",\"name\":\"Victor\",\"image\":{\"@type\":\"ImageObject\",\"inLanguage\":\"en-US\",\"@id\":\"https:\/\/www.indieofilo.com\/#\/schema\/person\/image\/\",\"url\":\"https:\/\/secure.gravatar.com\/avatar\/682b8c6ea3e94b6cffec683b25f1797d?s=96&d=mm&r=g\",\"contentUrl\":\"https:\/\/secure.gravatar.com\/avatar\/682b8c6ea3e94b6cffec683b25f1797d?s=96&d=mm&r=g\",\"caption\":\"Victor\"},\"description\":\"Fan\u00e1tico de la m\u00fasica desde que mis padres me pon\u00edan a Eydie Gorme y Los Panchos o el Discotuna por la A2. Intent\u00e9 tocar varios instrumentos, pero soy muy torpe con la mano izquierda, as\u00ed que ya sab\u00e9is el resultado final. Fan del britpop, Post-punk, el rugby y el baloncesto...\",\"sameAs\":[\"http:\/\/indieofilo.com\"],\"url\":\"https:\/\/www.indieofilo.com\/en\/author\/victor\"}]}<\/script>\n<!-- \/ Yoast SEO Premium plugin. -->","yoast_head_json":{"title":"S\u00f3nar 2024 - 13 June 2024 (Barcelona) - Indie\u00f3filo","description":"Chronicle and photo gallery of the first day of S\u00f3nar 2024, with performances by Olof Dreijer and Diva Cruz, Sevdaliza and Judeline.","robots":{"index":"index","follow":"follow","max-snippet":"max-snippet:-1","max-image-preview":"max-image-preview:large","max-video-preview":"max-video-preview:-1"},"canonical":"https:\/\/www.indieofilo.com\/en\/gig-reviews\/sonar-2024-13-june-2024-barcelona","og_locale":"en_US","og_type":"article","og_title":"S\u00f3nar 2024 - 13 June 2024 (Barcelona)","og_description":"Chronicle and photo gallery of the first day of S\u00f3nar 2024, with performances by Olof Dreijer and Diva Cruz, Sevdaliza and Judeline.","og_url":"https:\/\/www.indieofilo.com\/en\/gig-reviews\/sonar-2024-13-june-2024-barcelona","og_site_name":"Indie\u00f3filo","article_publisher":"https:\/\/www.facebook.com\/Indieofilo\/","article_published_time":"2024-06-18T22:40:35+00:00","article_modified_time":"2024-07-02T11:33:02+00:00","og_image":[{"width":800,"height":533,"url":"http:\/\/www.indieofilo.com\/wp-content\/uploads\/2024\/06\/Sevdaliza_Sonar_2024.jpg","type":"image\/jpeg"}],"author":"Victor","twitter_card":"summary_large_image","twitter_creator":"@indieofilo","twitter_site":"@indieofilo","twitter_misc":{"Written by":"Victor","Est. reading time":"6 minutes"},"schema":{"@context":"https:\/\/schema.org","@graph":[{"@type":"Article","@id":"https:\/\/www.indieofilo.com\/en\/gig-reviews\/sonar-2024-13-june-2024-barcelona#article","isPartOf":{"@id":"https:\/\/www.indieofilo.com\/en\/gig-reviews\/sonar-2024-13-june-2024-barcelona"},"author":{"name":"Victor","@id":"https:\/\/www.indieofilo.com\/#\/schema\/person\/595334d38590e4ce5a09f83cbf2fca90"},"headline":"S\u00f3nar 2024 &#8211; 13 June 2024 (Barcelona)","datePublished":"2024-06-18T22:40:35+00:00","dateModified":"2024-07-02T11:33:02+00:00","mainEntityOfPage":{"@id":"https:\/\/www.indieofilo.com\/en\/gig-reviews\/sonar-2024-13-june-2024-barcelona"},"wordCount":889,"commentCount":0,"publisher":{"@id":"https:\/\/www.indieofilo.com\/#organization"},"image":{"@id":"https:\/\/www.indieofilo.com\/en\/gig-reviews\/sonar-2024-13-june-2024-barcelona#primaryimage"},"thumbnailUrl":"https:\/\/www.indieofilo.com\/wp-content\/uploads\/2024\/06\/Sevdaliza_Sonar_2024.jpg","keywords":["A\u00efsha Devi","Barcelona","Judeline","Sevdaliza","S\u00f3nar","S\u00f3nar 2024","Yun\u00e8 Pinku"],"articleSection":["Featured","Festivals","Gig Reviews"],"inLanguage":"en-US","potentialAction":[{"@type":"CommentAction","name":"Comment","target":["https:\/\/www.indieofilo.com\/en\/gig-reviews\/sonar-2024-13-june-2024-barcelona#respond"]}]},{"@type":"WebPage","@id":"https:\/\/www.indieofilo.com\/en\/gig-reviews\/sonar-2024-13-june-2024-barcelona","url":"https:\/\/www.indieofilo.com\/en\/gig-reviews\/sonar-2024-13-june-2024-barcelona","name":"S\u00f3nar 2024 - 13 June 2024 (Barcelona) - Indie\u00f3filo","isPartOf":{"@id":"https:\/\/www.indieofilo.com\/#website"},"primaryImageOfPage":{"@id":"https:\/\/www.indieofilo.com\/en\/gig-reviews\/sonar-2024-13-june-2024-barcelona#primaryimage"},"image":{"@id":"https:\/\/www.indieofilo.com\/en\/gig-reviews\/sonar-2024-13-june-2024-barcelona#primaryimage"},"thumbnailUrl":"https:\/\/www.indieofilo.com\/wp-content\/uploads\/2024\/06\/Sevdaliza_Sonar_2024.jpg","datePublished":"2024-06-18T22:40:35+00:00","dateModified":"2024-07-02T11:33:02+00:00","description":"Chronicle and photo gallery of the first day of S\u00f3nar 2024, with performances by Olof Dreijer and Diva Cruz, Sevdaliza and Judeline.","breadcrumb":{"@id":"https:\/\/www.indieofilo.com\/en\/gig-reviews\/sonar-2024-13-june-2024-barcelona#breadcrumb"},"inLanguage":"en-US","potentialAction":[{"@type":"ReadAction","target":["https:\/\/www.indieofilo.com\/en\/gig-reviews\/sonar-2024-13-june-2024-barcelona"]}]},{"@type":"ImageObject","inLanguage":"en-US","@id":"https:\/\/www.indieofilo.com\/en\/gig-reviews\/sonar-2024-13-june-2024-barcelona#primaryimage","url":"https:\/\/www.indieofilo.com\/wp-content\/uploads\/2024\/06\/Sevdaliza_Sonar_2024.jpg","contentUrl":"https:\/\/www.indieofilo.com\/wp-content\/uploads\/2024\/06\/Sevdaliza_Sonar_2024.jpg","width":800,"height":533,"caption":"Sevdaliza Sonar 2024"},{"@type":"BreadcrumbList","@id":"https:\/\/www.indieofilo.com\/en\/gig-reviews\/sonar-2024-13-june-2024-barcelona#breadcrumb","itemListElement":[{"@type":"ListItem","position":1,"name":"Portada","item":"https:\/\/www.indieofilo.com\/en"},{"@type":"ListItem","position":2,"name":"S\u00f3nar 2024 &#8211; 13 June 2024 (Barcelona)"}]},{"@type":"WebSite","@id":"https:\/\/www.indieofilo.com\/#website","url":"https:\/\/www.indieofilo.com\/","name":"Indie\u00f3filo","description":"Magazine online de la cultura independiente","publisher":{"@id":"https:\/\/www.indieofilo.com\/#organization"},"potentialAction":[{"@type":"SearchAction","target":{"@type":"EntryPoint","urlTemplate":"https:\/\/www.indieofilo.com\/?s={search_term_string}"},"query-input":{"@type":"PropertyValueSpecification","valueRequired":true,"valueName":"search_term_string"}}],"inLanguage":"en-US"},{"@type":"Organization","@id":"https:\/\/www.indieofilo.com\/#organization","name":"Indie\u00f3filo Web","url":"https:\/\/www.indieofilo.com\/","logo":{"@type":"ImageObject","inLanguage":"en-US","@id":"https:\/\/www.indieofilo.com\/#\/schema\/logo\/image\/","url":"https:\/\/www.indieofilo.com\/wp-content\/uploads\/2015\/02\/logo-alta-resolucion.png","contentUrl":"https:\/\/www.indieofilo.com\/wp-content\/uploads\/2015\/02\/logo-alta-resolucion.png","width":544,"height":185,"caption":"Indie\u00f3filo Web"},"image":{"@id":"https:\/\/www.indieofilo.com\/#\/schema\/logo\/image\/"},"sameAs":["https:\/\/www.facebook.com\/Indieofilo\/","https:\/\/x.com\/indieofilo","https:\/\/www.instagram.com\/indieofilo\/"]},{"@type":"Person","@id":"https:\/\/www.indieofilo.com\/#\/schema\/person\/595334d38590e4ce5a09f83cbf2fca90","name":"Victor","image":{"@type":"ImageObject","inLanguage":"en-US","@id":"https:\/\/www.indieofilo.com\/#\/schema\/person\/image\/","url":"https:\/\/secure.gravatar.com\/avatar\/682b8c6ea3e94b6cffec683b25f1797d?s=96&d=mm&r=g","contentUrl":"https:\/\/secure.gravatar.com\/avatar\/682b8c6ea3e94b6cffec683b25f1797d?s=96&d=mm&r=g","caption":"Victor"},"description":"Fan\u00e1tico de la m\u00fasica desde que mis padres me pon\u00edan a Eydie Gorme y Los Panchos o el Discotuna por la A2. Intent\u00e9 tocar varios instrumentos, pero soy muy torpe con la mano izquierda, as\u00ed que ya sab\u00e9is el resultado final. Fan del britpop, Post-punk, el rugby y el baloncesto...","sameAs":["http:\/\/indieofilo.com"],"url":"https:\/\/www.indieofilo.com\/en\/author\/victor"}]}},"_links":{"self":[{"href":"https:\/\/www.indieofilo.com\/en\/wp-json\/wp\/v2\/posts\/41666","targetHints":{"allow":["GET"]}}],"collection":[{"href":"https:\/\/www.indieofilo.com\/en\/wp-json\/wp\/v2\/posts"}],"about":[{"href":"https:\/\/www.indieofilo.com\/en\/wp-json\/wp\/v2\/types\/post"}],"author":[{"embeddable":true,"href":"https:\/\/www.indieofilo.com\/en\/wp-json\/wp\/v2\/users\/1"}],"replies":[{"embeddable":true,"href":"https:\/\/www.indieofilo.com\/en\/wp-json\/wp\/v2\/comments?post=41666"}],"version-history":[{"count":0,"href":"https:\/\/www.indieofilo.com\/en\/wp-json\/wp\/v2\/posts\/41666\/revisions"}],"wp:featuredmedia":[{"embeddable":true,"href":"https:\/\/www.indieofilo.com\/en\/wp-json\/wp\/v2\/media\/41643"}],"wp:attachment":[{"href":"https:\/\/www.indieofilo.com\/en\/wp-json\/wp\/v2\/media?parent=41666"}],"wp:term":[{"taxonomy":"category","embeddable":true,"href":"https:\/\/www.indieofilo.com\/en\/wp-json\/wp\/v2\/categories?post=41666"},{"taxonomy":"post_tag","embeddable":true,"href":"https:\/\/www.indieofilo.com\/en\/wp-json\/wp\/v2\/tags?post=41666"}],"curies":[{"name":"wp","href":"https:\/\/api.w.org\/{rel}","templated":true}]}}