{"id":41537,"date":"2023-11-13T17:17:00","date_gmt":"2023-11-13T16:17:00","guid":{"rendered":"https:\/\/www.indieofilo.com\/news\/music\/glen-hansard-confirms-date-for-alma-festival-2024"},"modified":"2024-06-10T12:26:31","modified_gmt":"2024-06-10T10:26:31","slug":"glen-hansard-confirms-date-for-alma-festival-2024","status":"publish","type":"post","link":"https:\/\/www.indieofilo.com\/en\/short-news\/glen-hansard-confirms-date-for-alma-festival-2024","title":{"rendered":"Glen Hansard confirms date for Alma Festival 2024"},"content":{"rendered":"<p><img fetchpriority=\"high\" decoding=\"async\" class=\"aligncenter size-medium wp-image-37861\" src=\"http:\/\/indieofilo.com\/wp-content\/uploads\/2023\/11\/Alma_Festival_2024_Barcelona_Glen_Hansard-426x533.jpg\" alt=\"Alma Festival 2024 - Glen Hansard\" width=\"426\" height=\"533\" srcset=\"https:\/\/www.indieofilo.com\/wp-content\/uploads\/2023\/11\/Alma_Festival_2024_Barcelona_Glen_Hansard-426x533.jpg 426w, https:\/\/www.indieofilo.com\/wp-content\/uploads\/2023\/11\/Alma_Festival_2024_Barcelona_Glen_Hansard-546x683.jpg 546w, https:\/\/www.indieofilo.com\/wp-content\/uploads\/2023\/11\/Alma_Festival_2024_Barcelona_Glen_Hansard-320x400.jpg 320w, https:\/\/www.indieofilo.com\/wp-content\/uploads\/2023\/11\/Alma_Festival_2024_Barcelona_Glen_Hansard-768x960.jpg 768w, https:\/\/www.indieofilo.com\/wp-content\/uploads\/2023\/11\/Alma_Festival_2024_Barcelona_Glen_Hansard-1229x1536.jpg 1229w, https:\/\/www.indieofilo.com\/wp-content\/uploads\/2023\/11\/Alma_Festival_2024_Barcelona_Glen_Hansard.jpg 1440w\" sizes=\"(max-width: 426px) 100vw, 426px\" \/><\/p>\n<p style=\"text-align: justify;\"><a href=\"https:\/\/www.indieofilo.com\/en\/news\/alma-festival-2024-reveals-its-first-names\">Two weeks after announcing the first names<\/a> in its line-up, <strong>Alma Festival 2024<\/strong> has added Irishman <strong>Glen Hansard<\/strong> to the list of concerts that will take place between June and July in Barcelona&#8217;s Poble Espanyol, on the 25th of June. The Dublin-born singer, who shot to fame in 2006 with his role in the film Once and won an Oscar for Best Song for &#8216;<em>Falling Slowly<\/em>&#8216;, is a firm Barcelona supporter, which he frequently tours, as <a href=\"https:\/\/www.indieofilo.com\/en\/gig-reviews\/glen-hansard-28-march-2017-casino-l-alianca-barcelona\">we saw a few years ago at the Milenni Festival when he went to play at the Casino de L&#8217;Alian\u00e7a<\/a>.<\/p>\n<p style=\"text-align: justify;\">Tickets are now available on the <a href=\"https:\/\/almafestival.info\/\" target=\"_blank\" rel=\"noopener\">festival&#8217;s official website<\/a> for this and all other concerts.<\/p>\n","protected":false},"excerpt":{"rendered":"<p>Two weeks after announcing the first names in its line-up, Alma Festival 2024 has added Irishman Glen Hansard to the list of concerts that will take place between June and July in Barcelona&#8217;s Poble Espanyol, on the 25th of June. The Dublin-born singer, who shot to fame in 2006 with his role in the film [&hellip;]<\/p>\n","protected":false},"author":5,"featured_media":37862,"comment_status":"open","ping_status":"closed","sticky":false,"template":"","format":"standard","meta":{"footnotes":""},"categories":[18],"tags":[7203,7205,7204,7207,5598],"class_list":["post-41537","post","type-post","status-publish","format-standard","has-post-thumbnail","hentry","category-short-news","tag-alma-festival-jardins-de-pedralbes-en","tag-alma-festival-2024-en","tag-alma-festival-barcelona-en","tag-alma-festival-barcelona-2024-en","tag-glen-hansard-en"],"yoast_head":"<!-- This site is optimized with the Yoast SEO Premium plugin v23.9 (Yoast SEO v26.6) - https:\/\/yoast.com\/wordpress\/plugins\/seo\/ -->\n<title>Glen Hansard confirms date for Alma Festival 2024 - Indie\u00f3filo<\/title>\n<meta name=\"description\" content=\"The Dubliner, who became famous for his role in the film Once, will be performing at the Poble Espanyol on 25 June.\" \/>\n<meta name=\"robots\" content=\"index, follow, max-snippet:-1, max-image-preview:large, max-video-preview:-1\" \/>\n<link rel=\"canonical\" href=\"https:\/\/www.indieofilo.com\/en\/short-news\/glen-hansard-confirms-date-for-alma-festival-2024\" \/>\n<meta property=\"og:locale\" content=\"en_US\" \/>\n<meta property=\"og:type\" content=\"article\" \/>\n<meta property=\"og:title\" content=\"Glen Hansard confirms date for Alma Festival 2024\" \/>\n<meta property=\"og:description\" content=\"The Dubliner, who became famous for his role in the film Once, will be performing at the Poble Espanyol on 25 June.\" \/>\n<meta property=\"og:url\" content=\"https:\/\/www.indieofilo.com\/en\/short-news\/glen-hansard-confirms-date-for-alma-festival-2024\" \/>\n<meta property=\"og:site_name\" content=\"Indie\u00f3filo\" \/>\n<meta property=\"article:publisher\" content=\"https:\/\/www.facebook.com\/Indieofilo\/\" \/>\n<meta property=\"article:published_time\" content=\"2023-11-13T16:17:00+00:00\" \/>\n<meta property=\"article:modified_time\" content=\"2024-06-10T10:26:31+00:00\" \/>\n<meta property=\"og:image\" content=\"http:\/\/www.indieofilo.com\/wp-content\/uploads\/2023\/11\/Alma_Festival_2024_Barcelona_Glen_Hansard.jpg\" \/>\n\t<meta property=\"og:image:width\" content=\"1440\" \/>\n\t<meta property=\"og:image:height\" content=\"1800\" \/>\n\t<meta property=\"og:image:type\" content=\"image\/jpeg\" \/>\n<meta name=\"author\" content=\"Esther\" \/>\n<meta name=\"twitter:card\" content=\"summary_large_image\" \/>\n<meta name=\"twitter:creator\" content=\"@indieofilo\" \/>\n<meta name=\"twitter:site\" content=\"@indieofilo\" \/>\n<meta name=\"twitter:label1\" content=\"Written by\" \/>\n\t<meta name=\"twitter:data1\" content=\"Esther\" \/>\n\t<meta name=\"twitter:label2\" content=\"Est. reading time\" \/>\n\t<meta name=\"twitter:data2\" content=\"1 minute\" \/>\n<script type=\"application\/ld+json\" class=\"yoast-schema-graph\">{\"@context\":\"https:\/\/schema.org\",\"@graph\":[{\"@type\":\"Article\",\"@id\":\"https:\/\/www.indieofilo.com\/en\/short-news\/glen-hansard-confirms-date-for-alma-festival-2024#article\",\"isPartOf\":{\"@id\":\"https:\/\/www.indieofilo.com\/en\/short-news\/glen-hansard-confirms-date-for-alma-festival-2024\"},\"author\":{\"name\":\"Esther\",\"@id\":\"https:\/\/www.indieofilo.com\/#\/schema\/person\/74da137239ce0d8d2ed179f2baf66e3e\"},\"headline\":\"Glen Hansard confirms date for Alma Festival 2024\",\"datePublished\":\"2023-11-13T16:17:00+00:00\",\"dateModified\":\"2024-06-10T10:26:31+00:00\",\"mainEntityOfPage\":{\"@id\":\"https:\/\/www.indieofilo.com\/en\/short-news\/glen-hansard-confirms-date-for-alma-festival-2024\"},\"wordCount\":117,\"commentCount\":0,\"publisher\":{\"@id\":\"https:\/\/www.indieofilo.com\/#organization\"},\"image\":{\"@id\":\"https:\/\/www.indieofilo.com\/en\/short-news\/glen-hansard-confirms-date-for-alma-festival-2024#primaryimage\"},\"thumbnailUrl\":\"https:\/\/www.indieofilo.com\/wp-content\/uploads\/2023\/11\/Alma_Festival_2024_Barcelona_Glen_Hansard.jpg\",\"keywords\":[\"Alma - Festival Jardins de Pedralbes\",\"Alma Festival 2024\",\"Alma Festival Barcelona\",\"Alma Festival Barcelona 2024\",\"Glen Hansard\"],\"articleSection\":[\"Short news\"],\"inLanguage\":\"en-US\",\"potentialAction\":[{\"@type\":\"CommentAction\",\"name\":\"Comment\",\"target\":[\"https:\/\/www.indieofilo.com\/en\/short-news\/glen-hansard-confirms-date-for-alma-festival-2024#respond\"]}]},{\"@type\":\"WebPage\",\"@id\":\"https:\/\/www.indieofilo.com\/en\/short-news\/glen-hansard-confirms-date-for-alma-festival-2024\",\"url\":\"https:\/\/www.indieofilo.com\/en\/short-news\/glen-hansard-confirms-date-for-alma-festival-2024\",\"name\":\"Glen Hansard confirms date for Alma Festival 2024 - Indie\u00f3filo\",\"isPartOf\":{\"@id\":\"https:\/\/www.indieofilo.com\/#website\"},\"primaryImageOfPage\":{\"@id\":\"https:\/\/www.indieofilo.com\/en\/short-news\/glen-hansard-confirms-date-for-alma-festival-2024#primaryimage\"},\"image\":{\"@id\":\"https:\/\/www.indieofilo.com\/en\/short-news\/glen-hansard-confirms-date-for-alma-festival-2024#primaryimage\"},\"thumbnailUrl\":\"https:\/\/www.indieofilo.com\/wp-content\/uploads\/2023\/11\/Alma_Festival_2024_Barcelona_Glen_Hansard.jpg\",\"datePublished\":\"2023-11-13T16:17:00+00:00\",\"dateModified\":\"2024-06-10T10:26:31+00:00\",\"description\":\"The Dubliner, who became famous for his role in the film Once, will be performing at the Poble Espanyol on 25 June.\",\"breadcrumb\":{\"@id\":\"https:\/\/www.indieofilo.com\/en\/short-news\/glen-hansard-confirms-date-for-alma-festival-2024#breadcrumb\"},\"inLanguage\":\"en-US\",\"potentialAction\":[{\"@type\":\"ReadAction\",\"target\":[\"https:\/\/www.indieofilo.com\/en\/short-news\/glen-hansard-confirms-date-for-alma-festival-2024\"]}]},{\"@type\":\"ImageObject\",\"inLanguage\":\"en-US\",\"@id\":\"https:\/\/www.indieofilo.com\/en\/short-news\/glen-hansard-confirms-date-for-alma-festival-2024#primaryimage\",\"url\":\"https:\/\/www.indieofilo.com\/wp-content\/uploads\/2023\/11\/Alma_Festival_2024_Barcelona_Glen_Hansard.jpg\",\"contentUrl\":\"https:\/\/www.indieofilo.com\/wp-content\/uploads\/2023\/11\/Alma_Festival_2024_Barcelona_Glen_Hansard.jpg\",\"width\":1440,\"height\":1800,\"caption\":\"Alma Festival 2024 - Glen Hansard\"},{\"@type\":\"BreadcrumbList\",\"@id\":\"https:\/\/www.indieofilo.com\/en\/short-news\/glen-hansard-confirms-date-for-alma-festival-2024#breadcrumb\",\"itemListElement\":[{\"@type\":\"ListItem\",\"position\":1,\"name\":\"Portada\",\"item\":\"https:\/\/www.indieofilo.com\/en\"},{\"@type\":\"ListItem\",\"position\":2,\"name\":\"Glen Hansard confirms date for Alma Festival 2024\"}]},{\"@type\":\"WebSite\",\"@id\":\"https:\/\/www.indieofilo.com\/#website\",\"url\":\"https:\/\/www.indieofilo.com\/\",\"name\":\"Indie\u00f3filo\",\"description\":\"Magazine online de la cultura independiente\",\"publisher\":{\"@id\":\"https:\/\/www.indieofilo.com\/#organization\"},\"potentialAction\":[{\"@type\":\"SearchAction\",\"target\":{\"@type\":\"EntryPoint\",\"urlTemplate\":\"https:\/\/www.indieofilo.com\/?s={search_term_string}\"},\"query-input\":{\"@type\":\"PropertyValueSpecification\",\"valueRequired\":true,\"valueName\":\"search_term_string\"}}],\"inLanguage\":\"en-US\"},{\"@type\":\"Organization\",\"@id\":\"https:\/\/www.indieofilo.com\/#organization\",\"name\":\"Indie\u00f3filo Web\",\"url\":\"https:\/\/www.indieofilo.com\/\",\"logo\":{\"@type\":\"ImageObject\",\"inLanguage\":\"en-US\",\"@id\":\"https:\/\/www.indieofilo.com\/#\/schema\/logo\/image\/\",\"url\":\"https:\/\/www.indieofilo.com\/wp-content\/uploads\/2015\/02\/logo-alta-resolucion.png\",\"contentUrl\":\"https:\/\/www.indieofilo.com\/wp-content\/uploads\/2015\/02\/logo-alta-resolucion.png\",\"width\":544,\"height\":185,\"caption\":\"Indie\u00f3filo Web\"},\"image\":{\"@id\":\"https:\/\/www.indieofilo.com\/#\/schema\/logo\/image\/\"},\"sameAs\":[\"https:\/\/www.facebook.com\/Indieofilo\/\",\"https:\/\/x.com\/indieofilo\",\"https:\/\/www.instagram.com\/indieofilo\/\"]},{\"@type\":\"Person\",\"@id\":\"https:\/\/www.indieofilo.com\/#\/schema\/person\/74da137239ce0d8d2ed179f2baf66e3e\",\"name\":\"Esther\",\"image\":{\"@type\":\"ImageObject\",\"inLanguage\":\"en-US\",\"@id\":\"https:\/\/www.indieofilo.com\/#\/schema\/person\/image\/\",\"url\":\"https:\/\/secure.gravatar.com\/avatar\/07e66d1acb4f381f1c32cd15206dcc22?s=96&d=mm&r=g\",\"contentUrl\":\"https:\/\/secure.gravatar.com\/avatar\/07e66d1acb4f381f1c32cd15206dcc22?s=96&d=mm&r=g\",\"caption\":\"Esther\"},\"description\":\"\u00a1La \u00fanica mente anal\u00edtica de este proyecto! Me encanta la fotograf\u00eda, el crochet, la qu\u00edmica y el running.\",\"url\":\"https:\/\/www.indieofilo.com\/en\/author\/esther\"}]}<\/script>\n<!-- \/ Yoast SEO Premium plugin. -->","yoast_head_json":{"title":"Glen Hansard confirms date for Alma Festival 2024 - Indie\u00f3filo","description":"The Dubliner, who became famous for his role in the film Once, will be performing at the Poble Espanyol on 25 June.","robots":{"index":"index","follow":"follow","max-snippet":"max-snippet:-1","max-image-preview":"max-image-preview:large","max-video-preview":"max-video-preview:-1"},"canonical":"https:\/\/www.indieofilo.com\/en\/short-news\/glen-hansard-confirms-date-for-alma-festival-2024","og_locale":"en_US","og_type":"article","og_title":"Glen Hansard confirms date for Alma Festival 2024","og_description":"The Dubliner, who became famous for his role in the film Once, will be performing at the Poble Espanyol on 25 June.","og_url":"https:\/\/www.indieofilo.com\/en\/short-news\/glen-hansard-confirms-date-for-alma-festival-2024","og_site_name":"Indie\u00f3filo","article_publisher":"https:\/\/www.facebook.com\/Indieofilo\/","article_published_time":"2023-11-13T16:17:00+00:00","article_modified_time":"2024-06-10T10:26:31+00:00","og_image":[{"width":1440,"height":1800,"url":"http:\/\/www.indieofilo.com\/wp-content\/uploads\/2023\/11\/Alma_Festival_2024_Barcelona_Glen_Hansard.jpg","type":"image\/jpeg"}],"author":"Esther","twitter_card":"summary_large_image","twitter_creator":"@indieofilo","twitter_site":"@indieofilo","twitter_misc":{"Written by":"Esther","Est. reading time":"1 minute"},"schema":{"@context":"https:\/\/schema.org","@graph":[{"@type":"Article","@id":"https:\/\/www.indieofilo.com\/en\/short-news\/glen-hansard-confirms-date-for-alma-festival-2024#article","isPartOf":{"@id":"https:\/\/www.indieofilo.com\/en\/short-news\/glen-hansard-confirms-date-for-alma-festival-2024"},"author":{"name":"Esther","@id":"https:\/\/www.indieofilo.com\/#\/schema\/person\/74da137239ce0d8d2ed179f2baf66e3e"},"headline":"Glen Hansard confirms date for Alma Festival 2024","datePublished":"2023-11-13T16:17:00+00:00","dateModified":"2024-06-10T10:26:31+00:00","mainEntityOfPage":{"@id":"https:\/\/www.indieofilo.com\/en\/short-news\/glen-hansard-confirms-date-for-alma-festival-2024"},"wordCount":117,"commentCount":0,"publisher":{"@id":"https:\/\/www.indieofilo.com\/#organization"},"image":{"@id":"https:\/\/www.indieofilo.com\/en\/short-news\/glen-hansard-confirms-date-for-alma-festival-2024#primaryimage"},"thumbnailUrl":"https:\/\/www.indieofilo.com\/wp-content\/uploads\/2023\/11\/Alma_Festival_2024_Barcelona_Glen_Hansard.jpg","keywords":["Alma - Festival Jardins de Pedralbes","Alma Festival 2024","Alma Festival Barcelona","Alma Festival Barcelona 2024","Glen Hansard"],"articleSection":["Short news"],"inLanguage":"en-US","potentialAction":[{"@type":"CommentAction","name":"Comment","target":["https:\/\/www.indieofilo.com\/en\/short-news\/glen-hansard-confirms-date-for-alma-festival-2024#respond"]}]},{"@type":"WebPage","@id":"https:\/\/www.indieofilo.com\/en\/short-news\/glen-hansard-confirms-date-for-alma-festival-2024","url":"https:\/\/www.indieofilo.com\/en\/short-news\/glen-hansard-confirms-date-for-alma-festival-2024","name":"Glen Hansard confirms date for Alma Festival 2024 - Indie\u00f3filo","isPartOf":{"@id":"https:\/\/www.indieofilo.com\/#website"},"primaryImageOfPage":{"@id":"https:\/\/www.indieofilo.com\/en\/short-news\/glen-hansard-confirms-date-for-alma-festival-2024#primaryimage"},"image":{"@id":"https:\/\/www.indieofilo.com\/en\/short-news\/glen-hansard-confirms-date-for-alma-festival-2024#primaryimage"},"thumbnailUrl":"https:\/\/www.indieofilo.com\/wp-content\/uploads\/2023\/11\/Alma_Festival_2024_Barcelona_Glen_Hansard.jpg","datePublished":"2023-11-13T16:17:00+00:00","dateModified":"2024-06-10T10:26:31+00:00","description":"The Dubliner, who became famous for his role in the film Once, will be performing at the Poble Espanyol on 25 June.","breadcrumb":{"@id":"https:\/\/www.indieofilo.com\/en\/short-news\/glen-hansard-confirms-date-for-alma-festival-2024#breadcrumb"},"inLanguage":"en-US","potentialAction":[{"@type":"ReadAction","target":["https:\/\/www.indieofilo.com\/en\/short-news\/glen-hansard-confirms-date-for-alma-festival-2024"]}]},{"@type":"ImageObject","inLanguage":"en-US","@id":"https:\/\/www.indieofilo.com\/en\/short-news\/glen-hansard-confirms-date-for-alma-festival-2024#primaryimage","url":"https:\/\/www.indieofilo.com\/wp-content\/uploads\/2023\/11\/Alma_Festival_2024_Barcelona_Glen_Hansard.jpg","contentUrl":"https:\/\/www.indieofilo.com\/wp-content\/uploads\/2023\/11\/Alma_Festival_2024_Barcelona_Glen_Hansard.jpg","width":1440,"height":1800,"caption":"Alma Festival 2024 - Glen Hansard"},{"@type":"BreadcrumbList","@id":"https:\/\/www.indieofilo.com\/en\/short-news\/glen-hansard-confirms-date-for-alma-festival-2024#breadcrumb","itemListElement":[{"@type":"ListItem","position":1,"name":"Portada","item":"https:\/\/www.indieofilo.com\/en"},{"@type":"ListItem","position":2,"name":"Glen Hansard confirms date for Alma Festival 2024"}]},{"@type":"WebSite","@id":"https:\/\/www.indieofilo.com\/#website","url":"https:\/\/www.indieofilo.com\/","name":"Indie\u00f3filo","description":"Magazine online de la cultura independiente","publisher":{"@id":"https:\/\/www.indieofilo.com\/#organization"},"potentialAction":[{"@type":"SearchAction","target":{"@type":"EntryPoint","urlTemplate":"https:\/\/www.indieofilo.com\/?s={search_term_string}"},"query-input":{"@type":"PropertyValueSpecification","valueRequired":true,"valueName":"search_term_string"}}],"inLanguage":"en-US"},{"@type":"Organization","@id":"https:\/\/www.indieofilo.com\/#organization","name":"Indie\u00f3filo Web","url":"https:\/\/www.indieofilo.com\/","logo":{"@type":"ImageObject","inLanguage":"en-US","@id":"https:\/\/www.indieofilo.com\/#\/schema\/logo\/image\/","url":"https:\/\/www.indieofilo.com\/wp-content\/uploads\/2015\/02\/logo-alta-resolucion.png","contentUrl":"https:\/\/www.indieofilo.com\/wp-content\/uploads\/2015\/02\/logo-alta-resolucion.png","width":544,"height":185,"caption":"Indie\u00f3filo Web"},"image":{"@id":"https:\/\/www.indieofilo.com\/#\/schema\/logo\/image\/"},"sameAs":["https:\/\/www.facebook.com\/Indieofilo\/","https:\/\/x.com\/indieofilo","https:\/\/www.instagram.com\/indieofilo\/"]},{"@type":"Person","@id":"https:\/\/www.indieofilo.com\/#\/schema\/person\/74da137239ce0d8d2ed179f2baf66e3e","name":"Esther","image":{"@type":"ImageObject","inLanguage":"en-US","@id":"https:\/\/www.indieofilo.com\/#\/schema\/person\/image\/","url":"https:\/\/secure.gravatar.com\/avatar\/07e66d1acb4f381f1c32cd15206dcc22?s=96&d=mm&r=g","contentUrl":"https:\/\/secure.gravatar.com\/avatar\/07e66d1acb4f381f1c32cd15206dcc22?s=96&d=mm&r=g","caption":"Esther"},"description":"\u00a1La \u00fanica mente anal\u00edtica de este proyecto! Me encanta la fotograf\u00eda, el crochet, la qu\u00edmica y el running.","url":"https:\/\/www.indieofilo.com\/en\/author\/esther"}]}},"_links":{"self":[{"href":"https:\/\/www.indieofilo.com\/en\/wp-json\/wp\/v2\/posts\/41537","targetHints":{"allow":["GET"]}}],"collection":[{"href":"https:\/\/www.indieofilo.com\/en\/wp-json\/wp\/v2\/posts"}],"about":[{"href":"https:\/\/www.indieofilo.com\/en\/wp-json\/wp\/v2\/types\/post"}],"author":[{"embeddable":true,"href":"https:\/\/www.indieofilo.com\/en\/wp-json\/wp\/v2\/users\/5"}],"replies":[{"embeddable":true,"href":"https:\/\/www.indieofilo.com\/en\/wp-json\/wp\/v2\/comments?post=41537"}],"version-history":[{"count":0,"href":"https:\/\/www.indieofilo.com\/en\/wp-json\/wp\/v2\/posts\/41537\/revisions"}],"wp:featuredmedia":[{"embeddable":true,"href":"https:\/\/www.indieofilo.com\/en\/wp-json\/wp\/v2\/media\/37862"}],"wp:attachment":[{"href":"https:\/\/www.indieofilo.com\/en\/wp-json\/wp\/v2\/media?parent=41537"}],"wp:term":[{"taxonomy":"category","embeddable":true,"href":"https:\/\/www.indieofilo.com\/en\/wp-json\/wp\/v2\/categories?post=41537"},{"taxonomy":"post_tag","embeddable":true,"href":"https:\/\/www.indieofilo.com\/en\/wp-json\/wp\/v2\/tags?post=41537"}],"curies":[{"name":"wp","href":"https:\/\/api.w.org\/{rel}","templated":true}]}}