{"id":41535,"date":"2023-10-16T19:27:00","date_gmt":"2023-10-16T17:27:00","guid":{"rendered":"https:\/\/www.indieofilo.com\/news\/music\/alma-festival-2024-reveals-its-first-names"},"modified":"2024-06-10T12:19:15","modified_gmt":"2024-06-10T10:19:15","slug":"alma-festival-2024-reveals-its-first-names","status":"publish","type":"post","link":"https:\/\/www.indieofilo.com\/en\/news\/alma-festival-2024-reveals-its-first-names","title":{"rendered":"Alma Festival 2024 reveals its first names"},"content":{"rendered":"<p><img fetchpriority=\"high\" decoding=\"async\" class=\"aligncenter size-full wp-image-37804\" src=\"http:\/\/indieofilo.com\/wp-content\/uploads\/2023\/10\/Take_That_Alma_festival_2024.jpg\" alt=\"Take That - Alma Festival 2024\" width=\"526\" height=\"275\"><\/p>\n<p style=\"text-align: justify;\">After the chaotic year of 2023, which saw the festival reinvent itself with <a href=\"http:\/\/indieofilo.com\/cronicas-conciertos\/vetusta-morla-21-de-mayo-de-2022-palau-sant-jordi-barcelona\">success with high sell-out rates<\/a> by moving from its usual location in the Jardins de Pedralbes, <strong>Alma Festival 2024<\/strong> has just announced its first names for next summer in Barcelona&#8217;s Poble Espanyol.<\/p>\n<p style=\"text-align: justify;\">In this first batch of confirmations, the names of <strong>Take That<\/strong> and spanish band <strong>Vetusta Morla<\/strong> stand out, who will join <strong>James Blunt<\/strong> and <strong>Valeria Castro<\/strong> in Barcelona in July 2024. The Manchester band&#8217;s visit to the Catalan capital will be their first in 17 years, while Madrid&#8217;s Vetusta Morla <a href=\"http:\/\/indieofilo.com\/cronicas-conciertos\/vetusta-morla-21-de-mayo-de-2022-palau-sant-jordi-barcelona\"> will return for one of the last shows<\/a> of their <em>Cable a Tierra<\/em> tour (2021).<\/p>\n<p style=\"text-align: justify;\">Tickets are now available on the <a href=\"https:\/\/almafestival.info\/\" target=\"_blank\" rel=\"noopener\">festival&#8217;s official website<\/a>, with prices varying depending on the event.<\/p>\n","protected":false},"excerpt":{"rendered":"<p>After the chaotic year of 2023, which saw the festival reinvent itself with success with high sell-out rates by moving from its usual location in the Jardins de Pedralbes, Alma Festival 2024 has just announced its first names for next summer in Barcelona&#8217;s Poble Espanyol. In this first batch of confirmations, the names of Take [&hellip;]<\/p>\n","protected":false},"author":1,"featured_media":37804,"comment_status":"open","ping_status":"closed","sticky":false,"template":"","format":"standard","meta":{"footnotes":""},"categories":[41,8],"tags":[7203,7205,7204,7206,5063],"class_list":["post-41535","post","type-post","status-publish","format-standard","has-post-thumbnail","hentry","category-live-shows","category-news","tag-alma-festival-jardins-de-pedralbes-en","tag-alma-festival-2024-en","tag-alma-festival-barcelona-en","tag-take-that-en","tag-vetusta-morla-en"],"yoast_head":"<!-- This site is optimized with the Yoast SEO Premium plugin v23.9 (Yoast SEO v26.6) - https:\/\/yoast.com\/wordpress\/plugins\/seo\/ -->\n<title>Alma Festival 2024 reveals its first names - Indie\u00f3filo<\/title>\n<meta name=\"description\" content=\"Take That, Vetusta Morla, James Blunt and Valeria Castro are the first confirmations for the Catalan festival.\" \/>\n<meta name=\"robots\" content=\"index, follow, max-snippet:-1, max-image-preview:large, max-video-preview:-1\" \/>\n<link rel=\"canonical\" href=\"https:\/\/www.indieofilo.com\/en\/news\/alma-festival-2024-reveals-its-first-names\" \/>\n<meta property=\"og:locale\" content=\"en_US\" \/>\n<meta property=\"og:type\" content=\"article\" \/>\n<meta property=\"og:title\" content=\"Alma Festival 2024 reveals its first names\" \/>\n<meta property=\"og:description\" content=\"Take That, Vetusta Morla, James Blunt and Valeria Castro are the first confirmations for the Catalan festival.\" \/>\n<meta property=\"og:url\" content=\"https:\/\/www.indieofilo.com\/en\/news\/alma-festival-2024-reveals-its-first-names\" \/>\n<meta property=\"og:site_name\" content=\"Indie\u00f3filo\" \/>\n<meta property=\"article:publisher\" content=\"https:\/\/www.facebook.com\/Indieofilo\/\" \/>\n<meta property=\"article:published_time\" content=\"2023-10-16T17:27:00+00:00\" \/>\n<meta property=\"article:modified_time\" content=\"2024-06-10T10:19:15+00:00\" \/>\n<meta property=\"og:image\" content=\"http:\/\/www.indieofilo.com\/wp-content\/uploads\/2023\/10\/Take_That_Alma_festival_2024.jpg\" \/>\n\t<meta property=\"og:image:width\" content=\"526\" \/>\n\t<meta property=\"og:image:height\" content=\"275\" \/>\n\t<meta property=\"og:image:type\" content=\"image\/jpeg\" \/>\n<meta name=\"author\" content=\"Victor\" \/>\n<meta name=\"twitter:card\" content=\"summary_large_image\" \/>\n<meta name=\"twitter:creator\" content=\"@indieofilo\" \/>\n<meta name=\"twitter:site\" content=\"@indieofilo\" \/>\n<meta name=\"twitter:label1\" content=\"Written by\" \/>\n\t<meta name=\"twitter:data1\" content=\"Victor\" \/>\n\t<meta name=\"twitter:label2\" content=\"Est. reading time\" \/>\n\t<meta name=\"twitter:data2\" content=\"1 minute\" \/>\n<script type=\"application\/ld+json\" class=\"yoast-schema-graph\">{\"@context\":\"https:\/\/schema.org\",\"@graph\":[{\"@type\":\"Article\",\"@id\":\"https:\/\/www.indieofilo.com\/en\/news\/alma-festival-2024-reveals-its-first-names#article\",\"isPartOf\":{\"@id\":\"https:\/\/www.indieofilo.com\/en\/news\/alma-festival-2024-reveals-its-first-names\"},\"author\":{\"name\":\"Victor\",\"@id\":\"https:\/\/www.indieofilo.com\/#\/schema\/person\/595334d38590e4ce5a09f83cbf2fca90\"},\"headline\":\"Alma Festival 2024 reveals its first names\",\"datePublished\":\"2023-10-16T17:27:00+00:00\",\"dateModified\":\"2024-06-10T10:19:15+00:00\",\"mainEntityOfPage\":{\"@id\":\"https:\/\/www.indieofilo.com\/en\/news\/alma-festival-2024-reveals-its-first-names\"},\"wordCount\":127,\"commentCount\":0,\"publisher\":{\"@id\":\"https:\/\/www.indieofilo.com\/#organization\"},\"image\":{\"@id\":\"https:\/\/www.indieofilo.com\/en\/news\/alma-festival-2024-reveals-its-first-names#primaryimage\"},\"thumbnailUrl\":\"https:\/\/www.indieofilo.com\/wp-content\/uploads\/2023\/10\/Take_That_Alma_festival_2024.jpg\",\"keywords\":[\"Alma - Festival Jardins de Pedralbes\",\"Alma Festival 2024\",\"Alma Festival Barcelona\",\"Take That\",\"Vetusta Morla\"],\"articleSection\":[\"Live Shows\",\"News\"],\"inLanguage\":\"en-US\",\"potentialAction\":[{\"@type\":\"CommentAction\",\"name\":\"Comment\",\"target\":[\"https:\/\/www.indieofilo.com\/en\/news\/alma-festival-2024-reveals-its-first-names#respond\"]}]},{\"@type\":\"WebPage\",\"@id\":\"https:\/\/www.indieofilo.com\/en\/news\/alma-festival-2024-reveals-its-first-names\",\"url\":\"https:\/\/www.indieofilo.com\/en\/news\/alma-festival-2024-reveals-its-first-names\",\"name\":\"Alma Festival 2024 reveals its first names - Indie\u00f3filo\",\"isPartOf\":{\"@id\":\"https:\/\/www.indieofilo.com\/#website\"},\"primaryImageOfPage\":{\"@id\":\"https:\/\/www.indieofilo.com\/en\/news\/alma-festival-2024-reveals-its-first-names#primaryimage\"},\"image\":{\"@id\":\"https:\/\/www.indieofilo.com\/en\/news\/alma-festival-2024-reveals-its-first-names#primaryimage\"},\"thumbnailUrl\":\"https:\/\/www.indieofilo.com\/wp-content\/uploads\/2023\/10\/Take_That_Alma_festival_2024.jpg\",\"datePublished\":\"2023-10-16T17:27:00+00:00\",\"dateModified\":\"2024-06-10T10:19:15+00:00\",\"description\":\"Take That, Vetusta Morla, James Blunt and Valeria Castro are the first confirmations for the Catalan festival.\",\"breadcrumb\":{\"@id\":\"https:\/\/www.indieofilo.com\/en\/news\/alma-festival-2024-reveals-its-first-names#breadcrumb\"},\"inLanguage\":\"en-US\",\"potentialAction\":[{\"@type\":\"ReadAction\",\"target\":[\"https:\/\/www.indieofilo.com\/en\/news\/alma-festival-2024-reveals-its-first-names\"]}]},{\"@type\":\"ImageObject\",\"inLanguage\":\"en-US\",\"@id\":\"https:\/\/www.indieofilo.com\/en\/news\/alma-festival-2024-reveals-its-first-names#primaryimage\",\"url\":\"https:\/\/www.indieofilo.com\/wp-content\/uploads\/2023\/10\/Take_That_Alma_festival_2024.jpg\",\"contentUrl\":\"https:\/\/www.indieofilo.com\/wp-content\/uploads\/2023\/10\/Take_That_Alma_festival_2024.jpg\",\"width\":526,\"height\":275,\"caption\":\"Take That - Alma Festival 2024\"},{\"@type\":\"BreadcrumbList\",\"@id\":\"https:\/\/www.indieofilo.com\/en\/news\/alma-festival-2024-reveals-its-first-names#breadcrumb\",\"itemListElement\":[{\"@type\":\"ListItem\",\"position\":1,\"name\":\"Portada\",\"item\":\"https:\/\/www.indieofilo.com\/en\"},{\"@type\":\"ListItem\",\"position\":2,\"name\":\"Alma Festival 2024 reveals its first names\"}]},{\"@type\":\"WebSite\",\"@id\":\"https:\/\/www.indieofilo.com\/#website\",\"url\":\"https:\/\/www.indieofilo.com\/\",\"name\":\"Indie\u00f3filo\",\"description\":\"Magazine online de la cultura independiente\",\"publisher\":{\"@id\":\"https:\/\/www.indieofilo.com\/#organization\"},\"potentialAction\":[{\"@type\":\"SearchAction\",\"target\":{\"@type\":\"EntryPoint\",\"urlTemplate\":\"https:\/\/www.indieofilo.com\/?s={search_term_string}\"},\"query-input\":{\"@type\":\"PropertyValueSpecification\",\"valueRequired\":true,\"valueName\":\"search_term_string\"}}],\"inLanguage\":\"en-US\"},{\"@type\":\"Organization\",\"@id\":\"https:\/\/www.indieofilo.com\/#organization\",\"name\":\"Indie\u00f3filo Web\",\"url\":\"https:\/\/www.indieofilo.com\/\",\"logo\":{\"@type\":\"ImageObject\",\"inLanguage\":\"en-US\",\"@id\":\"https:\/\/www.indieofilo.com\/#\/schema\/logo\/image\/\",\"url\":\"https:\/\/www.indieofilo.com\/wp-content\/uploads\/2015\/02\/logo-alta-resolucion.png\",\"contentUrl\":\"https:\/\/www.indieofilo.com\/wp-content\/uploads\/2015\/02\/logo-alta-resolucion.png\",\"width\":544,\"height\":185,\"caption\":\"Indie\u00f3filo Web\"},\"image\":{\"@id\":\"https:\/\/www.indieofilo.com\/#\/schema\/logo\/image\/\"},\"sameAs\":[\"https:\/\/www.facebook.com\/Indieofilo\/\",\"https:\/\/x.com\/indieofilo\",\"https:\/\/www.instagram.com\/indieofilo\/\"]},{\"@type\":\"Person\",\"@id\":\"https:\/\/www.indieofilo.com\/#\/schema\/person\/595334d38590e4ce5a09f83cbf2fca90\",\"name\":\"Victor\",\"image\":{\"@type\":\"ImageObject\",\"inLanguage\":\"en-US\",\"@id\":\"https:\/\/www.indieofilo.com\/#\/schema\/person\/image\/\",\"url\":\"https:\/\/secure.gravatar.com\/avatar\/682b8c6ea3e94b6cffec683b25f1797d?s=96&d=mm&r=g\",\"contentUrl\":\"https:\/\/secure.gravatar.com\/avatar\/682b8c6ea3e94b6cffec683b25f1797d?s=96&d=mm&r=g\",\"caption\":\"Victor\"},\"description\":\"Fan\u00e1tico de la m\u00fasica desde que mis padres me pon\u00edan a Eydie Gorme y Los Panchos o el Discotuna por la A2. Intent\u00e9 tocar varios instrumentos, pero soy muy torpe con la mano izquierda, as\u00ed que ya sab\u00e9is el resultado final. Fan del britpop, Post-punk, el rugby y el baloncesto...\",\"sameAs\":[\"http:\/\/indieofilo.com\"],\"url\":\"https:\/\/www.indieofilo.com\/en\/author\/victor\"}]}<\/script>\n<!-- \/ Yoast SEO Premium plugin. -->","yoast_head_json":{"title":"Alma Festival 2024 reveals its first names - Indie\u00f3filo","description":"Take That, Vetusta Morla, James Blunt and Valeria Castro are the first confirmations for the Catalan festival.","robots":{"index":"index","follow":"follow","max-snippet":"max-snippet:-1","max-image-preview":"max-image-preview:large","max-video-preview":"max-video-preview:-1"},"canonical":"https:\/\/www.indieofilo.com\/en\/news\/alma-festival-2024-reveals-its-first-names","og_locale":"en_US","og_type":"article","og_title":"Alma Festival 2024 reveals its first names","og_description":"Take That, Vetusta Morla, James Blunt and Valeria Castro are the first confirmations for the Catalan festival.","og_url":"https:\/\/www.indieofilo.com\/en\/news\/alma-festival-2024-reveals-its-first-names","og_site_name":"Indie\u00f3filo","article_publisher":"https:\/\/www.facebook.com\/Indieofilo\/","article_published_time":"2023-10-16T17:27:00+00:00","article_modified_time":"2024-06-10T10:19:15+00:00","og_image":[{"width":526,"height":275,"url":"http:\/\/www.indieofilo.com\/wp-content\/uploads\/2023\/10\/Take_That_Alma_festival_2024.jpg","type":"image\/jpeg"}],"author":"Victor","twitter_card":"summary_large_image","twitter_creator":"@indieofilo","twitter_site":"@indieofilo","twitter_misc":{"Written by":"Victor","Est. reading time":"1 minute"},"schema":{"@context":"https:\/\/schema.org","@graph":[{"@type":"Article","@id":"https:\/\/www.indieofilo.com\/en\/news\/alma-festival-2024-reveals-its-first-names#article","isPartOf":{"@id":"https:\/\/www.indieofilo.com\/en\/news\/alma-festival-2024-reveals-its-first-names"},"author":{"name":"Victor","@id":"https:\/\/www.indieofilo.com\/#\/schema\/person\/595334d38590e4ce5a09f83cbf2fca90"},"headline":"Alma Festival 2024 reveals its first names","datePublished":"2023-10-16T17:27:00+00:00","dateModified":"2024-06-10T10:19:15+00:00","mainEntityOfPage":{"@id":"https:\/\/www.indieofilo.com\/en\/news\/alma-festival-2024-reveals-its-first-names"},"wordCount":127,"commentCount":0,"publisher":{"@id":"https:\/\/www.indieofilo.com\/#organization"},"image":{"@id":"https:\/\/www.indieofilo.com\/en\/news\/alma-festival-2024-reveals-its-first-names#primaryimage"},"thumbnailUrl":"https:\/\/www.indieofilo.com\/wp-content\/uploads\/2023\/10\/Take_That_Alma_festival_2024.jpg","keywords":["Alma - Festival Jardins de Pedralbes","Alma Festival 2024","Alma Festival Barcelona","Take That","Vetusta Morla"],"articleSection":["Live Shows","News"],"inLanguage":"en-US","potentialAction":[{"@type":"CommentAction","name":"Comment","target":["https:\/\/www.indieofilo.com\/en\/news\/alma-festival-2024-reveals-its-first-names#respond"]}]},{"@type":"WebPage","@id":"https:\/\/www.indieofilo.com\/en\/news\/alma-festival-2024-reveals-its-first-names","url":"https:\/\/www.indieofilo.com\/en\/news\/alma-festival-2024-reveals-its-first-names","name":"Alma Festival 2024 reveals its first names - Indie\u00f3filo","isPartOf":{"@id":"https:\/\/www.indieofilo.com\/#website"},"primaryImageOfPage":{"@id":"https:\/\/www.indieofilo.com\/en\/news\/alma-festival-2024-reveals-its-first-names#primaryimage"},"image":{"@id":"https:\/\/www.indieofilo.com\/en\/news\/alma-festival-2024-reveals-its-first-names#primaryimage"},"thumbnailUrl":"https:\/\/www.indieofilo.com\/wp-content\/uploads\/2023\/10\/Take_That_Alma_festival_2024.jpg","datePublished":"2023-10-16T17:27:00+00:00","dateModified":"2024-06-10T10:19:15+00:00","description":"Take That, Vetusta Morla, James Blunt and Valeria Castro are the first confirmations for the Catalan festival.","breadcrumb":{"@id":"https:\/\/www.indieofilo.com\/en\/news\/alma-festival-2024-reveals-its-first-names#breadcrumb"},"inLanguage":"en-US","potentialAction":[{"@type":"ReadAction","target":["https:\/\/www.indieofilo.com\/en\/news\/alma-festival-2024-reveals-its-first-names"]}]},{"@type":"ImageObject","inLanguage":"en-US","@id":"https:\/\/www.indieofilo.com\/en\/news\/alma-festival-2024-reveals-its-first-names#primaryimage","url":"https:\/\/www.indieofilo.com\/wp-content\/uploads\/2023\/10\/Take_That_Alma_festival_2024.jpg","contentUrl":"https:\/\/www.indieofilo.com\/wp-content\/uploads\/2023\/10\/Take_That_Alma_festival_2024.jpg","width":526,"height":275,"caption":"Take That - Alma Festival 2024"},{"@type":"BreadcrumbList","@id":"https:\/\/www.indieofilo.com\/en\/news\/alma-festival-2024-reveals-its-first-names#breadcrumb","itemListElement":[{"@type":"ListItem","position":1,"name":"Portada","item":"https:\/\/www.indieofilo.com\/en"},{"@type":"ListItem","position":2,"name":"Alma Festival 2024 reveals its first names"}]},{"@type":"WebSite","@id":"https:\/\/www.indieofilo.com\/#website","url":"https:\/\/www.indieofilo.com\/","name":"Indie\u00f3filo","description":"Magazine online de la cultura independiente","publisher":{"@id":"https:\/\/www.indieofilo.com\/#organization"},"potentialAction":[{"@type":"SearchAction","target":{"@type":"EntryPoint","urlTemplate":"https:\/\/www.indieofilo.com\/?s={search_term_string}"},"query-input":{"@type":"PropertyValueSpecification","valueRequired":true,"valueName":"search_term_string"}}],"inLanguage":"en-US"},{"@type":"Organization","@id":"https:\/\/www.indieofilo.com\/#organization","name":"Indie\u00f3filo Web","url":"https:\/\/www.indieofilo.com\/","logo":{"@type":"ImageObject","inLanguage":"en-US","@id":"https:\/\/www.indieofilo.com\/#\/schema\/logo\/image\/","url":"https:\/\/www.indieofilo.com\/wp-content\/uploads\/2015\/02\/logo-alta-resolucion.png","contentUrl":"https:\/\/www.indieofilo.com\/wp-content\/uploads\/2015\/02\/logo-alta-resolucion.png","width":544,"height":185,"caption":"Indie\u00f3filo Web"},"image":{"@id":"https:\/\/www.indieofilo.com\/#\/schema\/logo\/image\/"},"sameAs":["https:\/\/www.facebook.com\/Indieofilo\/","https:\/\/x.com\/indieofilo","https:\/\/www.instagram.com\/indieofilo\/"]},{"@type":"Person","@id":"https:\/\/www.indieofilo.com\/#\/schema\/person\/595334d38590e4ce5a09f83cbf2fca90","name":"Victor","image":{"@type":"ImageObject","inLanguage":"en-US","@id":"https:\/\/www.indieofilo.com\/#\/schema\/person\/image\/","url":"https:\/\/secure.gravatar.com\/avatar\/682b8c6ea3e94b6cffec683b25f1797d?s=96&d=mm&r=g","contentUrl":"https:\/\/secure.gravatar.com\/avatar\/682b8c6ea3e94b6cffec683b25f1797d?s=96&d=mm&r=g","caption":"Victor"},"description":"Fan\u00e1tico de la m\u00fasica desde que mis padres me pon\u00edan a Eydie Gorme y Los Panchos o el Discotuna por la A2. Intent\u00e9 tocar varios instrumentos, pero soy muy torpe con la mano izquierda, as\u00ed que ya sab\u00e9is el resultado final. Fan del britpop, Post-punk, el rugby y el baloncesto...","sameAs":["http:\/\/indieofilo.com"],"url":"https:\/\/www.indieofilo.com\/en\/author\/victor"}]}},"_links":{"self":[{"href":"https:\/\/www.indieofilo.com\/en\/wp-json\/wp\/v2\/posts\/41535","targetHints":{"allow":["GET"]}}],"collection":[{"href":"https:\/\/www.indieofilo.com\/en\/wp-json\/wp\/v2\/posts"}],"about":[{"href":"https:\/\/www.indieofilo.com\/en\/wp-json\/wp\/v2\/types\/post"}],"author":[{"embeddable":true,"href":"https:\/\/www.indieofilo.com\/en\/wp-json\/wp\/v2\/users\/1"}],"replies":[{"embeddable":true,"href":"https:\/\/www.indieofilo.com\/en\/wp-json\/wp\/v2\/comments?post=41535"}],"version-history":[{"count":0,"href":"https:\/\/www.indieofilo.com\/en\/wp-json\/wp\/v2\/posts\/41535\/revisions"}],"wp:featuredmedia":[{"embeddable":true,"href":"https:\/\/www.indieofilo.com\/en\/wp-json\/wp\/v2\/media\/37804"}],"wp:attachment":[{"href":"https:\/\/www.indieofilo.com\/en\/wp-json\/wp\/v2\/media?parent=41535"}],"wp:term":[{"taxonomy":"category","embeddable":true,"href":"https:\/\/www.indieofilo.com\/en\/wp-json\/wp\/v2\/categories?post=41535"},{"taxonomy":"post_tag","embeddable":true,"href":"https:\/\/www.indieofilo.com\/en\/wp-json\/wp\/v2\/tags?post=41535"}],"curies":[{"name":"wp","href":"https:\/\/api.w.org\/{rel}","templated":true}]}}