{"id":41465,"date":"2023-07-10T10:04:37","date_gmt":"2023-07-10T08:04:37","guid":{"rendered":"https:\/\/www.indieofilo.com\/news\/music\/cruilla-2023-7-july-2023-parc-del-forum-barcelona"},"modified":"2024-06-06T12:59:43","modified_gmt":"2024-06-06T10:59:43","slug":"cruilla-2023-7-july-2023-parc-del-forum-barcelona","status":"publish","type":"post","link":"https:\/\/www.indieofilo.com\/en\/gig-reviews\/cruilla-2023-7-july-2023-parc-del-forum-barcelona","title":{"rendered":"Cru\u00eflla 2023 \u2013 7 July 2023 (Parc del Forum \u2013 Barcelona)"},"content":{"rendered":"<p style=\"text-align: justify;\">There are few festivals that are as well marked in our calendars as Crui\u00efla. <strong>Its playful atmosphere, the feeling of not being constantly crowded, the care for the public<\/strong>&#8230; All this has meant that for almost a decade, despite the proliferation of other festivals on the peninsula, our love for the Catalan festival has continued to grow.<\/p>\n<p><img fetchpriority=\"high\" decoding=\"async\" class=\"aligncenter wp-image-15852 size-full\" src=\"http:\/\/www.indieofilo.com\/wp-content\/uploads\/2023\/07\/Sigur_Ros_Cruilla_2023_Victor_Parreno.jpg\" alt=\"Sigur R\u00f3s - Cru\u00eflla 2023 - Victor Parre\u00f1o\" width=\"800\" height=\"532\" srcset=\"https:\/\/www.indieofilo.com\/wp-content\/uploads\/2023\/07\/Sigur_Ros_Cruilla_2023_Victor_Parreno.jpg 800w, https:\/\/www.indieofilo.com\/wp-content\/uploads\/2023\/07\/Sigur_Ros_Cruilla_2023_Victor_Parreno-300x200.jpg 300w, https:\/\/www.indieofilo.com\/wp-content\/uploads\/2023\/07\/Sigur_Ros_Cruilla_2023_Victor_Parreno-768x511.jpg 768w\" sizes=\"(max-width: 800px) 100vw, 800px\" \/><\/p>\n<p style=\"text-align: center;\"><span style=\"font-size: 10px;\"><b>Sigur R\u00f3s<\/b>, Cru\u00eflla 2023 &#8211; Photo by <a href=\"http:\/\/www.victorparreno.com\/\" target=\"_blank\" rel=\"noopener\">V\u00edctor Parre\u00f1o<\/a>, courtesy of the Cru\u00eflla Festival organisers<\/span><\/p>\n<p style=\"text-align: justify;\">After missing the first two days due to family and work commitments, the Friday of <strong>Cru\u00eflla 2023<\/strong> was marked by concerts by <strong>The Offspring, Sigur R\u00f3s and Alt-J<\/strong>. It is with this band from Leeds, with their joyful music full of terrifying lyrics, that we begin our journey through the festival, in a concert very reminiscent of the one they gave last autumn at the Sant Jordi Club in Barcelona. With <strong>a sound that is not as clear as they are used to<\/strong> (although we would later see with Sigur R\u00f3s that <strong>The main stage was largely to blame<\/strong>), <strong>the first part of the concert featured most of the songs from his obscure latest album<\/strong> <em>The Dream<\/em> (2022), a few hits like &#8220;<em>Tessellate<\/em>\u201d or \u201c<em>Matilda<\/em>\u201d and the magnificent and forgotten \u201c<em>In Cold Blood<\/em>\u201d from <strong>Relaxer <\/strong>(2017) that they themselves do not seem to claim. &#8220;<em>Bloodflood<\/em>&#8221; would lead <strong> into a much more dreamy second part of the concert<\/strong>, in which the sublime &#8216;<em>Philadelphia<\/em>&#8216; was a particular highlight, with the drowned voice of the opera singer booming between the drum beats of an excellent <strong>Thom Sonny Green<\/strong>. Their last minutes with \u201c<em>Fitzpleasure<\/em>\u201d and a set of encores that brought the crowd to its feet with a string of songs including \u201c<em>Hard Drive Gold<\/em>\u201d, \u201c<em>Left Hand Free<\/em>and<em>Breezeblocks<\/em>\u201d raised the general feeling <strong>and left us with the honey on the lips of having enjoyed again an outstanding concert of theirs if the sound had been better.<\/strong>.<\/p>\n<p style=\"text-align: center;\"><img decoding=\"async\" class=\"aligncenter wp-image-15851 size-full\" src=\"http:\/\/www.indieofilo.com\/wp-content\/uploads\/2023\/07\/ALT_J_Cruilla_2023_Victor_Parreno.jpg\" alt=\"ALT J - Cru\u00eflla 2023 - Victor Parre\u00f1o\" width=\"800\" height=\"532\" srcset=\"https:\/\/www.indieofilo.com\/wp-content\/uploads\/2023\/07\/ALT_J_Cruilla_2023_Victor_Parreno.jpg 800w, https:\/\/www.indieofilo.com\/wp-content\/uploads\/2023\/07\/ALT_J_Cruilla_2023_Victor_Parreno-300x200.jpg 300w, https:\/\/www.indieofilo.com\/wp-content\/uploads\/2023\/07\/ALT_J_Cruilla_2023_Victor_Parreno-768x511.jpg 768w\" sizes=\"(max-width: 800px) 100vw, 800px\" \/><\/p>\n<p style=\"text-align: center;\"><span style=\"font-size: 10px;\"><b>Alt-J<\/b>, Cru\u00eflla 2023 &#8211; Photo by <a href=\"http:\/\/www.victorparreno.com\/\" target=\"_blank\" rel=\"noopener\">V\u00edctor Parre\u00f1o<\/a> courtesy of the Cru\u00eflla Festival organisers<\/span><\/p>\n<p style=\"text-align: justify;\">We only had to move a few metres to see how the show of <strong>Viva Suecia<\/strong>&#8216;s <em>&#8216;El amor de la clase que sea<\/em>&#8216; tour had developed. First of all, and in a situation that would be repeated throughout the festival, <strong>Someone needs to take a look at the location and capacity of the festival&#8217;s second main stage (this year called Interm\u00f3n-Oxfam), because there are concerts where the crowds are so large that it is almost impossible to even get to the back lawn because of the bottleneck at the sides of the entrance.<\/strong>. It happened last year with Rigoberta Bandini and this year with Viva Suecia and Franz Ferdinand, more or less the same, which meant that on Saturday we just didn&#8217;t want to go anywhere near it. Returning to the Murcian band Viva Suecia, <strong>we were surprised by the videos and scenography that accompanied their songs, although on many occasions it was difficult to understand how they related to the lyrics of the songs beyond the lights and colours in the background<\/strong>. <strong>The four of them are still a steamroller live<\/strong> (when they don&#8217;t lose that eternity between songs that makes you despair&#8230;), and for that very reason the <strong>presence of two other musicians on stage who don&#8217;t add anything to the musical offering is surprising<\/strong>. Special negative mention for a saxophone that appears in most of the songs and does nothing more than add an 80s touch to songs that were already almost perfect live. <strong>The audience seemed to surrender to the number of hits they were able to sing along to live, as if it were karaoke<\/strong>, all perfectly directed from the front row of the stage by the energetic Rafa Val, Jess Fabric and Alberto Cant\u00faa, who never stopped moving despite the oppressive, humid heat of the Barcelona night.<\/p>\n<p><img decoding=\"async\" class=\"aligncenter size-full wp-image-15848\" src=\"http:\/\/www.indieofilo.com\/wp-content\/uploads\/2023\/07\/Viva_Suecia_Cruilla_2023_Xavi_Torrent.jpg\" alt=\"Viva Suecia - Cru\u00eflla 2023 - Xavi Torrent\" width=\"800\" height=\"533\" srcset=\"https:\/\/www.indieofilo.com\/wp-content\/uploads\/2023\/07\/Viva_Suecia_Cruilla_2023_Xavi_Torrent.jpg 800w, https:\/\/www.indieofilo.com\/wp-content\/uploads\/2023\/07\/Viva_Suecia_Cruilla_2023_Xavi_Torrent-300x200.jpg 300w, https:\/\/www.indieofilo.com\/wp-content\/uploads\/2023\/07\/Viva_Suecia_Cruilla_2023_Xavi_Torrent-768x512.jpg 768w\" sizes=\"(max-width: 800px) 100vw, 800px\" \/><\/p>\n<p style=\"text-align: center;\"><span style=\"font-size: 10px;\"><b>Viva Suecia<\/b>, Cru\u00eflla 2023 &#8211; Photo by <a href=\"https:\/\/www.xavitorrent.com\/\" target=\"_blank\" rel=\"noopener\">Xavi Torrent<\/a> courtesy of the Cru\u00eflla Festival organisers<\/span><\/p>\n<p style=\"text-align: justify;\">Seeing what had happened with Alt-J, and with the same feeling of dread that we had 10 years ago at the Portishead concert at Low Festival 2013, and the respect that the audience would have for the Icelandic band&#8217;s Sigur Ros <strong>delicate proposal, we were afraid of what would happen<\/strong>, we make our way back to the main stage <strong>to see one of this writer&#8217;s favourite bands.<\/strong>. <strong>In a show that surprisingly did not include any tracks from their recently released album<\/strong> <em>Atta <\/em> (2023), their setlist was a sort of <a href=\"https:\/\/www.indieofilo.com\/en\/gig-reviews\/sigur-ros-october-1-2022-sant-jordi-club-barcelona\">light version of the one they played last October when they visited the Sant Jordi club<\/a>. With <strong>Jonsi&#8217;s vocals impeccable as ever<\/strong>, the show focused mainly on <em>\u00c1g\u00e6tis byrjun<\/em> (1999) and <em>()<\/em> (2012), starting with the tender &#8216;<em>Gl\u00f3s\u00f3li<\/em>&#8216; from <em>Takk<\/em>&#8230; (2005), before unleashing the fury in &#8216;<em>Svefn-g-englar<\/em>&#8216; and &#8216;<em>N\u00fd batter\u00ed<\/em>&#8216;. As some of the audience had already checked out to see the Icelanders and left for other venues halfway through the show, the <strong>the concert will take off at an emotional cruising speed with the combination<\/strong> of the incredible &#8216;<em>Festival<\/em>\u201d, \u201c<em>Kveikur<\/em>\u201d and \u201c<em>Untitled #8 \u2013 Popplagi\u00f0<\/em>\u201d, that demonstrated that <strong>Although neither the majority of the audience, nor the time or the sound were in favour of their proposal, these 20 minutes alone are enough to compensate for the cost of any ticket<\/strong>&#8230;<\/p>\n<p><img loading=\"lazy\" decoding=\"async\" class=\"aligncenter size-full wp-image-15850\" src=\"http:\/\/www.indieofilo.com\/wp-content\/uploads\/2023\/07\/Sigur_Ros_Cruilla_2023_Xavi_Torrent.jpg\" alt=\"Sigur R\u00f3s - Cru\u00eflla 2023 - Xavi Torrent\" width=\"800\" height=\"533\" srcset=\"https:\/\/www.indieofilo.com\/wp-content\/uploads\/2023\/07\/Sigur_Ros_Cruilla_2023_Xavi_Torrent.jpg 800w, https:\/\/www.indieofilo.com\/wp-content\/uploads\/2023\/07\/Sigur_Ros_Cruilla_2023_Xavi_Torrent-300x200.jpg 300w, https:\/\/www.indieofilo.com\/wp-content\/uploads\/2023\/07\/Sigur_Ros_Cruilla_2023_Xavi_Torrent-768x512.jpg 768w\" sizes=\"(max-width: 800px) 100vw, 800px\" \/><\/p>\n<p style=\"text-align: center;\"><span style=\"font-size: 10px;\"><b>Sigur R\u00f3s<\/b>, Cru\u00eflla 2023 &#8211; Photo by <a href=\"https:\/\/www.xavitorrent.com\/\" target=\"_blank\" rel=\"noopener\">Xavi Torrent<\/a> courtesy of the Cru\u00eflla Festival organisers<\/span><\/p>\n<p style=\"text-align: justify;\">Staying until the end of the Icelanders&#8217; gig meant that we could only catch the last 30 minutes of <strong>Carolina Durante<\/strong>&#8216;s set. True to their style, <strong>with Diego Ib\u00e1\u00f1ez throwing an incredible party that turned the front rows into a contest of constant pogoing<\/strong>, the band from Madrid showed <strong>why they have one of the most festive and effective live shows on the Spanish scene nowadays<\/strong>. We had fun like children with the cover of <strong>S\u00e9ptimo Sello<\/strong> \u201c<em>&#8220;Espacio Vac\u00edo<\/em>\u201d or with the one from <strong>Marcelo Criminal<\/strong> in \u201c<em>Perdona (Ahora s\u00ed que s\u00ed)<\/em>\u201d, although what has to be mentioned is for <strong>the final rush<\/strong> with \u2018<em>Casa Kira<\/em>\u2019, \u2018<em>Cayetano<\/em>\u2019 and \u2018<em>Famoso en tres calles<\/em>\u2019. <strong>Is there really anyone who can remain without jumping and dancing at a concert of these guys<\/strong>?<\/p>\n<p><img loading=\"lazy\" decoding=\"async\" class=\"aligncenter size-full wp-image-15849\" src=\"http:\/\/www.indieofilo.com\/wp-content\/uploads\/2023\/07\/Carolina_Durante_Cruilla_2023.jpg\" alt=\"Carolina Durante - Cru\u00eflla 2023\" width=\"800\" height=\"533\" srcset=\"https:\/\/www.indieofilo.com\/wp-content\/uploads\/2023\/07\/Carolina_Durante_Cruilla_2023.jpg 800w, https:\/\/www.indieofilo.com\/wp-content\/uploads\/2023\/07\/Carolina_Durante_Cruilla_2023-300x200.jpg 300w, https:\/\/www.indieofilo.com\/wp-content\/uploads\/2023\/07\/Carolina_Durante_Cruilla_2023-768x512.jpg 768w\" sizes=\"(max-width: 800px) 100vw, 800px\" \/><\/p>\n<p style=\"text-align: center;\"><span style=\"font-size: 10px;\"><b>Carolina Durante<\/b>, Cru\u00eflla 2023 &#8211; Photo courtesy of the Cru\u00eflla Festival organisers<\/span><\/p>\n<p style=\"text-align: justify;\">And for the finale, what should have been the last dance. <strong>Firstly, an A+ to our fellow photographers who, faced with the abusive conditions demanded by the band&#8217;s manager (the photos had to be sent to members of the group&#8217;s entourage for approval before publication or any use), decided to stand up and not take any photos. We are stronger when we go together and our admiration and respect goes out to all those who supported this decision.<\/strong><\/p>\n<p style=\"text-align: justify;\">I must say that <strong>The Offspring<\/strong> are one of my favourite bands from my teenage years, because <strong>By luck or by accident, at the age of 13, I got my hands on a cassette tape with the record of the same name on one side and <\/strong><em>Ignition <\/em><strong>(1992) on the other one<\/strong>, which accompanied me through most of my adolescence. Then they released <em>Smash<\/em> (1995) and the snowball was unstoppable, <strong>although sadly their later career is rather dispensable beyond a couple of songs<\/strong>. <strong>With the eagerness of someone seeing them for the first time, the concert started well<\/strong> with &#8216;<em>Come Out and Play<\/em>&#8216; and &#8216;<em>All I Want<\/em>&#8216;, <strong>although the low volume of Dexter&#8217;s vocals meant we were left with a decaffeinated version<\/strong>. After two songs, <strong>disillusionment was gaining ground on my scale of sensations as Dexter and Noodles seemed more focused on talking crap into the microphone with long speeches between songs than playing a proper punk concert.<\/strong>, as the amazing drummer <strong>Brandon Pertzborn seemed to wish, one of the pleasant surprises of the evening<\/strong> who sighed with every speech. <strong>Just when we thought it couldn&#8217;t get any worse, Noodles decided to show off his guitar skills by performing a medley of songs.<\/strong> from Iron Maiden, Guns N&#8217; Roses or the classic &#8220;<em>In the Hall of the Mountain King<\/em>\u201d, and then later, as a band, they shattered \u201c<em>Blitzkrieg Bop<\/em>\u201d by <strong>The Ramones<\/strong>. <strong>Amidst the proposal&#8217;s embarrassment and monotony, only a few tracks like the excellent<\/strong> &#8220;<em>Gotta Get Away<\/em>\u201d<strong>, <\/strong>\u201c<em>The Kids Aren&#8217;t Alright<\/em>\u201d <strong>and <\/strong> \u201c<em>Self Esteem<\/em>\u201d<strong> stood out from the general wreckage<\/strong>.<\/p>\n","protected":false},"excerpt":{"rendered":"<p>There are few festivals that are as well marked in our calendars as Crui\u00efla. Its playful atmosphere, the feeling of not being constantly crowded, the care for the public&#8230; All this has meant that for almost a decade, despite the proliferation of other festivals on the peninsula, our love for the Catalan festival has continued [&hellip;]<\/p>\n","protected":false},"author":1,"featured_media":15852,"comment_status":"open","ping_status":"closed","sticky":false,"template":"","format":"standard","meta":{"footnotes":""},"categories":[33,7],"tags":[5390,4961,5056,7198,7199,4968,6208,5427],"class_list":["post-41465","post","type-post","status-publish","format-standard","has-post-thumbnail","hentry","category-festivals","category-gig-reviews","tag-alt-j-en","tag-barcelona-en","tag-carolina-durante-en","tag-cruilla-2023-en","tag-festival-cruilla-2023-en","tag-sigur-ros-en","tag-the-offspring-en","tag-viva-suecia-en"],"yoast_head":"<!-- This site is optimized with the Yoast SEO Premium plugin v23.9 (Yoast SEO v26.6) - https:\/\/yoast.com\/wordpress\/plugins\/seo\/ -->\n<title>Cru\u00eflla 2023 \u2013 7 July 2023 (Parc del Forum \u2013 Barcelona) - Indie\u00f3filo<\/title>\n<meta name=\"description\" content=\"Review of Friday&#039;s Cru\u00eflla 2023, featuring The Offspring, Sigur R\u00f3s, Alt-J, Carolina Durante and Viva Suecia.\" \/>\n<meta name=\"robots\" content=\"index, follow, max-snippet:-1, max-image-preview:large, max-video-preview:-1\" \/>\n<link rel=\"canonical\" href=\"https:\/\/www.indieofilo.com\/en\/gig-reviews\/cruilla-2023-7-july-2023-parc-del-forum-barcelona\" \/>\n<meta property=\"og:locale\" content=\"en_US\" \/>\n<meta property=\"og:type\" content=\"article\" \/>\n<meta property=\"og:title\" content=\"Cru\u00eflla 2023 \u2013 7 July 2023 (Parc del Forum \u2013 Barcelona)\" \/>\n<meta property=\"og:description\" content=\"Review of Friday&#039;s Cru\u00eflla 2023, featuring The Offspring, Sigur R\u00f3s, Alt-J, Carolina Durante and Viva Suecia.\" \/>\n<meta property=\"og:url\" content=\"https:\/\/www.indieofilo.com\/en\/gig-reviews\/cruilla-2023-7-july-2023-parc-del-forum-barcelona\" \/>\n<meta property=\"og:site_name\" content=\"Indie\u00f3filo\" \/>\n<meta property=\"article:publisher\" content=\"https:\/\/www.facebook.com\/Indieofilo\/\" \/>\n<meta property=\"article:published_time\" content=\"2023-07-10T08:04:37+00:00\" \/>\n<meta property=\"article:modified_time\" content=\"2024-06-06T10:59:43+00:00\" \/>\n<meta property=\"og:image\" content=\"http:\/\/www.indieofilo.com\/wp-content\/uploads\/2023\/07\/Sigur_Ros_Cruilla_2023_Victor_Parreno.jpg\" \/>\n\t<meta property=\"og:image:width\" content=\"800\" \/>\n\t<meta property=\"og:image:height\" content=\"532\" \/>\n\t<meta property=\"og:image:type\" content=\"image\/jpeg\" \/>\n<meta name=\"author\" content=\"Victor\" \/>\n<meta name=\"twitter:card\" content=\"summary_large_image\" \/>\n<meta name=\"twitter:creator\" content=\"@indieofilo\" \/>\n<meta name=\"twitter:site\" content=\"@indieofilo\" \/>\n<meta name=\"twitter:label1\" content=\"Written by\" \/>\n\t<meta name=\"twitter:data1\" content=\"Victor\" \/>\n\t<meta name=\"twitter:label2\" content=\"Est. reading time\" \/>\n\t<meta name=\"twitter:data2\" content=\"8 minutes\" \/>\n<script type=\"application\/ld+json\" class=\"yoast-schema-graph\">{\"@context\":\"https:\/\/schema.org\",\"@graph\":[{\"@type\":\"Article\",\"@id\":\"https:\/\/www.indieofilo.com\/en\/gig-reviews\/cruilla-2023-7-july-2023-parc-del-forum-barcelona#article\",\"isPartOf\":{\"@id\":\"https:\/\/www.indieofilo.com\/en\/gig-reviews\/cruilla-2023-7-july-2023-parc-del-forum-barcelona\"},\"author\":{\"name\":\"Victor\",\"@id\":\"https:\/\/www.indieofilo.com\/#\/schema\/person\/595334d38590e4ce5a09f83cbf2fca90\"},\"headline\":\"Cru\u00eflla 2023 \u2013 7 July 2023 (Parc del Forum \u2013 Barcelona)\",\"datePublished\":\"2023-07-10T08:04:37+00:00\",\"dateModified\":\"2024-06-06T10:59:43+00:00\",\"mainEntityOfPage\":{\"@id\":\"https:\/\/www.indieofilo.com\/en\/gig-reviews\/cruilla-2023-7-july-2023-parc-del-forum-barcelona\"},\"wordCount\":1377,\"commentCount\":0,\"publisher\":{\"@id\":\"https:\/\/www.indieofilo.com\/#organization\"},\"image\":{\"@id\":\"https:\/\/www.indieofilo.com\/en\/gig-reviews\/cruilla-2023-7-july-2023-parc-del-forum-barcelona#primaryimage\"},\"thumbnailUrl\":\"https:\/\/www.indieofilo.com\/wp-content\/uploads\/2023\/07\/Sigur_Ros_Cruilla_2023_Victor_Parreno.jpg\",\"keywords\":[\"Alt-J\",\"Barcelona\",\"Carolina Durante\",\"Cru\u00eflla 2023\",\"Festival Cru\u00eflla 2023\",\"Sigur R\u00f3s\",\"The Offspring\",\"Viva Suecia\"],\"articleSection\":[\"Festivals\",\"Gig Reviews\"],\"inLanguage\":\"en-US\",\"potentialAction\":[{\"@type\":\"CommentAction\",\"name\":\"Comment\",\"target\":[\"https:\/\/www.indieofilo.com\/en\/gig-reviews\/cruilla-2023-7-july-2023-parc-del-forum-barcelona#respond\"]}]},{\"@type\":\"WebPage\",\"@id\":\"https:\/\/www.indieofilo.com\/en\/gig-reviews\/cruilla-2023-7-july-2023-parc-del-forum-barcelona\",\"url\":\"https:\/\/www.indieofilo.com\/en\/gig-reviews\/cruilla-2023-7-july-2023-parc-del-forum-barcelona\",\"name\":\"Cru\u00eflla 2023 \u2013 7 July 2023 (Parc del Forum \u2013 Barcelona) - Indie\u00f3filo\",\"isPartOf\":{\"@id\":\"https:\/\/www.indieofilo.com\/#website\"},\"primaryImageOfPage\":{\"@id\":\"https:\/\/www.indieofilo.com\/en\/gig-reviews\/cruilla-2023-7-july-2023-parc-del-forum-barcelona#primaryimage\"},\"image\":{\"@id\":\"https:\/\/www.indieofilo.com\/en\/gig-reviews\/cruilla-2023-7-july-2023-parc-del-forum-barcelona#primaryimage\"},\"thumbnailUrl\":\"https:\/\/www.indieofilo.com\/wp-content\/uploads\/2023\/07\/Sigur_Ros_Cruilla_2023_Victor_Parreno.jpg\",\"datePublished\":\"2023-07-10T08:04:37+00:00\",\"dateModified\":\"2024-06-06T10:59:43+00:00\",\"description\":\"Review of Friday's Cru\u00eflla 2023, featuring The Offspring, Sigur R\u00f3s, Alt-J, Carolina Durante and Viva Suecia.\",\"breadcrumb\":{\"@id\":\"https:\/\/www.indieofilo.com\/en\/gig-reviews\/cruilla-2023-7-july-2023-parc-del-forum-barcelona#breadcrumb\"},\"inLanguage\":\"en-US\",\"potentialAction\":[{\"@type\":\"ReadAction\",\"target\":[\"https:\/\/www.indieofilo.com\/en\/gig-reviews\/cruilla-2023-7-july-2023-parc-del-forum-barcelona\"]}]},{\"@type\":\"ImageObject\",\"inLanguage\":\"en-US\",\"@id\":\"https:\/\/www.indieofilo.com\/en\/gig-reviews\/cruilla-2023-7-july-2023-parc-del-forum-barcelona#primaryimage\",\"url\":\"https:\/\/www.indieofilo.com\/wp-content\/uploads\/2023\/07\/Sigur_Ros_Cruilla_2023_Victor_Parreno.jpg\",\"contentUrl\":\"https:\/\/www.indieofilo.com\/wp-content\/uploads\/2023\/07\/Sigur_Ros_Cruilla_2023_Victor_Parreno.jpg\",\"width\":800,\"height\":532,\"caption\":\"Sigur R\u00f3s - Cru\u00eflla 2023 - Victor Parre\u00f1o\"},{\"@type\":\"BreadcrumbList\",\"@id\":\"https:\/\/www.indieofilo.com\/en\/gig-reviews\/cruilla-2023-7-july-2023-parc-del-forum-barcelona#breadcrumb\",\"itemListElement\":[{\"@type\":\"ListItem\",\"position\":1,\"name\":\"Portada\",\"item\":\"https:\/\/www.indieofilo.com\/en\"},{\"@type\":\"ListItem\",\"position\":2,\"name\":\"Cru\u00eflla 2023 \u2013 7 July 2023 (Parc del Forum \u2013 Barcelona)\"}]},{\"@type\":\"WebSite\",\"@id\":\"https:\/\/www.indieofilo.com\/#website\",\"url\":\"https:\/\/www.indieofilo.com\/\",\"name\":\"Indie\u00f3filo\",\"description\":\"Magazine online de la cultura independiente\",\"publisher\":{\"@id\":\"https:\/\/www.indieofilo.com\/#organization\"},\"potentialAction\":[{\"@type\":\"SearchAction\",\"target\":{\"@type\":\"EntryPoint\",\"urlTemplate\":\"https:\/\/www.indieofilo.com\/?s={search_term_string}\"},\"query-input\":{\"@type\":\"PropertyValueSpecification\",\"valueRequired\":true,\"valueName\":\"search_term_string\"}}],\"inLanguage\":\"en-US\"},{\"@type\":\"Organization\",\"@id\":\"https:\/\/www.indieofilo.com\/#organization\",\"name\":\"Indie\u00f3filo Web\",\"url\":\"https:\/\/www.indieofilo.com\/\",\"logo\":{\"@type\":\"ImageObject\",\"inLanguage\":\"en-US\",\"@id\":\"https:\/\/www.indieofilo.com\/#\/schema\/logo\/image\/\",\"url\":\"https:\/\/www.indieofilo.com\/wp-content\/uploads\/2015\/02\/logo-alta-resolucion.png\",\"contentUrl\":\"https:\/\/www.indieofilo.com\/wp-content\/uploads\/2015\/02\/logo-alta-resolucion.png\",\"width\":544,\"height\":185,\"caption\":\"Indie\u00f3filo Web\"},\"image\":{\"@id\":\"https:\/\/www.indieofilo.com\/#\/schema\/logo\/image\/\"},\"sameAs\":[\"https:\/\/www.facebook.com\/Indieofilo\/\",\"https:\/\/x.com\/indieofilo\",\"https:\/\/www.instagram.com\/indieofilo\/\"]},{\"@type\":\"Person\",\"@id\":\"https:\/\/www.indieofilo.com\/#\/schema\/person\/595334d38590e4ce5a09f83cbf2fca90\",\"name\":\"Victor\",\"image\":{\"@type\":\"ImageObject\",\"inLanguage\":\"en-US\",\"@id\":\"https:\/\/www.indieofilo.com\/#\/schema\/person\/image\/\",\"url\":\"https:\/\/secure.gravatar.com\/avatar\/682b8c6ea3e94b6cffec683b25f1797d?s=96&d=mm&r=g\",\"contentUrl\":\"https:\/\/secure.gravatar.com\/avatar\/682b8c6ea3e94b6cffec683b25f1797d?s=96&d=mm&r=g\",\"caption\":\"Victor\"},\"description\":\"Fan\u00e1tico de la m\u00fasica desde que mis padres me pon\u00edan a Eydie Gorme y Los Panchos o el Discotuna por la A2. Intent\u00e9 tocar varios instrumentos, pero soy muy torpe con la mano izquierda, as\u00ed que ya sab\u00e9is el resultado final. Fan del britpop, Post-punk, el rugby y el baloncesto...\",\"sameAs\":[\"http:\/\/indieofilo.com\"],\"url\":\"https:\/\/www.indieofilo.com\/en\/author\/victor\"}]}<\/script>\n<!-- \/ Yoast SEO Premium plugin. -->","yoast_head_json":{"title":"Cru\u00eflla 2023 \u2013 7 July 2023 (Parc del Forum \u2013 Barcelona) - Indie\u00f3filo","description":"Review of Friday's Cru\u00eflla 2023, featuring The Offspring, Sigur R\u00f3s, Alt-J, Carolina Durante and Viva Suecia.","robots":{"index":"index","follow":"follow","max-snippet":"max-snippet:-1","max-image-preview":"max-image-preview:large","max-video-preview":"max-video-preview:-1"},"canonical":"https:\/\/www.indieofilo.com\/en\/gig-reviews\/cruilla-2023-7-july-2023-parc-del-forum-barcelona","og_locale":"en_US","og_type":"article","og_title":"Cru\u00eflla 2023 \u2013 7 July 2023 (Parc del Forum \u2013 Barcelona)","og_description":"Review of Friday's Cru\u00eflla 2023, featuring The Offspring, Sigur R\u00f3s, Alt-J, Carolina Durante and Viva Suecia.","og_url":"https:\/\/www.indieofilo.com\/en\/gig-reviews\/cruilla-2023-7-july-2023-parc-del-forum-barcelona","og_site_name":"Indie\u00f3filo","article_publisher":"https:\/\/www.facebook.com\/Indieofilo\/","article_published_time":"2023-07-10T08:04:37+00:00","article_modified_time":"2024-06-06T10:59:43+00:00","og_image":[{"width":800,"height":532,"url":"http:\/\/www.indieofilo.com\/wp-content\/uploads\/2023\/07\/Sigur_Ros_Cruilla_2023_Victor_Parreno.jpg","type":"image\/jpeg"}],"author":"Victor","twitter_card":"summary_large_image","twitter_creator":"@indieofilo","twitter_site":"@indieofilo","twitter_misc":{"Written by":"Victor","Est. reading time":"8 minutes"},"schema":{"@context":"https:\/\/schema.org","@graph":[{"@type":"Article","@id":"https:\/\/www.indieofilo.com\/en\/gig-reviews\/cruilla-2023-7-july-2023-parc-del-forum-barcelona#article","isPartOf":{"@id":"https:\/\/www.indieofilo.com\/en\/gig-reviews\/cruilla-2023-7-july-2023-parc-del-forum-barcelona"},"author":{"name":"Victor","@id":"https:\/\/www.indieofilo.com\/#\/schema\/person\/595334d38590e4ce5a09f83cbf2fca90"},"headline":"Cru\u00eflla 2023 \u2013 7 July 2023 (Parc del Forum \u2013 Barcelona)","datePublished":"2023-07-10T08:04:37+00:00","dateModified":"2024-06-06T10:59:43+00:00","mainEntityOfPage":{"@id":"https:\/\/www.indieofilo.com\/en\/gig-reviews\/cruilla-2023-7-july-2023-parc-del-forum-barcelona"},"wordCount":1377,"commentCount":0,"publisher":{"@id":"https:\/\/www.indieofilo.com\/#organization"},"image":{"@id":"https:\/\/www.indieofilo.com\/en\/gig-reviews\/cruilla-2023-7-july-2023-parc-del-forum-barcelona#primaryimage"},"thumbnailUrl":"https:\/\/www.indieofilo.com\/wp-content\/uploads\/2023\/07\/Sigur_Ros_Cruilla_2023_Victor_Parreno.jpg","keywords":["Alt-J","Barcelona","Carolina Durante","Cru\u00eflla 2023","Festival Cru\u00eflla 2023","Sigur R\u00f3s","The Offspring","Viva Suecia"],"articleSection":["Festivals","Gig Reviews"],"inLanguage":"en-US","potentialAction":[{"@type":"CommentAction","name":"Comment","target":["https:\/\/www.indieofilo.com\/en\/gig-reviews\/cruilla-2023-7-july-2023-parc-del-forum-barcelona#respond"]}]},{"@type":"WebPage","@id":"https:\/\/www.indieofilo.com\/en\/gig-reviews\/cruilla-2023-7-july-2023-parc-del-forum-barcelona","url":"https:\/\/www.indieofilo.com\/en\/gig-reviews\/cruilla-2023-7-july-2023-parc-del-forum-barcelona","name":"Cru\u00eflla 2023 \u2013 7 July 2023 (Parc del Forum \u2013 Barcelona) - Indie\u00f3filo","isPartOf":{"@id":"https:\/\/www.indieofilo.com\/#website"},"primaryImageOfPage":{"@id":"https:\/\/www.indieofilo.com\/en\/gig-reviews\/cruilla-2023-7-july-2023-parc-del-forum-barcelona#primaryimage"},"image":{"@id":"https:\/\/www.indieofilo.com\/en\/gig-reviews\/cruilla-2023-7-july-2023-parc-del-forum-barcelona#primaryimage"},"thumbnailUrl":"https:\/\/www.indieofilo.com\/wp-content\/uploads\/2023\/07\/Sigur_Ros_Cruilla_2023_Victor_Parreno.jpg","datePublished":"2023-07-10T08:04:37+00:00","dateModified":"2024-06-06T10:59:43+00:00","description":"Review of Friday's Cru\u00eflla 2023, featuring The Offspring, Sigur R\u00f3s, Alt-J, Carolina Durante and Viva Suecia.","breadcrumb":{"@id":"https:\/\/www.indieofilo.com\/en\/gig-reviews\/cruilla-2023-7-july-2023-parc-del-forum-barcelona#breadcrumb"},"inLanguage":"en-US","potentialAction":[{"@type":"ReadAction","target":["https:\/\/www.indieofilo.com\/en\/gig-reviews\/cruilla-2023-7-july-2023-parc-del-forum-barcelona"]}]},{"@type":"ImageObject","inLanguage":"en-US","@id":"https:\/\/www.indieofilo.com\/en\/gig-reviews\/cruilla-2023-7-july-2023-parc-del-forum-barcelona#primaryimage","url":"https:\/\/www.indieofilo.com\/wp-content\/uploads\/2023\/07\/Sigur_Ros_Cruilla_2023_Victor_Parreno.jpg","contentUrl":"https:\/\/www.indieofilo.com\/wp-content\/uploads\/2023\/07\/Sigur_Ros_Cruilla_2023_Victor_Parreno.jpg","width":800,"height":532,"caption":"Sigur R\u00f3s - Cru\u00eflla 2023 - Victor Parre\u00f1o"},{"@type":"BreadcrumbList","@id":"https:\/\/www.indieofilo.com\/en\/gig-reviews\/cruilla-2023-7-july-2023-parc-del-forum-barcelona#breadcrumb","itemListElement":[{"@type":"ListItem","position":1,"name":"Portada","item":"https:\/\/www.indieofilo.com\/en"},{"@type":"ListItem","position":2,"name":"Cru\u00eflla 2023 \u2013 7 July 2023 (Parc del Forum \u2013 Barcelona)"}]},{"@type":"WebSite","@id":"https:\/\/www.indieofilo.com\/#website","url":"https:\/\/www.indieofilo.com\/","name":"Indie\u00f3filo","description":"Magazine online de la cultura independiente","publisher":{"@id":"https:\/\/www.indieofilo.com\/#organization"},"potentialAction":[{"@type":"SearchAction","target":{"@type":"EntryPoint","urlTemplate":"https:\/\/www.indieofilo.com\/?s={search_term_string}"},"query-input":{"@type":"PropertyValueSpecification","valueRequired":true,"valueName":"search_term_string"}}],"inLanguage":"en-US"},{"@type":"Organization","@id":"https:\/\/www.indieofilo.com\/#organization","name":"Indie\u00f3filo Web","url":"https:\/\/www.indieofilo.com\/","logo":{"@type":"ImageObject","inLanguage":"en-US","@id":"https:\/\/www.indieofilo.com\/#\/schema\/logo\/image\/","url":"https:\/\/www.indieofilo.com\/wp-content\/uploads\/2015\/02\/logo-alta-resolucion.png","contentUrl":"https:\/\/www.indieofilo.com\/wp-content\/uploads\/2015\/02\/logo-alta-resolucion.png","width":544,"height":185,"caption":"Indie\u00f3filo Web"},"image":{"@id":"https:\/\/www.indieofilo.com\/#\/schema\/logo\/image\/"},"sameAs":["https:\/\/www.facebook.com\/Indieofilo\/","https:\/\/x.com\/indieofilo","https:\/\/www.instagram.com\/indieofilo\/"]},{"@type":"Person","@id":"https:\/\/www.indieofilo.com\/#\/schema\/person\/595334d38590e4ce5a09f83cbf2fca90","name":"Victor","image":{"@type":"ImageObject","inLanguage":"en-US","@id":"https:\/\/www.indieofilo.com\/#\/schema\/person\/image\/","url":"https:\/\/secure.gravatar.com\/avatar\/682b8c6ea3e94b6cffec683b25f1797d?s=96&d=mm&r=g","contentUrl":"https:\/\/secure.gravatar.com\/avatar\/682b8c6ea3e94b6cffec683b25f1797d?s=96&d=mm&r=g","caption":"Victor"},"description":"Fan\u00e1tico de la m\u00fasica desde que mis padres me pon\u00edan a Eydie Gorme y Los Panchos o el Discotuna por la A2. Intent\u00e9 tocar varios instrumentos, pero soy muy torpe con la mano izquierda, as\u00ed que ya sab\u00e9is el resultado final. Fan del britpop, Post-punk, el rugby y el baloncesto...","sameAs":["http:\/\/indieofilo.com"],"url":"https:\/\/www.indieofilo.com\/en\/author\/victor"}]}},"_links":{"self":[{"href":"https:\/\/www.indieofilo.com\/en\/wp-json\/wp\/v2\/posts\/41465","targetHints":{"allow":["GET"]}}],"collection":[{"href":"https:\/\/www.indieofilo.com\/en\/wp-json\/wp\/v2\/posts"}],"about":[{"href":"https:\/\/www.indieofilo.com\/en\/wp-json\/wp\/v2\/types\/post"}],"author":[{"embeddable":true,"href":"https:\/\/www.indieofilo.com\/en\/wp-json\/wp\/v2\/users\/1"}],"replies":[{"embeddable":true,"href":"https:\/\/www.indieofilo.com\/en\/wp-json\/wp\/v2\/comments?post=41465"}],"version-history":[{"count":0,"href":"https:\/\/www.indieofilo.com\/en\/wp-json\/wp\/v2\/posts\/41465\/revisions"}],"wp:featuredmedia":[{"embeddable":true,"href":"https:\/\/www.indieofilo.com\/en\/wp-json\/wp\/v2\/media\/15852"}],"wp:attachment":[{"href":"https:\/\/www.indieofilo.com\/en\/wp-json\/wp\/v2\/media?parent=41465"}],"wp:term":[{"taxonomy":"category","embeddable":true,"href":"https:\/\/www.indieofilo.com\/en\/wp-json\/wp\/v2\/categories?post=41465"},{"taxonomy":"post_tag","embeddable":true,"href":"https:\/\/www.indieofilo.com\/en\/wp-json\/wp\/v2\/tags?post=41465"}],"curies":[{"name":"wp","href":"https:\/\/api.w.org\/{rel}","templated":true}]}}