{"id":4137,"date":"2016-02-17T10:49:59","date_gmt":"2016-02-17T09:49:59","guid":{"rendered":"http:\/\/indieofilo.com\/?p=4137"},"modified":"2023-09-19T13:09:03","modified_gmt":"2023-09-19T11:09:03","slug":"hot-chip-to-low-festival-2016","status":"publish","type":"post","link":"https:\/\/www.indieofilo.com\/en\/news\/hot-chip-to-low-festival-2016","title":{"rendered":"Hot Chip to Low Festival 2016"},"content":{"rendered":"<p style=\"text-align: justify;\">\n\t<img fetchpriority=\"high\" decoding=\"async\" alt=\"Low Festival 2016 - Hot Chip\" class=\"aligncenter size-medium wp-image-4132\" height=\"222\" src=\"http:\/\/indieofilo.com\/wp-content\/uploads\/2016\/02\/Low-2016-Hot-Chip-600x222.jpg\" width=\"600\" \/><\/p>\n<p style=\"text-align: justify;\">\n\tOnly ten days after the last batch of names,&nbsp;<strong>Low Festival 2016<\/strong> has announced a new name for its line-up. Americans&nbsp;<strong>Hot Chip<\/strong>, presenting their last album&nbsp;<em>Why Make Sense<\/em>&nbsp;will be at the Valencian festival, that will be held from 29th to 31th of July in Benidorm, and&nbsp;they will join Belle and Sebastian, The Kooks, Los Planetas, Love of Lesbian o&nbsp;Vetusta Morla, among others, confirmed during lasts months.&nbsp;<\/p>\n<p style=\"text-align: justify;\">\n\tWe remind you that tickets <a href=\"http:\/\/lowfestival.es\/abonos\/\">are available at its offcial Website<\/a>&nbsp;with a promotional price of&nbsp;58&euro; +fees for the 3 days ticket until next Friday.<\/p>\n","protected":false},"excerpt":{"rendered":"<p>Only ten days after the last batch of names,&nbsp;Low Festival 2016 has announced a new name for its line-up. Americans&nbsp;Hot Chip, presenting their last album&nbsp;Why Make Sense&nbsp;will be at the Valencian festival, that will be held from 29th to 31th of July in Benidorm, and&nbsp;they will join Belle and Sebastian, The Kooks, Los Planetas, Love [&hellip;]<\/p>\n","protected":false},"author":1,"featured_media":19125,"comment_status":"open","ping_status":"closed","sticky":false,"template":"","format":"standard","meta":{"footnotes":""},"categories":[41,8],"tags":[6105,5516,5931],"class_list":["post-4137","post","type-post","status-publish","format-standard","has-post-thumbnail","hentry","category-live-shows","category-news","tag-hot-chip-en","tag-low-festival-en","tag-low-festival-2016-en"],"yoast_head":"<!-- This site is optimized with the Yoast SEO Premium plugin v23.9 (Yoast SEO v26.6) - https:\/\/yoast.com\/wordpress\/plugins\/seo\/ -->\n<title>Hot Chip to Low Festival 2016 - Indie\u00f3filo<\/title>\n<meta name=\"description\" content=\"Americans will\u00a0present their last album\u00a0Why Make Sense\u00a0at the Valencian festival, that will be held from 29th to 31th of July in Benidorm.\" \/>\n<meta name=\"robots\" content=\"index, follow, max-snippet:-1, max-image-preview:large, max-video-preview:-1\" \/>\n<link rel=\"canonical\" href=\"https:\/\/www.indieofilo.com\/en\/news\/hot-chip-to-low-festival-2016\" \/>\n<meta property=\"og:locale\" content=\"en_US\" \/>\n<meta property=\"og:type\" content=\"article\" \/>\n<meta property=\"og:title\" content=\"Hot Chip to Low Festival 2016\" \/>\n<meta property=\"og:description\" content=\"Americans will\u00a0present their last album\u00a0Why Make Sense\u00a0at the Valencian festival, that will be held from 29th to 31th of July in Benidorm.\" \/>\n<meta property=\"og:url\" content=\"https:\/\/www.indieofilo.com\/en\/news\/hot-chip-to-low-festival-2016\" \/>\n<meta property=\"og:site_name\" content=\"Indie\u00f3filo\" \/>\n<meta property=\"article:publisher\" content=\"https:\/\/www.facebook.com\/Indieofilo\/\" \/>\n<meta property=\"article:published_time\" content=\"2016-02-17T09:49:59+00:00\" \/>\n<meta property=\"article:modified_time\" content=\"2023-09-19T11:09:03+00:00\" \/>\n<meta property=\"og:image\" content=\"https:\/\/www.indieofilo.com\/wp-content\/uploads\/2016\/02\/Low-2016-Hot-Chip.jpg\" \/>\n\t<meta property=\"og:image:width\" content=\"800\" \/>\n\t<meta property=\"og:image:height\" content=\"296\" \/>\n\t<meta property=\"og:image:type\" content=\"image\/jpeg\" \/>\n<meta name=\"author\" content=\"Victor\" \/>\n<meta name=\"twitter:card\" content=\"summary_large_image\" \/>\n<meta name=\"twitter:creator\" content=\"@indieofilo\" \/>\n<meta name=\"twitter:site\" content=\"@indieofilo\" \/>\n<meta name=\"twitter:label1\" content=\"Written by\" \/>\n\t<meta name=\"twitter:data1\" content=\"Victor\" \/>\n\t<meta name=\"twitter:label2\" content=\"Est. reading time\" \/>\n\t<meta name=\"twitter:data2\" content=\"1 minute\" \/>\n<script type=\"application\/ld+json\" class=\"yoast-schema-graph\">{\"@context\":\"https:\/\/schema.org\",\"@graph\":[{\"@type\":\"Article\",\"@id\":\"https:\/\/www.indieofilo.com\/en\/news\/hot-chip-to-low-festival-2016#article\",\"isPartOf\":{\"@id\":\"https:\/\/www.indieofilo.com\/en\/news\/hot-chip-to-low-festival-2016\"},\"author\":{\"name\":\"Victor\",\"@id\":\"https:\/\/www.indieofilo.com\/#\/schema\/person\/595334d38590e4ce5a09f83cbf2fca90\"},\"headline\":\"Hot Chip to Low Festival 2016\",\"datePublished\":\"2016-02-17T09:49:59+00:00\",\"dateModified\":\"2023-09-19T11:09:03+00:00\",\"mainEntityOfPage\":{\"@id\":\"https:\/\/www.indieofilo.com\/en\/news\/hot-chip-to-low-festival-2016\"},\"wordCount\":109,\"commentCount\":0,\"publisher\":{\"@id\":\"https:\/\/www.indieofilo.com\/#organization\"},\"image\":{\"@id\":\"https:\/\/www.indieofilo.com\/en\/news\/hot-chip-to-low-festival-2016#primaryimage\"},\"thumbnailUrl\":\"https:\/\/www.indieofilo.com\/wp-content\/uploads\/2016\/02\/Low-2016-Hot-Chip.jpg\",\"keywords\":[\"Hot Chip\",\"Low Festival\",\"Low Festival 2016\"],\"articleSection\":[\"Live Shows\",\"News\"],\"inLanguage\":\"en-US\",\"potentialAction\":[{\"@type\":\"CommentAction\",\"name\":\"Comment\",\"target\":[\"https:\/\/www.indieofilo.com\/en\/news\/hot-chip-to-low-festival-2016#respond\"]}]},{\"@type\":\"WebPage\",\"@id\":\"https:\/\/www.indieofilo.com\/en\/news\/hot-chip-to-low-festival-2016\",\"url\":\"https:\/\/www.indieofilo.com\/en\/news\/hot-chip-to-low-festival-2016\",\"name\":\"Hot Chip to Low Festival 2016 - Indie\u00f3filo\",\"isPartOf\":{\"@id\":\"https:\/\/www.indieofilo.com\/#website\"},\"primaryImageOfPage\":{\"@id\":\"https:\/\/www.indieofilo.com\/en\/news\/hot-chip-to-low-festival-2016#primaryimage\"},\"image\":{\"@id\":\"https:\/\/www.indieofilo.com\/en\/news\/hot-chip-to-low-festival-2016#primaryimage\"},\"thumbnailUrl\":\"https:\/\/www.indieofilo.com\/wp-content\/uploads\/2016\/02\/Low-2016-Hot-Chip.jpg\",\"datePublished\":\"2016-02-17T09:49:59+00:00\",\"dateModified\":\"2023-09-19T11:09:03+00:00\",\"description\":\"Americans will\u00a0present their last album\u00a0Why Make Sense\u00a0at the Valencian festival, that will be held from 29th to 31th of July in Benidorm.\",\"breadcrumb\":{\"@id\":\"https:\/\/www.indieofilo.com\/en\/news\/hot-chip-to-low-festival-2016#breadcrumb\"},\"inLanguage\":\"en-US\",\"potentialAction\":[{\"@type\":\"ReadAction\",\"target\":[\"https:\/\/www.indieofilo.com\/en\/news\/hot-chip-to-low-festival-2016\"]}]},{\"@type\":\"ImageObject\",\"inLanguage\":\"en-US\",\"@id\":\"https:\/\/www.indieofilo.com\/en\/news\/hot-chip-to-low-festival-2016#primaryimage\",\"url\":\"https:\/\/www.indieofilo.com\/wp-content\/uploads\/2016\/02\/Low-2016-Hot-Chip.jpg\",\"contentUrl\":\"https:\/\/www.indieofilo.com\/wp-content\/uploads\/2016\/02\/Low-2016-Hot-Chip.jpg\",\"width\":800,\"height\":296},{\"@type\":\"BreadcrumbList\",\"@id\":\"https:\/\/www.indieofilo.com\/en\/news\/hot-chip-to-low-festival-2016#breadcrumb\",\"itemListElement\":[{\"@type\":\"ListItem\",\"position\":1,\"name\":\"Portada\",\"item\":\"https:\/\/www.indieofilo.com\/en\"},{\"@type\":\"ListItem\",\"position\":2,\"name\":\"Hot Chip to Low Festival 2016\"}]},{\"@type\":\"WebSite\",\"@id\":\"https:\/\/www.indieofilo.com\/#website\",\"url\":\"https:\/\/www.indieofilo.com\/\",\"name\":\"Indie\u00f3filo\",\"description\":\"Magazine online de la cultura independiente\",\"publisher\":{\"@id\":\"https:\/\/www.indieofilo.com\/#organization\"},\"potentialAction\":[{\"@type\":\"SearchAction\",\"target\":{\"@type\":\"EntryPoint\",\"urlTemplate\":\"https:\/\/www.indieofilo.com\/?s={search_term_string}\"},\"query-input\":{\"@type\":\"PropertyValueSpecification\",\"valueRequired\":true,\"valueName\":\"search_term_string\"}}],\"inLanguage\":\"en-US\"},{\"@type\":\"Organization\",\"@id\":\"https:\/\/www.indieofilo.com\/#organization\",\"name\":\"Indie\u00f3filo Web\",\"url\":\"https:\/\/www.indieofilo.com\/\",\"logo\":{\"@type\":\"ImageObject\",\"inLanguage\":\"en-US\",\"@id\":\"https:\/\/www.indieofilo.com\/#\/schema\/logo\/image\/\",\"url\":\"https:\/\/www.indieofilo.com\/wp-content\/uploads\/2015\/02\/logo-alta-resolucion.png\",\"contentUrl\":\"https:\/\/www.indieofilo.com\/wp-content\/uploads\/2015\/02\/logo-alta-resolucion.png\",\"width\":544,\"height\":185,\"caption\":\"Indie\u00f3filo Web\"},\"image\":{\"@id\":\"https:\/\/www.indieofilo.com\/#\/schema\/logo\/image\/\"},\"sameAs\":[\"https:\/\/www.facebook.com\/Indieofilo\/\",\"https:\/\/x.com\/indieofilo\",\"https:\/\/www.instagram.com\/indieofilo\/\"]},{\"@type\":\"Person\",\"@id\":\"https:\/\/www.indieofilo.com\/#\/schema\/person\/595334d38590e4ce5a09f83cbf2fca90\",\"name\":\"Victor\",\"image\":{\"@type\":\"ImageObject\",\"inLanguage\":\"en-US\",\"@id\":\"https:\/\/www.indieofilo.com\/#\/schema\/person\/image\/\",\"url\":\"https:\/\/secure.gravatar.com\/avatar\/682b8c6ea3e94b6cffec683b25f1797d?s=96&d=mm&r=g\",\"contentUrl\":\"https:\/\/secure.gravatar.com\/avatar\/682b8c6ea3e94b6cffec683b25f1797d?s=96&d=mm&r=g\",\"caption\":\"Victor\"},\"description\":\"Fan\u00e1tico de la m\u00fasica desde que mis padres me pon\u00edan a Eydie Gorme y Los Panchos o el Discotuna por la A2. Intent\u00e9 tocar varios instrumentos, pero soy muy torpe con la mano izquierda, as\u00ed que ya sab\u00e9is el resultado final. Fan del britpop, Post-punk, el rugby y el baloncesto...\",\"sameAs\":[\"http:\/\/indieofilo.com\"],\"url\":\"https:\/\/www.indieofilo.com\/en\/author\/victor\"}]}<\/script>\n<!-- \/ Yoast SEO Premium plugin. -->","yoast_head_json":{"title":"Hot Chip to Low Festival 2016 - Indie\u00f3filo","description":"Americans will\u00a0present their last album\u00a0Why Make Sense\u00a0at the Valencian festival, that will be held from 29th to 31th of July in Benidorm.","robots":{"index":"index","follow":"follow","max-snippet":"max-snippet:-1","max-image-preview":"max-image-preview:large","max-video-preview":"max-video-preview:-1"},"canonical":"https:\/\/www.indieofilo.com\/en\/news\/hot-chip-to-low-festival-2016","og_locale":"en_US","og_type":"article","og_title":"Hot Chip to Low Festival 2016","og_description":"Americans will\u00a0present their last album\u00a0Why Make Sense\u00a0at the Valencian festival, that will be held from 29th to 31th of July in Benidorm.","og_url":"https:\/\/www.indieofilo.com\/en\/news\/hot-chip-to-low-festival-2016","og_site_name":"Indie\u00f3filo","article_publisher":"https:\/\/www.facebook.com\/Indieofilo\/","article_published_time":"2016-02-17T09:49:59+00:00","article_modified_time":"2023-09-19T11:09:03+00:00","og_image":[{"width":800,"height":296,"url":"https:\/\/www.indieofilo.com\/wp-content\/uploads\/2016\/02\/Low-2016-Hot-Chip.jpg","type":"image\/jpeg"}],"author":"Victor","twitter_card":"summary_large_image","twitter_creator":"@indieofilo","twitter_site":"@indieofilo","twitter_misc":{"Written by":"Victor","Est. reading time":"1 minute"},"schema":{"@context":"https:\/\/schema.org","@graph":[{"@type":"Article","@id":"https:\/\/www.indieofilo.com\/en\/news\/hot-chip-to-low-festival-2016#article","isPartOf":{"@id":"https:\/\/www.indieofilo.com\/en\/news\/hot-chip-to-low-festival-2016"},"author":{"name":"Victor","@id":"https:\/\/www.indieofilo.com\/#\/schema\/person\/595334d38590e4ce5a09f83cbf2fca90"},"headline":"Hot Chip to Low Festival 2016","datePublished":"2016-02-17T09:49:59+00:00","dateModified":"2023-09-19T11:09:03+00:00","mainEntityOfPage":{"@id":"https:\/\/www.indieofilo.com\/en\/news\/hot-chip-to-low-festival-2016"},"wordCount":109,"commentCount":0,"publisher":{"@id":"https:\/\/www.indieofilo.com\/#organization"},"image":{"@id":"https:\/\/www.indieofilo.com\/en\/news\/hot-chip-to-low-festival-2016#primaryimage"},"thumbnailUrl":"https:\/\/www.indieofilo.com\/wp-content\/uploads\/2016\/02\/Low-2016-Hot-Chip.jpg","keywords":["Hot Chip","Low Festival","Low Festival 2016"],"articleSection":["Live Shows","News"],"inLanguage":"en-US","potentialAction":[{"@type":"CommentAction","name":"Comment","target":["https:\/\/www.indieofilo.com\/en\/news\/hot-chip-to-low-festival-2016#respond"]}]},{"@type":"WebPage","@id":"https:\/\/www.indieofilo.com\/en\/news\/hot-chip-to-low-festival-2016","url":"https:\/\/www.indieofilo.com\/en\/news\/hot-chip-to-low-festival-2016","name":"Hot Chip to Low Festival 2016 - Indie\u00f3filo","isPartOf":{"@id":"https:\/\/www.indieofilo.com\/#website"},"primaryImageOfPage":{"@id":"https:\/\/www.indieofilo.com\/en\/news\/hot-chip-to-low-festival-2016#primaryimage"},"image":{"@id":"https:\/\/www.indieofilo.com\/en\/news\/hot-chip-to-low-festival-2016#primaryimage"},"thumbnailUrl":"https:\/\/www.indieofilo.com\/wp-content\/uploads\/2016\/02\/Low-2016-Hot-Chip.jpg","datePublished":"2016-02-17T09:49:59+00:00","dateModified":"2023-09-19T11:09:03+00:00","description":"Americans will\u00a0present their last album\u00a0Why Make Sense\u00a0at the Valencian festival, that will be held from 29th to 31th of July in Benidorm.","breadcrumb":{"@id":"https:\/\/www.indieofilo.com\/en\/news\/hot-chip-to-low-festival-2016#breadcrumb"},"inLanguage":"en-US","potentialAction":[{"@type":"ReadAction","target":["https:\/\/www.indieofilo.com\/en\/news\/hot-chip-to-low-festival-2016"]}]},{"@type":"ImageObject","inLanguage":"en-US","@id":"https:\/\/www.indieofilo.com\/en\/news\/hot-chip-to-low-festival-2016#primaryimage","url":"https:\/\/www.indieofilo.com\/wp-content\/uploads\/2016\/02\/Low-2016-Hot-Chip.jpg","contentUrl":"https:\/\/www.indieofilo.com\/wp-content\/uploads\/2016\/02\/Low-2016-Hot-Chip.jpg","width":800,"height":296},{"@type":"BreadcrumbList","@id":"https:\/\/www.indieofilo.com\/en\/news\/hot-chip-to-low-festival-2016#breadcrumb","itemListElement":[{"@type":"ListItem","position":1,"name":"Portada","item":"https:\/\/www.indieofilo.com\/en"},{"@type":"ListItem","position":2,"name":"Hot Chip to Low Festival 2016"}]},{"@type":"WebSite","@id":"https:\/\/www.indieofilo.com\/#website","url":"https:\/\/www.indieofilo.com\/","name":"Indie\u00f3filo","description":"Magazine online de la cultura independiente","publisher":{"@id":"https:\/\/www.indieofilo.com\/#organization"},"potentialAction":[{"@type":"SearchAction","target":{"@type":"EntryPoint","urlTemplate":"https:\/\/www.indieofilo.com\/?s={search_term_string}"},"query-input":{"@type":"PropertyValueSpecification","valueRequired":true,"valueName":"search_term_string"}}],"inLanguage":"en-US"},{"@type":"Organization","@id":"https:\/\/www.indieofilo.com\/#organization","name":"Indie\u00f3filo Web","url":"https:\/\/www.indieofilo.com\/","logo":{"@type":"ImageObject","inLanguage":"en-US","@id":"https:\/\/www.indieofilo.com\/#\/schema\/logo\/image\/","url":"https:\/\/www.indieofilo.com\/wp-content\/uploads\/2015\/02\/logo-alta-resolucion.png","contentUrl":"https:\/\/www.indieofilo.com\/wp-content\/uploads\/2015\/02\/logo-alta-resolucion.png","width":544,"height":185,"caption":"Indie\u00f3filo Web"},"image":{"@id":"https:\/\/www.indieofilo.com\/#\/schema\/logo\/image\/"},"sameAs":["https:\/\/www.facebook.com\/Indieofilo\/","https:\/\/x.com\/indieofilo","https:\/\/www.instagram.com\/indieofilo\/"]},{"@type":"Person","@id":"https:\/\/www.indieofilo.com\/#\/schema\/person\/595334d38590e4ce5a09f83cbf2fca90","name":"Victor","image":{"@type":"ImageObject","inLanguage":"en-US","@id":"https:\/\/www.indieofilo.com\/#\/schema\/person\/image\/","url":"https:\/\/secure.gravatar.com\/avatar\/682b8c6ea3e94b6cffec683b25f1797d?s=96&d=mm&r=g","contentUrl":"https:\/\/secure.gravatar.com\/avatar\/682b8c6ea3e94b6cffec683b25f1797d?s=96&d=mm&r=g","caption":"Victor"},"description":"Fan\u00e1tico de la m\u00fasica desde que mis padres me pon\u00edan a Eydie Gorme y Los Panchos o el Discotuna por la A2. Intent\u00e9 tocar varios instrumentos, pero soy muy torpe con la mano izquierda, as\u00ed que ya sab\u00e9is el resultado final. Fan del britpop, Post-punk, el rugby y el baloncesto...","sameAs":["http:\/\/indieofilo.com"],"url":"https:\/\/www.indieofilo.com\/en\/author\/victor"}]}},"_links":{"self":[{"href":"https:\/\/www.indieofilo.com\/en\/wp-json\/wp\/v2\/posts\/4137","targetHints":{"allow":["GET"]}}],"collection":[{"href":"https:\/\/www.indieofilo.com\/en\/wp-json\/wp\/v2\/posts"}],"about":[{"href":"https:\/\/www.indieofilo.com\/en\/wp-json\/wp\/v2\/types\/post"}],"author":[{"embeddable":true,"href":"https:\/\/www.indieofilo.com\/en\/wp-json\/wp\/v2\/users\/1"}],"replies":[{"embeddable":true,"href":"https:\/\/www.indieofilo.com\/en\/wp-json\/wp\/v2\/comments?post=4137"}],"version-history":[{"count":0,"href":"https:\/\/www.indieofilo.com\/en\/wp-json\/wp\/v2\/posts\/4137\/revisions"}],"wp:featuredmedia":[{"embeddable":true,"href":"https:\/\/www.indieofilo.com\/en\/wp-json\/wp\/v2\/media\/19125"}],"wp:attachment":[{"href":"https:\/\/www.indieofilo.com\/en\/wp-json\/wp\/v2\/media?parent=4137"}],"wp:term":[{"taxonomy":"category","embeddable":true,"href":"https:\/\/www.indieofilo.com\/en\/wp-json\/wp\/v2\/categories?post=4137"},{"taxonomy":"post_tag","embeddable":true,"href":"https:\/\/www.indieofilo.com\/en\/wp-json\/wp\/v2\/tags?post=4137"}],"curies":[{"name":"wp","href":"https:\/\/api.w.org\/{rel}","templated":true}]}}