{"id":41034,"date":"2024-05-09T13:59:37","date_gmt":"2024-05-09T11:59:37","guid":{"rendered":"https:\/\/www.indieofilo.com\/news\/music\/free-opening-day-announced-for-barcelona-rock-fest-2024"},"modified":"2024-05-13T12:30:59","modified_gmt":"2024-05-13T10:30:59","slug":"free-opening-day-announced-for-barcelona-rock-fest-2024","status":"publish","type":"post","link":"https:\/\/www.indieofilo.com\/en\/news\/free-opening-day-announced-for-barcelona-rock-fest-2024","title":{"rendered":"Free opening day announced for Barcelona Rock Fest 2024"},"content":{"rendered":"<p style=\"text-align: justify;\">Just <a href=\"https:\/\/www.indieofilo.com\/noticias\/anunciado-cartel-por-dias-del-barcelona-rock-fest-2024\">over two weeks after announcing its line-up<\/a>, the organisation of <strong>Rock Fest Barcelona 2024<\/strong> announced today that the traditional collection of wristbands and season tickets on Thursday in the Parc de Can Zam will be turned into a party with free concerts.<\/p>\n<p style=\"text-align: justify;\">Tickets can be exchanged for wristbands between 16:00 and 22:00, while the concerts are scheduled to start at 21:00 and end at 00:00. The evening will be opened by Enrique Villarreal &#8220;<strong>El Drogas<\/strong>&#8220;, a legendary member of Barricada who <a href=\"https:\/\/www.indieofilo.com\/cronicas-conciertos\/drogas-40-aniversario-barricada-20-mayo-2023-sala-razzmatazz-barcelona\">we had the pleasure of seeing at the Sala Razzmatazz last year as part of the Navarrese band&#8217;s 40th anniversary tour (Concert chronicle in Spanish)<\/a>. Next up will be local Metallica cover band <strong>Metallijam<\/strong>, who have performed at the festival several times before.<\/p>\n<p style=\"text-align: justify;\">Tickets and day passes for Barcelona Rock Fest 2024, which will take place from 5 to 7 July at Parc de Can Zam in Santa Coloma de Gramanet, are now available on the <a href=\"https:\/\/www.barcelonarockfest.com\/entradas-festival\/\" target=\"_blank\" rel=\"noopener\">festival&#8217;s official website<\/a>.<\/p>\n<p><img fetchpriority=\"high\" decoding=\"async\" class=\"aligncenter size-large wp-image-41016\" src=\"http:\/\/www.indieofilo.com\/wp-content\/uploads\/2024\/05\/barcelona-rock-fest-2024-inaugural-683x683.jpg\" alt=\"Barcelona Rock Fest 2024 Opening day\" width=\"683\" height=\"683\" srcset=\"https:\/\/www.indieofilo.com\/wp-content\/uploads\/2024\/05\/barcelona-rock-fest-2024-inaugural-683x683.jpg 683w, https:\/\/www.indieofilo.com\/wp-content\/uploads\/2024\/05\/barcelona-rock-fest-2024-inaugural-533x533.jpg 533w, https:\/\/www.indieofilo.com\/wp-content\/uploads\/2024\/05\/barcelona-rock-fest-2024-inaugural-400x400.jpg 400w, https:\/\/www.indieofilo.com\/wp-content\/uploads\/2024\/05\/barcelona-rock-fest-2024-inaugural-768x768.jpg 768w, https:\/\/www.indieofilo.com\/wp-content\/uploads\/2024\/05\/barcelona-rock-fest-2024-inaugural-300x300.jpg 300w, https:\/\/www.indieofilo.com\/wp-content\/uploads\/2024\/05\/barcelona-rock-fest-2024-inaugural.jpg 1080w\" sizes=\"(max-width: 683px) 100vw, 683px\" \/><\/p>\n","protected":false},"excerpt":{"rendered":"<p>Just over two weeks after announcing its line-up, the organisation of Rock Fest Barcelona 2024 announced today that the traditional collection of wristbands and season tickets on Thursday in the Parc de Can Zam will be turned into a party with free concerts. Tickets can be exchanged for wristbands between 16:00 and 22:00, while the [&hellip;]<\/p>\n","protected":false},"author":1,"featured_media":41016,"comment_status":"open","ping_status":"closed","sticky":false,"template":"","format":"standard","meta":{"footnotes":""},"categories":[41,8],"tags":[7152,7047,7046],"class_list":["post-41034","post","type-post","status-publish","format-standard","has-post-thumbnail","hentry","category-live-shows","category-news","tag-barcelona-rock-fest-en","tag-barcelona-rock-fest-2024-en","tag-el-drogas-en"],"yoast_head":"<!-- This site is optimized with the Yoast SEO Premium plugin v23.9 (Yoast SEO v26.6) - https:\/\/yoast.com\/wordpress\/plugins\/seo\/ -->\n<title>Free opening day announced for Barcelona Rock Fest 2024 - Indie\u00f3filo<\/title>\n<meta name=\"description\" content=\"The evening will be opened by Enrique Villarreal &quot;El Drogas&quot;, followed by Metallica cover band Metallijam.\" \/>\n<meta name=\"robots\" content=\"index, follow, max-snippet:-1, max-image-preview:large, max-video-preview:-1\" \/>\n<link rel=\"canonical\" href=\"https:\/\/www.indieofilo.com\/en\/news\/free-opening-day-announced-for-barcelona-rock-fest-2024\" \/>\n<meta property=\"og:locale\" content=\"en_US\" \/>\n<meta property=\"og:type\" content=\"article\" \/>\n<meta property=\"og:title\" content=\"Free opening day announced for Barcelona Rock Fest 2024\" \/>\n<meta property=\"og:description\" content=\"The evening will be opened by Enrique Villarreal &quot;El Drogas&quot;, followed by Metallica cover band Metallijam.\" \/>\n<meta property=\"og:url\" content=\"https:\/\/www.indieofilo.com\/en\/news\/free-opening-day-announced-for-barcelona-rock-fest-2024\" \/>\n<meta property=\"og:site_name\" content=\"Indie\u00f3filo\" \/>\n<meta property=\"article:publisher\" content=\"https:\/\/www.facebook.com\/Indieofilo\/\" \/>\n<meta property=\"article:published_time\" content=\"2024-05-09T11:59:37+00:00\" \/>\n<meta property=\"article:modified_time\" content=\"2024-05-13T10:30:59+00:00\" \/>\n<meta property=\"og:image\" content=\"http:\/\/www.indieofilo.com\/wp-content\/uploads\/2024\/05\/barcelona-rock-fest-2024-inaugural.jpg\" \/>\n\t<meta property=\"og:image:width\" content=\"1080\" \/>\n\t<meta property=\"og:image:height\" content=\"1080\" \/>\n\t<meta property=\"og:image:type\" content=\"image\/jpeg\" \/>\n<meta name=\"author\" content=\"Victor\" \/>\n<meta name=\"twitter:card\" content=\"summary_large_image\" \/>\n<meta name=\"twitter:creator\" content=\"@indieofilo\" \/>\n<meta name=\"twitter:site\" content=\"@indieofilo\" \/>\n<meta name=\"twitter:label1\" content=\"Written by\" \/>\n\t<meta name=\"twitter:data1\" content=\"Victor\" \/>\n\t<meta name=\"twitter:label2\" content=\"Est. reading time\" \/>\n\t<meta name=\"twitter:data2\" content=\"2 minutes\" \/>\n<script type=\"application\/ld+json\" class=\"yoast-schema-graph\">{\"@context\":\"https:\/\/schema.org\",\"@graph\":[{\"@type\":\"Article\",\"@id\":\"https:\/\/www.indieofilo.com\/en\/news\/free-opening-day-announced-for-barcelona-rock-fest-2024#article\",\"isPartOf\":{\"@id\":\"https:\/\/www.indieofilo.com\/en\/news\/free-opening-day-announced-for-barcelona-rock-fest-2024\"},\"author\":{\"name\":\"Victor\",\"@id\":\"https:\/\/www.indieofilo.com\/#\/schema\/person\/595334d38590e4ce5a09f83cbf2fca90\"},\"headline\":\"Free opening day announced for Barcelona Rock Fest 2024\",\"datePublished\":\"2024-05-09T11:59:37+00:00\",\"dateModified\":\"2024-05-13T10:30:59+00:00\",\"mainEntityOfPage\":{\"@id\":\"https:\/\/www.indieofilo.com\/en\/news\/free-opening-day-announced-for-barcelona-rock-fest-2024\"},\"wordCount\":161,\"commentCount\":0,\"publisher\":{\"@id\":\"https:\/\/www.indieofilo.com\/#organization\"},\"image\":{\"@id\":\"https:\/\/www.indieofilo.com\/en\/news\/free-opening-day-announced-for-barcelona-rock-fest-2024#primaryimage\"},\"thumbnailUrl\":\"https:\/\/www.indieofilo.com\/wp-content\/uploads\/2024\/05\/barcelona-rock-fest-2024-inaugural.jpg\",\"keywords\":[\"Barcelona Rock Fest\",\"Barcelona Rock Fest 2024\",\"El Drogas\"],\"articleSection\":[\"Live Shows\",\"News\"],\"inLanguage\":\"en-US\",\"potentialAction\":[{\"@type\":\"CommentAction\",\"name\":\"Comment\",\"target\":[\"https:\/\/www.indieofilo.com\/en\/news\/free-opening-day-announced-for-barcelona-rock-fest-2024#respond\"]}]},{\"@type\":\"WebPage\",\"@id\":\"https:\/\/www.indieofilo.com\/en\/news\/free-opening-day-announced-for-barcelona-rock-fest-2024\",\"url\":\"https:\/\/www.indieofilo.com\/en\/news\/free-opening-day-announced-for-barcelona-rock-fest-2024\",\"name\":\"Free opening day announced for Barcelona Rock Fest 2024 - Indie\u00f3filo\",\"isPartOf\":{\"@id\":\"https:\/\/www.indieofilo.com\/#website\"},\"primaryImageOfPage\":{\"@id\":\"https:\/\/www.indieofilo.com\/en\/news\/free-opening-day-announced-for-barcelona-rock-fest-2024#primaryimage\"},\"image\":{\"@id\":\"https:\/\/www.indieofilo.com\/en\/news\/free-opening-day-announced-for-barcelona-rock-fest-2024#primaryimage\"},\"thumbnailUrl\":\"https:\/\/www.indieofilo.com\/wp-content\/uploads\/2024\/05\/barcelona-rock-fest-2024-inaugural.jpg\",\"datePublished\":\"2024-05-09T11:59:37+00:00\",\"dateModified\":\"2024-05-13T10:30:59+00:00\",\"description\":\"The evening will be opened by Enrique Villarreal \\\"El Drogas\\\", followed by Metallica cover band Metallijam.\",\"breadcrumb\":{\"@id\":\"https:\/\/www.indieofilo.com\/en\/news\/free-opening-day-announced-for-barcelona-rock-fest-2024#breadcrumb\"},\"inLanguage\":\"en-US\",\"potentialAction\":[{\"@type\":\"ReadAction\",\"target\":[\"https:\/\/www.indieofilo.com\/en\/news\/free-opening-day-announced-for-barcelona-rock-fest-2024\"]}]},{\"@type\":\"ImageObject\",\"inLanguage\":\"en-US\",\"@id\":\"https:\/\/www.indieofilo.com\/en\/news\/free-opening-day-announced-for-barcelona-rock-fest-2024#primaryimage\",\"url\":\"https:\/\/www.indieofilo.com\/wp-content\/uploads\/2024\/05\/barcelona-rock-fest-2024-inaugural.jpg\",\"contentUrl\":\"https:\/\/www.indieofilo.com\/wp-content\/uploads\/2024\/05\/barcelona-rock-fest-2024-inaugural.jpg\",\"width\":1080,\"height\":1080,\"caption\":\"Barcelona Rock Fest 2024 inaugural\"},{\"@type\":\"BreadcrumbList\",\"@id\":\"https:\/\/www.indieofilo.com\/en\/news\/free-opening-day-announced-for-barcelona-rock-fest-2024#breadcrumb\",\"itemListElement\":[{\"@type\":\"ListItem\",\"position\":1,\"name\":\"Portada\",\"item\":\"https:\/\/www.indieofilo.com\/en\"},{\"@type\":\"ListItem\",\"position\":2,\"name\":\"Free opening day announced for Barcelona Rock Fest 2024\"}]},{\"@type\":\"WebSite\",\"@id\":\"https:\/\/www.indieofilo.com\/#website\",\"url\":\"https:\/\/www.indieofilo.com\/\",\"name\":\"Indie\u00f3filo\",\"description\":\"Magazine online de la cultura independiente\",\"publisher\":{\"@id\":\"https:\/\/www.indieofilo.com\/#organization\"},\"potentialAction\":[{\"@type\":\"SearchAction\",\"target\":{\"@type\":\"EntryPoint\",\"urlTemplate\":\"https:\/\/www.indieofilo.com\/?s={search_term_string}\"},\"query-input\":{\"@type\":\"PropertyValueSpecification\",\"valueRequired\":true,\"valueName\":\"search_term_string\"}}],\"inLanguage\":\"en-US\"},{\"@type\":\"Organization\",\"@id\":\"https:\/\/www.indieofilo.com\/#organization\",\"name\":\"Indie\u00f3filo Web\",\"url\":\"https:\/\/www.indieofilo.com\/\",\"logo\":{\"@type\":\"ImageObject\",\"inLanguage\":\"en-US\",\"@id\":\"https:\/\/www.indieofilo.com\/#\/schema\/logo\/image\/\",\"url\":\"https:\/\/www.indieofilo.com\/wp-content\/uploads\/2015\/02\/logo-alta-resolucion.png\",\"contentUrl\":\"https:\/\/www.indieofilo.com\/wp-content\/uploads\/2015\/02\/logo-alta-resolucion.png\",\"width\":544,\"height\":185,\"caption\":\"Indie\u00f3filo Web\"},\"image\":{\"@id\":\"https:\/\/www.indieofilo.com\/#\/schema\/logo\/image\/\"},\"sameAs\":[\"https:\/\/www.facebook.com\/Indieofilo\/\",\"https:\/\/x.com\/indieofilo\",\"https:\/\/www.instagram.com\/indieofilo\/\"]},{\"@type\":\"Person\",\"@id\":\"https:\/\/www.indieofilo.com\/#\/schema\/person\/595334d38590e4ce5a09f83cbf2fca90\",\"name\":\"Victor\",\"image\":{\"@type\":\"ImageObject\",\"inLanguage\":\"en-US\",\"@id\":\"https:\/\/www.indieofilo.com\/#\/schema\/person\/image\/\",\"url\":\"https:\/\/secure.gravatar.com\/avatar\/682b8c6ea3e94b6cffec683b25f1797d?s=96&d=mm&r=g\",\"contentUrl\":\"https:\/\/secure.gravatar.com\/avatar\/682b8c6ea3e94b6cffec683b25f1797d?s=96&d=mm&r=g\",\"caption\":\"Victor\"},\"description\":\"Fan\u00e1tico de la m\u00fasica desde que mis padres me pon\u00edan a Eydie Gorme y Los Panchos o el Discotuna por la A2. Intent\u00e9 tocar varios instrumentos, pero soy muy torpe con la mano izquierda, as\u00ed que ya sab\u00e9is el resultado final. Fan del britpop, Post-punk, el rugby y el baloncesto...\",\"sameAs\":[\"http:\/\/indieofilo.com\"],\"url\":\"https:\/\/www.indieofilo.com\/en\/author\/victor\"}]}<\/script>\n<!-- \/ Yoast SEO Premium plugin. -->","yoast_head_json":{"title":"Free opening day announced for Barcelona Rock Fest 2024 - Indie\u00f3filo","description":"The evening will be opened by Enrique Villarreal \"El Drogas\", followed by Metallica cover band Metallijam.","robots":{"index":"index","follow":"follow","max-snippet":"max-snippet:-1","max-image-preview":"max-image-preview:large","max-video-preview":"max-video-preview:-1"},"canonical":"https:\/\/www.indieofilo.com\/en\/news\/free-opening-day-announced-for-barcelona-rock-fest-2024","og_locale":"en_US","og_type":"article","og_title":"Free opening day announced for Barcelona Rock Fest 2024","og_description":"The evening will be opened by Enrique Villarreal \"El Drogas\", followed by Metallica cover band Metallijam.","og_url":"https:\/\/www.indieofilo.com\/en\/news\/free-opening-day-announced-for-barcelona-rock-fest-2024","og_site_name":"Indie\u00f3filo","article_publisher":"https:\/\/www.facebook.com\/Indieofilo\/","article_published_time":"2024-05-09T11:59:37+00:00","article_modified_time":"2024-05-13T10:30:59+00:00","og_image":[{"width":1080,"height":1080,"url":"http:\/\/www.indieofilo.com\/wp-content\/uploads\/2024\/05\/barcelona-rock-fest-2024-inaugural.jpg","type":"image\/jpeg"}],"author":"Victor","twitter_card":"summary_large_image","twitter_creator":"@indieofilo","twitter_site":"@indieofilo","twitter_misc":{"Written by":"Victor","Est. reading time":"2 minutes"},"schema":{"@context":"https:\/\/schema.org","@graph":[{"@type":"Article","@id":"https:\/\/www.indieofilo.com\/en\/news\/free-opening-day-announced-for-barcelona-rock-fest-2024#article","isPartOf":{"@id":"https:\/\/www.indieofilo.com\/en\/news\/free-opening-day-announced-for-barcelona-rock-fest-2024"},"author":{"name":"Victor","@id":"https:\/\/www.indieofilo.com\/#\/schema\/person\/595334d38590e4ce5a09f83cbf2fca90"},"headline":"Free opening day announced for Barcelona Rock Fest 2024","datePublished":"2024-05-09T11:59:37+00:00","dateModified":"2024-05-13T10:30:59+00:00","mainEntityOfPage":{"@id":"https:\/\/www.indieofilo.com\/en\/news\/free-opening-day-announced-for-barcelona-rock-fest-2024"},"wordCount":161,"commentCount":0,"publisher":{"@id":"https:\/\/www.indieofilo.com\/#organization"},"image":{"@id":"https:\/\/www.indieofilo.com\/en\/news\/free-opening-day-announced-for-barcelona-rock-fest-2024#primaryimage"},"thumbnailUrl":"https:\/\/www.indieofilo.com\/wp-content\/uploads\/2024\/05\/barcelona-rock-fest-2024-inaugural.jpg","keywords":["Barcelona Rock Fest","Barcelona Rock Fest 2024","El Drogas"],"articleSection":["Live Shows","News"],"inLanguage":"en-US","potentialAction":[{"@type":"CommentAction","name":"Comment","target":["https:\/\/www.indieofilo.com\/en\/news\/free-opening-day-announced-for-barcelona-rock-fest-2024#respond"]}]},{"@type":"WebPage","@id":"https:\/\/www.indieofilo.com\/en\/news\/free-opening-day-announced-for-barcelona-rock-fest-2024","url":"https:\/\/www.indieofilo.com\/en\/news\/free-opening-day-announced-for-barcelona-rock-fest-2024","name":"Free opening day announced for Barcelona Rock Fest 2024 - Indie\u00f3filo","isPartOf":{"@id":"https:\/\/www.indieofilo.com\/#website"},"primaryImageOfPage":{"@id":"https:\/\/www.indieofilo.com\/en\/news\/free-opening-day-announced-for-barcelona-rock-fest-2024#primaryimage"},"image":{"@id":"https:\/\/www.indieofilo.com\/en\/news\/free-opening-day-announced-for-barcelona-rock-fest-2024#primaryimage"},"thumbnailUrl":"https:\/\/www.indieofilo.com\/wp-content\/uploads\/2024\/05\/barcelona-rock-fest-2024-inaugural.jpg","datePublished":"2024-05-09T11:59:37+00:00","dateModified":"2024-05-13T10:30:59+00:00","description":"The evening will be opened by Enrique Villarreal \"El Drogas\", followed by Metallica cover band Metallijam.","breadcrumb":{"@id":"https:\/\/www.indieofilo.com\/en\/news\/free-opening-day-announced-for-barcelona-rock-fest-2024#breadcrumb"},"inLanguage":"en-US","potentialAction":[{"@type":"ReadAction","target":["https:\/\/www.indieofilo.com\/en\/news\/free-opening-day-announced-for-barcelona-rock-fest-2024"]}]},{"@type":"ImageObject","inLanguage":"en-US","@id":"https:\/\/www.indieofilo.com\/en\/news\/free-opening-day-announced-for-barcelona-rock-fest-2024#primaryimage","url":"https:\/\/www.indieofilo.com\/wp-content\/uploads\/2024\/05\/barcelona-rock-fest-2024-inaugural.jpg","contentUrl":"https:\/\/www.indieofilo.com\/wp-content\/uploads\/2024\/05\/barcelona-rock-fest-2024-inaugural.jpg","width":1080,"height":1080,"caption":"Barcelona Rock Fest 2024 inaugural"},{"@type":"BreadcrumbList","@id":"https:\/\/www.indieofilo.com\/en\/news\/free-opening-day-announced-for-barcelona-rock-fest-2024#breadcrumb","itemListElement":[{"@type":"ListItem","position":1,"name":"Portada","item":"https:\/\/www.indieofilo.com\/en"},{"@type":"ListItem","position":2,"name":"Free opening day announced for Barcelona Rock Fest 2024"}]},{"@type":"WebSite","@id":"https:\/\/www.indieofilo.com\/#website","url":"https:\/\/www.indieofilo.com\/","name":"Indie\u00f3filo","description":"Magazine online de la cultura independiente","publisher":{"@id":"https:\/\/www.indieofilo.com\/#organization"},"potentialAction":[{"@type":"SearchAction","target":{"@type":"EntryPoint","urlTemplate":"https:\/\/www.indieofilo.com\/?s={search_term_string}"},"query-input":{"@type":"PropertyValueSpecification","valueRequired":true,"valueName":"search_term_string"}}],"inLanguage":"en-US"},{"@type":"Organization","@id":"https:\/\/www.indieofilo.com\/#organization","name":"Indie\u00f3filo Web","url":"https:\/\/www.indieofilo.com\/","logo":{"@type":"ImageObject","inLanguage":"en-US","@id":"https:\/\/www.indieofilo.com\/#\/schema\/logo\/image\/","url":"https:\/\/www.indieofilo.com\/wp-content\/uploads\/2015\/02\/logo-alta-resolucion.png","contentUrl":"https:\/\/www.indieofilo.com\/wp-content\/uploads\/2015\/02\/logo-alta-resolucion.png","width":544,"height":185,"caption":"Indie\u00f3filo Web"},"image":{"@id":"https:\/\/www.indieofilo.com\/#\/schema\/logo\/image\/"},"sameAs":["https:\/\/www.facebook.com\/Indieofilo\/","https:\/\/x.com\/indieofilo","https:\/\/www.instagram.com\/indieofilo\/"]},{"@type":"Person","@id":"https:\/\/www.indieofilo.com\/#\/schema\/person\/595334d38590e4ce5a09f83cbf2fca90","name":"Victor","image":{"@type":"ImageObject","inLanguage":"en-US","@id":"https:\/\/www.indieofilo.com\/#\/schema\/person\/image\/","url":"https:\/\/secure.gravatar.com\/avatar\/682b8c6ea3e94b6cffec683b25f1797d?s=96&d=mm&r=g","contentUrl":"https:\/\/secure.gravatar.com\/avatar\/682b8c6ea3e94b6cffec683b25f1797d?s=96&d=mm&r=g","caption":"Victor"},"description":"Fan\u00e1tico de la m\u00fasica desde que mis padres me pon\u00edan a Eydie Gorme y Los Panchos o el Discotuna por la A2. Intent\u00e9 tocar varios instrumentos, pero soy muy torpe con la mano izquierda, as\u00ed que ya sab\u00e9is el resultado final. Fan del britpop, Post-punk, el rugby y el baloncesto...","sameAs":["http:\/\/indieofilo.com"],"url":"https:\/\/www.indieofilo.com\/en\/author\/victor"}]}},"_links":{"self":[{"href":"https:\/\/www.indieofilo.com\/en\/wp-json\/wp\/v2\/posts\/41034","targetHints":{"allow":["GET"]}}],"collection":[{"href":"https:\/\/www.indieofilo.com\/en\/wp-json\/wp\/v2\/posts"}],"about":[{"href":"https:\/\/www.indieofilo.com\/en\/wp-json\/wp\/v2\/types\/post"}],"author":[{"embeddable":true,"href":"https:\/\/www.indieofilo.com\/en\/wp-json\/wp\/v2\/users\/1"}],"replies":[{"embeddable":true,"href":"https:\/\/www.indieofilo.com\/en\/wp-json\/wp\/v2\/comments?post=41034"}],"version-history":[{"count":0,"href":"https:\/\/www.indieofilo.com\/en\/wp-json\/wp\/v2\/posts\/41034\/revisions"}],"wp:featuredmedia":[{"embeddable":true,"href":"https:\/\/www.indieofilo.com\/en\/wp-json\/wp\/v2\/media\/41016"}],"wp:attachment":[{"href":"https:\/\/www.indieofilo.com\/en\/wp-json\/wp\/v2\/media?parent=41034"}],"wp:term":[{"taxonomy":"category","embeddable":true,"href":"https:\/\/www.indieofilo.com\/en\/wp-json\/wp\/v2\/categories?post=41034"},{"taxonomy":"post_tag","embeddable":true,"href":"https:\/\/www.indieofilo.com\/en\/wp-json\/wp\/v2\/tags?post=41034"}],"curies":[{"name":"wp","href":"https:\/\/api.w.org\/{rel}","templated":true}]}}