{"id":40982,"date":"2023-11-03T17:34:00","date_gmt":"2023-11-03T16:34:00","guid":{"rendered":"https:\/\/www.indieofilo.com\/news\/music\/vida-festival-2024-announces-new-batch-of-names"},"modified":"2024-05-09T12:04:44","modified_gmt":"2024-05-09T10:04:44","slug":"vida-festival-2024-announces-new-batch-of-names","status":"publish","type":"post","link":"https:\/\/www.indieofilo.com\/en\/short-news\/vida-festival-2024-announces-new-batch-of-names","title":{"rendered":"Vida Festival 2024 announces new batch of names"},"content":{"rendered":"<p><img fetchpriority=\"high\" decoding=\"async\" class=\"aligncenter size-medium wp-image-37659\" src=\"http:\/\/indieofilo.com\/wp-content\/uploads\/2023\/11\/Vida_Festival_2024_Alizzz-534x533.jpg\" alt=\"Vida Festival 2024 - Alizzz\" width=\"534\" height=\"533\" srcset=\"https:\/\/www.indieofilo.com\/wp-content\/uploads\/2023\/11\/Vida_Festival_2024_Alizzz-534x533.jpg 534w, https:\/\/www.indieofilo.com\/wp-content\/uploads\/2023\/11\/Vida_Festival_2024_Alizzz-684x683.jpg 684w, https:\/\/www.indieofilo.com\/wp-content\/uploads\/2023\/11\/Vida_Festival_2024_Alizzz-401x400.jpg 401w, https:\/\/www.indieofilo.com\/wp-content\/uploads\/2023\/11\/Vida_Festival_2024_Alizzz-768x767.jpg 768w, https:\/\/www.indieofilo.com\/wp-content\/uploads\/2023\/11\/Vida_Festival_2024_Alizzz-300x300.jpg 300w, https:\/\/www.indieofilo.com\/wp-content\/uploads\/2023\/11\/Vida_Festival_2024_Alizzz.jpg 1440w\" sizes=\"(max-width: 534px) 100vw, 534px\" \/><\/p>\n<p style=\"text-align: justify;\">After knowing a few weeks ago that <a href=\"https:\/\/www.indieofilo.com\/en\/news\/standstill-first-name-of-the-vida-festival-2024\">Standstill would be the first band confirmed<\/a> for <strong>Vida Festival 2024<\/strong>, we have been adding new names to the line-up all week.<\/p>\n<p style=\"text-align: justify;\">Every day of the week, the V4M platform announced names such as Los Angeles dream pop trio <strong>CANNONS<\/strong>, the award-winning producer <strong>Alizzz<\/strong>, the launch of Manel singer <strong>Guillem Gisbert<\/strong>&#8216;s solo project, or local bands <strong>La Ludwig Band<\/strong> and <strong>Mar Pujol<\/strong>, who will present their latest albums at the next edition of the festival.<\/p>\n<p style=\"text-align: justify;\">Tickets for the Vida Festival, which will be held in Vilanova i la Geltr\u00fa from 4 to 6 July, are now available on the <a href=\"https:\/\/www.vidafestival.com\/es\/entradas\/\">festival&#8217;s official website<\/a>.<\/p>\n","protected":false},"excerpt":{"rendered":"<p>After knowing a few weeks ago that Standstill would be the first band confirmed for Vida Festival 2024, we have been adding new names to the line-up all week. Every day of the week, the V4M platform announced names such as Los Angeles dream pop trio CANNONS, the award-winning producer Alizzz, the launch of Manel [&hellip;]<\/p>\n","protected":false},"author":1,"featured_media":37659,"comment_status":"open","ping_status":"closed","sticky":false,"template":"","format":"standard","meta":{"footnotes":""},"categories":[18],"tags":[7157,7158,5711,7156],"class_list":["post-40982","post","type-post","status-publish","format-standard","has-post-thumbnail","hentry","category-short-news","tag-alizzz-en","tag-cannons-en","tag-vida-festival-en","tag-vida-festival-2024-en"],"yoast_head":"<!-- This site is optimized with the Yoast SEO Premium plugin v23.9 (Yoast SEO v26.6) - https:\/\/yoast.com\/wordpress\/plugins\/seo\/ -->\n<title>Vida Festival 2024 announces new batch of names - Indie\u00f3filo<\/title>\n<meta name=\"description\" content=\"Los Angeles dream pop trio CANNONS, Alizzz, Manel singer Guillem Gisbert, La Ludwig Band and Mar Pujol, new names on the line-up.\" \/>\n<meta name=\"robots\" content=\"index, follow, max-snippet:-1, max-image-preview:large, max-video-preview:-1\" \/>\n<link rel=\"canonical\" href=\"https:\/\/www.indieofilo.com\/en\/short-news\/vida-festival-2024-announces-new-batch-of-names\" \/>\n<meta property=\"og:locale\" content=\"en_US\" \/>\n<meta property=\"og:type\" content=\"article\" \/>\n<meta property=\"og:title\" content=\"Vida Festival 2024 announces new batch of names\" \/>\n<meta property=\"og:description\" content=\"Los Angeles dream pop trio CANNONS, Alizzz, Manel singer Guillem Gisbert, La Ludwig Band and Mar Pujol, new names on the line-up.\" \/>\n<meta property=\"og:url\" content=\"https:\/\/www.indieofilo.com\/en\/short-news\/vida-festival-2024-announces-new-batch-of-names\" \/>\n<meta property=\"og:site_name\" content=\"Indie\u00f3filo\" \/>\n<meta property=\"article:publisher\" content=\"https:\/\/www.facebook.com\/Indieofilo\/\" \/>\n<meta property=\"article:published_time\" content=\"2023-11-03T16:34:00+00:00\" \/>\n<meta property=\"article:modified_time\" content=\"2024-05-09T10:04:44+00:00\" \/>\n<meta property=\"og:image\" content=\"http:\/\/www.indieofilo.com\/wp-content\/uploads\/2023\/11\/Vida_Festival_2024_Alizzz.jpg\" \/>\n\t<meta property=\"og:image:width\" content=\"1440\" \/>\n\t<meta property=\"og:image:height\" content=\"1438\" \/>\n\t<meta property=\"og:image:type\" content=\"image\/jpeg\" \/>\n<meta name=\"author\" content=\"Victor\" \/>\n<meta name=\"twitter:card\" content=\"summary_large_image\" \/>\n<meta name=\"twitter:creator\" content=\"@indieofilo\" \/>\n<meta name=\"twitter:site\" content=\"@indieofilo\" \/>\n<meta name=\"twitter:label1\" content=\"Written by\" \/>\n\t<meta name=\"twitter:data1\" content=\"Victor\" \/>\n\t<meta name=\"twitter:label2\" content=\"Est. reading time\" \/>\n\t<meta name=\"twitter:data2\" content=\"1 minute\" \/>\n<script type=\"application\/ld+json\" class=\"yoast-schema-graph\">{\"@context\":\"https:\/\/schema.org\",\"@graph\":[{\"@type\":\"Article\",\"@id\":\"https:\/\/www.indieofilo.com\/en\/short-news\/vida-festival-2024-announces-new-batch-of-names#article\",\"isPartOf\":{\"@id\":\"https:\/\/www.indieofilo.com\/en\/short-news\/vida-festival-2024-announces-new-batch-of-names\"},\"author\":{\"name\":\"Victor\",\"@id\":\"https:\/\/www.indieofilo.com\/#\/schema\/person\/595334d38590e4ce5a09f83cbf2fca90\"},\"headline\":\"Vida Festival 2024 announces new batch of names\",\"datePublished\":\"2023-11-03T16:34:00+00:00\",\"dateModified\":\"2024-05-09T10:04:44+00:00\",\"mainEntityOfPage\":{\"@id\":\"https:\/\/www.indieofilo.com\/en\/short-news\/vida-festival-2024-announces-new-batch-of-names\"},\"wordCount\":114,\"commentCount\":0,\"publisher\":{\"@id\":\"https:\/\/www.indieofilo.com\/#organization\"},\"image\":{\"@id\":\"https:\/\/www.indieofilo.com\/en\/short-news\/vida-festival-2024-announces-new-batch-of-names#primaryimage\"},\"thumbnailUrl\":\"https:\/\/www.indieofilo.com\/wp-content\/uploads\/2023\/11\/Vida_Festival_2024_Alizzz.jpg\",\"keywords\":[\"Alizzz\",\"CANNONS\",\"VIDA Festival\",\"Vida Festival 2024\"],\"articleSection\":[\"Short news\"],\"inLanguage\":\"en-US\",\"potentialAction\":[{\"@type\":\"CommentAction\",\"name\":\"Comment\",\"target\":[\"https:\/\/www.indieofilo.com\/en\/short-news\/vida-festival-2024-announces-new-batch-of-names#respond\"]}]},{\"@type\":\"WebPage\",\"@id\":\"https:\/\/www.indieofilo.com\/en\/short-news\/vida-festival-2024-announces-new-batch-of-names\",\"url\":\"https:\/\/www.indieofilo.com\/en\/short-news\/vida-festival-2024-announces-new-batch-of-names\",\"name\":\"Vida Festival 2024 announces new batch of names - Indie\u00f3filo\",\"isPartOf\":{\"@id\":\"https:\/\/www.indieofilo.com\/#website\"},\"primaryImageOfPage\":{\"@id\":\"https:\/\/www.indieofilo.com\/en\/short-news\/vida-festival-2024-announces-new-batch-of-names#primaryimage\"},\"image\":{\"@id\":\"https:\/\/www.indieofilo.com\/en\/short-news\/vida-festival-2024-announces-new-batch-of-names#primaryimage\"},\"thumbnailUrl\":\"https:\/\/www.indieofilo.com\/wp-content\/uploads\/2023\/11\/Vida_Festival_2024_Alizzz.jpg\",\"datePublished\":\"2023-11-03T16:34:00+00:00\",\"dateModified\":\"2024-05-09T10:04:44+00:00\",\"description\":\"Los Angeles dream pop trio CANNONS, Alizzz, Manel singer Guillem Gisbert, La Ludwig Band and Mar Pujol, new names on the line-up.\",\"breadcrumb\":{\"@id\":\"https:\/\/www.indieofilo.com\/en\/short-news\/vida-festival-2024-announces-new-batch-of-names#breadcrumb\"},\"inLanguage\":\"en-US\",\"potentialAction\":[{\"@type\":\"ReadAction\",\"target\":[\"https:\/\/www.indieofilo.com\/en\/short-news\/vida-festival-2024-announces-new-batch-of-names\"]}]},{\"@type\":\"ImageObject\",\"inLanguage\":\"en-US\",\"@id\":\"https:\/\/www.indieofilo.com\/en\/short-news\/vida-festival-2024-announces-new-batch-of-names#primaryimage\",\"url\":\"https:\/\/www.indieofilo.com\/wp-content\/uploads\/2023\/11\/Vida_Festival_2024_Alizzz.jpg\",\"contentUrl\":\"https:\/\/www.indieofilo.com\/wp-content\/uploads\/2023\/11\/Vida_Festival_2024_Alizzz.jpg\",\"width\":1440,\"height\":1438,\"caption\":\"Vida Festival 2024 - Alizzz\"},{\"@type\":\"BreadcrumbList\",\"@id\":\"https:\/\/www.indieofilo.com\/en\/short-news\/vida-festival-2024-announces-new-batch-of-names#breadcrumb\",\"itemListElement\":[{\"@type\":\"ListItem\",\"position\":1,\"name\":\"Portada\",\"item\":\"https:\/\/www.indieofilo.com\/en\"},{\"@type\":\"ListItem\",\"position\":2,\"name\":\"Vida Festival 2024 announces new batch of names\"}]},{\"@type\":\"WebSite\",\"@id\":\"https:\/\/www.indieofilo.com\/#website\",\"url\":\"https:\/\/www.indieofilo.com\/\",\"name\":\"Indie\u00f3filo\",\"description\":\"Magazine online de la cultura independiente\",\"publisher\":{\"@id\":\"https:\/\/www.indieofilo.com\/#organization\"},\"potentialAction\":[{\"@type\":\"SearchAction\",\"target\":{\"@type\":\"EntryPoint\",\"urlTemplate\":\"https:\/\/www.indieofilo.com\/?s={search_term_string}\"},\"query-input\":{\"@type\":\"PropertyValueSpecification\",\"valueRequired\":true,\"valueName\":\"search_term_string\"}}],\"inLanguage\":\"en-US\"},{\"@type\":\"Organization\",\"@id\":\"https:\/\/www.indieofilo.com\/#organization\",\"name\":\"Indie\u00f3filo Web\",\"url\":\"https:\/\/www.indieofilo.com\/\",\"logo\":{\"@type\":\"ImageObject\",\"inLanguage\":\"en-US\",\"@id\":\"https:\/\/www.indieofilo.com\/#\/schema\/logo\/image\/\",\"url\":\"https:\/\/www.indieofilo.com\/wp-content\/uploads\/2015\/02\/logo-alta-resolucion.png\",\"contentUrl\":\"https:\/\/www.indieofilo.com\/wp-content\/uploads\/2015\/02\/logo-alta-resolucion.png\",\"width\":544,\"height\":185,\"caption\":\"Indie\u00f3filo Web\"},\"image\":{\"@id\":\"https:\/\/www.indieofilo.com\/#\/schema\/logo\/image\/\"},\"sameAs\":[\"https:\/\/www.facebook.com\/Indieofilo\/\",\"https:\/\/x.com\/indieofilo\",\"https:\/\/www.instagram.com\/indieofilo\/\"]},{\"@type\":\"Person\",\"@id\":\"https:\/\/www.indieofilo.com\/#\/schema\/person\/595334d38590e4ce5a09f83cbf2fca90\",\"name\":\"Victor\",\"image\":{\"@type\":\"ImageObject\",\"inLanguage\":\"en-US\",\"@id\":\"https:\/\/www.indieofilo.com\/#\/schema\/person\/image\/\",\"url\":\"https:\/\/secure.gravatar.com\/avatar\/682b8c6ea3e94b6cffec683b25f1797d?s=96&d=mm&r=g\",\"contentUrl\":\"https:\/\/secure.gravatar.com\/avatar\/682b8c6ea3e94b6cffec683b25f1797d?s=96&d=mm&r=g\",\"caption\":\"Victor\"},\"description\":\"Fan\u00e1tico de la m\u00fasica desde que mis padres me pon\u00edan a Eydie Gorme y Los Panchos o el Discotuna por la A2. Intent\u00e9 tocar varios instrumentos, pero soy muy torpe con la mano izquierda, as\u00ed que ya sab\u00e9is el resultado final. Fan del britpop, Post-punk, el rugby y el baloncesto...\",\"sameAs\":[\"http:\/\/indieofilo.com\"],\"url\":\"https:\/\/www.indieofilo.com\/en\/author\/victor\"}]}<\/script>\n<!-- \/ Yoast SEO Premium plugin. -->","yoast_head_json":{"title":"Vida Festival 2024 announces new batch of names - Indie\u00f3filo","description":"Los Angeles dream pop trio CANNONS, Alizzz, Manel singer Guillem Gisbert, La Ludwig Band and Mar Pujol, new names on the line-up.","robots":{"index":"index","follow":"follow","max-snippet":"max-snippet:-1","max-image-preview":"max-image-preview:large","max-video-preview":"max-video-preview:-1"},"canonical":"https:\/\/www.indieofilo.com\/en\/short-news\/vida-festival-2024-announces-new-batch-of-names","og_locale":"en_US","og_type":"article","og_title":"Vida Festival 2024 announces new batch of names","og_description":"Los Angeles dream pop trio CANNONS, Alizzz, Manel singer Guillem Gisbert, La Ludwig Band and Mar Pujol, new names on the line-up.","og_url":"https:\/\/www.indieofilo.com\/en\/short-news\/vida-festival-2024-announces-new-batch-of-names","og_site_name":"Indie\u00f3filo","article_publisher":"https:\/\/www.facebook.com\/Indieofilo\/","article_published_time":"2023-11-03T16:34:00+00:00","article_modified_time":"2024-05-09T10:04:44+00:00","og_image":[{"width":1440,"height":1438,"url":"http:\/\/www.indieofilo.com\/wp-content\/uploads\/2023\/11\/Vida_Festival_2024_Alizzz.jpg","type":"image\/jpeg"}],"author":"Victor","twitter_card":"summary_large_image","twitter_creator":"@indieofilo","twitter_site":"@indieofilo","twitter_misc":{"Written by":"Victor","Est. reading time":"1 minute"},"schema":{"@context":"https:\/\/schema.org","@graph":[{"@type":"Article","@id":"https:\/\/www.indieofilo.com\/en\/short-news\/vida-festival-2024-announces-new-batch-of-names#article","isPartOf":{"@id":"https:\/\/www.indieofilo.com\/en\/short-news\/vida-festival-2024-announces-new-batch-of-names"},"author":{"name":"Victor","@id":"https:\/\/www.indieofilo.com\/#\/schema\/person\/595334d38590e4ce5a09f83cbf2fca90"},"headline":"Vida Festival 2024 announces new batch of names","datePublished":"2023-11-03T16:34:00+00:00","dateModified":"2024-05-09T10:04:44+00:00","mainEntityOfPage":{"@id":"https:\/\/www.indieofilo.com\/en\/short-news\/vida-festival-2024-announces-new-batch-of-names"},"wordCount":114,"commentCount":0,"publisher":{"@id":"https:\/\/www.indieofilo.com\/#organization"},"image":{"@id":"https:\/\/www.indieofilo.com\/en\/short-news\/vida-festival-2024-announces-new-batch-of-names#primaryimage"},"thumbnailUrl":"https:\/\/www.indieofilo.com\/wp-content\/uploads\/2023\/11\/Vida_Festival_2024_Alizzz.jpg","keywords":["Alizzz","CANNONS","VIDA Festival","Vida Festival 2024"],"articleSection":["Short news"],"inLanguage":"en-US","potentialAction":[{"@type":"CommentAction","name":"Comment","target":["https:\/\/www.indieofilo.com\/en\/short-news\/vida-festival-2024-announces-new-batch-of-names#respond"]}]},{"@type":"WebPage","@id":"https:\/\/www.indieofilo.com\/en\/short-news\/vida-festival-2024-announces-new-batch-of-names","url":"https:\/\/www.indieofilo.com\/en\/short-news\/vida-festival-2024-announces-new-batch-of-names","name":"Vida Festival 2024 announces new batch of names - Indie\u00f3filo","isPartOf":{"@id":"https:\/\/www.indieofilo.com\/#website"},"primaryImageOfPage":{"@id":"https:\/\/www.indieofilo.com\/en\/short-news\/vida-festival-2024-announces-new-batch-of-names#primaryimage"},"image":{"@id":"https:\/\/www.indieofilo.com\/en\/short-news\/vida-festival-2024-announces-new-batch-of-names#primaryimage"},"thumbnailUrl":"https:\/\/www.indieofilo.com\/wp-content\/uploads\/2023\/11\/Vida_Festival_2024_Alizzz.jpg","datePublished":"2023-11-03T16:34:00+00:00","dateModified":"2024-05-09T10:04:44+00:00","description":"Los Angeles dream pop trio CANNONS, Alizzz, Manel singer Guillem Gisbert, La Ludwig Band and Mar Pujol, new names on the line-up.","breadcrumb":{"@id":"https:\/\/www.indieofilo.com\/en\/short-news\/vida-festival-2024-announces-new-batch-of-names#breadcrumb"},"inLanguage":"en-US","potentialAction":[{"@type":"ReadAction","target":["https:\/\/www.indieofilo.com\/en\/short-news\/vida-festival-2024-announces-new-batch-of-names"]}]},{"@type":"ImageObject","inLanguage":"en-US","@id":"https:\/\/www.indieofilo.com\/en\/short-news\/vida-festival-2024-announces-new-batch-of-names#primaryimage","url":"https:\/\/www.indieofilo.com\/wp-content\/uploads\/2023\/11\/Vida_Festival_2024_Alizzz.jpg","contentUrl":"https:\/\/www.indieofilo.com\/wp-content\/uploads\/2023\/11\/Vida_Festival_2024_Alizzz.jpg","width":1440,"height":1438,"caption":"Vida Festival 2024 - Alizzz"},{"@type":"BreadcrumbList","@id":"https:\/\/www.indieofilo.com\/en\/short-news\/vida-festival-2024-announces-new-batch-of-names#breadcrumb","itemListElement":[{"@type":"ListItem","position":1,"name":"Portada","item":"https:\/\/www.indieofilo.com\/en"},{"@type":"ListItem","position":2,"name":"Vida Festival 2024 announces new batch of names"}]},{"@type":"WebSite","@id":"https:\/\/www.indieofilo.com\/#website","url":"https:\/\/www.indieofilo.com\/","name":"Indie\u00f3filo","description":"Magazine online de la cultura independiente","publisher":{"@id":"https:\/\/www.indieofilo.com\/#organization"},"potentialAction":[{"@type":"SearchAction","target":{"@type":"EntryPoint","urlTemplate":"https:\/\/www.indieofilo.com\/?s={search_term_string}"},"query-input":{"@type":"PropertyValueSpecification","valueRequired":true,"valueName":"search_term_string"}}],"inLanguage":"en-US"},{"@type":"Organization","@id":"https:\/\/www.indieofilo.com\/#organization","name":"Indie\u00f3filo Web","url":"https:\/\/www.indieofilo.com\/","logo":{"@type":"ImageObject","inLanguage":"en-US","@id":"https:\/\/www.indieofilo.com\/#\/schema\/logo\/image\/","url":"https:\/\/www.indieofilo.com\/wp-content\/uploads\/2015\/02\/logo-alta-resolucion.png","contentUrl":"https:\/\/www.indieofilo.com\/wp-content\/uploads\/2015\/02\/logo-alta-resolucion.png","width":544,"height":185,"caption":"Indie\u00f3filo Web"},"image":{"@id":"https:\/\/www.indieofilo.com\/#\/schema\/logo\/image\/"},"sameAs":["https:\/\/www.facebook.com\/Indieofilo\/","https:\/\/x.com\/indieofilo","https:\/\/www.instagram.com\/indieofilo\/"]},{"@type":"Person","@id":"https:\/\/www.indieofilo.com\/#\/schema\/person\/595334d38590e4ce5a09f83cbf2fca90","name":"Victor","image":{"@type":"ImageObject","inLanguage":"en-US","@id":"https:\/\/www.indieofilo.com\/#\/schema\/person\/image\/","url":"https:\/\/secure.gravatar.com\/avatar\/682b8c6ea3e94b6cffec683b25f1797d?s=96&d=mm&r=g","contentUrl":"https:\/\/secure.gravatar.com\/avatar\/682b8c6ea3e94b6cffec683b25f1797d?s=96&d=mm&r=g","caption":"Victor"},"description":"Fan\u00e1tico de la m\u00fasica desde que mis padres me pon\u00edan a Eydie Gorme y Los Panchos o el Discotuna por la A2. Intent\u00e9 tocar varios instrumentos, pero soy muy torpe con la mano izquierda, as\u00ed que ya sab\u00e9is el resultado final. Fan del britpop, Post-punk, el rugby y el baloncesto...","sameAs":["http:\/\/indieofilo.com"],"url":"https:\/\/www.indieofilo.com\/en\/author\/victor"}]}},"_links":{"self":[{"href":"https:\/\/www.indieofilo.com\/en\/wp-json\/wp\/v2\/posts\/40982","targetHints":{"allow":["GET"]}}],"collection":[{"href":"https:\/\/www.indieofilo.com\/en\/wp-json\/wp\/v2\/posts"}],"about":[{"href":"https:\/\/www.indieofilo.com\/en\/wp-json\/wp\/v2\/types\/post"}],"author":[{"embeddable":true,"href":"https:\/\/www.indieofilo.com\/en\/wp-json\/wp\/v2\/users\/1"}],"replies":[{"embeddable":true,"href":"https:\/\/www.indieofilo.com\/en\/wp-json\/wp\/v2\/comments?post=40982"}],"version-history":[{"count":0,"href":"https:\/\/www.indieofilo.com\/en\/wp-json\/wp\/v2\/posts\/40982\/revisions"}],"wp:featuredmedia":[{"embeddable":true,"href":"https:\/\/www.indieofilo.com\/en\/wp-json\/wp\/v2\/media\/37659"}],"wp:attachment":[{"href":"https:\/\/www.indieofilo.com\/en\/wp-json\/wp\/v2\/media?parent=40982"}],"wp:term":[{"taxonomy":"category","embeddable":true,"href":"https:\/\/www.indieofilo.com\/en\/wp-json\/wp\/v2\/categories?post=40982"},{"taxonomy":"post_tag","embeddable":true,"href":"https:\/\/www.indieofilo.com\/en\/wp-json\/wp\/v2\/tags?post=40982"}],"curies":[{"name":"wp","href":"https:\/\/api.w.org\/{rel}","templated":true}]}}