{"id":40933,"date":"2024-03-26T19:28:00","date_gmt":"2024-03-26T18:28:00","guid":{"rendered":"https:\/\/www.indieofilo.com\/news\/music\/barcelona-rock-fest-2024-line-up-to-be-completed-by-pantera"},"modified":"2024-05-08T21:51:46","modified_gmt":"2024-05-08T19:51:46","slug":"barcelona-rock-fest-2024-line-up-to-be-completed-by-pantera","status":"publish","type":"post","link":"https:\/\/www.indieofilo.com\/en\/news\/barcelona-rock-fest-2024-line-up-to-be-completed-by-pantera","title":{"rendered":"Barcelona Rock Fest 2024 line-up to be completed by Pantera"},"content":{"rendered":"<p style=\"text-align: justify;\">After almost <a href=\"https:\/\/www.indieofilo.com\/noticias\/barcelona-rock-fest-2024-anuncia-nuevos-nombres-para-su-cartel\">a month without any news<\/a> about <strong>Barcelona Rock Fest 2024<\/strong>, the organisers of the Catalan festival have today completed the line-up with up to 9 new names.<\/p>\n<p style=\"text-align: justify;\">This batch includes the presence of the North Americans <strong>Pantera (<\/strong>who were already part of the Resurrection Fest line-up last summer) will be returning to perform in Barcelona after an absence of 22 years, leaving behind the many controversies that have surrounded their singer <strong>Phil Anselmo<\/strong> or the critique of some of the band&#8217;s fans who see the reunion as making no sense but economic sense because of the absence of the late Abbott brothers.<\/p>\n<p style=\"text-align: justify;\">Other confirmed acts include <strong>\u00c1ngeles Del Infierno, Primal Fear, Korpiklaani, Ratos de Por\u00e3o, Warcry, Soziedad Alkoholika, Motosierras<\/strong> and <strong>Terminal Violence<\/strong>, as well as Parkway Drive, Blind Guardian, Deep Purple, Europe, Stratovarius, Angelus Apatrida and Gammaray.<\/p>\n<p>We remind you that tickets for Barcelona Rock Fest 2024, which will take place from 5 to 7 July at Parc de Can Zam in Santa Coloma de Gramanet, are now available on the <a href=\"https:\/\/www.barcelonarockfest.com\/entradas-festival\/\" target=\"_blank\" rel=\"noopener\">festival&#8217;s official website<\/a>.<\/p>\n<p><img fetchpriority=\"high\" decoding=\"async\" class=\"aligncenter size-large wp-image-40285\" src=\"http:\/\/www.indieofilo.com\/wp-content\/uploads\/2024\/03\/barcelona-rock-fest-2024-Pantera-483x683.jpg\" alt=\"barcelona rock fest 2024 - Pantera\" width=\"483\" height=\"683\" srcset=\"https:\/\/www.indieofilo.com\/wp-content\/uploads\/2024\/03\/barcelona-rock-fest-2024-Pantera-483x683.jpg 483w, https:\/\/www.indieofilo.com\/wp-content\/uploads\/2024\/03\/barcelona-rock-fest-2024-Pantera-377x533.jpg 377w, https:\/\/www.indieofilo.com\/wp-content\/uploads\/2024\/03\/barcelona-rock-fest-2024-Pantera-283x400.jpg 283w, https:\/\/www.indieofilo.com\/wp-content\/uploads\/2024\/03\/barcelona-rock-fest-2024-Pantera-768x1087.jpg 768w, https:\/\/www.indieofilo.com\/wp-content\/uploads\/2024\/03\/barcelona-rock-fest-2024-Pantera.jpg 848w\" sizes=\"(max-width: 483px) 100vw, 483px\" \/><\/p>\n","protected":false},"excerpt":{"rendered":"<p>After almost a month without any news about Barcelona Rock Fest 2024, the organisers of the Catalan festival have today completed the line-up with up to 9 new names. This batch includes the presence of the North Americans Pantera (who were already part of the Resurrection Fest line-up last summer) will be returning to perform [&hellip;]<\/p>\n","protected":false},"author":1,"featured_media":40285,"comment_status":"open","ping_status":"closed","sticky":false,"template":"","format":"standard","meta":{"footnotes":""},"categories":[41,8],"tags":[4961,7152,7047,7151],"class_list":["post-40933","post","type-post","status-publish","format-standard","has-post-thumbnail","hentry","category-live-shows","category-news","tag-barcelona-en","tag-barcelona-rock-fest-en","tag-barcelona-rock-fest-2024-en","tag-pantera-en"],"yoast_head":"<!-- This site is optimized with the Yoast SEO Premium plugin v23.9 (Yoast SEO v26.6) - https:\/\/yoast.com\/wordpress\/plugins\/seo\/ -->\n<title>Barcelona Rock Fest 2024 line-up to be completed by Pantera - Indie\u00f3filo<\/title>\n<meta name=\"description\" content=\"Phil Anselmo&#039;s band, along with \u00c1ngeles Del Infierno and Primal Fear, are the latest additions to the Barcelona Rock Fest 2024 line-up.\" \/>\n<meta name=\"robots\" content=\"index, follow, max-snippet:-1, max-image-preview:large, max-video-preview:-1\" \/>\n<link rel=\"canonical\" href=\"https:\/\/www.indieofilo.com\/en\/news\/barcelona-rock-fest-2024-line-up-to-be-completed-by-pantera\" \/>\n<meta property=\"og:locale\" content=\"en_US\" \/>\n<meta property=\"og:type\" content=\"article\" \/>\n<meta property=\"og:title\" content=\"Barcelona Rock Fest 2024 line-up to be completed by Pantera\" \/>\n<meta property=\"og:description\" content=\"Phil Anselmo&#039;s band, along with \u00c1ngeles Del Infierno and Primal Fear, are the latest additions to the Barcelona Rock Fest 2024 line-up.\" \/>\n<meta property=\"og:url\" content=\"https:\/\/www.indieofilo.com\/en\/news\/barcelona-rock-fest-2024-line-up-to-be-completed-by-pantera\" \/>\n<meta property=\"og:site_name\" content=\"Indie\u00f3filo\" \/>\n<meta property=\"article:publisher\" content=\"https:\/\/www.facebook.com\/Indieofilo\/\" \/>\n<meta property=\"article:published_time\" content=\"2024-03-26T18:28:00+00:00\" \/>\n<meta property=\"article:modified_time\" content=\"2024-05-08T19:51:46+00:00\" \/>\n<meta property=\"og:image\" content=\"http:\/\/www.indieofilo.com\/wp-content\/uploads\/2024\/03\/barcelona-rock-fest-2024-Pantera.jpg\" \/>\n\t<meta property=\"og:image:width\" content=\"848\" \/>\n\t<meta property=\"og:image:height\" content=\"1200\" \/>\n\t<meta property=\"og:image:type\" content=\"image\/jpeg\" \/>\n<meta name=\"author\" content=\"Victor\" \/>\n<meta name=\"twitter:card\" content=\"summary_large_image\" \/>\n<meta name=\"twitter:creator\" content=\"@indieofilo\" \/>\n<meta name=\"twitter:site\" content=\"@indieofilo\" \/>\n<meta name=\"twitter:label1\" content=\"Written by\" \/>\n\t<meta name=\"twitter:data1\" content=\"Victor\" \/>\n\t<meta name=\"twitter:label2\" content=\"Est. reading time\" \/>\n\t<meta name=\"twitter:data2\" content=\"2 minutes\" \/>\n<script type=\"application\/ld+json\" class=\"yoast-schema-graph\">{\"@context\":\"https:\/\/schema.org\",\"@graph\":[{\"@type\":\"Article\",\"@id\":\"https:\/\/www.indieofilo.com\/en\/news\/barcelona-rock-fest-2024-line-up-to-be-completed-by-pantera#article\",\"isPartOf\":{\"@id\":\"https:\/\/www.indieofilo.com\/en\/news\/barcelona-rock-fest-2024-line-up-to-be-completed-by-pantera\"},\"author\":{\"name\":\"Victor\",\"@id\":\"https:\/\/www.indieofilo.com\/#\/schema\/person\/595334d38590e4ce5a09f83cbf2fca90\"},\"headline\":\"Barcelona Rock Fest 2024 line-up to be completed by Pantera\",\"datePublished\":\"2024-03-26T18:28:00+00:00\",\"dateModified\":\"2024-05-08T19:51:46+00:00\",\"mainEntityOfPage\":{\"@id\":\"https:\/\/www.indieofilo.com\/en\/news\/barcelona-rock-fest-2024-line-up-to-be-completed-by-pantera\"},\"wordCount\":180,\"commentCount\":0,\"publisher\":{\"@id\":\"https:\/\/www.indieofilo.com\/#organization\"},\"image\":{\"@id\":\"https:\/\/www.indieofilo.com\/en\/news\/barcelona-rock-fest-2024-line-up-to-be-completed-by-pantera#primaryimage\"},\"thumbnailUrl\":\"https:\/\/www.indieofilo.com\/wp-content\/uploads\/2024\/03\/barcelona-rock-fest-2024-Pantera.jpg\",\"keywords\":[\"Barcelona\",\"Barcelona Rock Fest\",\"Barcelona Rock Fest 2024\",\"Pantera\"],\"articleSection\":[\"Live Shows\",\"News\"],\"inLanguage\":\"en-US\",\"potentialAction\":[{\"@type\":\"CommentAction\",\"name\":\"Comment\",\"target\":[\"https:\/\/www.indieofilo.com\/en\/news\/barcelona-rock-fest-2024-line-up-to-be-completed-by-pantera#respond\"]}]},{\"@type\":\"WebPage\",\"@id\":\"https:\/\/www.indieofilo.com\/en\/news\/barcelona-rock-fest-2024-line-up-to-be-completed-by-pantera\",\"url\":\"https:\/\/www.indieofilo.com\/en\/news\/barcelona-rock-fest-2024-line-up-to-be-completed-by-pantera\",\"name\":\"Barcelona Rock Fest 2024 line-up to be completed by Pantera - Indie\u00f3filo\",\"isPartOf\":{\"@id\":\"https:\/\/www.indieofilo.com\/#website\"},\"primaryImageOfPage\":{\"@id\":\"https:\/\/www.indieofilo.com\/en\/news\/barcelona-rock-fest-2024-line-up-to-be-completed-by-pantera#primaryimage\"},\"image\":{\"@id\":\"https:\/\/www.indieofilo.com\/en\/news\/barcelona-rock-fest-2024-line-up-to-be-completed-by-pantera#primaryimage\"},\"thumbnailUrl\":\"https:\/\/www.indieofilo.com\/wp-content\/uploads\/2024\/03\/barcelona-rock-fest-2024-Pantera.jpg\",\"datePublished\":\"2024-03-26T18:28:00+00:00\",\"dateModified\":\"2024-05-08T19:51:46+00:00\",\"description\":\"Phil Anselmo's band, along with \u00c1ngeles Del Infierno and Primal Fear, are the latest additions to the Barcelona Rock Fest 2024 line-up.\",\"breadcrumb\":{\"@id\":\"https:\/\/www.indieofilo.com\/en\/news\/barcelona-rock-fest-2024-line-up-to-be-completed-by-pantera#breadcrumb\"},\"inLanguage\":\"en-US\",\"potentialAction\":[{\"@type\":\"ReadAction\",\"target\":[\"https:\/\/www.indieofilo.com\/en\/news\/barcelona-rock-fest-2024-line-up-to-be-completed-by-pantera\"]}]},{\"@type\":\"ImageObject\",\"inLanguage\":\"en-US\",\"@id\":\"https:\/\/www.indieofilo.com\/en\/news\/barcelona-rock-fest-2024-line-up-to-be-completed-by-pantera#primaryimage\",\"url\":\"https:\/\/www.indieofilo.com\/wp-content\/uploads\/2024\/03\/barcelona-rock-fest-2024-Pantera.jpg\",\"contentUrl\":\"https:\/\/www.indieofilo.com\/wp-content\/uploads\/2024\/03\/barcelona-rock-fest-2024-Pantera.jpg\",\"width\":848,\"height\":1200,\"caption\":\"barcelona rock fest 2024 - Pantera\"},{\"@type\":\"BreadcrumbList\",\"@id\":\"https:\/\/www.indieofilo.com\/en\/news\/barcelona-rock-fest-2024-line-up-to-be-completed-by-pantera#breadcrumb\",\"itemListElement\":[{\"@type\":\"ListItem\",\"position\":1,\"name\":\"Portada\",\"item\":\"https:\/\/www.indieofilo.com\/en\"},{\"@type\":\"ListItem\",\"position\":2,\"name\":\"Barcelona Rock Fest 2024 line-up to be completed by Pantera\"}]},{\"@type\":\"WebSite\",\"@id\":\"https:\/\/www.indieofilo.com\/#website\",\"url\":\"https:\/\/www.indieofilo.com\/\",\"name\":\"Indie\u00f3filo\",\"description\":\"Magazine online de la cultura independiente\",\"publisher\":{\"@id\":\"https:\/\/www.indieofilo.com\/#organization\"},\"potentialAction\":[{\"@type\":\"SearchAction\",\"target\":{\"@type\":\"EntryPoint\",\"urlTemplate\":\"https:\/\/www.indieofilo.com\/?s={search_term_string}\"},\"query-input\":{\"@type\":\"PropertyValueSpecification\",\"valueRequired\":true,\"valueName\":\"search_term_string\"}}],\"inLanguage\":\"en-US\"},{\"@type\":\"Organization\",\"@id\":\"https:\/\/www.indieofilo.com\/#organization\",\"name\":\"Indie\u00f3filo Web\",\"url\":\"https:\/\/www.indieofilo.com\/\",\"logo\":{\"@type\":\"ImageObject\",\"inLanguage\":\"en-US\",\"@id\":\"https:\/\/www.indieofilo.com\/#\/schema\/logo\/image\/\",\"url\":\"https:\/\/www.indieofilo.com\/wp-content\/uploads\/2015\/02\/logo-alta-resolucion.png\",\"contentUrl\":\"https:\/\/www.indieofilo.com\/wp-content\/uploads\/2015\/02\/logo-alta-resolucion.png\",\"width\":544,\"height\":185,\"caption\":\"Indie\u00f3filo Web\"},\"image\":{\"@id\":\"https:\/\/www.indieofilo.com\/#\/schema\/logo\/image\/\"},\"sameAs\":[\"https:\/\/www.facebook.com\/Indieofilo\/\",\"https:\/\/x.com\/indieofilo\",\"https:\/\/www.instagram.com\/indieofilo\/\"]},{\"@type\":\"Person\",\"@id\":\"https:\/\/www.indieofilo.com\/#\/schema\/person\/595334d38590e4ce5a09f83cbf2fca90\",\"name\":\"Victor\",\"image\":{\"@type\":\"ImageObject\",\"inLanguage\":\"en-US\",\"@id\":\"https:\/\/www.indieofilo.com\/#\/schema\/person\/image\/\",\"url\":\"https:\/\/secure.gravatar.com\/avatar\/682b8c6ea3e94b6cffec683b25f1797d?s=96&d=mm&r=g\",\"contentUrl\":\"https:\/\/secure.gravatar.com\/avatar\/682b8c6ea3e94b6cffec683b25f1797d?s=96&d=mm&r=g\",\"caption\":\"Victor\"},\"description\":\"Fan\u00e1tico de la m\u00fasica desde que mis padres me pon\u00edan a Eydie Gorme y Los Panchos o el Discotuna por la A2. Intent\u00e9 tocar varios instrumentos, pero soy muy torpe con la mano izquierda, as\u00ed que ya sab\u00e9is el resultado final. Fan del britpop, Post-punk, el rugby y el baloncesto...\",\"sameAs\":[\"http:\/\/indieofilo.com\"],\"url\":\"https:\/\/www.indieofilo.com\/en\/author\/victor\"}]}<\/script>\n<!-- \/ Yoast SEO Premium plugin. -->","yoast_head_json":{"title":"Barcelona Rock Fest 2024 line-up to be completed by Pantera - Indie\u00f3filo","description":"Phil Anselmo's band, along with \u00c1ngeles Del Infierno and Primal Fear, are the latest additions to the Barcelona Rock Fest 2024 line-up.","robots":{"index":"index","follow":"follow","max-snippet":"max-snippet:-1","max-image-preview":"max-image-preview:large","max-video-preview":"max-video-preview:-1"},"canonical":"https:\/\/www.indieofilo.com\/en\/news\/barcelona-rock-fest-2024-line-up-to-be-completed-by-pantera","og_locale":"en_US","og_type":"article","og_title":"Barcelona Rock Fest 2024 line-up to be completed by Pantera","og_description":"Phil Anselmo's band, along with \u00c1ngeles Del Infierno and Primal Fear, are the latest additions to the Barcelona Rock Fest 2024 line-up.","og_url":"https:\/\/www.indieofilo.com\/en\/news\/barcelona-rock-fest-2024-line-up-to-be-completed-by-pantera","og_site_name":"Indie\u00f3filo","article_publisher":"https:\/\/www.facebook.com\/Indieofilo\/","article_published_time":"2024-03-26T18:28:00+00:00","article_modified_time":"2024-05-08T19:51:46+00:00","og_image":[{"width":848,"height":1200,"url":"http:\/\/www.indieofilo.com\/wp-content\/uploads\/2024\/03\/barcelona-rock-fest-2024-Pantera.jpg","type":"image\/jpeg"}],"author":"Victor","twitter_card":"summary_large_image","twitter_creator":"@indieofilo","twitter_site":"@indieofilo","twitter_misc":{"Written by":"Victor","Est. reading time":"2 minutes"},"schema":{"@context":"https:\/\/schema.org","@graph":[{"@type":"Article","@id":"https:\/\/www.indieofilo.com\/en\/news\/barcelona-rock-fest-2024-line-up-to-be-completed-by-pantera#article","isPartOf":{"@id":"https:\/\/www.indieofilo.com\/en\/news\/barcelona-rock-fest-2024-line-up-to-be-completed-by-pantera"},"author":{"name":"Victor","@id":"https:\/\/www.indieofilo.com\/#\/schema\/person\/595334d38590e4ce5a09f83cbf2fca90"},"headline":"Barcelona Rock Fest 2024 line-up to be completed by Pantera","datePublished":"2024-03-26T18:28:00+00:00","dateModified":"2024-05-08T19:51:46+00:00","mainEntityOfPage":{"@id":"https:\/\/www.indieofilo.com\/en\/news\/barcelona-rock-fest-2024-line-up-to-be-completed-by-pantera"},"wordCount":180,"commentCount":0,"publisher":{"@id":"https:\/\/www.indieofilo.com\/#organization"},"image":{"@id":"https:\/\/www.indieofilo.com\/en\/news\/barcelona-rock-fest-2024-line-up-to-be-completed-by-pantera#primaryimage"},"thumbnailUrl":"https:\/\/www.indieofilo.com\/wp-content\/uploads\/2024\/03\/barcelona-rock-fest-2024-Pantera.jpg","keywords":["Barcelona","Barcelona Rock Fest","Barcelona Rock Fest 2024","Pantera"],"articleSection":["Live Shows","News"],"inLanguage":"en-US","potentialAction":[{"@type":"CommentAction","name":"Comment","target":["https:\/\/www.indieofilo.com\/en\/news\/barcelona-rock-fest-2024-line-up-to-be-completed-by-pantera#respond"]}]},{"@type":"WebPage","@id":"https:\/\/www.indieofilo.com\/en\/news\/barcelona-rock-fest-2024-line-up-to-be-completed-by-pantera","url":"https:\/\/www.indieofilo.com\/en\/news\/barcelona-rock-fest-2024-line-up-to-be-completed-by-pantera","name":"Barcelona Rock Fest 2024 line-up to be completed by Pantera - Indie\u00f3filo","isPartOf":{"@id":"https:\/\/www.indieofilo.com\/#website"},"primaryImageOfPage":{"@id":"https:\/\/www.indieofilo.com\/en\/news\/barcelona-rock-fest-2024-line-up-to-be-completed-by-pantera#primaryimage"},"image":{"@id":"https:\/\/www.indieofilo.com\/en\/news\/barcelona-rock-fest-2024-line-up-to-be-completed-by-pantera#primaryimage"},"thumbnailUrl":"https:\/\/www.indieofilo.com\/wp-content\/uploads\/2024\/03\/barcelona-rock-fest-2024-Pantera.jpg","datePublished":"2024-03-26T18:28:00+00:00","dateModified":"2024-05-08T19:51:46+00:00","description":"Phil Anselmo's band, along with \u00c1ngeles Del Infierno and Primal Fear, are the latest additions to the Barcelona Rock Fest 2024 line-up.","breadcrumb":{"@id":"https:\/\/www.indieofilo.com\/en\/news\/barcelona-rock-fest-2024-line-up-to-be-completed-by-pantera#breadcrumb"},"inLanguage":"en-US","potentialAction":[{"@type":"ReadAction","target":["https:\/\/www.indieofilo.com\/en\/news\/barcelona-rock-fest-2024-line-up-to-be-completed-by-pantera"]}]},{"@type":"ImageObject","inLanguage":"en-US","@id":"https:\/\/www.indieofilo.com\/en\/news\/barcelona-rock-fest-2024-line-up-to-be-completed-by-pantera#primaryimage","url":"https:\/\/www.indieofilo.com\/wp-content\/uploads\/2024\/03\/barcelona-rock-fest-2024-Pantera.jpg","contentUrl":"https:\/\/www.indieofilo.com\/wp-content\/uploads\/2024\/03\/barcelona-rock-fest-2024-Pantera.jpg","width":848,"height":1200,"caption":"barcelona rock fest 2024 - Pantera"},{"@type":"BreadcrumbList","@id":"https:\/\/www.indieofilo.com\/en\/news\/barcelona-rock-fest-2024-line-up-to-be-completed-by-pantera#breadcrumb","itemListElement":[{"@type":"ListItem","position":1,"name":"Portada","item":"https:\/\/www.indieofilo.com\/en"},{"@type":"ListItem","position":2,"name":"Barcelona Rock Fest 2024 line-up to be completed by Pantera"}]},{"@type":"WebSite","@id":"https:\/\/www.indieofilo.com\/#website","url":"https:\/\/www.indieofilo.com\/","name":"Indie\u00f3filo","description":"Magazine online de la cultura independiente","publisher":{"@id":"https:\/\/www.indieofilo.com\/#organization"},"potentialAction":[{"@type":"SearchAction","target":{"@type":"EntryPoint","urlTemplate":"https:\/\/www.indieofilo.com\/?s={search_term_string}"},"query-input":{"@type":"PropertyValueSpecification","valueRequired":true,"valueName":"search_term_string"}}],"inLanguage":"en-US"},{"@type":"Organization","@id":"https:\/\/www.indieofilo.com\/#organization","name":"Indie\u00f3filo Web","url":"https:\/\/www.indieofilo.com\/","logo":{"@type":"ImageObject","inLanguage":"en-US","@id":"https:\/\/www.indieofilo.com\/#\/schema\/logo\/image\/","url":"https:\/\/www.indieofilo.com\/wp-content\/uploads\/2015\/02\/logo-alta-resolucion.png","contentUrl":"https:\/\/www.indieofilo.com\/wp-content\/uploads\/2015\/02\/logo-alta-resolucion.png","width":544,"height":185,"caption":"Indie\u00f3filo Web"},"image":{"@id":"https:\/\/www.indieofilo.com\/#\/schema\/logo\/image\/"},"sameAs":["https:\/\/www.facebook.com\/Indieofilo\/","https:\/\/x.com\/indieofilo","https:\/\/www.instagram.com\/indieofilo\/"]},{"@type":"Person","@id":"https:\/\/www.indieofilo.com\/#\/schema\/person\/595334d38590e4ce5a09f83cbf2fca90","name":"Victor","image":{"@type":"ImageObject","inLanguage":"en-US","@id":"https:\/\/www.indieofilo.com\/#\/schema\/person\/image\/","url":"https:\/\/secure.gravatar.com\/avatar\/682b8c6ea3e94b6cffec683b25f1797d?s=96&d=mm&r=g","contentUrl":"https:\/\/secure.gravatar.com\/avatar\/682b8c6ea3e94b6cffec683b25f1797d?s=96&d=mm&r=g","caption":"Victor"},"description":"Fan\u00e1tico de la m\u00fasica desde que mis padres me pon\u00edan a Eydie Gorme y Los Panchos o el Discotuna por la A2. Intent\u00e9 tocar varios instrumentos, pero soy muy torpe con la mano izquierda, as\u00ed que ya sab\u00e9is el resultado final. Fan del britpop, Post-punk, el rugby y el baloncesto...","sameAs":["http:\/\/indieofilo.com"],"url":"https:\/\/www.indieofilo.com\/en\/author\/victor"}]}},"_links":{"self":[{"href":"https:\/\/www.indieofilo.com\/en\/wp-json\/wp\/v2\/posts\/40933","targetHints":{"allow":["GET"]}}],"collection":[{"href":"https:\/\/www.indieofilo.com\/en\/wp-json\/wp\/v2\/posts"}],"about":[{"href":"https:\/\/www.indieofilo.com\/en\/wp-json\/wp\/v2\/types\/post"}],"author":[{"embeddable":true,"href":"https:\/\/www.indieofilo.com\/en\/wp-json\/wp\/v2\/users\/1"}],"replies":[{"embeddable":true,"href":"https:\/\/www.indieofilo.com\/en\/wp-json\/wp\/v2\/comments?post=40933"}],"version-history":[{"count":0,"href":"https:\/\/www.indieofilo.com\/en\/wp-json\/wp\/v2\/posts\/40933\/revisions"}],"wp:featuredmedia":[{"embeddable":true,"href":"https:\/\/www.indieofilo.com\/en\/wp-json\/wp\/v2\/media\/40285"}],"wp:attachment":[{"href":"https:\/\/www.indieofilo.com\/en\/wp-json\/wp\/v2\/media?parent=40933"}],"wp:term":[{"taxonomy":"category","embeddable":true,"href":"https:\/\/www.indieofilo.com\/en\/wp-json\/wp\/v2\/categories?post=40933"},{"taxonomy":"post_tag","embeddable":true,"href":"https:\/\/www.indieofilo.com\/en\/wp-json\/wp\/v2\/tags?post=40933"}],"curies":[{"name":"wp","href":"https:\/\/api.w.org\/{rel}","templated":true}]}}