{"id":40895,"date":"2023-06-18T11:48:53","date_gmt":"2023-06-18T09:48:53","guid":{"rendered":"https:\/\/www.indieofilo.com\/news\/music\/sonar-2023-16-june-2023-barcelona"},"modified":"2024-04-29T00:12:48","modified_gmt":"2024-04-28T22:12:48","slug":"sonar-2023-16-june-2023-barcelona","status":"publish","type":"post","link":"https:\/\/www.indieofilo.com\/en\/gig-reviews\/sonar-2023-16-june-2023-barcelona","title":{"rendered":"S\u00f3nar 2023 &#8211; 16 June 2023 (Barcelona)"},"content":{"rendered":"<p style=\"text-align: justify;\">After a <a href=\"https:\/\/www.indieofilo.com\/en\/gig-reviews\/sonar-2023-15-june-2023-barcelona\">good first day at S\u00f3nar by day<\/a> marked by the concerts of Marina Herlop and the Belgian duo Charlotte Adig\u00e9ry &amp; Bolis Pupul, Friday, the first day of S\u00f3nar, was a spectacular night out with names such as Aphex Twin, Fever Ray and Max Cooper.<\/p>\n<p><img fetchpriority=\"high\" decoding=\"async\" class=\"aligncenter size-full wp-image-15832\" src=\"http:\/\/www.indieofilo.com\/wp-content\/uploads\/2023\/06\/Fever_Ray_2_Sonar_2023.jpg\" alt=\"Fever Ray - S\u00f3nar 2023\" width=\"800\" height=\"533\" srcset=\"https:\/\/www.indieofilo.com\/wp-content\/uploads\/2023\/06\/Fever_Ray_2_Sonar_2023.jpg 800w, https:\/\/www.indieofilo.com\/wp-content\/uploads\/2023\/06\/Fever_Ray_2_Sonar_2023-300x200.jpg 300w, https:\/\/www.indieofilo.com\/wp-content\/uploads\/2023\/06\/Fever_Ray_2_Sonar_2023-768x512.jpg 768w\" sizes=\"(max-width: 800px) 100vw, 800px\" \/><\/p>\n<p style=\"text-align: center;\"><span style=\"font-size: 10px;\"><b>Fever Ray, S\u00f3nar <\/b>2023 &#8211; Photo by <strong>V\u00edctor Ramos Santaf\u00e9<\/strong>\u00a0 for <strong>Indieofilo<sup>\u00a9<\/sup><\/strong><\/span><\/p>\n<p style=\"text-align: justify;\">Our first contact with S\u00f3nar during the day would be with the saxophonist <strong>Bendik Giske<\/strong>. His spectacular staging, both in terms of lighting effects and costumes, made him stand out from the very first second. In addition to this visual aspect, <strong>his proposal makes you hallucinate because of the constant changes in rhythm<\/strong> (reminiscent of proposals such as those of the Canadians <strong>BadBadNotGood<\/strong>) and the elasticity that he achieves with an instrument as classical as the saxophone, which approaches electronics with astonishing ease. After his show, we made our way to Sonar Park to see what the Spanish <strong>Albany<\/strong>, known to the new generation for their trap songs, had to offer. <strong>Her concert failed to connect with the audience, perhaps because of the technical problems that hampered her voice<\/strong>, so when &#8220;<em>My Crush<\/em>&#8220;, one of her best-known songs, was played, she saw the lack of momentum in the crowd and decided to interrupt it with a diva attack. It&#8217;s true that the response wasn&#8217;t massive, but turning people against you in this way is not the best way to get people&#8217;s spirits up.<\/p>\n<p><img decoding=\"async\" class=\"aligncenter size-full wp-image-15824\" src=\"http:\/\/www.indieofilo.com\/wp-content\/uploads\/2023\/06\/Bendik_Giske_Sonar_2023.jpg\" alt=\"Bendik Giske - S\u00f3nar 2023\" width=\"800\" height=\"533\" srcset=\"https:\/\/www.indieofilo.com\/wp-content\/uploads\/2023\/06\/Bendik_Giske_Sonar_2023.jpg 800w, https:\/\/www.indieofilo.com\/wp-content\/uploads\/2023\/06\/Bendik_Giske_Sonar_2023-300x200.jpg 300w, https:\/\/www.indieofilo.com\/wp-content\/uploads\/2023\/06\/Bendik_Giske_Sonar_2023-768x512.jpg 768w\" sizes=\"(max-width: 800px) 100vw, 800px\" \/><\/p>\n<p style=\"text-align: center;\"><span style=\"font-size: 10px;\"><b>Bendik Giske, <\/b>S\u00f3nar 2023 &#8211; Photo by <strong>V\u00edctor Ramos Santaf\u00e9<\/strong> for Indieofilo\u00a9<\/span><\/p>\n<p style=\"text-align: justify;\">Thank goodness we had <strong>Crystal Murray<\/strong> on the main stage to turn the tables. The British singer c<strong>aptivated the audience with dancing and catchy songs in a concert full of sensuality and pop mixed with R&amp;B<\/strong>. After a well-deserved break, it was time for one of the big moments of the day, the show that <strong>Max Cooper<\/strong> had prepared under the name 3D\/AV live, which promised some incredible audiovisuals. Between images of the universe and the cosmos, his musical focus is on his latest album, <em>Unspoken Words<\/em> (2022), <strong>where his proposal is at times somewhat empty and inexpressive<\/strong>. For all these reasons, it is all the more painful to have missed <strong>The Blessed Madonna<\/strong> from the start, <strong>as the American had put on one of the biggest parties in these parts at SonarVillage<\/strong>. With jugglers, drag queens and dancers, <strong>the stage was more crowded than the tube at rush hour, but it has to be said that all the paraphernalia that accompanied the show did not interfere with the mainly house<\/strong> hits that kept the tent dancing for almost an hour.<\/p>\n<p><img decoding=\"async\" class=\"aligncenter size-full wp-image-15831\" src=\"http:\/\/www.indieofilo.com\/wp-content\/uploads\/2023\/06\/Crystal_Murray_Sonar_2023.jpg\" alt=\"Crystal Murray - S\u00f3nar 2023\" width=\"800\" height=\"533\" srcset=\"https:\/\/www.indieofilo.com\/wp-content\/uploads\/2023\/06\/Crystal_Murray_Sonar_2023.jpg 800w, https:\/\/www.indieofilo.com\/wp-content\/uploads\/2023\/06\/Crystal_Murray_Sonar_2023-300x200.jpg 300w, https:\/\/www.indieofilo.com\/wp-content\/uploads\/2023\/06\/Crystal_Murray_Sonar_2023-768x512.jpg 768w\" sizes=\"(max-width: 800px) 100vw, 800px\" \/><\/p>\n<p style=\"text-align: center;\"><span style=\"font-size: 10px;\"><b>Crystal Murray, S\u00f3nar <\/b>2023 &#8211; Photo by <strong>V\u00edctor Ramos Santaf\u00e9<\/strong>\u00a0 for <strong>Indieofilo<sup>\u00a9<\/sup><\/strong><\/span><\/p>\n<p style=\"text-align: justify;\">It was time to be on our way to S\u00f3nar by night for a taste of the main course of this edition, which was the <strong>Aphex Twin<\/strong> show. With <strong>glitch as his banner, creating melodies that are equal parts enchanting and horrifying<\/strong>, the Irishman <strong>offered an historic session<\/strong> on a stage that featured a metal cube surrounded by screens that created an incredible 3D effect. As the show progresses, you get the feeling of being in front of a boxer who gradually punishes your liver, wearing you down mentally with accelerated beats and deconstructions of sounds that bring you closer to soundscapes unimaginable a few minutes earlier. Between rhythmic changes and, why deny it, noise everywhere, \u00a0<strong>Richard D James seems to be gradually moving away from the IDM label<\/strong> to provoke uncomfortable sensations in an audience that adores him with a show that is mainly techno and acid.<\/p>\n<p><img loading=\"lazy\" decoding=\"async\" class=\"aligncenter size-full wp-image-15820\" src=\"http:\/\/www.indieofilo.com\/wp-content\/uploads\/2023\/06\/Aphex_Twin_5_Sonar_2023.jpg\" alt=\"Aphex Twin - S\u00f3nar 2023\" width=\"800\" height=\"533\" srcset=\"https:\/\/www.indieofilo.com\/wp-content\/uploads\/2023\/06\/Aphex_Twin_5_Sonar_2023.jpg 800w, https:\/\/www.indieofilo.com\/wp-content\/uploads\/2023\/06\/Aphex_Twin_5_Sonar_2023-300x200.jpg 300w, https:\/\/www.indieofilo.com\/wp-content\/uploads\/2023\/06\/Aphex_Twin_5_Sonar_2023-768x512.jpg 768w\" sizes=\"(max-width: 800px) 100vw, 800px\" \/><\/p>\n<p style=\"text-align: center;\"><span style=\"font-size: 10px;\"><b>Aphex Twin, S\u00f3nar <\/b>2023 &#8211; Photo by <strong>V\u00edctor Ramos Santaf\u00e9<\/strong>\u00a0 for <strong>Indieofilo<sup>\u00a9<\/sup><\/strong><\/span><\/p>\n<p style=\"text-align: justify;\">To get closer to the less electronic commercial proposition of the night, it would be necessary a good run to the other end of the festival. <strong>Fever Ray<\/strong>, or in other words Karin Dreijer&#8217;s alter ego Beetlejuice, <strong>gave an electronic pop concert<\/strong> presenting a good part of her third album <em>Radical Romantics<\/em> (2023). The ex-member of The Knife<strong>literally ate up the stage in what was the best concert of the day, not only musically but also in terms of staging<\/strong>as without the use of digital paraphernalia, she did an incredible show with her two backup singers, a drummer and a keyboard player (complete with a cloud of polyfoam on her head). With a clearly overwhelming start with the concatenation of &#8220;<em>Kandy<\/em>&#8221; and &#8220;<em>Carbon Dioxide<\/em>&#8221; and a sometimes excessive bass volume, the concert kept up a very high tempo. <strong>Between light colour changes and impossible dancing, the almost hour-long concert flew by<\/strong> until she closed with &#8220;<em>I Had a Heart<\/em>&#8220;.<\/p>\n<p><img loading=\"lazy\" decoding=\"async\" class=\"aligncenter size-full wp-image-15837\" src=\"http:\/\/www.indieofilo.com\/wp-content\/uploads\/2023\/06\/Fever_Ray_7_Sonar_2023.jpg\" alt=\"S\u00f3nar 2023 - Fever Ray\" width=\"800\" height=\"533\" \/><\/p>\n<p style=\"text-align: center;\"><span style=\"font-size: 10px;\"><b>Fever Ray, S\u00f3nar <\/b>2023 &#8211; Photo by <strong>V\u00edctor Ramos Santaf\u00e9<\/strong>\u00a0 for <strong>Indieofilo<sup>\u00a9<\/sup><\/strong><\/span><\/p>\n<p style=\"text-align: justify;\">With the years falling like a stone, our last concert of the day was to be the British rapper <strong>Shygirl<\/strong>, who <strong>gave a good show on a not very crowded stage with a mixture of pop, hip-hop and electronica<\/strong>. With incredible energy on stage, the show generally maintained a delicate profile that made much of their debut album <em>Nymph<\/em> (2022) s<em>ound like a dreamlike dream full of rhymes and verses<\/em> in tracks like &#8220;<em>Heaven<\/em>&#8220;, &#8220;<em>Shlut<\/em>&#8221; or &#8220;<em>Firefly<\/em>&#8220;. The best part of her show, however, <strong>would be in a very direct and aggressive middle section<\/strong>, where they would play some of the songs from their EP <em>ALIAS<\/em> (2020). As the icing on the cake of a remarkable day, the one from London would give us the gift of <strong>a collaboration with Erika de Casier on stage to close a concert that showed why the English singer is one of the emerging talents to watch on the British hip-hop scene.<\/strong>.<\/p>\n","protected":false},"excerpt":{"rendered":"<p>After a good first day at S\u00f3nar by day marked by the concerts of Marina Herlop and the Belgian duo Charlotte Adig\u00e9ry &amp; Bolis Pupul, Friday, the first day of S\u00f3nar, was a spectacular night out with names such as Aphex Twin, Fever Ray and Max Cooper. Fever Ray, S\u00f3nar 2023 &#8211; Photo by V\u00edctor [&hellip;]<\/p>\n","protected":false},"author":1,"featured_media":15832,"comment_status":"open","ping_status":"closed","sticky":false,"template":"","format":"gallery","meta":{"footnotes":""},"categories":[33,7],"tags":[7140,5489,7141,7142,5199,7143,5050,7139,7144],"class_list":["post-40895","post","type-post","status-publish","format-gallery","has-post-thumbnail","hentry","category-festivals","category-gig-reviews","tag-albany-en","tag-aphex-twin-en","tag-bendik-giske-en","tag-crystal-murray-en","tag-fever-ray-en","tag-shygirl-en","tag-sonar-en","tag-sonar-2023-en","tag-the-blessed-madonna-en","post_format-post-format-gallery"],"yoast_head":"<!-- This site is optimized with the Yoast SEO Premium plugin v23.9 (Yoast SEO v26.6) - https:\/\/yoast.com\/wordpress\/plugins\/seo\/ -->\n<title>S\u00f3nar 2023 - 16 June 2023 (Barcelona) - Indie\u00f3filo<\/title>\n<meta name=\"description\" content=\"Exclusive coverage and photos from day two of S\u00f3nar 2023, featuring Aphex Twin, Fever Ray, The Blessed Madonna, Shygirl and Crystal Murray.\" \/>\n<meta name=\"robots\" content=\"index, follow, max-snippet:-1, max-image-preview:large, max-video-preview:-1\" \/>\n<link rel=\"canonical\" href=\"https:\/\/www.indieofilo.com\/en\/gig-reviews\/sonar-2023-16-june-2023-barcelona\" \/>\n<meta property=\"og:locale\" content=\"en_US\" \/>\n<meta property=\"og:type\" content=\"article\" \/>\n<meta property=\"og:title\" content=\"S\u00f3nar 2023 - 16 June 2023 (Barcelona)\" \/>\n<meta property=\"og:description\" content=\"Exclusive coverage and photos from day two of S\u00f3nar 2023, featuring Aphex Twin, Fever Ray, The Blessed Madonna, Shygirl and Crystal Murray.\" \/>\n<meta property=\"og:url\" content=\"https:\/\/www.indieofilo.com\/en\/gig-reviews\/sonar-2023-16-june-2023-barcelona\" \/>\n<meta property=\"og:site_name\" content=\"Indie\u00f3filo\" \/>\n<meta property=\"article:publisher\" content=\"https:\/\/www.facebook.com\/Indieofilo\/\" \/>\n<meta property=\"article:published_time\" content=\"2023-06-18T09:48:53+00:00\" \/>\n<meta property=\"article:modified_time\" content=\"2024-04-28T22:12:48+00:00\" \/>\n<meta property=\"og:image\" content=\"http:\/\/www.indieofilo.com\/wp-content\/uploads\/2023\/06\/Fever_Ray_2_Sonar_2023.jpg\" \/>\n\t<meta property=\"og:image:width\" content=\"800\" \/>\n\t<meta property=\"og:image:height\" content=\"533\" \/>\n\t<meta property=\"og:image:type\" content=\"image\/jpeg\" \/>\n<meta name=\"author\" content=\"Victor\" \/>\n<meta name=\"twitter:card\" content=\"summary_large_image\" \/>\n<meta name=\"twitter:creator\" content=\"@indieofilo\" \/>\n<meta name=\"twitter:site\" content=\"@indieofilo\" \/>\n<meta name=\"twitter:label1\" content=\"Written by\" \/>\n\t<meta name=\"twitter:data1\" content=\"Victor\" \/>\n\t<meta name=\"twitter:label2\" content=\"Est. reading time\" \/>\n\t<meta name=\"twitter:data2\" content=\"6 minutes\" \/>\n<script type=\"application\/ld+json\" class=\"yoast-schema-graph\">{\"@context\":\"https:\/\/schema.org\",\"@graph\":[{\"@type\":\"Article\",\"@id\":\"https:\/\/www.indieofilo.com\/en\/gig-reviews\/sonar-2023-16-june-2023-barcelona#article\",\"isPartOf\":{\"@id\":\"https:\/\/www.indieofilo.com\/en\/gig-reviews\/sonar-2023-16-june-2023-barcelona\"},\"author\":{\"name\":\"Victor\",\"@id\":\"https:\/\/www.indieofilo.com\/#\/schema\/person\/595334d38590e4ce5a09f83cbf2fca90\"},\"headline\":\"S\u00f3nar 2023 &#8211; 16 June 2023 (Barcelona)\",\"datePublished\":\"2023-06-18T09:48:53+00:00\",\"dateModified\":\"2024-04-28T22:12:48+00:00\",\"mainEntityOfPage\":{\"@id\":\"https:\/\/www.indieofilo.com\/en\/gig-reviews\/sonar-2023-16-june-2023-barcelona\"},\"wordCount\":950,\"commentCount\":0,\"publisher\":{\"@id\":\"https:\/\/www.indieofilo.com\/#organization\"},\"image\":{\"@id\":\"https:\/\/www.indieofilo.com\/en\/gig-reviews\/sonar-2023-16-june-2023-barcelona#primaryimage\"},\"thumbnailUrl\":\"https:\/\/www.indieofilo.com\/wp-content\/uploads\/2023\/06\/Fever_Ray_2_Sonar_2023.jpg\",\"keywords\":[\"Albany\",\"Aphex Twin\",\"Bendik Giske\",\"Crystal Murray\",\"Fever Ray\",\"Shygirl\",\"S\u00f3nar\",\"S\u00f3nar 2023\",\"The Blessed Madonna\"],\"articleSection\":[\"Festivals\",\"Gig Reviews\"],\"inLanguage\":\"en-US\",\"potentialAction\":[{\"@type\":\"CommentAction\",\"name\":\"Comment\",\"target\":[\"https:\/\/www.indieofilo.com\/en\/gig-reviews\/sonar-2023-16-june-2023-barcelona#respond\"]}]},{\"@type\":\"WebPage\",\"@id\":\"https:\/\/www.indieofilo.com\/en\/gig-reviews\/sonar-2023-16-june-2023-barcelona\",\"url\":\"https:\/\/www.indieofilo.com\/en\/gig-reviews\/sonar-2023-16-june-2023-barcelona\",\"name\":\"S\u00f3nar 2023 - 16 June 2023 (Barcelona) - Indie\u00f3filo\",\"isPartOf\":{\"@id\":\"https:\/\/www.indieofilo.com\/#website\"},\"primaryImageOfPage\":{\"@id\":\"https:\/\/www.indieofilo.com\/en\/gig-reviews\/sonar-2023-16-june-2023-barcelona#primaryimage\"},\"image\":{\"@id\":\"https:\/\/www.indieofilo.com\/en\/gig-reviews\/sonar-2023-16-june-2023-barcelona#primaryimage\"},\"thumbnailUrl\":\"https:\/\/www.indieofilo.com\/wp-content\/uploads\/2023\/06\/Fever_Ray_2_Sonar_2023.jpg\",\"datePublished\":\"2023-06-18T09:48:53+00:00\",\"dateModified\":\"2024-04-28T22:12:48+00:00\",\"description\":\"Exclusive coverage and photos from day two of S\u00f3nar 2023, featuring Aphex Twin, Fever Ray, The Blessed Madonna, Shygirl and Crystal Murray.\",\"breadcrumb\":{\"@id\":\"https:\/\/www.indieofilo.com\/en\/gig-reviews\/sonar-2023-16-june-2023-barcelona#breadcrumb\"},\"inLanguage\":\"en-US\",\"potentialAction\":[{\"@type\":\"ReadAction\",\"target\":[\"https:\/\/www.indieofilo.com\/en\/gig-reviews\/sonar-2023-16-june-2023-barcelona\"]}]},{\"@type\":\"ImageObject\",\"inLanguage\":\"en-US\",\"@id\":\"https:\/\/www.indieofilo.com\/en\/gig-reviews\/sonar-2023-16-june-2023-barcelona#primaryimage\",\"url\":\"https:\/\/www.indieofilo.com\/wp-content\/uploads\/2023\/06\/Fever_Ray_2_Sonar_2023.jpg\",\"contentUrl\":\"https:\/\/www.indieofilo.com\/wp-content\/uploads\/2023\/06\/Fever_Ray_2_Sonar_2023.jpg\",\"width\":800,\"height\":533,\"caption\":\"Fever Ray - S\u00f3nar 2023\"},{\"@type\":\"BreadcrumbList\",\"@id\":\"https:\/\/www.indieofilo.com\/en\/gig-reviews\/sonar-2023-16-june-2023-barcelona#breadcrumb\",\"itemListElement\":[{\"@type\":\"ListItem\",\"position\":1,\"name\":\"Portada\",\"item\":\"https:\/\/www.indieofilo.com\/en\"},{\"@type\":\"ListItem\",\"position\":2,\"name\":\"S\u00f3nar 2023 &#8211; 16 June 2023 (Barcelona)\"}]},{\"@type\":\"WebSite\",\"@id\":\"https:\/\/www.indieofilo.com\/#website\",\"url\":\"https:\/\/www.indieofilo.com\/\",\"name\":\"Indie\u00f3filo\",\"description\":\"Magazine online de la cultura independiente\",\"publisher\":{\"@id\":\"https:\/\/www.indieofilo.com\/#organization\"},\"potentialAction\":[{\"@type\":\"SearchAction\",\"target\":{\"@type\":\"EntryPoint\",\"urlTemplate\":\"https:\/\/www.indieofilo.com\/?s={search_term_string}\"},\"query-input\":{\"@type\":\"PropertyValueSpecification\",\"valueRequired\":true,\"valueName\":\"search_term_string\"}}],\"inLanguage\":\"en-US\"},{\"@type\":\"Organization\",\"@id\":\"https:\/\/www.indieofilo.com\/#organization\",\"name\":\"Indie\u00f3filo Web\",\"url\":\"https:\/\/www.indieofilo.com\/\",\"logo\":{\"@type\":\"ImageObject\",\"inLanguage\":\"en-US\",\"@id\":\"https:\/\/www.indieofilo.com\/#\/schema\/logo\/image\/\",\"url\":\"https:\/\/www.indieofilo.com\/wp-content\/uploads\/2015\/02\/logo-alta-resolucion.png\",\"contentUrl\":\"https:\/\/www.indieofilo.com\/wp-content\/uploads\/2015\/02\/logo-alta-resolucion.png\",\"width\":544,\"height\":185,\"caption\":\"Indie\u00f3filo Web\"},\"image\":{\"@id\":\"https:\/\/www.indieofilo.com\/#\/schema\/logo\/image\/\"},\"sameAs\":[\"https:\/\/www.facebook.com\/Indieofilo\/\",\"https:\/\/x.com\/indieofilo\",\"https:\/\/www.instagram.com\/indieofilo\/\"]},{\"@type\":\"Person\",\"@id\":\"https:\/\/www.indieofilo.com\/#\/schema\/person\/595334d38590e4ce5a09f83cbf2fca90\",\"name\":\"Victor\",\"image\":{\"@type\":\"ImageObject\",\"inLanguage\":\"en-US\",\"@id\":\"https:\/\/www.indieofilo.com\/#\/schema\/person\/image\/\",\"url\":\"https:\/\/secure.gravatar.com\/avatar\/682b8c6ea3e94b6cffec683b25f1797d?s=96&d=mm&r=g\",\"contentUrl\":\"https:\/\/secure.gravatar.com\/avatar\/682b8c6ea3e94b6cffec683b25f1797d?s=96&d=mm&r=g\",\"caption\":\"Victor\"},\"description\":\"Fan\u00e1tico de la m\u00fasica desde que mis padres me pon\u00edan a Eydie Gorme y Los Panchos o el Discotuna por la A2. Intent\u00e9 tocar varios instrumentos, pero soy muy torpe con la mano izquierda, as\u00ed que ya sab\u00e9is el resultado final. Fan del britpop, Post-punk, el rugby y el baloncesto...\",\"sameAs\":[\"http:\/\/indieofilo.com\"],\"url\":\"https:\/\/www.indieofilo.com\/en\/author\/victor\"}]}<\/script>\n<!-- \/ Yoast SEO Premium plugin. -->","yoast_head_json":{"title":"S\u00f3nar 2023 - 16 June 2023 (Barcelona) - Indie\u00f3filo","description":"Exclusive coverage and photos from day two of S\u00f3nar 2023, featuring Aphex Twin, Fever Ray, The Blessed Madonna, Shygirl and Crystal Murray.","robots":{"index":"index","follow":"follow","max-snippet":"max-snippet:-1","max-image-preview":"max-image-preview:large","max-video-preview":"max-video-preview:-1"},"canonical":"https:\/\/www.indieofilo.com\/en\/gig-reviews\/sonar-2023-16-june-2023-barcelona","og_locale":"en_US","og_type":"article","og_title":"S\u00f3nar 2023 - 16 June 2023 (Barcelona)","og_description":"Exclusive coverage and photos from day two of S\u00f3nar 2023, featuring Aphex Twin, Fever Ray, The Blessed Madonna, Shygirl and Crystal Murray.","og_url":"https:\/\/www.indieofilo.com\/en\/gig-reviews\/sonar-2023-16-june-2023-barcelona","og_site_name":"Indie\u00f3filo","article_publisher":"https:\/\/www.facebook.com\/Indieofilo\/","article_published_time":"2023-06-18T09:48:53+00:00","article_modified_time":"2024-04-28T22:12:48+00:00","og_image":[{"width":800,"height":533,"url":"http:\/\/www.indieofilo.com\/wp-content\/uploads\/2023\/06\/Fever_Ray_2_Sonar_2023.jpg","type":"image\/jpeg"}],"author":"Victor","twitter_card":"summary_large_image","twitter_creator":"@indieofilo","twitter_site":"@indieofilo","twitter_misc":{"Written by":"Victor","Est. reading time":"6 minutes"},"schema":{"@context":"https:\/\/schema.org","@graph":[{"@type":"Article","@id":"https:\/\/www.indieofilo.com\/en\/gig-reviews\/sonar-2023-16-june-2023-barcelona#article","isPartOf":{"@id":"https:\/\/www.indieofilo.com\/en\/gig-reviews\/sonar-2023-16-june-2023-barcelona"},"author":{"name":"Victor","@id":"https:\/\/www.indieofilo.com\/#\/schema\/person\/595334d38590e4ce5a09f83cbf2fca90"},"headline":"S\u00f3nar 2023 &#8211; 16 June 2023 (Barcelona)","datePublished":"2023-06-18T09:48:53+00:00","dateModified":"2024-04-28T22:12:48+00:00","mainEntityOfPage":{"@id":"https:\/\/www.indieofilo.com\/en\/gig-reviews\/sonar-2023-16-june-2023-barcelona"},"wordCount":950,"commentCount":0,"publisher":{"@id":"https:\/\/www.indieofilo.com\/#organization"},"image":{"@id":"https:\/\/www.indieofilo.com\/en\/gig-reviews\/sonar-2023-16-june-2023-barcelona#primaryimage"},"thumbnailUrl":"https:\/\/www.indieofilo.com\/wp-content\/uploads\/2023\/06\/Fever_Ray_2_Sonar_2023.jpg","keywords":["Albany","Aphex Twin","Bendik Giske","Crystal Murray","Fever Ray","Shygirl","S\u00f3nar","S\u00f3nar 2023","The Blessed Madonna"],"articleSection":["Festivals","Gig Reviews"],"inLanguage":"en-US","potentialAction":[{"@type":"CommentAction","name":"Comment","target":["https:\/\/www.indieofilo.com\/en\/gig-reviews\/sonar-2023-16-june-2023-barcelona#respond"]}]},{"@type":"WebPage","@id":"https:\/\/www.indieofilo.com\/en\/gig-reviews\/sonar-2023-16-june-2023-barcelona","url":"https:\/\/www.indieofilo.com\/en\/gig-reviews\/sonar-2023-16-june-2023-barcelona","name":"S\u00f3nar 2023 - 16 June 2023 (Barcelona) - Indie\u00f3filo","isPartOf":{"@id":"https:\/\/www.indieofilo.com\/#website"},"primaryImageOfPage":{"@id":"https:\/\/www.indieofilo.com\/en\/gig-reviews\/sonar-2023-16-june-2023-barcelona#primaryimage"},"image":{"@id":"https:\/\/www.indieofilo.com\/en\/gig-reviews\/sonar-2023-16-june-2023-barcelona#primaryimage"},"thumbnailUrl":"https:\/\/www.indieofilo.com\/wp-content\/uploads\/2023\/06\/Fever_Ray_2_Sonar_2023.jpg","datePublished":"2023-06-18T09:48:53+00:00","dateModified":"2024-04-28T22:12:48+00:00","description":"Exclusive coverage and photos from day two of S\u00f3nar 2023, featuring Aphex Twin, Fever Ray, The Blessed Madonna, Shygirl and Crystal Murray.","breadcrumb":{"@id":"https:\/\/www.indieofilo.com\/en\/gig-reviews\/sonar-2023-16-june-2023-barcelona#breadcrumb"},"inLanguage":"en-US","potentialAction":[{"@type":"ReadAction","target":["https:\/\/www.indieofilo.com\/en\/gig-reviews\/sonar-2023-16-june-2023-barcelona"]}]},{"@type":"ImageObject","inLanguage":"en-US","@id":"https:\/\/www.indieofilo.com\/en\/gig-reviews\/sonar-2023-16-june-2023-barcelona#primaryimage","url":"https:\/\/www.indieofilo.com\/wp-content\/uploads\/2023\/06\/Fever_Ray_2_Sonar_2023.jpg","contentUrl":"https:\/\/www.indieofilo.com\/wp-content\/uploads\/2023\/06\/Fever_Ray_2_Sonar_2023.jpg","width":800,"height":533,"caption":"Fever Ray - S\u00f3nar 2023"},{"@type":"BreadcrumbList","@id":"https:\/\/www.indieofilo.com\/en\/gig-reviews\/sonar-2023-16-june-2023-barcelona#breadcrumb","itemListElement":[{"@type":"ListItem","position":1,"name":"Portada","item":"https:\/\/www.indieofilo.com\/en"},{"@type":"ListItem","position":2,"name":"S\u00f3nar 2023 &#8211; 16 June 2023 (Barcelona)"}]},{"@type":"WebSite","@id":"https:\/\/www.indieofilo.com\/#website","url":"https:\/\/www.indieofilo.com\/","name":"Indie\u00f3filo","description":"Magazine online de la cultura independiente","publisher":{"@id":"https:\/\/www.indieofilo.com\/#organization"},"potentialAction":[{"@type":"SearchAction","target":{"@type":"EntryPoint","urlTemplate":"https:\/\/www.indieofilo.com\/?s={search_term_string}"},"query-input":{"@type":"PropertyValueSpecification","valueRequired":true,"valueName":"search_term_string"}}],"inLanguage":"en-US"},{"@type":"Organization","@id":"https:\/\/www.indieofilo.com\/#organization","name":"Indie\u00f3filo Web","url":"https:\/\/www.indieofilo.com\/","logo":{"@type":"ImageObject","inLanguage":"en-US","@id":"https:\/\/www.indieofilo.com\/#\/schema\/logo\/image\/","url":"https:\/\/www.indieofilo.com\/wp-content\/uploads\/2015\/02\/logo-alta-resolucion.png","contentUrl":"https:\/\/www.indieofilo.com\/wp-content\/uploads\/2015\/02\/logo-alta-resolucion.png","width":544,"height":185,"caption":"Indie\u00f3filo Web"},"image":{"@id":"https:\/\/www.indieofilo.com\/#\/schema\/logo\/image\/"},"sameAs":["https:\/\/www.facebook.com\/Indieofilo\/","https:\/\/x.com\/indieofilo","https:\/\/www.instagram.com\/indieofilo\/"]},{"@type":"Person","@id":"https:\/\/www.indieofilo.com\/#\/schema\/person\/595334d38590e4ce5a09f83cbf2fca90","name":"Victor","image":{"@type":"ImageObject","inLanguage":"en-US","@id":"https:\/\/www.indieofilo.com\/#\/schema\/person\/image\/","url":"https:\/\/secure.gravatar.com\/avatar\/682b8c6ea3e94b6cffec683b25f1797d?s=96&d=mm&r=g","contentUrl":"https:\/\/secure.gravatar.com\/avatar\/682b8c6ea3e94b6cffec683b25f1797d?s=96&d=mm&r=g","caption":"Victor"},"description":"Fan\u00e1tico de la m\u00fasica desde que mis padres me pon\u00edan a Eydie Gorme y Los Panchos o el Discotuna por la A2. Intent\u00e9 tocar varios instrumentos, pero soy muy torpe con la mano izquierda, as\u00ed que ya sab\u00e9is el resultado final. Fan del britpop, Post-punk, el rugby y el baloncesto...","sameAs":["http:\/\/indieofilo.com"],"url":"https:\/\/www.indieofilo.com\/en\/author\/victor"}]}},"_links":{"self":[{"href":"https:\/\/www.indieofilo.com\/en\/wp-json\/wp\/v2\/posts\/40895","targetHints":{"allow":["GET"]}}],"collection":[{"href":"https:\/\/www.indieofilo.com\/en\/wp-json\/wp\/v2\/posts"}],"about":[{"href":"https:\/\/www.indieofilo.com\/en\/wp-json\/wp\/v2\/types\/post"}],"author":[{"embeddable":true,"href":"https:\/\/www.indieofilo.com\/en\/wp-json\/wp\/v2\/users\/1"}],"replies":[{"embeddable":true,"href":"https:\/\/www.indieofilo.com\/en\/wp-json\/wp\/v2\/comments?post=40895"}],"version-history":[{"count":0,"href":"https:\/\/www.indieofilo.com\/en\/wp-json\/wp\/v2\/posts\/40895\/revisions"}],"wp:featuredmedia":[{"embeddable":true,"href":"https:\/\/www.indieofilo.com\/en\/wp-json\/wp\/v2\/media\/15832"}],"wp:attachment":[{"href":"https:\/\/www.indieofilo.com\/en\/wp-json\/wp\/v2\/media?parent=40895"}],"wp:term":[{"taxonomy":"category","embeddable":true,"href":"https:\/\/www.indieofilo.com\/en\/wp-json\/wp\/v2\/categories?post=40895"},{"taxonomy":"post_tag","embeddable":true,"href":"https:\/\/www.indieofilo.com\/en\/wp-json\/wp\/v2\/tags?post=40895"}],"curies":[{"name":"wp","href":"https:\/\/api.w.org\/{rel}","templated":true}]}}