{"id":3987,"date":"2014-04-08T18:25:34","date_gmt":"2014-04-08T16:25:34","guid":{"rendered":"http:\/\/indieofilo.com\/?p=3987"},"modified":"2023-09-22T13:15:32","modified_gmt":"2023-09-22T11:15:32","slug":"jeff-mills-and-nina-kraviz-confirmed-for-dekmantel-2014","status":"publish","type":"post","link":"https:\/\/www.indieofilo.com\/en\/news\/live-shows\/jeff-mills-and-nina-kraviz-confirmed-for-dekmantel-2014","title":{"rendered":"Jeff Mills and Nina Kraviz confirmed for Dekmantel 2014"},"content":{"rendered":"<p style=\"text-align: center;\">\n\t<img fetchpriority=\"high\" decoding=\"async\" alt=\"Dekmantel 2014- Jeff Mills\" class=\"aligncenter size-full wp-image-3989\" height=\"600\" src=\"http:\/\/indieofilo.com\/wp-content\/uploads\/2014\/04\/Dekmantel-2014-Jeff-Mills.jpg\" width=\"354\" srcset=\"https:\/\/www.indieofilo.com\/wp-content\/uploads\/2014\/04\/Dekmantel-2014-Jeff-Mills.jpg 354w, https:\/\/www.indieofilo.com\/wp-content\/uploads\/2014\/04\/Dekmantel-2014-Jeff-Mills-177x300.jpg 177w\" sizes=\"(max-width: 354px) 100vw, 354px\" \/><\/p>\n<p style=\"text-align: justify;\">\n\tOrganisers of <strong>Dekmantel Festival<\/strong>, who almost one moth ago announced names like <em>3 Chairs, Nicolas Jaar, John Talabot, Mount Kimbie<\/em> and <em>Shackleton<\/em>,<span style=\"line-height: 1.6;\">&nbsp;have added 24 new acts to the 2014 edition, that will be held&nbsp;<\/span><span style=\"line-height: 1.6;\">at Amsterdamse Bos from August 1st through 3rd. This latest announcement is dominated by the solo names of <strong>Jeff Mills<\/strong> and <strong>Nina Kraviz<\/strong>, as well as a big number of back-to-back sets: <strong>Ben Klock vs. Ryan Elliott, Marcel Dettmann vs. Luke Slater, Efdemin vs. Marcel Fengler, Steffi vs. Answer Code Request, Atom TM vs. Tobias<\/strong> and&nbsp;<\/span><span style=\"line-height: 1.6;\"><strong>Kyle Hall<\/strong> vs. <strong>Jay Daniel<\/strong>. Other solo names announces were <strong>Julio Bashmore, Bicep, Andrew Weatherall, Boddika, Surgeon, Jimmy Edgar<\/strong> and a few local names like <strong>Young Marco, Mark du Mosch<\/strong> and <strong>Interstellar Funk<\/strong>. <\/span><span style=\"line-height: 1.6; text-align: justify;\">We remember you that tickets are available&nbsp;<a href=\"http:\/\/www.dekmantelfestival.com\/\">on their website<\/a>&nbsp;and t<\/span><span style=\"line-height: 1.6; text-align: justify;\">his year, it will be possible camping to the site.<\/span><\/p>\n","protected":false},"excerpt":{"rendered":"<p>Organisers of Dekmantel Festival, who almost one moth ago announced names like 3 Chairs, Nicolas Jaar, John Talabot, Mount Kimbie and Shackleton,&nbsp;have added 24 new acts to the 2014 edition, that will be held&nbsp;at Amsterdamse Bos from August 1st through 3rd. This latest announcement is dominated by the solo names of Jeff Mills and Nina [&hellip;]<\/p>\n","protected":false},"author":1,"featured_media":3989,"comment_status":"open","ping_status":"closed","sticky":false,"template":"","format":"standard","meta":{"footnotes":""},"categories":[41,8],"tags":[6626,6643,6627,6263,6735,5475],"class_list":["post-3987","post","type-post","status-publish","format-standard","has-post-thumbnail","hentry","category-live-shows","category-news","tag-bicep-en","tag-dekmantel-festival-en","tag-dekmantel-festival-2014-en","tag-jeff-mills-en","tag-julio-bashmore-en","tag-nina-kraviz-en"],"yoast_head":"<!-- This site is optimized with the Yoast SEO Premium plugin v23.9 (Yoast SEO v26.6) - https:\/\/yoast.com\/wordpress\/plugins\/seo\/ -->\n<title>Jeff Mills and Nina Kraviz confirmed for Dekmantel 2014<\/title>\n<meta name=\"robots\" content=\"index, follow, max-snippet:-1, max-image-preview:large, max-video-preview:-1\" \/>\n<link rel=\"canonical\" href=\"https:\/\/www.indieofilo.com\/en\/news\/jeff-mills-and-nina-kraviz-confirmed-for-dekmantel-2014\" \/>\n<meta property=\"og:locale\" content=\"en_US\" \/>\n<meta property=\"og:type\" content=\"article\" \/>\n<meta property=\"og:title\" content=\"Jeff Mills and Nina Kraviz confirmed for Dekmantel 2014\" \/>\n<meta property=\"og:description\" content=\"Organisers of Dekmantel Festival, who almost one moth ago announced names like 3 Chairs, Nicolas Jaar, John Talabot, Mount Kimbie and Shackleton,&nbsp;have added 24 new acts to the 2014 edition, that will be held&nbsp;at Amsterdamse Bos from August 1st through 3rd. This latest announcement is dominated by the solo names of Jeff Mills and Nina [&hellip;]\" \/>\n<meta property=\"og:url\" content=\"https:\/\/www.indieofilo.com\/en\/news\/jeff-mills-and-nina-kraviz-confirmed-for-dekmantel-2014\" \/>\n<meta property=\"og:site_name\" content=\"Indie\u00f3filo\" \/>\n<meta property=\"article:publisher\" content=\"https:\/\/www.facebook.com\/Indieofilo\/\" \/>\n<meta property=\"article:published_time\" content=\"2014-04-08T16:25:34+00:00\" \/>\n<meta property=\"article:modified_time\" content=\"2023-09-22T11:15:32+00:00\" \/>\n<meta property=\"og:image\" content=\"https:\/\/www.indieofilo.com\/wp-content\/uploads\/2014\/04\/Dekmantel-2014-Jeff-Mills.jpg\" \/>\n\t<meta property=\"og:image:width\" content=\"354\" \/>\n\t<meta property=\"og:image:height\" content=\"600\" \/>\n\t<meta property=\"og:image:type\" content=\"image\/jpeg\" \/>\n<meta name=\"author\" content=\"Victor\" \/>\n<meta name=\"twitter:card\" content=\"summary_large_image\" \/>\n<meta name=\"twitter:creator\" content=\"@indieofilo\" \/>\n<meta name=\"twitter:site\" content=\"@indieofilo\" \/>\n<meta name=\"twitter:label1\" content=\"Written by\" \/>\n\t<meta name=\"twitter:data1\" content=\"Victor\" \/>\n\t<meta name=\"twitter:label2\" content=\"Est. reading time\" \/>\n\t<meta name=\"twitter:data2\" content=\"1 minute\" \/>\n<script type=\"application\/ld+json\" class=\"yoast-schema-graph\">{\"@context\":\"https:\/\/schema.org\",\"@graph\":[{\"@type\":\"Article\",\"@id\":\"https:\/\/www.indieofilo.com\/en\/news\/jeff-mills-and-nina-kraviz-confirmed-for-dekmantel-2014#article\",\"isPartOf\":{\"@id\":\"https:\/\/www.indieofilo.com\/en\/news\/jeff-mills-and-nina-kraviz-confirmed-for-dekmantel-2014\"},\"author\":{\"name\":\"Victor\",\"@id\":\"https:\/\/www.indieofilo.com\/#\/schema\/person\/595334d38590e4ce5a09f83cbf2fca90\"},\"headline\":\"Jeff Mills and Nina Kraviz confirmed for Dekmantel 2014\",\"datePublished\":\"2014-04-08T16:25:34+00:00\",\"dateModified\":\"2023-09-22T11:15:32+00:00\",\"mainEntityOfPage\":{\"@id\":\"https:\/\/www.indieofilo.com\/en\/news\/jeff-mills-and-nina-kraviz-confirmed-for-dekmantel-2014\"},\"wordCount\":156,\"commentCount\":0,\"publisher\":{\"@id\":\"https:\/\/www.indieofilo.com\/#organization\"},\"image\":{\"@id\":\"https:\/\/www.indieofilo.com\/en\/news\/jeff-mills-and-nina-kraviz-confirmed-for-dekmantel-2014#primaryimage\"},\"thumbnailUrl\":\"https:\/\/www.indieofilo.com\/wp-content\/uploads\/2014\/04\/Dekmantel-2014-Jeff-Mills.jpg\",\"keywords\":[\"Bicep\",\"Dekmantel Festival\",\"Dekmantel Festival 2014\",\"Jeff Mills\",\"Julio Bashmore\",\"Nina Kraviz\"],\"articleSection\":[\"Live Shows\",\"News\"],\"inLanguage\":\"en-US\",\"potentialAction\":[{\"@type\":\"CommentAction\",\"name\":\"Comment\",\"target\":[\"https:\/\/www.indieofilo.com\/en\/news\/jeff-mills-and-nina-kraviz-confirmed-for-dekmantel-2014#respond\"]}]},{\"@type\":\"WebPage\",\"@id\":\"https:\/\/www.indieofilo.com\/en\/news\/jeff-mills-and-nina-kraviz-confirmed-for-dekmantel-2014\",\"url\":\"https:\/\/www.indieofilo.com\/en\/news\/jeff-mills-and-nina-kraviz-confirmed-for-dekmantel-2014\",\"name\":\"Jeff Mills and Nina Kraviz confirmed for Dekmantel 2014\",\"isPartOf\":{\"@id\":\"https:\/\/www.indieofilo.com\/#website\"},\"primaryImageOfPage\":{\"@id\":\"https:\/\/www.indieofilo.com\/en\/news\/jeff-mills-and-nina-kraviz-confirmed-for-dekmantel-2014#primaryimage\"},\"image\":{\"@id\":\"https:\/\/www.indieofilo.com\/en\/news\/jeff-mills-and-nina-kraviz-confirmed-for-dekmantel-2014#primaryimage\"},\"thumbnailUrl\":\"https:\/\/www.indieofilo.com\/wp-content\/uploads\/2014\/04\/Dekmantel-2014-Jeff-Mills.jpg\",\"datePublished\":\"2014-04-08T16:25:34+00:00\",\"dateModified\":\"2023-09-22T11:15:32+00:00\",\"breadcrumb\":{\"@id\":\"https:\/\/www.indieofilo.com\/en\/news\/jeff-mills-and-nina-kraviz-confirmed-for-dekmantel-2014#breadcrumb\"},\"inLanguage\":\"en-US\",\"potentialAction\":[{\"@type\":\"ReadAction\",\"target\":[\"https:\/\/www.indieofilo.com\/en\/news\/jeff-mills-and-nina-kraviz-confirmed-for-dekmantel-2014\"]}]},{\"@type\":\"ImageObject\",\"inLanguage\":\"en-US\",\"@id\":\"https:\/\/www.indieofilo.com\/en\/news\/jeff-mills-and-nina-kraviz-confirmed-for-dekmantel-2014#primaryimage\",\"url\":\"https:\/\/www.indieofilo.com\/wp-content\/uploads\/2014\/04\/Dekmantel-2014-Jeff-Mills.jpg\",\"contentUrl\":\"https:\/\/www.indieofilo.com\/wp-content\/uploads\/2014\/04\/Dekmantel-2014-Jeff-Mills.jpg\",\"width\":354,\"height\":600,\"caption\":\"Dekmantel 2014- Jeff Mills\"},{\"@type\":\"BreadcrumbList\",\"@id\":\"https:\/\/www.indieofilo.com\/en\/news\/jeff-mills-and-nina-kraviz-confirmed-for-dekmantel-2014#breadcrumb\",\"itemListElement\":[{\"@type\":\"ListItem\",\"position\":1,\"name\":\"Portada\",\"item\":\"https:\/\/www.indieofilo.com\/en\"},{\"@type\":\"ListItem\",\"position\":2,\"name\":\"Jeff Mills and Nina Kraviz confirmed for Dekmantel 2014\"}]},{\"@type\":\"WebSite\",\"@id\":\"https:\/\/www.indieofilo.com\/#website\",\"url\":\"https:\/\/www.indieofilo.com\/\",\"name\":\"Indie\u00f3filo\",\"description\":\"Magazine online de la cultura independiente\",\"publisher\":{\"@id\":\"https:\/\/www.indieofilo.com\/#organization\"},\"potentialAction\":[{\"@type\":\"SearchAction\",\"target\":{\"@type\":\"EntryPoint\",\"urlTemplate\":\"https:\/\/www.indieofilo.com\/?s={search_term_string}\"},\"query-input\":{\"@type\":\"PropertyValueSpecification\",\"valueRequired\":true,\"valueName\":\"search_term_string\"}}],\"inLanguage\":\"en-US\"},{\"@type\":\"Organization\",\"@id\":\"https:\/\/www.indieofilo.com\/#organization\",\"name\":\"Indie\u00f3filo Web\",\"url\":\"https:\/\/www.indieofilo.com\/\",\"logo\":{\"@type\":\"ImageObject\",\"inLanguage\":\"en-US\",\"@id\":\"https:\/\/www.indieofilo.com\/#\/schema\/logo\/image\/\",\"url\":\"https:\/\/www.indieofilo.com\/wp-content\/uploads\/2015\/02\/logo-alta-resolucion.png\",\"contentUrl\":\"https:\/\/www.indieofilo.com\/wp-content\/uploads\/2015\/02\/logo-alta-resolucion.png\",\"width\":544,\"height\":185,\"caption\":\"Indie\u00f3filo Web\"},\"image\":{\"@id\":\"https:\/\/www.indieofilo.com\/#\/schema\/logo\/image\/\"},\"sameAs\":[\"https:\/\/www.facebook.com\/Indieofilo\/\",\"https:\/\/x.com\/indieofilo\",\"https:\/\/www.instagram.com\/indieofilo\/\"]},{\"@type\":\"Person\",\"@id\":\"https:\/\/www.indieofilo.com\/#\/schema\/person\/595334d38590e4ce5a09f83cbf2fca90\",\"name\":\"Victor\",\"image\":{\"@type\":\"ImageObject\",\"inLanguage\":\"en-US\",\"@id\":\"https:\/\/www.indieofilo.com\/#\/schema\/person\/image\/\",\"url\":\"https:\/\/secure.gravatar.com\/avatar\/682b8c6ea3e94b6cffec683b25f1797d?s=96&d=mm&r=g\",\"contentUrl\":\"https:\/\/secure.gravatar.com\/avatar\/682b8c6ea3e94b6cffec683b25f1797d?s=96&d=mm&r=g\",\"caption\":\"Victor\"},\"description\":\"Fan\u00e1tico de la m\u00fasica desde que mis padres me pon\u00edan a Eydie Gorme y Los Panchos o el Discotuna por la A2. Intent\u00e9 tocar varios instrumentos, pero soy muy torpe con la mano izquierda, as\u00ed que ya sab\u00e9is el resultado final. Fan del britpop, Post-punk, el rugby y el baloncesto...\",\"sameAs\":[\"http:\/\/indieofilo.com\"],\"url\":\"https:\/\/www.indieofilo.com\/en\/author\/victor\"}]}<\/script>\n<!-- \/ Yoast SEO Premium plugin. -->","yoast_head_json":{"title":"Jeff Mills and Nina Kraviz confirmed for Dekmantel 2014","robots":{"index":"index","follow":"follow","max-snippet":"max-snippet:-1","max-image-preview":"max-image-preview:large","max-video-preview":"max-video-preview:-1"},"canonical":"https:\/\/www.indieofilo.com\/en\/news\/jeff-mills-and-nina-kraviz-confirmed-for-dekmantel-2014","og_locale":"en_US","og_type":"article","og_title":"Jeff Mills and Nina Kraviz confirmed for Dekmantel 2014","og_description":"Organisers of Dekmantel Festival, who almost one moth ago announced names like 3 Chairs, Nicolas Jaar, John Talabot, Mount Kimbie and Shackleton,&nbsp;have added 24 new acts to the 2014 edition, that will be held&nbsp;at Amsterdamse Bos from August 1st through 3rd. This latest announcement is dominated by the solo names of Jeff Mills and Nina [&hellip;]","og_url":"https:\/\/www.indieofilo.com\/en\/news\/jeff-mills-and-nina-kraviz-confirmed-for-dekmantel-2014","og_site_name":"Indie\u00f3filo","article_publisher":"https:\/\/www.facebook.com\/Indieofilo\/","article_published_time":"2014-04-08T16:25:34+00:00","article_modified_time":"2023-09-22T11:15:32+00:00","og_image":[{"width":354,"height":600,"url":"https:\/\/www.indieofilo.com\/wp-content\/uploads\/2014\/04\/Dekmantel-2014-Jeff-Mills.jpg","type":"image\/jpeg"}],"author":"Victor","twitter_card":"summary_large_image","twitter_creator":"@indieofilo","twitter_site":"@indieofilo","twitter_misc":{"Written by":"Victor","Est. reading time":"1 minute"},"schema":{"@context":"https:\/\/schema.org","@graph":[{"@type":"Article","@id":"https:\/\/www.indieofilo.com\/en\/news\/jeff-mills-and-nina-kraviz-confirmed-for-dekmantel-2014#article","isPartOf":{"@id":"https:\/\/www.indieofilo.com\/en\/news\/jeff-mills-and-nina-kraviz-confirmed-for-dekmantel-2014"},"author":{"name":"Victor","@id":"https:\/\/www.indieofilo.com\/#\/schema\/person\/595334d38590e4ce5a09f83cbf2fca90"},"headline":"Jeff Mills and Nina Kraviz confirmed for Dekmantel 2014","datePublished":"2014-04-08T16:25:34+00:00","dateModified":"2023-09-22T11:15:32+00:00","mainEntityOfPage":{"@id":"https:\/\/www.indieofilo.com\/en\/news\/jeff-mills-and-nina-kraviz-confirmed-for-dekmantel-2014"},"wordCount":156,"commentCount":0,"publisher":{"@id":"https:\/\/www.indieofilo.com\/#organization"},"image":{"@id":"https:\/\/www.indieofilo.com\/en\/news\/jeff-mills-and-nina-kraviz-confirmed-for-dekmantel-2014#primaryimage"},"thumbnailUrl":"https:\/\/www.indieofilo.com\/wp-content\/uploads\/2014\/04\/Dekmantel-2014-Jeff-Mills.jpg","keywords":["Bicep","Dekmantel Festival","Dekmantel Festival 2014","Jeff Mills","Julio Bashmore","Nina Kraviz"],"articleSection":["Live Shows","News"],"inLanguage":"en-US","potentialAction":[{"@type":"CommentAction","name":"Comment","target":["https:\/\/www.indieofilo.com\/en\/news\/jeff-mills-and-nina-kraviz-confirmed-for-dekmantel-2014#respond"]}]},{"@type":"WebPage","@id":"https:\/\/www.indieofilo.com\/en\/news\/jeff-mills-and-nina-kraviz-confirmed-for-dekmantel-2014","url":"https:\/\/www.indieofilo.com\/en\/news\/jeff-mills-and-nina-kraviz-confirmed-for-dekmantel-2014","name":"Jeff Mills and Nina Kraviz confirmed for Dekmantel 2014","isPartOf":{"@id":"https:\/\/www.indieofilo.com\/#website"},"primaryImageOfPage":{"@id":"https:\/\/www.indieofilo.com\/en\/news\/jeff-mills-and-nina-kraviz-confirmed-for-dekmantel-2014#primaryimage"},"image":{"@id":"https:\/\/www.indieofilo.com\/en\/news\/jeff-mills-and-nina-kraviz-confirmed-for-dekmantel-2014#primaryimage"},"thumbnailUrl":"https:\/\/www.indieofilo.com\/wp-content\/uploads\/2014\/04\/Dekmantel-2014-Jeff-Mills.jpg","datePublished":"2014-04-08T16:25:34+00:00","dateModified":"2023-09-22T11:15:32+00:00","breadcrumb":{"@id":"https:\/\/www.indieofilo.com\/en\/news\/jeff-mills-and-nina-kraviz-confirmed-for-dekmantel-2014#breadcrumb"},"inLanguage":"en-US","potentialAction":[{"@type":"ReadAction","target":["https:\/\/www.indieofilo.com\/en\/news\/jeff-mills-and-nina-kraviz-confirmed-for-dekmantel-2014"]}]},{"@type":"ImageObject","inLanguage":"en-US","@id":"https:\/\/www.indieofilo.com\/en\/news\/jeff-mills-and-nina-kraviz-confirmed-for-dekmantel-2014#primaryimage","url":"https:\/\/www.indieofilo.com\/wp-content\/uploads\/2014\/04\/Dekmantel-2014-Jeff-Mills.jpg","contentUrl":"https:\/\/www.indieofilo.com\/wp-content\/uploads\/2014\/04\/Dekmantel-2014-Jeff-Mills.jpg","width":354,"height":600,"caption":"Dekmantel 2014- Jeff Mills"},{"@type":"BreadcrumbList","@id":"https:\/\/www.indieofilo.com\/en\/news\/jeff-mills-and-nina-kraviz-confirmed-for-dekmantel-2014#breadcrumb","itemListElement":[{"@type":"ListItem","position":1,"name":"Portada","item":"https:\/\/www.indieofilo.com\/en"},{"@type":"ListItem","position":2,"name":"Jeff Mills and Nina Kraviz confirmed for Dekmantel 2014"}]},{"@type":"WebSite","@id":"https:\/\/www.indieofilo.com\/#website","url":"https:\/\/www.indieofilo.com\/","name":"Indie\u00f3filo","description":"Magazine online de la cultura independiente","publisher":{"@id":"https:\/\/www.indieofilo.com\/#organization"},"potentialAction":[{"@type":"SearchAction","target":{"@type":"EntryPoint","urlTemplate":"https:\/\/www.indieofilo.com\/?s={search_term_string}"},"query-input":{"@type":"PropertyValueSpecification","valueRequired":true,"valueName":"search_term_string"}}],"inLanguage":"en-US"},{"@type":"Organization","@id":"https:\/\/www.indieofilo.com\/#organization","name":"Indie\u00f3filo Web","url":"https:\/\/www.indieofilo.com\/","logo":{"@type":"ImageObject","inLanguage":"en-US","@id":"https:\/\/www.indieofilo.com\/#\/schema\/logo\/image\/","url":"https:\/\/www.indieofilo.com\/wp-content\/uploads\/2015\/02\/logo-alta-resolucion.png","contentUrl":"https:\/\/www.indieofilo.com\/wp-content\/uploads\/2015\/02\/logo-alta-resolucion.png","width":544,"height":185,"caption":"Indie\u00f3filo Web"},"image":{"@id":"https:\/\/www.indieofilo.com\/#\/schema\/logo\/image\/"},"sameAs":["https:\/\/www.facebook.com\/Indieofilo\/","https:\/\/x.com\/indieofilo","https:\/\/www.instagram.com\/indieofilo\/"]},{"@type":"Person","@id":"https:\/\/www.indieofilo.com\/#\/schema\/person\/595334d38590e4ce5a09f83cbf2fca90","name":"Victor","image":{"@type":"ImageObject","inLanguage":"en-US","@id":"https:\/\/www.indieofilo.com\/#\/schema\/person\/image\/","url":"https:\/\/secure.gravatar.com\/avatar\/682b8c6ea3e94b6cffec683b25f1797d?s=96&d=mm&r=g","contentUrl":"https:\/\/secure.gravatar.com\/avatar\/682b8c6ea3e94b6cffec683b25f1797d?s=96&d=mm&r=g","caption":"Victor"},"description":"Fan\u00e1tico de la m\u00fasica desde que mis padres me pon\u00edan a Eydie Gorme y Los Panchos o el Discotuna por la A2. Intent\u00e9 tocar varios instrumentos, pero soy muy torpe con la mano izquierda, as\u00ed que ya sab\u00e9is el resultado final. Fan del britpop, Post-punk, el rugby y el baloncesto...","sameAs":["http:\/\/indieofilo.com"],"url":"https:\/\/www.indieofilo.com\/en\/author\/victor"}]}},"_links":{"self":[{"href":"https:\/\/www.indieofilo.com\/en\/wp-json\/wp\/v2\/posts\/3987","targetHints":{"allow":["GET"]}}],"collection":[{"href":"https:\/\/www.indieofilo.com\/en\/wp-json\/wp\/v2\/posts"}],"about":[{"href":"https:\/\/www.indieofilo.com\/en\/wp-json\/wp\/v2\/types\/post"}],"author":[{"embeddable":true,"href":"https:\/\/www.indieofilo.com\/en\/wp-json\/wp\/v2\/users\/1"}],"replies":[{"embeddable":true,"href":"https:\/\/www.indieofilo.com\/en\/wp-json\/wp\/v2\/comments?post=3987"}],"version-history":[{"count":0,"href":"https:\/\/www.indieofilo.com\/en\/wp-json\/wp\/v2\/posts\/3987\/revisions"}],"wp:featuredmedia":[{"embeddable":true,"href":"https:\/\/www.indieofilo.com\/en\/wp-json\/wp\/v2\/media\/3989"}],"wp:attachment":[{"href":"https:\/\/www.indieofilo.com\/en\/wp-json\/wp\/v2\/media?parent=3987"}],"wp:term":[{"taxonomy":"category","embeddable":true,"href":"https:\/\/www.indieofilo.com\/en\/wp-json\/wp\/v2\/categories?post=3987"},{"taxonomy":"post_tag","embeddable":true,"href":"https:\/\/www.indieofilo.com\/en\/wp-json\/wp\/v2\/tags?post=3987"}],"curies":[{"name":"wp","href":"https:\/\/api.w.org\/{rel}","templated":true}]}}