{"id":3979,"date":"2014-06-18T18:08:28","date_gmt":"2014-06-18T16:08:28","guid":{"rendered":"http:\/\/indieofilo.com\/?p=3979"},"modified":"2023-11-21T23:58:38","modified_gmt":"2023-11-21T22:58:38","slug":"line-up-closed-for-dekmantel-festival-2014-with-martyn-and-benny-rodrigues-among-others","status":"publish","type":"post","link":"https:\/\/www.indieofilo.com\/en\/news\/live-shows\/line-up-closed-for-dekmantel-festival-2014-with-martyn-and-benny-rodrigues-among-others","title":{"rendered":"Line up closed for Dekmantel Festival 2014 with Martyn and Benny Rodrigues among others"},"content":{"rendered":"<p style=\"text-align: center;\"><img fetchpriority=\"high\" decoding=\"async\" class=\"aligncenter size-full wp-image-3981\" src=\"http:\/\/indieofilo.com\/wp-content\/uploads\/2014\/06\/Dekmantel-2014-Final-Additions.jpg\" alt=\"Dekmantel 2014- Final Additions\" width=\"700\" height=\"442\" srcset=\"https:\/\/www.indieofilo.com\/wp-content\/uploads\/2014\/06\/Dekmantel-2014-Final-Additions.jpg 700w, https:\/\/www.indieofilo.com\/wp-content\/uploads\/2014\/06\/Dekmantel-2014-Final-Additions-300x189.jpg 300w\" sizes=\"(max-width: 700px) 100vw, 700px\" \/><\/p>\n<p style=\"text-align: justify;\">Organisers of <strong>Dekmantel Festival 2014<\/strong> have announced today the final names for its line-up, that already includes names like <em>3 Chairs, Nicolas Jaar, John Talabot, Mount Kimbie,\u00a0<\/em><em>Jeff Mills<\/em> and <em>Nina Kraviz<\/em> confirmed in the other batches. The last names added for\u00a0the second edition of the festival, which runs from August 1st through 3rd in the Amsterdamse Bos between Amstelveen and Amstredam are the \u00a0live sets from <strong>Magic Mountain High (Move D, Juju &amp; Jordash), Martyn and \u00c2me. Traxx, Optimo, Mr. Ties, DVS1, Benny Rodrigues, Braiden<\/strong> and <strong>Steve Rachmad<\/strong> (as <strong>Sterac<\/strong>), while <strong>Ben UFO<\/strong> has also been announced for a solo set separate from his throw down with <strong>Hessle Audio<\/strong> on the RA stage. In addition,\u00a0 Dekmantel have also kicked off a series of short documentaries called <em>Sole Selectors<\/em>, which shown more info about some of the artists that will be playing at the Warsteiner stage.\u00a0<span style=\"line-height: 1.6;\">We remember you that tickets are available\u00a0<\/span><a style=\"line-height: 1.6;\" href=\"http:\/\/www.dekmantelfestival.com\/\">on their website<\/a><span style=\"line-height: 1.6;\">\u00a0and this year, it will be possible camping to the site.<\/span><\/p>\n","protected":false},"excerpt":{"rendered":"<p>Organisers of Dekmantel Festival 2014 have announced today the final names for its line-up, that already includes names like 3 Chairs, Nicolas Jaar, John Talabot, Mount Kimbie,\u00a0Jeff Mills and Nina Kraviz confirmed in the other batches. The last names added for\u00a0the second edition of the festival, which runs from August 1st through 3rd in the [&hellip;]<\/p>\n","protected":false},"author":1,"featured_media":3981,"comment_status":"open","ping_status":"closed","sticky":false,"template":"","format":"standard","meta":{"footnotes":""},"categories":[41,8],"tags":[6625,6280,6627,6661,6662],"class_list":["post-3979","post","type-post","status-publish","format-standard","has-post-thumbnail","hentry","category-live-shows","category-news","tag-benny-rodrigues-en","tag-dekmantel-en","tag-dekmantel-festival-2014-en","tag-magic-mountain-high-en","tag-martyn-en"],"yoast_head":"<!-- This site is optimized with the Yoast SEO Premium plugin v23.9 (Yoast SEO v26.6) - https:\/\/yoast.com\/wordpress\/plugins\/seo\/ -->\n<title>Line up closed for Dekmantel Festival 2014 - Indieofilo<\/title>\n<meta name=\"robots\" content=\"index, follow, max-snippet:-1, max-image-preview:large, max-video-preview:-1\" \/>\n<link rel=\"canonical\" href=\"https:\/\/www.indieofilo.com\/en\/news\/line-up-closed-for-dekmantel-festival-2014-with-martyn-and-benny-rodrigues-among-others\" \/>\n<meta property=\"og:locale\" content=\"en_US\" \/>\n<meta property=\"og:type\" content=\"article\" \/>\n<meta property=\"og:title\" content=\"Line up closed for Dekmantel Festival 2014 with Martyn and Benny Rodrigues among others\" \/>\n<meta property=\"og:description\" content=\"Organisers of Dekmantel Festival 2014 have announced today the final names for its line-up, that already includes names like 3 Chairs, Nicolas Jaar, John Talabot, Mount Kimbie,\u00a0Jeff Mills and Nina Kraviz confirmed in the other batches. The last names added for\u00a0the second edition of the festival, which runs from August 1st through 3rd in the [&hellip;]\" \/>\n<meta property=\"og:url\" content=\"https:\/\/www.indieofilo.com\/en\/news\/line-up-closed-for-dekmantel-festival-2014-with-martyn-and-benny-rodrigues-among-others\" \/>\n<meta property=\"og:site_name\" content=\"Indie\u00f3filo\" \/>\n<meta property=\"article:publisher\" content=\"https:\/\/www.facebook.com\/Indieofilo\/\" \/>\n<meta property=\"article:published_time\" content=\"2014-06-18T16:08:28+00:00\" \/>\n<meta property=\"article:modified_time\" content=\"2023-11-21T22:58:38+00:00\" \/>\n<meta property=\"og:image\" content=\"https:\/\/www.indieofilo.com\/wp-content\/uploads\/2014\/06\/Dekmantel-2014-Final-Additions.jpg\" \/>\n\t<meta property=\"og:image:width\" content=\"700\" \/>\n\t<meta property=\"og:image:height\" content=\"442\" \/>\n\t<meta property=\"og:image:type\" content=\"image\/jpeg\" \/>\n<meta name=\"author\" content=\"Victor\" \/>\n<meta name=\"twitter:card\" content=\"summary_large_image\" \/>\n<meta name=\"twitter:creator\" content=\"@indieofilo\" \/>\n<meta name=\"twitter:site\" content=\"@indieofilo\" \/>\n<meta name=\"twitter:label1\" content=\"Written by\" \/>\n\t<meta name=\"twitter:data1\" content=\"Victor\" \/>\n\t<meta name=\"twitter:label2\" content=\"Est. reading time\" \/>\n\t<meta name=\"twitter:data2\" content=\"1 minute\" \/>\n<script type=\"application\/ld+json\" class=\"yoast-schema-graph\">{\"@context\":\"https:\/\/schema.org\",\"@graph\":[{\"@type\":\"Article\",\"@id\":\"https:\/\/www.indieofilo.com\/en\/news\/line-up-closed-for-dekmantel-festival-2014-with-martyn-and-benny-rodrigues-among-others#article\",\"isPartOf\":{\"@id\":\"https:\/\/www.indieofilo.com\/en\/news\/line-up-closed-for-dekmantel-festival-2014-with-martyn-and-benny-rodrigues-among-others\"},\"author\":{\"name\":\"Victor\",\"@id\":\"https:\/\/www.indieofilo.com\/#\/schema\/person\/595334d38590e4ce5a09f83cbf2fca90\"},\"headline\":\"Line up closed for Dekmantel Festival 2014 with Martyn and Benny Rodrigues among others\",\"datePublished\":\"2014-06-18T16:08:28+00:00\",\"dateModified\":\"2023-11-21T22:58:38+00:00\",\"mainEntityOfPage\":{\"@id\":\"https:\/\/www.indieofilo.com\/en\/news\/line-up-closed-for-dekmantel-festival-2014-with-martyn-and-benny-rodrigues-among-others\"},\"wordCount\":179,\"commentCount\":0,\"publisher\":{\"@id\":\"https:\/\/www.indieofilo.com\/#organization\"},\"image\":{\"@id\":\"https:\/\/www.indieofilo.com\/en\/news\/line-up-closed-for-dekmantel-festival-2014-with-martyn-and-benny-rodrigues-among-others#primaryimage\"},\"thumbnailUrl\":\"https:\/\/www.indieofilo.com\/wp-content\/uploads\/2014\/06\/Dekmantel-2014-Final-Additions.jpg\",\"keywords\":[\"Benny Rodrigues\",\"Dekmantel\",\"Dekmantel Festival 2014\",\"Magic Mountain High\",\"Martyn\"],\"articleSection\":[\"Live Shows\",\"News\"],\"inLanguage\":\"en-US\",\"potentialAction\":[{\"@type\":\"CommentAction\",\"name\":\"Comment\",\"target\":[\"https:\/\/www.indieofilo.com\/en\/news\/line-up-closed-for-dekmantel-festival-2014-with-martyn-and-benny-rodrigues-among-others#respond\"]}]},{\"@type\":\"WebPage\",\"@id\":\"https:\/\/www.indieofilo.com\/en\/news\/line-up-closed-for-dekmantel-festival-2014-with-martyn-and-benny-rodrigues-among-others\",\"url\":\"https:\/\/www.indieofilo.com\/en\/news\/line-up-closed-for-dekmantel-festival-2014-with-martyn-and-benny-rodrigues-among-others\",\"name\":\"Line up closed for Dekmantel Festival 2014 - Indieofilo\",\"isPartOf\":{\"@id\":\"https:\/\/www.indieofilo.com\/#website\"},\"primaryImageOfPage\":{\"@id\":\"https:\/\/www.indieofilo.com\/en\/news\/line-up-closed-for-dekmantel-festival-2014-with-martyn-and-benny-rodrigues-among-others#primaryimage\"},\"image\":{\"@id\":\"https:\/\/www.indieofilo.com\/en\/news\/line-up-closed-for-dekmantel-festival-2014-with-martyn-and-benny-rodrigues-among-others#primaryimage\"},\"thumbnailUrl\":\"https:\/\/www.indieofilo.com\/wp-content\/uploads\/2014\/06\/Dekmantel-2014-Final-Additions.jpg\",\"datePublished\":\"2014-06-18T16:08:28+00:00\",\"dateModified\":\"2023-11-21T22:58:38+00:00\",\"breadcrumb\":{\"@id\":\"https:\/\/www.indieofilo.com\/en\/news\/line-up-closed-for-dekmantel-festival-2014-with-martyn-and-benny-rodrigues-among-others#breadcrumb\"},\"inLanguage\":\"en-US\",\"potentialAction\":[{\"@type\":\"ReadAction\",\"target\":[\"https:\/\/www.indieofilo.com\/en\/news\/line-up-closed-for-dekmantel-festival-2014-with-martyn-and-benny-rodrigues-among-others\"]}]},{\"@type\":\"ImageObject\",\"inLanguage\":\"en-US\",\"@id\":\"https:\/\/www.indieofilo.com\/en\/news\/line-up-closed-for-dekmantel-festival-2014-with-martyn-and-benny-rodrigues-among-others#primaryimage\",\"url\":\"https:\/\/www.indieofilo.com\/wp-content\/uploads\/2014\/06\/Dekmantel-2014-Final-Additions.jpg\",\"contentUrl\":\"https:\/\/www.indieofilo.com\/wp-content\/uploads\/2014\/06\/Dekmantel-2014-Final-Additions.jpg\",\"width\":700,\"height\":442,\"caption\":\"Dekmantel 2014- Final Additions\"},{\"@type\":\"BreadcrumbList\",\"@id\":\"https:\/\/www.indieofilo.com\/en\/news\/line-up-closed-for-dekmantel-festival-2014-with-martyn-and-benny-rodrigues-among-others#breadcrumb\",\"itemListElement\":[{\"@type\":\"ListItem\",\"position\":1,\"name\":\"Portada\",\"item\":\"https:\/\/www.indieofilo.com\/en\"},{\"@type\":\"ListItem\",\"position\":2,\"name\":\"Line up closed for Dekmantel Festival 2014 with Martyn and Benny Rodrigues among others\"}]},{\"@type\":\"WebSite\",\"@id\":\"https:\/\/www.indieofilo.com\/#website\",\"url\":\"https:\/\/www.indieofilo.com\/\",\"name\":\"Indie\u00f3filo\",\"description\":\"Magazine online de la cultura independiente\",\"publisher\":{\"@id\":\"https:\/\/www.indieofilo.com\/#organization\"},\"potentialAction\":[{\"@type\":\"SearchAction\",\"target\":{\"@type\":\"EntryPoint\",\"urlTemplate\":\"https:\/\/www.indieofilo.com\/?s={search_term_string}\"},\"query-input\":{\"@type\":\"PropertyValueSpecification\",\"valueRequired\":true,\"valueName\":\"search_term_string\"}}],\"inLanguage\":\"en-US\"},{\"@type\":\"Organization\",\"@id\":\"https:\/\/www.indieofilo.com\/#organization\",\"name\":\"Indie\u00f3filo Web\",\"url\":\"https:\/\/www.indieofilo.com\/\",\"logo\":{\"@type\":\"ImageObject\",\"inLanguage\":\"en-US\",\"@id\":\"https:\/\/www.indieofilo.com\/#\/schema\/logo\/image\/\",\"url\":\"https:\/\/www.indieofilo.com\/wp-content\/uploads\/2015\/02\/logo-alta-resolucion.png\",\"contentUrl\":\"https:\/\/www.indieofilo.com\/wp-content\/uploads\/2015\/02\/logo-alta-resolucion.png\",\"width\":544,\"height\":185,\"caption\":\"Indie\u00f3filo Web\"},\"image\":{\"@id\":\"https:\/\/www.indieofilo.com\/#\/schema\/logo\/image\/\"},\"sameAs\":[\"https:\/\/www.facebook.com\/Indieofilo\/\",\"https:\/\/x.com\/indieofilo\",\"https:\/\/www.instagram.com\/indieofilo\/\"]},{\"@type\":\"Person\",\"@id\":\"https:\/\/www.indieofilo.com\/#\/schema\/person\/595334d38590e4ce5a09f83cbf2fca90\",\"name\":\"Victor\",\"image\":{\"@type\":\"ImageObject\",\"inLanguage\":\"en-US\",\"@id\":\"https:\/\/www.indieofilo.com\/#\/schema\/person\/image\/\",\"url\":\"https:\/\/secure.gravatar.com\/avatar\/682b8c6ea3e94b6cffec683b25f1797d?s=96&d=mm&r=g\",\"contentUrl\":\"https:\/\/secure.gravatar.com\/avatar\/682b8c6ea3e94b6cffec683b25f1797d?s=96&d=mm&r=g\",\"caption\":\"Victor\"},\"description\":\"Fan\u00e1tico de la m\u00fasica desde que mis padres me pon\u00edan a Eydie Gorme y Los Panchos o el Discotuna por la A2. Intent\u00e9 tocar varios instrumentos, pero soy muy torpe con la mano izquierda, as\u00ed que ya sab\u00e9is el resultado final. Fan del britpop, Post-punk, el rugby y el baloncesto...\",\"sameAs\":[\"http:\/\/indieofilo.com\"],\"url\":\"https:\/\/www.indieofilo.com\/en\/author\/victor\"}]}<\/script>\n<!-- \/ Yoast SEO Premium plugin. -->","yoast_head_json":{"title":"Line up closed for Dekmantel Festival 2014 - Indieofilo","robots":{"index":"index","follow":"follow","max-snippet":"max-snippet:-1","max-image-preview":"max-image-preview:large","max-video-preview":"max-video-preview:-1"},"canonical":"https:\/\/www.indieofilo.com\/en\/news\/line-up-closed-for-dekmantel-festival-2014-with-martyn-and-benny-rodrigues-among-others","og_locale":"en_US","og_type":"article","og_title":"Line up closed for Dekmantel Festival 2014 with Martyn and Benny Rodrigues among others","og_description":"Organisers of Dekmantel Festival 2014 have announced today the final names for its line-up, that already includes names like 3 Chairs, Nicolas Jaar, John Talabot, Mount Kimbie,\u00a0Jeff Mills and Nina Kraviz confirmed in the other batches. The last names added for\u00a0the second edition of the festival, which runs from August 1st through 3rd in the [&hellip;]","og_url":"https:\/\/www.indieofilo.com\/en\/news\/line-up-closed-for-dekmantel-festival-2014-with-martyn-and-benny-rodrigues-among-others","og_site_name":"Indie\u00f3filo","article_publisher":"https:\/\/www.facebook.com\/Indieofilo\/","article_published_time":"2014-06-18T16:08:28+00:00","article_modified_time":"2023-11-21T22:58:38+00:00","og_image":[{"width":700,"height":442,"url":"https:\/\/www.indieofilo.com\/wp-content\/uploads\/2014\/06\/Dekmantel-2014-Final-Additions.jpg","type":"image\/jpeg"}],"author":"Victor","twitter_card":"summary_large_image","twitter_creator":"@indieofilo","twitter_site":"@indieofilo","twitter_misc":{"Written by":"Victor","Est. reading time":"1 minute"},"schema":{"@context":"https:\/\/schema.org","@graph":[{"@type":"Article","@id":"https:\/\/www.indieofilo.com\/en\/news\/line-up-closed-for-dekmantel-festival-2014-with-martyn-and-benny-rodrigues-among-others#article","isPartOf":{"@id":"https:\/\/www.indieofilo.com\/en\/news\/line-up-closed-for-dekmantel-festival-2014-with-martyn-and-benny-rodrigues-among-others"},"author":{"name":"Victor","@id":"https:\/\/www.indieofilo.com\/#\/schema\/person\/595334d38590e4ce5a09f83cbf2fca90"},"headline":"Line up closed for Dekmantel Festival 2014 with Martyn and Benny Rodrigues among others","datePublished":"2014-06-18T16:08:28+00:00","dateModified":"2023-11-21T22:58:38+00:00","mainEntityOfPage":{"@id":"https:\/\/www.indieofilo.com\/en\/news\/line-up-closed-for-dekmantel-festival-2014-with-martyn-and-benny-rodrigues-among-others"},"wordCount":179,"commentCount":0,"publisher":{"@id":"https:\/\/www.indieofilo.com\/#organization"},"image":{"@id":"https:\/\/www.indieofilo.com\/en\/news\/line-up-closed-for-dekmantel-festival-2014-with-martyn-and-benny-rodrigues-among-others#primaryimage"},"thumbnailUrl":"https:\/\/www.indieofilo.com\/wp-content\/uploads\/2014\/06\/Dekmantel-2014-Final-Additions.jpg","keywords":["Benny Rodrigues","Dekmantel","Dekmantel Festival 2014","Magic Mountain High","Martyn"],"articleSection":["Live Shows","News"],"inLanguage":"en-US","potentialAction":[{"@type":"CommentAction","name":"Comment","target":["https:\/\/www.indieofilo.com\/en\/news\/line-up-closed-for-dekmantel-festival-2014-with-martyn-and-benny-rodrigues-among-others#respond"]}]},{"@type":"WebPage","@id":"https:\/\/www.indieofilo.com\/en\/news\/line-up-closed-for-dekmantel-festival-2014-with-martyn-and-benny-rodrigues-among-others","url":"https:\/\/www.indieofilo.com\/en\/news\/line-up-closed-for-dekmantel-festival-2014-with-martyn-and-benny-rodrigues-among-others","name":"Line up closed for Dekmantel Festival 2014 - Indieofilo","isPartOf":{"@id":"https:\/\/www.indieofilo.com\/#website"},"primaryImageOfPage":{"@id":"https:\/\/www.indieofilo.com\/en\/news\/line-up-closed-for-dekmantel-festival-2014-with-martyn-and-benny-rodrigues-among-others#primaryimage"},"image":{"@id":"https:\/\/www.indieofilo.com\/en\/news\/line-up-closed-for-dekmantel-festival-2014-with-martyn-and-benny-rodrigues-among-others#primaryimage"},"thumbnailUrl":"https:\/\/www.indieofilo.com\/wp-content\/uploads\/2014\/06\/Dekmantel-2014-Final-Additions.jpg","datePublished":"2014-06-18T16:08:28+00:00","dateModified":"2023-11-21T22:58:38+00:00","breadcrumb":{"@id":"https:\/\/www.indieofilo.com\/en\/news\/line-up-closed-for-dekmantel-festival-2014-with-martyn-and-benny-rodrigues-among-others#breadcrumb"},"inLanguage":"en-US","potentialAction":[{"@type":"ReadAction","target":["https:\/\/www.indieofilo.com\/en\/news\/line-up-closed-for-dekmantel-festival-2014-with-martyn-and-benny-rodrigues-among-others"]}]},{"@type":"ImageObject","inLanguage":"en-US","@id":"https:\/\/www.indieofilo.com\/en\/news\/line-up-closed-for-dekmantel-festival-2014-with-martyn-and-benny-rodrigues-among-others#primaryimage","url":"https:\/\/www.indieofilo.com\/wp-content\/uploads\/2014\/06\/Dekmantel-2014-Final-Additions.jpg","contentUrl":"https:\/\/www.indieofilo.com\/wp-content\/uploads\/2014\/06\/Dekmantel-2014-Final-Additions.jpg","width":700,"height":442,"caption":"Dekmantel 2014- Final Additions"},{"@type":"BreadcrumbList","@id":"https:\/\/www.indieofilo.com\/en\/news\/line-up-closed-for-dekmantel-festival-2014-with-martyn-and-benny-rodrigues-among-others#breadcrumb","itemListElement":[{"@type":"ListItem","position":1,"name":"Portada","item":"https:\/\/www.indieofilo.com\/en"},{"@type":"ListItem","position":2,"name":"Line up closed for Dekmantel Festival 2014 with Martyn and Benny Rodrigues among others"}]},{"@type":"WebSite","@id":"https:\/\/www.indieofilo.com\/#website","url":"https:\/\/www.indieofilo.com\/","name":"Indie\u00f3filo","description":"Magazine online de la cultura independiente","publisher":{"@id":"https:\/\/www.indieofilo.com\/#organization"},"potentialAction":[{"@type":"SearchAction","target":{"@type":"EntryPoint","urlTemplate":"https:\/\/www.indieofilo.com\/?s={search_term_string}"},"query-input":{"@type":"PropertyValueSpecification","valueRequired":true,"valueName":"search_term_string"}}],"inLanguage":"en-US"},{"@type":"Organization","@id":"https:\/\/www.indieofilo.com\/#organization","name":"Indie\u00f3filo Web","url":"https:\/\/www.indieofilo.com\/","logo":{"@type":"ImageObject","inLanguage":"en-US","@id":"https:\/\/www.indieofilo.com\/#\/schema\/logo\/image\/","url":"https:\/\/www.indieofilo.com\/wp-content\/uploads\/2015\/02\/logo-alta-resolucion.png","contentUrl":"https:\/\/www.indieofilo.com\/wp-content\/uploads\/2015\/02\/logo-alta-resolucion.png","width":544,"height":185,"caption":"Indie\u00f3filo Web"},"image":{"@id":"https:\/\/www.indieofilo.com\/#\/schema\/logo\/image\/"},"sameAs":["https:\/\/www.facebook.com\/Indieofilo\/","https:\/\/x.com\/indieofilo","https:\/\/www.instagram.com\/indieofilo\/"]},{"@type":"Person","@id":"https:\/\/www.indieofilo.com\/#\/schema\/person\/595334d38590e4ce5a09f83cbf2fca90","name":"Victor","image":{"@type":"ImageObject","inLanguage":"en-US","@id":"https:\/\/www.indieofilo.com\/#\/schema\/person\/image\/","url":"https:\/\/secure.gravatar.com\/avatar\/682b8c6ea3e94b6cffec683b25f1797d?s=96&d=mm&r=g","contentUrl":"https:\/\/secure.gravatar.com\/avatar\/682b8c6ea3e94b6cffec683b25f1797d?s=96&d=mm&r=g","caption":"Victor"},"description":"Fan\u00e1tico de la m\u00fasica desde que mis padres me pon\u00edan a Eydie Gorme y Los Panchos o el Discotuna por la A2. Intent\u00e9 tocar varios instrumentos, pero soy muy torpe con la mano izquierda, as\u00ed que ya sab\u00e9is el resultado final. Fan del britpop, Post-punk, el rugby y el baloncesto...","sameAs":["http:\/\/indieofilo.com"],"url":"https:\/\/www.indieofilo.com\/en\/author\/victor"}]}},"_links":{"self":[{"href":"https:\/\/www.indieofilo.com\/en\/wp-json\/wp\/v2\/posts\/3979","targetHints":{"allow":["GET"]}}],"collection":[{"href":"https:\/\/www.indieofilo.com\/en\/wp-json\/wp\/v2\/posts"}],"about":[{"href":"https:\/\/www.indieofilo.com\/en\/wp-json\/wp\/v2\/types\/post"}],"author":[{"embeddable":true,"href":"https:\/\/www.indieofilo.com\/en\/wp-json\/wp\/v2\/users\/1"}],"replies":[{"embeddable":true,"href":"https:\/\/www.indieofilo.com\/en\/wp-json\/wp\/v2\/comments?post=3979"}],"version-history":[{"count":0,"href":"https:\/\/www.indieofilo.com\/en\/wp-json\/wp\/v2\/posts\/3979\/revisions"}],"wp:featuredmedia":[{"embeddable":true,"href":"https:\/\/www.indieofilo.com\/en\/wp-json\/wp\/v2\/media\/3981"}],"wp:attachment":[{"href":"https:\/\/www.indieofilo.com\/en\/wp-json\/wp\/v2\/media?parent=3979"}],"wp:term":[{"taxonomy":"category","embeddable":true,"href":"https:\/\/www.indieofilo.com\/en\/wp-json\/wp\/v2\/categories?post=3979"},{"taxonomy":"post_tag","embeddable":true,"href":"https:\/\/www.indieofilo.com\/en\/wp-json\/wp\/v2\/tags?post=3979"}],"curies":[{"name":"wp","href":"https:\/\/api.w.org\/{rel}","templated":true}]}}