{"id":3687,"date":"2016-01-26T12:16:11","date_gmt":"2016-01-26T11:16:11","guid":{"rendered":"http:\/\/indieofilo.com\/?p=3687"},"modified":"2023-09-19T13:45:58","modified_gmt":"2023-09-19T11:45:58","slug":"arcade-fire-big-headliner-of-bilbao-bbk-live-2016","status":"publish","type":"post","link":"https:\/\/www.indieofilo.com\/en\/news\/arcade-fire-big-headliner-of-bilbao-bbk-live-2016","title":{"rendered":"Arcade Fire, big headliner of Bilbao BBK Live 2016"},"content":{"rendered":"<p style=\"text-align: justify;\"><img fetchpriority=\"high\" decoding=\"async\" class=\"aligncenter size-full wp-image-3685\" src=\"http:\/\/indieofilo.com\/wp-content\/uploads\/2016\/01\/BBK-Live-2016-Arcade-Fire.jpg\" alt=\"BBK Live 2016 - Arcade Fire\" width=\"600\" height=\"600\" srcset=\"https:\/\/www.indieofilo.com\/wp-content\/uploads\/2016\/01\/BBK-Live-2016-Arcade-Fire.jpg 600w, https:\/\/www.indieofilo.com\/wp-content\/uploads\/2016\/01\/BBK-Live-2016-Arcade-Fire-300x300.jpg 300w, https:\/\/www.indieofilo.com\/wp-content\/uploads\/2016\/01\/BBK-Live-2016-Arcade-Fire-150x150.jpg 150w\" sizes=\"(max-width: 600px) 100vw, 600px\" \/><\/p>\n<p style=\"text-align: justify;\">After announcing on the last months\u00a0<a href=\"http:\/\/indieofilo.com\/tag\/bilbao-bbk-live-2016\/\" target=\"_blank\" rel=\"noopener\">Pixies, Foals o New Order<\/a>,\u00a0<strong>Bilbao BBK Live 2016<\/strong>\u00a0has just confirmed the big name for this year lineup with Canadians <strong>Arcade Fire<\/strong>. The band have announced that this gig will be one of the only two festival shows that they will perfom during 2016, while the other one will be at Lisbon NOS Alive, that one week ago confirmed also Radiohead and became one of the most interesting festivals of the year in Europe..<\/p>\n<p style=\"text-align: justify;\">3 days tickets for the\u00a0festival,\u00a0that\u00a0takes place in Bilbao from July 7-9 at\u00a0Kobetamendi mount in Bilbao, are available\u00a0<a href=\"http:\/\/bilbaobbklive.com\/es-es\/entradas\" target=\"_blank\" rel=\"noopener\">on its official Website<\/a>\u00a0with a starting price of 110 euros (+ fees).<\/p>\n","protected":false},"excerpt":{"rendered":"<p>After announcing on the last months\u00a0Pixies, Foals o New Order,\u00a0Bilbao BBK Live 2016\u00a0has just confirmed the big name for this year lineup with Canadians Arcade Fire. The band have announced that this gig will be one of the only two festival shows that they will perfom during 2016, while the other one will be at [&hellip;]<\/p>\n","protected":false},"author":1,"featured_media":3685,"comment_status":"open","ping_status":"closed","sticky":false,"template":"","format":"standard","meta":{"footnotes":""},"categories":[41,8],"tags":[5143,5284,5956],"class_list":["post-3687","post","type-post","status-publish","format-standard","has-post-thumbnail","hentry","category-live-shows","category-news","tag-arcade-fire-en","tag-bilbao-bbk-live-en","tag-bilbao-bbk-live-2016-en"],"yoast_head":"<!-- This site is optimized with the Yoast SEO Premium plugin v23.9 (Yoast SEO v26.6) - https:\/\/yoast.com\/wordpress\/plugins\/seo\/ -->\n<title>Arcade Fire, big headliner of Bilbao BBK Live 2016 - Indie\u00f3filo<\/title>\n<meta name=\"description\" content=\"After announcing Pixies, Foals o New Order,\u00a0Bilbao BBK Live 2016\u00a0has just confirmed the big name for this year lineup with Canadians\u00a0Arcade Fire.\" \/>\n<meta name=\"robots\" content=\"index, follow, max-snippet:-1, max-image-preview:large, max-video-preview:-1\" \/>\n<link rel=\"canonical\" href=\"https:\/\/www.indieofilo.com\/en\/news\/arcade-fire-big-headliner-of-bilbao-bbk-live-2016\" \/>\n<meta property=\"og:locale\" content=\"en_US\" \/>\n<meta property=\"og:type\" content=\"article\" \/>\n<meta property=\"og:title\" content=\"Arcade Fire, big headliner of Bilbao BBK Live 2016\" \/>\n<meta property=\"og:description\" content=\"After announcing Pixies, Foals o New Order,\u00a0Bilbao BBK Live 2016\u00a0has just confirmed the big name for this year lineup with Canadians\u00a0Arcade Fire.\" \/>\n<meta property=\"og:url\" content=\"https:\/\/www.indieofilo.com\/en\/news\/arcade-fire-big-headliner-of-bilbao-bbk-live-2016\" \/>\n<meta property=\"og:site_name\" content=\"Indie\u00f3filo\" \/>\n<meta property=\"article:publisher\" content=\"https:\/\/www.facebook.com\/Indieofilo\/\" \/>\n<meta property=\"article:published_time\" content=\"2016-01-26T11:16:11+00:00\" \/>\n<meta property=\"article:modified_time\" content=\"2023-09-19T11:45:58+00:00\" \/>\n<meta property=\"og:image\" content=\"https:\/\/www.indieofilo.com\/wp-content\/uploads\/2016\/01\/BBK-Live-2016-Arcade-Fire.jpg\" \/>\n\t<meta property=\"og:image:width\" content=\"600\" \/>\n\t<meta property=\"og:image:height\" content=\"600\" \/>\n\t<meta property=\"og:image:type\" content=\"image\/jpeg\" \/>\n<meta name=\"author\" content=\"Victor\" \/>\n<meta name=\"twitter:card\" content=\"summary_large_image\" \/>\n<meta name=\"twitter:creator\" content=\"@indieofilo\" \/>\n<meta name=\"twitter:site\" content=\"@indieofilo\" \/>\n<meta name=\"twitter:label1\" content=\"Written by\" \/>\n\t<meta name=\"twitter:data1\" content=\"Victor\" \/>\n\t<meta name=\"twitter:label2\" content=\"Est. reading time\" \/>\n\t<meta name=\"twitter:data2\" content=\"1 minute\" \/>\n<script type=\"application\/ld+json\" class=\"yoast-schema-graph\">{\"@context\":\"https:\/\/schema.org\",\"@graph\":[{\"@type\":\"Article\",\"@id\":\"https:\/\/www.indieofilo.com\/en\/news\/arcade-fire-big-headliner-of-bilbao-bbk-live-2016#article\",\"isPartOf\":{\"@id\":\"https:\/\/www.indieofilo.com\/en\/news\/arcade-fire-big-headliner-of-bilbao-bbk-live-2016\"},\"author\":{\"name\":\"Victor\",\"@id\":\"https:\/\/www.indieofilo.com\/#\/schema\/person\/595334d38590e4ce5a09f83cbf2fca90\"},\"headline\":\"Arcade Fire, big headliner of Bilbao BBK Live 2016\",\"datePublished\":\"2016-01-26T11:16:11+00:00\",\"dateModified\":\"2023-09-19T11:45:58+00:00\",\"mainEntityOfPage\":{\"@id\":\"https:\/\/www.indieofilo.com\/en\/news\/arcade-fire-big-headliner-of-bilbao-bbk-live-2016\"},\"wordCount\":118,\"commentCount\":0,\"publisher\":{\"@id\":\"https:\/\/www.indieofilo.com\/#organization\"},\"image\":{\"@id\":\"https:\/\/www.indieofilo.com\/en\/news\/arcade-fire-big-headliner-of-bilbao-bbk-live-2016#primaryimage\"},\"thumbnailUrl\":\"https:\/\/www.indieofilo.com\/wp-content\/uploads\/2016\/01\/BBK-Live-2016-Arcade-Fire.jpg\",\"keywords\":[\"Arcade Fire\",\"Bilbao BBK Live\",\"Bilbao BBK LIve 2016\"],\"articleSection\":[\"Live Shows\",\"News\"],\"inLanguage\":\"en-US\",\"potentialAction\":[{\"@type\":\"CommentAction\",\"name\":\"Comment\",\"target\":[\"https:\/\/www.indieofilo.com\/en\/news\/arcade-fire-big-headliner-of-bilbao-bbk-live-2016#respond\"]}]},{\"@type\":\"WebPage\",\"@id\":\"https:\/\/www.indieofilo.com\/en\/news\/arcade-fire-big-headliner-of-bilbao-bbk-live-2016\",\"url\":\"https:\/\/www.indieofilo.com\/en\/news\/arcade-fire-big-headliner-of-bilbao-bbk-live-2016\",\"name\":\"Arcade Fire, big headliner of Bilbao BBK Live 2016 - Indie\u00f3filo\",\"isPartOf\":{\"@id\":\"https:\/\/www.indieofilo.com\/#website\"},\"primaryImageOfPage\":{\"@id\":\"https:\/\/www.indieofilo.com\/en\/news\/arcade-fire-big-headliner-of-bilbao-bbk-live-2016#primaryimage\"},\"image\":{\"@id\":\"https:\/\/www.indieofilo.com\/en\/news\/arcade-fire-big-headliner-of-bilbao-bbk-live-2016#primaryimage\"},\"thumbnailUrl\":\"https:\/\/www.indieofilo.com\/wp-content\/uploads\/2016\/01\/BBK-Live-2016-Arcade-Fire.jpg\",\"datePublished\":\"2016-01-26T11:16:11+00:00\",\"dateModified\":\"2023-09-19T11:45:58+00:00\",\"description\":\"After announcing Pixies, Foals o New Order,\u00a0Bilbao BBK Live 2016\u00a0has just confirmed the big name for this year lineup with Canadians\u00a0Arcade Fire.\",\"breadcrumb\":{\"@id\":\"https:\/\/www.indieofilo.com\/en\/news\/arcade-fire-big-headliner-of-bilbao-bbk-live-2016#breadcrumb\"},\"inLanguage\":\"en-US\",\"potentialAction\":[{\"@type\":\"ReadAction\",\"target\":[\"https:\/\/www.indieofilo.com\/en\/news\/arcade-fire-big-headliner-of-bilbao-bbk-live-2016\"]}]},{\"@type\":\"ImageObject\",\"inLanguage\":\"en-US\",\"@id\":\"https:\/\/www.indieofilo.com\/en\/news\/arcade-fire-big-headliner-of-bilbao-bbk-live-2016#primaryimage\",\"url\":\"https:\/\/www.indieofilo.com\/wp-content\/uploads\/2016\/01\/BBK-Live-2016-Arcade-Fire.jpg\",\"contentUrl\":\"https:\/\/www.indieofilo.com\/wp-content\/uploads\/2016\/01\/BBK-Live-2016-Arcade-Fire.jpg\",\"width\":600,\"height\":600,\"caption\":\"BBK Live 2016 - Arcade Fire\"},{\"@type\":\"BreadcrumbList\",\"@id\":\"https:\/\/www.indieofilo.com\/en\/news\/arcade-fire-big-headliner-of-bilbao-bbk-live-2016#breadcrumb\",\"itemListElement\":[{\"@type\":\"ListItem\",\"position\":1,\"name\":\"Portada\",\"item\":\"https:\/\/www.indieofilo.com\/en\"},{\"@type\":\"ListItem\",\"position\":2,\"name\":\"Arcade Fire, big headliner of Bilbao BBK Live 2016\"}]},{\"@type\":\"WebSite\",\"@id\":\"https:\/\/www.indieofilo.com\/#website\",\"url\":\"https:\/\/www.indieofilo.com\/\",\"name\":\"Indie\u00f3filo\",\"description\":\"Magazine online de la cultura independiente\",\"publisher\":{\"@id\":\"https:\/\/www.indieofilo.com\/#organization\"},\"potentialAction\":[{\"@type\":\"SearchAction\",\"target\":{\"@type\":\"EntryPoint\",\"urlTemplate\":\"https:\/\/www.indieofilo.com\/?s={search_term_string}\"},\"query-input\":{\"@type\":\"PropertyValueSpecification\",\"valueRequired\":true,\"valueName\":\"search_term_string\"}}],\"inLanguage\":\"en-US\"},{\"@type\":\"Organization\",\"@id\":\"https:\/\/www.indieofilo.com\/#organization\",\"name\":\"Indie\u00f3filo Web\",\"url\":\"https:\/\/www.indieofilo.com\/\",\"logo\":{\"@type\":\"ImageObject\",\"inLanguage\":\"en-US\",\"@id\":\"https:\/\/www.indieofilo.com\/#\/schema\/logo\/image\/\",\"url\":\"https:\/\/www.indieofilo.com\/wp-content\/uploads\/2015\/02\/logo-alta-resolucion.png\",\"contentUrl\":\"https:\/\/www.indieofilo.com\/wp-content\/uploads\/2015\/02\/logo-alta-resolucion.png\",\"width\":544,\"height\":185,\"caption\":\"Indie\u00f3filo Web\"},\"image\":{\"@id\":\"https:\/\/www.indieofilo.com\/#\/schema\/logo\/image\/\"},\"sameAs\":[\"https:\/\/www.facebook.com\/Indieofilo\/\",\"https:\/\/x.com\/indieofilo\",\"https:\/\/www.instagram.com\/indieofilo\/\"]},{\"@type\":\"Person\",\"@id\":\"https:\/\/www.indieofilo.com\/#\/schema\/person\/595334d38590e4ce5a09f83cbf2fca90\",\"name\":\"Victor\",\"image\":{\"@type\":\"ImageObject\",\"inLanguage\":\"en-US\",\"@id\":\"https:\/\/www.indieofilo.com\/#\/schema\/person\/image\/\",\"url\":\"https:\/\/secure.gravatar.com\/avatar\/682b8c6ea3e94b6cffec683b25f1797d?s=96&d=mm&r=g\",\"contentUrl\":\"https:\/\/secure.gravatar.com\/avatar\/682b8c6ea3e94b6cffec683b25f1797d?s=96&d=mm&r=g\",\"caption\":\"Victor\"},\"description\":\"Fan\u00e1tico de la m\u00fasica desde que mis padres me pon\u00edan a Eydie Gorme y Los Panchos o el Discotuna por la A2. Intent\u00e9 tocar varios instrumentos, pero soy muy torpe con la mano izquierda, as\u00ed que ya sab\u00e9is el resultado final. Fan del britpop, Post-punk, el rugby y el baloncesto...\",\"sameAs\":[\"http:\/\/indieofilo.com\"],\"url\":\"https:\/\/www.indieofilo.com\/en\/author\/victor\"}]}<\/script>\n<!-- \/ Yoast SEO Premium plugin. -->","yoast_head_json":{"title":"Arcade Fire, big headliner of Bilbao BBK Live 2016 - Indie\u00f3filo","description":"After announcing Pixies, Foals o New Order,\u00a0Bilbao BBK Live 2016\u00a0has just confirmed the big name for this year lineup with Canadians\u00a0Arcade Fire.","robots":{"index":"index","follow":"follow","max-snippet":"max-snippet:-1","max-image-preview":"max-image-preview:large","max-video-preview":"max-video-preview:-1"},"canonical":"https:\/\/www.indieofilo.com\/en\/news\/arcade-fire-big-headliner-of-bilbao-bbk-live-2016","og_locale":"en_US","og_type":"article","og_title":"Arcade Fire, big headliner of Bilbao BBK Live 2016","og_description":"After announcing Pixies, Foals o New Order,\u00a0Bilbao BBK Live 2016\u00a0has just confirmed the big name for this year lineup with Canadians\u00a0Arcade Fire.","og_url":"https:\/\/www.indieofilo.com\/en\/news\/arcade-fire-big-headliner-of-bilbao-bbk-live-2016","og_site_name":"Indie\u00f3filo","article_publisher":"https:\/\/www.facebook.com\/Indieofilo\/","article_published_time":"2016-01-26T11:16:11+00:00","article_modified_time":"2023-09-19T11:45:58+00:00","og_image":[{"width":600,"height":600,"url":"https:\/\/www.indieofilo.com\/wp-content\/uploads\/2016\/01\/BBK-Live-2016-Arcade-Fire.jpg","type":"image\/jpeg"}],"author":"Victor","twitter_card":"summary_large_image","twitter_creator":"@indieofilo","twitter_site":"@indieofilo","twitter_misc":{"Written by":"Victor","Est. reading time":"1 minute"},"schema":{"@context":"https:\/\/schema.org","@graph":[{"@type":"Article","@id":"https:\/\/www.indieofilo.com\/en\/news\/arcade-fire-big-headliner-of-bilbao-bbk-live-2016#article","isPartOf":{"@id":"https:\/\/www.indieofilo.com\/en\/news\/arcade-fire-big-headliner-of-bilbao-bbk-live-2016"},"author":{"name":"Victor","@id":"https:\/\/www.indieofilo.com\/#\/schema\/person\/595334d38590e4ce5a09f83cbf2fca90"},"headline":"Arcade Fire, big headliner of Bilbao BBK Live 2016","datePublished":"2016-01-26T11:16:11+00:00","dateModified":"2023-09-19T11:45:58+00:00","mainEntityOfPage":{"@id":"https:\/\/www.indieofilo.com\/en\/news\/arcade-fire-big-headliner-of-bilbao-bbk-live-2016"},"wordCount":118,"commentCount":0,"publisher":{"@id":"https:\/\/www.indieofilo.com\/#organization"},"image":{"@id":"https:\/\/www.indieofilo.com\/en\/news\/arcade-fire-big-headliner-of-bilbao-bbk-live-2016#primaryimage"},"thumbnailUrl":"https:\/\/www.indieofilo.com\/wp-content\/uploads\/2016\/01\/BBK-Live-2016-Arcade-Fire.jpg","keywords":["Arcade Fire","Bilbao BBK Live","Bilbao BBK LIve 2016"],"articleSection":["Live Shows","News"],"inLanguage":"en-US","potentialAction":[{"@type":"CommentAction","name":"Comment","target":["https:\/\/www.indieofilo.com\/en\/news\/arcade-fire-big-headliner-of-bilbao-bbk-live-2016#respond"]}]},{"@type":"WebPage","@id":"https:\/\/www.indieofilo.com\/en\/news\/arcade-fire-big-headliner-of-bilbao-bbk-live-2016","url":"https:\/\/www.indieofilo.com\/en\/news\/arcade-fire-big-headliner-of-bilbao-bbk-live-2016","name":"Arcade Fire, big headliner of Bilbao BBK Live 2016 - Indie\u00f3filo","isPartOf":{"@id":"https:\/\/www.indieofilo.com\/#website"},"primaryImageOfPage":{"@id":"https:\/\/www.indieofilo.com\/en\/news\/arcade-fire-big-headliner-of-bilbao-bbk-live-2016#primaryimage"},"image":{"@id":"https:\/\/www.indieofilo.com\/en\/news\/arcade-fire-big-headliner-of-bilbao-bbk-live-2016#primaryimage"},"thumbnailUrl":"https:\/\/www.indieofilo.com\/wp-content\/uploads\/2016\/01\/BBK-Live-2016-Arcade-Fire.jpg","datePublished":"2016-01-26T11:16:11+00:00","dateModified":"2023-09-19T11:45:58+00:00","description":"After announcing Pixies, Foals o New Order,\u00a0Bilbao BBK Live 2016\u00a0has just confirmed the big name for this year lineup with Canadians\u00a0Arcade Fire.","breadcrumb":{"@id":"https:\/\/www.indieofilo.com\/en\/news\/arcade-fire-big-headliner-of-bilbao-bbk-live-2016#breadcrumb"},"inLanguage":"en-US","potentialAction":[{"@type":"ReadAction","target":["https:\/\/www.indieofilo.com\/en\/news\/arcade-fire-big-headliner-of-bilbao-bbk-live-2016"]}]},{"@type":"ImageObject","inLanguage":"en-US","@id":"https:\/\/www.indieofilo.com\/en\/news\/arcade-fire-big-headliner-of-bilbao-bbk-live-2016#primaryimage","url":"https:\/\/www.indieofilo.com\/wp-content\/uploads\/2016\/01\/BBK-Live-2016-Arcade-Fire.jpg","contentUrl":"https:\/\/www.indieofilo.com\/wp-content\/uploads\/2016\/01\/BBK-Live-2016-Arcade-Fire.jpg","width":600,"height":600,"caption":"BBK Live 2016 - Arcade Fire"},{"@type":"BreadcrumbList","@id":"https:\/\/www.indieofilo.com\/en\/news\/arcade-fire-big-headliner-of-bilbao-bbk-live-2016#breadcrumb","itemListElement":[{"@type":"ListItem","position":1,"name":"Portada","item":"https:\/\/www.indieofilo.com\/en"},{"@type":"ListItem","position":2,"name":"Arcade Fire, big headliner of Bilbao BBK Live 2016"}]},{"@type":"WebSite","@id":"https:\/\/www.indieofilo.com\/#website","url":"https:\/\/www.indieofilo.com\/","name":"Indie\u00f3filo","description":"Magazine online de la cultura independiente","publisher":{"@id":"https:\/\/www.indieofilo.com\/#organization"},"potentialAction":[{"@type":"SearchAction","target":{"@type":"EntryPoint","urlTemplate":"https:\/\/www.indieofilo.com\/?s={search_term_string}"},"query-input":{"@type":"PropertyValueSpecification","valueRequired":true,"valueName":"search_term_string"}}],"inLanguage":"en-US"},{"@type":"Organization","@id":"https:\/\/www.indieofilo.com\/#organization","name":"Indie\u00f3filo Web","url":"https:\/\/www.indieofilo.com\/","logo":{"@type":"ImageObject","inLanguage":"en-US","@id":"https:\/\/www.indieofilo.com\/#\/schema\/logo\/image\/","url":"https:\/\/www.indieofilo.com\/wp-content\/uploads\/2015\/02\/logo-alta-resolucion.png","contentUrl":"https:\/\/www.indieofilo.com\/wp-content\/uploads\/2015\/02\/logo-alta-resolucion.png","width":544,"height":185,"caption":"Indie\u00f3filo Web"},"image":{"@id":"https:\/\/www.indieofilo.com\/#\/schema\/logo\/image\/"},"sameAs":["https:\/\/www.facebook.com\/Indieofilo\/","https:\/\/x.com\/indieofilo","https:\/\/www.instagram.com\/indieofilo\/"]},{"@type":"Person","@id":"https:\/\/www.indieofilo.com\/#\/schema\/person\/595334d38590e4ce5a09f83cbf2fca90","name":"Victor","image":{"@type":"ImageObject","inLanguage":"en-US","@id":"https:\/\/www.indieofilo.com\/#\/schema\/person\/image\/","url":"https:\/\/secure.gravatar.com\/avatar\/682b8c6ea3e94b6cffec683b25f1797d?s=96&d=mm&r=g","contentUrl":"https:\/\/secure.gravatar.com\/avatar\/682b8c6ea3e94b6cffec683b25f1797d?s=96&d=mm&r=g","caption":"Victor"},"description":"Fan\u00e1tico de la m\u00fasica desde que mis padres me pon\u00edan a Eydie Gorme y Los Panchos o el Discotuna por la A2. Intent\u00e9 tocar varios instrumentos, pero soy muy torpe con la mano izquierda, as\u00ed que ya sab\u00e9is el resultado final. Fan del britpop, Post-punk, el rugby y el baloncesto...","sameAs":["http:\/\/indieofilo.com"],"url":"https:\/\/www.indieofilo.com\/en\/author\/victor"}]}},"_links":{"self":[{"href":"https:\/\/www.indieofilo.com\/en\/wp-json\/wp\/v2\/posts\/3687","targetHints":{"allow":["GET"]}}],"collection":[{"href":"https:\/\/www.indieofilo.com\/en\/wp-json\/wp\/v2\/posts"}],"about":[{"href":"https:\/\/www.indieofilo.com\/en\/wp-json\/wp\/v2\/types\/post"}],"author":[{"embeddable":true,"href":"https:\/\/www.indieofilo.com\/en\/wp-json\/wp\/v2\/users\/1"}],"replies":[{"embeddable":true,"href":"https:\/\/www.indieofilo.com\/en\/wp-json\/wp\/v2\/comments?post=3687"}],"version-history":[{"count":0,"href":"https:\/\/www.indieofilo.com\/en\/wp-json\/wp\/v2\/posts\/3687\/revisions"}],"wp:featuredmedia":[{"embeddable":true,"href":"https:\/\/www.indieofilo.com\/en\/wp-json\/wp\/v2\/media\/3685"}],"wp:attachment":[{"href":"https:\/\/www.indieofilo.com\/en\/wp-json\/wp\/v2\/media?parent=3687"}],"wp:term":[{"taxonomy":"category","embeddable":true,"href":"https:\/\/www.indieofilo.com\/en\/wp-json\/wp\/v2\/categories?post=3687"},{"taxonomy":"post_tag","embeddable":true,"href":"https:\/\/www.indieofilo.com\/en\/wp-json\/wp\/v2\/tags?post=3687"}],"curies":[{"name":"wp","href":"https:\/\/api.w.org\/{rel}","templated":true}]}}