{"id":3640,"date":"2016-01-21T12:30:57","date_gmt":"2016-01-21T11:30:57","guid":{"rendered":"http:\/\/indieofilo.com\/?p=3640"},"modified":"2023-09-19T13:53:43","modified_gmt":"2023-09-19T11:53:43","slug":"full-line-up-for-primavera-sound-2016","status":"publish","type":"post","link":"https:\/\/www.indieofilo.com\/en\/news\/full-line-up-for-primavera-sound-2016","title":{"rendered":"Full line up for Primavera Sound 2016"},"content":{"rendered":"<p style=\"text-align: justify;\">After about 15 hours of the famous video of the eternal countdown, the rocket has finally taken off to show a stellar story in which have appeared the bands that will be part of the <strong>Primavera Sound 2016<\/strong>, to be held 1 to June 5 in Barcelona.<\/p>\n<p style=\"text-align: justify;\">The big names of this year are\u00a0<strong>Radiohead<\/strong> (with the promise of a new album under the arm), the eternal <strong>Brian Wilson<\/strong> playing the timeless wonder that is <em>Pet Sounds<\/em> or return of <strong>LCD Soundsystem<\/strong>, and also other renowned bands as <strong>Sigur Ros, Tame Impala, Moderat, The Last Shadow Puppets, Beach House, Suede<\/strong> or <strong>Animal Collective<\/strong>.<\/p>\n<p style=\"text-align: justify;\">\n<p style=\"text-align: justify;\">We remind you that week tickets for Primavera Sound 2016 are priced\u00a0175 \u20ac until\u00a03rd February. From\u00a04th February till 4th May the price will be \u20ac185, and from the\u00a05th of May until the start of the Festival the final price will be\u00a0\u20ac195 .<\/p>\n<p style=\"text-align: center;\"><span style=\"text-decoration: underline;\"><strong>Full Line Up<\/strong><\/span><\/p>\n<p style=\"text-align: center;\">+++ \u2022 A.R. Kane \u2022 Action Bronson \u2022 Air \u2022 Alberto Montero \u2022 Alessandro Cortini \u2022 Alex G \u2022 Algiers \u2022 Aliment \u2022 Andy Shauf \u2022 Angel Witch \u2022 Animal Collective \u2022 Autolux \u2022 Autumn Comets \u2022 Baby Dee \u2022 Bardo Pond \u2022 Barry Hogan DJ \u2022 Battles \u2022 Baywaves \u2022 Beach House \u2022 Beach Slang \u2022 BEAK&gt; \u2022 Bearoid \u2022 Beirut \u2022 Ben Watt Band feat. Bernard Butler \u2022 Big Summer \u2022 Black Lips \u2022 Boredoms \u2022 Bradford Cox \u2022 Brian Wilson performing Pet Sounds \u2022 C+C=Maxigross \u2022\u00a0C. Tangana \u2022 Cabaret Voltaire \u2022 Cadena \u2022 Cala Vento \u2022 Car Seat Headrest \u2022 CARLA \u2022 Cass McCombs \u2022 Cavern Of Anti-Matter \u2022 Chairlift \u2022 The Chills \u2022\u00a0Dj Coco \u2022 Current 93 \u2022 D\u00e2M-FunK \u2022 Daniel Gon \u2022 Daughter \u2022 Dave P \u2022 Deerhunter \u2022 Deradoorian \u2022 Destroyer \u2022 Die Katapult \u2022 Dinosaur Jr. \u2022 Doble Pletina \u2022 Downtown Boys \u2022 Drive Like Jehu \u2022 Dungen \u2022 El \u00daltimo Vecino \u2022 Empress Of \u2022 Esperit! \u2022 Evian Christ \u2022 Explosions In The Sky \u2022 Fasenuova \u2022 Floating Points \u2022 Freddie Gibbs \u2022 Goat \u2022 Grupo de Expertos Solynieve \u2022 The Handclappers \u2022 Har Mar Superstar \u2022 Ho99o9 \u2022 Holly Herndon \u2022 Hol\u00f6grama \u2022\u00a0Hudson Mohawke (dj set) \u2022 Inspira \u2022 Invisible Harvey \u2022 Islam Chipsy &amp; EEK \u2022 The James Hunter Six \u2022 Jay Rock \u2022 Jenny Hval \u2022 Jessy Lanza \u2022 Joana Serrat \u2022 John Carpenter \u2022 Julia Holter \u2022 Julien Baker \u2022 Kamasi Washington \u2022 Kiasmos \u2022 Dj Koze \u2022 The Last Shadow Puppets \u2022 LCD Soundsystem \u2022 Loop \u2022\u00a0Los Chichos \u2022 Lubomyr Melnyk \u2022 Maceo Plex \u2022 Manel \u2022 Mar Otra Vez \u2022 Mbongwana Star \u2022 Moderat \u2022 Moses Sumney \u2022 Mudhoney \u2022 Mueran Humanos \u2022 My Expansive Awareness \u2022 NAO \u2022 Neil Michael Hagerty &amp; the Howling Hex \u2022 Neon Indian \u2022 Nothing Places \u2022 Old King Cole Younger \u2022 Optimo (Espacio) \u2022 Orchestra Baobab \u2022 Pacosan \u2022 P\u00e1jaro Jack \u2022 Pantha du Prince \u2022 Parquet Courts \u2022 PJ Harvey \u2022 Power Burkas \u2022 Protomartyr \u2022 Psychic TV\/ PTV3 \u2022\u00a0Pumuky \u2022 Pusha T \u2022 PXXR GVNG \u2022 Radiohead \u2022 Ran Ran Ran \u2022 Redthread \u2022 Dj Richard \u2022 Richard Dawson \u2022 Richard Hawley \u2022 Robert Forster \u2022 Roosevelt \u2022 Royal Headache \u2022 The Saurs \u2022 Savages \u2022 Selda feat. Boom Pam \u2022 SG Lewis \u2022 Sheer Mag \u2022 Shellac \u2022 Shinkiro \u2022 Shura \u2022 Siberian Wolves \u2022 Sigur R\u00f3s \u2022\u00a0Six Organs of Admittance \u2022 Steve Gunn \u2022 Suede \u2022 Suuns \u2022 Tame Impala \u2022 Thee Oh Sees \u2022 Titus Andronicus \u2022 Tortoise \u2022 Twin Drama \u2022\u00a0Ty Segall and The Muggers \u2022 U.S. Girls \u2022 Univers \u2022 Unsane \u2022 Venom \u2022 Vince Staples \u2022 Viva Belgrado \u2022 White Fence \u2022 White Reaper \u2022 Wild Nothing \u2022\u00a0Wind Atlas \u2022 Younghusband<\/p>\n","protected":false},"excerpt":{"rendered":"<p>After about 15 hours of the famous video of the eternal countdown, the rocket has finally taken off to show a stellar story in which have appeared the bands that will be part of the Primavera Sound 2016, to be held 1 to June 5 in Barcelona. The big names of this year are\u00a0Radiohead (with [&hellip;]<\/p>\n","protected":false},"author":1,"featured_media":3637,"comment_status":"open","ping_status":"closed","sticky":false,"template":"","format":"video","meta":{"footnotes":""},"categories":[41,42,8],"tags":[6173,5191,5667,6174,5138,5249,5575,4967,4982,5862,5317,4968,5024,5044,5758],"class_list":["post-3640","post","type-post","status-publish","format-video","has-post-thumbnail","hentry","category-live-shows","category-music","category-news","tag-animal-collective-en","tag-beach-house-en","tag-brian-wilson-en","tag-grupo-de-expertos-solynieve-en","tag-joana-serrat-en","tag-lcd-soundsystem-en","tag-manel-en","tag-moderat-en","tag-primavera-sound-en","tag-primavera-sound-2016-en","tag-radiohead-en","tag-sigur-ros-en","tag-suede-en","tag-tame-impala-en","tag-the-last-shadow-puppets-en","post_format-post-format-video"],"yoast_head":"<!-- This site is optimized with the Yoast SEO Premium plugin v23.9 (Yoast SEO v26.6) - https:\/\/yoast.com\/wordpress\/plugins\/seo\/ -->\n<title>Full line up for Primavera Sound 2016 - Indie\u00f3filo<\/title>\n<meta name=\"description\" content=\"The Catalan Festival confirms for this year edition\u00a0\u00a0Radiohead,\u00a0Brian Wilson,\u00a0LCD Soundsystem, Sigur Ros, Tame Impala, Moderat, The Last Shadow Puppets..\" \/>\n<meta name=\"robots\" content=\"index, follow, max-snippet:-1, max-image-preview:large, max-video-preview:-1\" \/>\n<link rel=\"canonical\" href=\"https:\/\/www.indieofilo.com\/en\/news\/full-line-up-for-primavera-sound-2016\" \/>\n<meta property=\"og:locale\" content=\"en_US\" \/>\n<meta property=\"og:type\" content=\"article\" \/>\n<meta property=\"og:title\" content=\"Full line up for Primavera Sound 2016\" \/>\n<meta property=\"og:description\" content=\"The Catalan Festival confirms for this year edition\u00a0\u00a0Radiohead,\u00a0Brian Wilson,\u00a0LCD Soundsystem, Sigur Ros, Tame Impala, Moderat, The Last Shadow Puppets..\" \/>\n<meta property=\"og:url\" content=\"https:\/\/www.indieofilo.com\/en\/news\/full-line-up-for-primavera-sound-2016\" \/>\n<meta property=\"og:site_name\" content=\"Indie\u00f3filo\" \/>\n<meta property=\"article:publisher\" content=\"https:\/\/www.facebook.com\/Indieofilo\/\" \/>\n<meta property=\"article:published_time\" content=\"2016-01-21T11:30:57+00:00\" \/>\n<meta property=\"article:modified_time\" content=\"2023-09-19T11:53:43+00:00\" \/>\n<meta property=\"og:image\" content=\"https:\/\/www.indieofilo.com\/wp-content\/uploads\/2016\/01\/cartel-primavera-sound-2016.jpg\" \/>\n\t<meta property=\"og:image:width\" content=\"566\" \/>\n\t<meta property=\"og:image:height\" content=\"800\" \/>\n\t<meta property=\"og:image:type\" content=\"image\/jpeg\" \/>\n<meta name=\"author\" content=\"Victor\" \/>\n<meta name=\"twitter:card\" content=\"summary_large_image\" \/>\n<meta name=\"twitter:creator\" content=\"@indieofilo\" \/>\n<meta name=\"twitter:site\" content=\"@indieofilo\" \/>\n<meta name=\"twitter:label1\" content=\"Written by\" \/>\n\t<meta name=\"twitter:data1\" content=\"Victor\" \/>\n\t<meta name=\"twitter:label2\" content=\"Est. reading time\" \/>\n\t<meta name=\"twitter:data2\" content=\"3 minutes\" \/>\n<script type=\"application\/ld+json\" class=\"yoast-schema-graph\">{\"@context\":\"https:\/\/schema.org\",\"@graph\":[{\"@type\":\"Article\",\"@id\":\"https:\/\/www.indieofilo.com\/en\/news\/full-line-up-for-primavera-sound-2016#article\",\"isPartOf\":{\"@id\":\"https:\/\/www.indieofilo.com\/en\/news\/full-line-up-for-primavera-sound-2016\"},\"author\":{\"name\":\"Victor\",\"@id\":\"https:\/\/www.indieofilo.com\/#\/schema\/person\/595334d38590e4ce5a09f83cbf2fca90\"},\"headline\":\"Full line up for Primavera Sound 2016\",\"datePublished\":\"2016-01-21T11:30:57+00:00\",\"dateModified\":\"2023-09-19T11:53:43+00:00\",\"mainEntityOfPage\":{\"@id\":\"https:\/\/www.indieofilo.com\/en\/news\/full-line-up-for-primavera-sound-2016\"},\"wordCount\":468,\"commentCount\":0,\"publisher\":{\"@id\":\"https:\/\/www.indieofilo.com\/#organization\"},\"image\":{\"@id\":\"https:\/\/www.indieofilo.com\/en\/news\/full-line-up-for-primavera-sound-2016#primaryimage\"},\"thumbnailUrl\":\"https:\/\/www.indieofilo.com\/wp-content\/uploads\/2016\/01\/cartel-primavera-sound-2016.jpg\",\"keywords\":[\"Animal Collective\",\"Beach House\",\"Brian Wilson\",\"Grupo de expertos Solynieve\",\"Joana Serrat\",\"LCD Soundsystem\",\"Manel\",\"Moderat\",\"Primavera Sound\",\"Primavera Sound 2016\",\"Radiohead\",\"Sigur R\u00f3s\",\"Suede\",\"Tame Impala\",\"The Last Shadow Puppets\"],\"articleSection\":[\"Live Shows\",\"Music\",\"News\"],\"inLanguage\":\"en-US\",\"potentialAction\":[{\"@type\":\"CommentAction\",\"name\":\"Comment\",\"target\":[\"https:\/\/www.indieofilo.com\/en\/news\/full-line-up-for-primavera-sound-2016#respond\"]}]},{\"@type\":\"WebPage\",\"@id\":\"https:\/\/www.indieofilo.com\/en\/news\/full-line-up-for-primavera-sound-2016\",\"url\":\"https:\/\/www.indieofilo.com\/en\/news\/full-line-up-for-primavera-sound-2016\",\"name\":\"Full line up for Primavera Sound 2016 - Indie\u00f3filo\",\"isPartOf\":{\"@id\":\"https:\/\/www.indieofilo.com\/#website\"},\"primaryImageOfPage\":{\"@id\":\"https:\/\/www.indieofilo.com\/en\/news\/full-line-up-for-primavera-sound-2016#primaryimage\"},\"image\":{\"@id\":\"https:\/\/www.indieofilo.com\/en\/news\/full-line-up-for-primavera-sound-2016#primaryimage\"},\"thumbnailUrl\":\"https:\/\/www.indieofilo.com\/wp-content\/uploads\/2016\/01\/cartel-primavera-sound-2016.jpg\",\"datePublished\":\"2016-01-21T11:30:57+00:00\",\"dateModified\":\"2023-09-19T11:53:43+00:00\",\"description\":\"The Catalan Festival confirms for this year edition\u00a0\u00a0Radiohead,\u00a0Brian Wilson,\u00a0LCD Soundsystem, Sigur Ros, Tame Impala, Moderat, The Last Shadow Puppets..\",\"breadcrumb\":{\"@id\":\"https:\/\/www.indieofilo.com\/en\/news\/full-line-up-for-primavera-sound-2016#breadcrumb\"},\"inLanguage\":\"en-US\",\"potentialAction\":[{\"@type\":\"ReadAction\",\"target\":[\"https:\/\/www.indieofilo.com\/en\/news\/full-line-up-for-primavera-sound-2016\"]}]},{\"@type\":\"ImageObject\",\"inLanguage\":\"en-US\",\"@id\":\"https:\/\/www.indieofilo.com\/en\/news\/full-line-up-for-primavera-sound-2016#primaryimage\",\"url\":\"https:\/\/www.indieofilo.com\/wp-content\/uploads\/2016\/01\/cartel-primavera-sound-2016.jpg\",\"contentUrl\":\"https:\/\/www.indieofilo.com\/wp-content\/uploads\/2016\/01\/cartel-primavera-sound-2016.jpg\",\"width\":566,\"height\":800,\"caption\":\"cartel primavera sound 2016\"},{\"@type\":\"BreadcrumbList\",\"@id\":\"https:\/\/www.indieofilo.com\/en\/news\/full-line-up-for-primavera-sound-2016#breadcrumb\",\"itemListElement\":[{\"@type\":\"ListItem\",\"position\":1,\"name\":\"Portada\",\"item\":\"https:\/\/www.indieofilo.com\/en\"},{\"@type\":\"ListItem\",\"position\":2,\"name\":\"Full line up for Primavera Sound 2016\"}]},{\"@type\":\"WebSite\",\"@id\":\"https:\/\/www.indieofilo.com\/#website\",\"url\":\"https:\/\/www.indieofilo.com\/\",\"name\":\"Indie\u00f3filo\",\"description\":\"Magazine online de la cultura independiente\",\"publisher\":{\"@id\":\"https:\/\/www.indieofilo.com\/#organization\"},\"potentialAction\":[{\"@type\":\"SearchAction\",\"target\":{\"@type\":\"EntryPoint\",\"urlTemplate\":\"https:\/\/www.indieofilo.com\/?s={search_term_string}\"},\"query-input\":{\"@type\":\"PropertyValueSpecification\",\"valueRequired\":true,\"valueName\":\"search_term_string\"}}],\"inLanguage\":\"en-US\"},{\"@type\":\"Organization\",\"@id\":\"https:\/\/www.indieofilo.com\/#organization\",\"name\":\"Indie\u00f3filo Web\",\"url\":\"https:\/\/www.indieofilo.com\/\",\"logo\":{\"@type\":\"ImageObject\",\"inLanguage\":\"en-US\",\"@id\":\"https:\/\/www.indieofilo.com\/#\/schema\/logo\/image\/\",\"url\":\"https:\/\/www.indieofilo.com\/wp-content\/uploads\/2015\/02\/logo-alta-resolucion.png\",\"contentUrl\":\"https:\/\/www.indieofilo.com\/wp-content\/uploads\/2015\/02\/logo-alta-resolucion.png\",\"width\":544,\"height\":185,\"caption\":\"Indie\u00f3filo Web\"},\"image\":{\"@id\":\"https:\/\/www.indieofilo.com\/#\/schema\/logo\/image\/\"},\"sameAs\":[\"https:\/\/www.facebook.com\/Indieofilo\/\",\"https:\/\/x.com\/indieofilo\",\"https:\/\/www.instagram.com\/indieofilo\/\"]},{\"@type\":\"Person\",\"@id\":\"https:\/\/www.indieofilo.com\/#\/schema\/person\/595334d38590e4ce5a09f83cbf2fca90\",\"name\":\"Victor\",\"image\":{\"@type\":\"ImageObject\",\"inLanguage\":\"en-US\",\"@id\":\"https:\/\/www.indieofilo.com\/#\/schema\/person\/image\/\",\"url\":\"https:\/\/secure.gravatar.com\/avatar\/682b8c6ea3e94b6cffec683b25f1797d?s=96&d=mm&r=g\",\"contentUrl\":\"https:\/\/secure.gravatar.com\/avatar\/682b8c6ea3e94b6cffec683b25f1797d?s=96&d=mm&r=g\",\"caption\":\"Victor\"},\"description\":\"Fan\u00e1tico de la m\u00fasica desde que mis padres me pon\u00edan a Eydie Gorme y Los Panchos o el Discotuna por la A2. Intent\u00e9 tocar varios instrumentos, pero soy muy torpe con la mano izquierda, as\u00ed que ya sab\u00e9is el resultado final. Fan del britpop, Post-punk, el rugby y el baloncesto...\",\"sameAs\":[\"http:\/\/indieofilo.com\"],\"url\":\"https:\/\/www.indieofilo.com\/en\/author\/victor\"}]}<\/script>\n<!-- \/ Yoast SEO Premium plugin. -->","yoast_head_json":{"title":"Full line up for Primavera Sound 2016 - Indie\u00f3filo","description":"The Catalan Festival confirms for this year edition\u00a0\u00a0Radiohead,\u00a0Brian Wilson,\u00a0LCD Soundsystem, Sigur Ros, Tame Impala, Moderat, The Last Shadow Puppets..","robots":{"index":"index","follow":"follow","max-snippet":"max-snippet:-1","max-image-preview":"max-image-preview:large","max-video-preview":"max-video-preview:-1"},"canonical":"https:\/\/www.indieofilo.com\/en\/news\/full-line-up-for-primavera-sound-2016","og_locale":"en_US","og_type":"article","og_title":"Full line up for Primavera Sound 2016","og_description":"The Catalan Festival confirms for this year edition\u00a0\u00a0Radiohead,\u00a0Brian Wilson,\u00a0LCD Soundsystem, Sigur Ros, Tame Impala, Moderat, The Last Shadow Puppets..","og_url":"https:\/\/www.indieofilo.com\/en\/news\/full-line-up-for-primavera-sound-2016","og_site_name":"Indie\u00f3filo","article_publisher":"https:\/\/www.facebook.com\/Indieofilo\/","article_published_time":"2016-01-21T11:30:57+00:00","article_modified_time":"2023-09-19T11:53:43+00:00","og_image":[{"width":566,"height":800,"url":"https:\/\/www.indieofilo.com\/wp-content\/uploads\/2016\/01\/cartel-primavera-sound-2016.jpg","type":"image\/jpeg"}],"author":"Victor","twitter_card":"summary_large_image","twitter_creator":"@indieofilo","twitter_site":"@indieofilo","twitter_misc":{"Written by":"Victor","Est. reading time":"3 minutes"},"schema":{"@context":"https:\/\/schema.org","@graph":[{"@type":"Article","@id":"https:\/\/www.indieofilo.com\/en\/news\/full-line-up-for-primavera-sound-2016#article","isPartOf":{"@id":"https:\/\/www.indieofilo.com\/en\/news\/full-line-up-for-primavera-sound-2016"},"author":{"name":"Victor","@id":"https:\/\/www.indieofilo.com\/#\/schema\/person\/595334d38590e4ce5a09f83cbf2fca90"},"headline":"Full line up for Primavera Sound 2016","datePublished":"2016-01-21T11:30:57+00:00","dateModified":"2023-09-19T11:53:43+00:00","mainEntityOfPage":{"@id":"https:\/\/www.indieofilo.com\/en\/news\/full-line-up-for-primavera-sound-2016"},"wordCount":468,"commentCount":0,"publisher":{"@id":"https:\/\/www.indieofilo.com\/#organization"},"image":{"@id":"https:\/\/www.indieofilo.com\/en\/news\/full-line-up-for-primavera-sound-2016#primaryimage"},"thumbnailUrl":"https:\/\/www.indieofilo.com\/wp-content\/uploads\/2016\/01\/cartel-primavera-sound-2016.jpg","keywords":["Animal Collective","Beach House","Brian Wilson","Grupo de expertos Solynieve","Joana Serrat","LCD Soundsystem","Manel","Moderat","Primavera Sound","Primavera Sound 2016","Radiohead","Sigur R\u00f3s","Suede","Tame Impala","The Last Shadow Puppets"],"articleSection":["Live Shows","Music","News"],"inLanguage":"en-US","potentialAction":[{"@type":"CommentAction","name":"Comment","target":["https:\/\/www.indieofilo.com\/en\/news\/full-line-up-for-primavera-sound-2016#respond"]}]},{"@type":"WebPage","@id":"https:\/\/www.indieofilo.com\/en\/news\/full-line-up-for-primavera-sound-2016","url":"https:\/\/www.indieofilo.com\/en\/news\/full-line-up-for-primavera-sound-2016","name":"Full line up for Primavera Sound 2016 - Indie\u00f3filo","isPartOf":{"@id":"https:\/\/www.indieofilo.com\/#website"},"primaryImageOfPage":{"@id":"https:\/\/www.indieofilo.com\/en\/news\/full-line-up-for-primavera-sound-2016#primaryimage"},"image":{"@id":"https:\/\/www.indieofilo.com\/en\/news\/full-line-up-for-primavera-sound-2016#primaryimage"},"thumbnailUrl":"https:\/\/www.indieofilo.com\/wp-content\/uploads\/2016\/01\/cartel-primavera-sound-2016.jpg","datePublished":"2016-01-21T11:30:57+00:00","dateModified":"2023-09-19T11:53:43+00:00","description":"The Catalan Festival confirms for this year edition\u00a0\u00a0Radiohead,\u00a0Brian Wilson,\u00a0LCD Soundsystem, Sigur Ros, Tame Impala, Moderat, The Last Shadow Puppets..","breadcrumb":{"@id":"https:\/\/www.indieofilo.com\/en\/news\/full-line-up-for-primavera-sound-2016#breadcrumb"},"inLanguage":"en-US","potentialAction":[{"@type":"ReadAction","target":["https:\/\/www.indieofilo.com\/en\/news\/full-line-up-for-primavera-sound-2016"]}]},{"@type":"ImageObject","inLanguage":"en-US","@id":"https:\/\/www.indieofilo.com\/en\/news\/full-line-up-for-primavera-sound-2016#primaryimage","url":"https:\/\/www.indieofilo.com\/wp-content\/uploads\/2016\/01\/cartel-primavera-sound-2016.jpg","contentUrl":"https:\/\/www.indieofilo.com\/wp-content\/uploads\/2016\/01\/cartel-primavera-sound-2016.jpg","width":566,"height":800,"caption":"cartel primavera sound 2016"},{"@type":"BreadcrumbList","@id":"https:\/\/www.indieofilo.com\/en\/news\/full-line-up-for-primavera-sound-2016#breadcrumb","itemListElement":[{"@type":"ListItem","position":1,"name":"Portada","item":"https:\/\/www.indieofilo.com\/en"},{"@type":"ListItem","position":2,"name":"Full line up for Primavera Sound 2016"}]},{"@type":"WebSite","@id":"https:\/\/www.indieofilo.com\/#website","url":"https:\/\/www.indieofilo.com\/","name":"Indie\u00f3filo","description":"Magazine online de la cultura independiente","publisher":{"@id":"https:\/\/www.indieofilo.com\/#organization"},"potentialAction":[{"@type":"SearchAction","target":{"@type":"EntryPoint","urlTemplate":"https:\/\/www.indieofilo.com\/?s={search_term_string}"},"query-input":{"@type":"PropertyValueSpecification","valueRequired":true,"valueName":"search_term_string"}}],"inLanguage":"en-US"},{"@type":"Organization","@id":"https:\/\/www.indieofilo.com\/#organization","name":"Indie\u00f3filo Web","url":"https:\/\/www.indieofilo.com\/","logo":{"@type":"ImageObject","inLanguage":"en-US","@id":"https:\/\/www.indieofilo.com\/#\/schema\/logo\/image\/","url":"https:\/\/www.indieofilo.com\/wp-content\/uploads\/2015\/02\/logo-alta-resolucion.png","contentUrl":"https:\/\/www.indieofilo.com\/wp-content\/uploads\/2015\/02\/logo-alta-resolucion.png","width":544,"height":185,"caption":"Indie\u00f3filo Web"},"image":{"@id":"https:\/\/www.indieofilo.com\/#\/schema\/logo\/image\/"},"sameAs":["https:\/\/www.facebook.com\/Indieofilo\/","https:\/\/x.com\/indieofilo","https:\/\/www.instagram.com\/indieofilo\/"]},{"@type":"Person","@id":"https:\/\/www.indieofilo.com\/#\/schema\/person\/595334d38590e4ce5a09f83cbf2fca90","name":"Victor","image":{"@type":"ImageObject","inLanguage":"en-US","@id":"https:\/\/www.indieofilo.com\/#\/schema\/person\/image\/","url":"https:\/\/secure.gravatar.com\/avatar\/682b8c6ea3e94b6cffec683b25f1797d?s=96&d=mm&r=g","contentUrl":"https:\/\/secure.gravatar.com\/avatar\/682b8c6ea3e94b6cffec683b25f1797d?s=96&d=mm&r=g","caption":"Victor"},"description":"Fan\u00e1tico de la m\u00fasica desde que mis padres me pon\u00edan a Eydie Gorme y Los Panchos o el Discotuna por la A2. Intent\u00e9 tocar varios instrumentos, pero soy muy torpe con la mano izquierda, as\u00ed que ya sab\u00e9is el resultado final. Fan del britpop, Post-punk, el rugby y el baloncesto...","sameAs":["http:\/\/indieofilo.com"],"url":"https:\/\/www.indieofilo.com\/en\/author\/victor"}]}},"_links":{"self":[{"href":"https:\/\/www.indieofilo.com\/en\/wp-json\/wp\/v2\/posts\/3640","targetHints":{"allow":["GET"]}}],"collection":[{"href":"https:\/\/www.indieofilo.com\/en\/wp-json\/wp\/v2\/posts"}],"about":[{"href":"https:\/\/www.indieofilo.com\/en\/wp-json\/wp\/v2\/types\/post"}],"author":[{"embeddable":true,"href":"https:\/\/www.indieofilo.com\/en\/wp-json\/wp\/v2\/users\/1"}],"replies":[{"embeddable":true,"href":"https:\/\/www.indieofilo.com\/en\/wp-json\/wp\/v2\/comments?post=3640"}],"version-history":[{"count":0,"href":"https:\/\/www.indieofilo.com\/en\/wp-json\/wp\/v2\/posts\/3640\/revisions"}],"wp:featuredmedia":[{"embeddable":true,"href":"https:\/\/www.indieofilo.com\/en\/wp-json\/wp\/v2\/media\/3637"}],"wp:attachment":[{"href":"https:\/\/www.indieofilo.com\/en\/wp-json\/wp\/v2\/media?parent=3640"}],"wp:term":[{"taxonomy":"category","embeddable":true,"href":"https:\/\/www.indieofilo.com\/en\/wp-json\/wp\/v2\/categories?post=3640"},{"taxonomy":"post_tag","embeddable":true,"href":"https:\/\/www.indieofilo.com\/en\/wp-json\/wp\/v2\/tags?post=3640"}],"curies":[{"name":"wp","href":"https:\/\/api.w.org\/{rel}","templated":true}]}}