{"id":34766,"date":"2023-05-09T16:18:43","date_gmt":"2023-05-09T14:18:43","guid":{"rendered":"http:\/\/www.indieofilo.com\/?p=16059"},"modified":"2023-10-17T12:56:05","modified_gmt":"2023-10-17T10:56:05","slug":"the-hives-confirm-european-tour-for-2023","status":"publish","type":"post","link":"https:\/\/www.indieofilo.com\/en\/news\/the-hives-confirm-european-tour-for-2023","title":{"rendered":"The Hives confirm European tour for 2023"},"content":{"rendered":"<p style=\"text-align: justify;\"><img fetchpriority=\"high\" decoding=\"async\" class=\"aligncenter size-large wp-image-16064\" src=\"http:\/\/www.indieofilo.com\/wp-content\/uploads\/2023\/05\/The_Hives_European_tour_2023-533x533.jpg\" alt=\"The Hives European Tour 2023\" width=\"533\" height=\"533\" \/><\/p>\n<p style=\"text-align: justify;\">Swedish band <strong>The Hives<\/strong> have today announced a European tour to promote their long-awaited new album, <em>The Death Of Randy Fitzsimmons<\/em> (2023), which will be released on 11 August. The first taste of this album, the first in 10 years for the Scandinavian band and the first without their original bassist Mattias Bernvall, was &#8220;<em>Bogus Operandi<\/em>&#8220;, which you can listen to above. <strong>The tour will kick off in Cologne (Germany) on 16th September and, after visiting Prague, Warsaw, Berlin, Amsterdam, Paris, Brussels, Munich, Zurich, Milan, Barcelona, Madrid, Santiago de Compostela, Toulouse, Lyon, Luxembourg and Copenhagen, will end in Oslo on 14th October<\/strong>.<\/p>\n<p style=\"text-align: justify;\">Tickets for the concerts in Spain will go on sale on Friday 12th May at 10:00am on <a href=\"http:\/\/livenation.es\" target=\"_blank\" rel=\"noopener\">Livenation<\/a> and <a href=\"http:\/\/ticketmaster.es\" target=\"_blank\" rel=\"noopener\">Ticketmaster<\/a>, although there will be a pre-sale on Thursday 11th May at 10:00am for all those registered on <a href=\"http:\/\/livenation.es\" target=\"_blank\" rel=\"noopener\">Livenation<\/a>.<\/p>\n\n\n<p><\/p>\n","protected":false},"excerpt":{"rendered":"<p>Swedish band The Hives have today announced a European tour to promote their long-awaited new album, The Death Of Randy Fitzsimmons (2023), which will be released on 11 August. The first taste of this album, the first in 10 years for the Scandinavian band and the first without their original bassist Mattias Bernvall, was &#8220;Bogus [&hellip;]<\/p>\n","protected":false},"author":1,"featured_media":36146,"comment_status":"open","ping_status":"closed","sticky":false,"template":"","format":"standard","meta":{"footnotes":""},"categories":[41,8],"tags":[5520],"class_list":["post-34766","post","type-post","status-publish","format-standard","has-post-thumbnail","hentry","category-live-shows","category-news","tag-the-hives-en"],"yoast_head":"<!-- This site is optimized with the Yoast SEO Premium plugin v23.9 (Yoast SEO v26.6) - https:\/\/yoast.com\/wordpress\/plugins\/seo\/ -->\n<title>The Hives confirm European tour for 2023 - Indie\u00f3filo<\/title>\n<meta name=\"description\" content=\"Swedish band The Hives have today announced a European tour to promote their long-awaited new album, The Death Of Randy Fitzsimmons (2023).\" \/>\n<meta name=\"robots\" content=\"index, follow, max-snippet:-1, max-image-preview:large, max-video-preview:-1\" \/>\n<link rel=\"canonical\" href=\"https:\/\/www.indieofilo.com\/en\/news\/the-hives-confirm-european-tour-for-2023\" \/>\n<meta property=\"og:locale\" content=\"en_US\" \/>\n<meta property=\"og:type\" content=\"article\" \/>\n<meta property=\"og:title\" content=\"The Hives confirm European tour for 2023\" \/>\n<meta property=\"og:description\" content=\"Swedish band The Hives have today announced a European tour to promote their long-awaited new album, The Death Of Randy Fitzsimmons (2023).\" \/>\n<meta property=\"og:url\" content=\"https:\/\/www.indieofilo.com\/en\/news\/the-hives-confirm-european-tour-for-2023\" \/>\n<meta property=\"og:site_name\" content=\"Indie\u00f3filo\" \/>\n<meta property=\"article:publisher\" content=\"https:\/\/www.facebook.com\/Indieofilo\/\" \/>\n<meta property=\"article:published_time\" content=\"2023-05-09T14:18:43+00:00\" \/>\n<meta property=\"article:modified_time\" content=\"2023-10-17T10:56:05+00:00\" \/>\n<meta property=\"og:image\" content=\"https:\/\/www.indieofilo.com\/wp-content\/uploads\/2023\/05\/The_Hives_European_tour_2023.jpg\" \/>\n\t<meta property=\"og:image:width\" content=\"900\" \/>\n\t<meta property=\"og:image:height\" content=\"900\" \/>\n\t<meta property=\"og:image:type\" content=\"image\/jpeg\" \/>\n<meta name=\"author\" content=\"Victor\" \/>\n<meta name=\"twitter:card\" content=\"summary_large_image\" \/>\n<meta name=\"twitter:creator\" content=\"@indieofilo\" \/>\n<meta name=\"twitter:site\" content=\"@indieofilo\" \/>\n<meta name=\"twitter:label1\" content=\"Written by\" \/>\n\t<meta name=\"twitter:data1\" content=\"Victor\" \/>\n\t<meta name=\"twitter:label2\" content=\"Est. reading time\" \/>\n\t<meta name=\"twitter:data2\" content=\"1 minute\" \/>\n<script type=\"application\/ld+json\" class=\"yoast-schema-graph\">{\"@context\":\"https:\/\/schema.org\",\"@graph\":[{\"@type\":\"Article\",\"@id\":\"https:\/\/www.indieofilo.com\/en\/news\/the-hives-confirm-european-tour-for-2023#article\",\"isPartOf\":{\"@id\":\"https:\/\/www.indieofilo.com\/en\/news\/the-hives-confirm-european-tour-for-2023\"},\"author\":{\"name\":\"Victor\",\"@id\":\"https:\/\/www.indieofilo.com\/#\/schema\/person\/595334d38590e4ce5a09f83cbf2fca90\"},\"headline\":\"The Hives confirm European tour for 2023\",\"datePublished\":\"2023-05-09T14:18:43+00:00\",\"dateModified\":\"2023-10-17T10:56:05+00:00\",\"mainEntityOfPage\":{\"@id\":\"https:\/\/www.indieofilo.com\/en\/news\/the-hives-confirm-european-tour-for-2023\"},\"wordCount\":143,\"commentCount\":0,\"publisher\":{\"@id\":\"https:\/\/www.indieofilo.com\/#organization\"},\"image\":{\"@id\":\"https:\/\/www.indieofilo.com\/en\/news\/the-hives-confirm-european-tour-for-2023#primaryimage\"},\"thumbnailUrl\":\"https:\/\/www.indieofilo.com\/wp-content\/uploads\/2023\/05\/The_Hives_European_tour_2023.jpg\",\"keywords\":[\"The Hives\"],\"articleSection\":[\"Live Shows\",\"News\"],\"inLanguage\":\"en-US\",\"potentialAction\":[{\"@type\":\"CommentAction\",\"name\":\"Comment\",\"target\":[\"https:\/\/www.indieofilo.com\/en\/news\/the-hives-confirm-european-tour-for-2023#respond\"]}]},{\"@type\":\"WebPage\",\"@id\":\"https:\/\/www.indieofilo.com\/en\/news\/the-hives-confirm-european-tour-for-2023\",\"url\":\"https:\/\/www.indieofilo.com\/en\/news\/the-hives-confirm-european-tour-for-2023\",\"name\":\"The Hives confirm European tour for 2023 - Indie\u00f3filo\",\"isPartOf\":{\"@id\":\"https:\/\/www.indieofilo.com\/#website\"},\"primaryImageOfPage\":{\"@id\":\"https:\/\/www.indieofilo.com\/en\/news\/the-hives-confirm-european-tour-for-2023#primaryimage\"},\"image\":{\"@id\":\"https:\/\/www.indieofilo.com\/en\/news\/the-hives-confirm-european-tour-for-2023#primaryimage\"},\"thumbnailUrl\":\"https:\/\/www.indieofilo.com\/wp-content\/uploads\/2023\/05\/The_Hives_European_tour_2023.jpg\",\"datePublished\":\"2023-05-09T14:18:43+00:00\",\"dateModified\":\"2023-10-17T10:56:05+00:00\",\"description\":\"Swedish band The Hives have today announced a European tour to promote their long-awaited new album, The Death Of Randy Fitzsimmons (2023).\",\"breadcrumb\":{\"@id\":\"https:\/\/www.indieofilo.com\/en\/news\/the-hives-confirm-european-tour-for-2023#breadcrumb\"},\"inLanguage\":\"en-US\",\"potentialAction\":[{\"@type\":\"ReadAction\",\"target\":[\"https:\/\/www.indieofilo.com\/en\/news\/the-hives-confirm-european-tour-for-2023\"]}]},{\"@type\":\"ImageObject\",\"inLanguage\":\"en-US\",\"@id\":\"https:\/\/www.indieofilo.com\/en\/news\/the-hives-confirm-european-tour-for-2023#primaryimage\",\"url\":\"https:\/\/www.indieofilo.com\/wp-content\/uploads\/2023\/05\/The_Hives_European_tour_2023.jpg\",\"contentUrl\":\"https:\/\/www.indieofilo.com\/wp-content\/uploads\/2023\/05\/The_Hives_European_tour_2023.jpg\",\"width\":900,\"height\":900,\"caption\":\"The Hives European Tour 2023\"},{\"@type\":\"BreadcrumbList\",\"@id\":\"https:\/\/www.indieofilo.com\/en\/news\/the-hives-confirm-european-tour-for-2023#breadcrumb\",\"itemListElement\":[{\"@type\":\"ListItem\",\"position\":1,\"name\":\"Portada\",\"item\":\"https:\/\/www.indieofilo.com\/en\"},{\"@type\":\"ListItem\",\"position\":2,\"name\":\"The Hives confirm European tour for 2023\"}]},{\"@type\":\"WebSite\",\"@id\":\"https:\/\/www.indieofilo.com\/#website\",\"url\":\"https:\/\/www.indieofilo.com\/\",\"name\":\"Indie\u00f3filo\",\"description\":\"Magazine online de la cultura independiente\",\"publisher\":{\"@id\":\"https:\/\/www.indieofilo.com\/#organization\"},\"potentialAction\":[{\"@type\":\"SearchAction\",\"target\":{\"@type\":\"EntryPoint\",\"urlTemplate\":\"https:\/\/www.indieofilo.com\/?s={search_term_string}\"},\"query-input\":{\"@type\":\"PropertyValueSpecification\",\"valueRequired\":true,\"valueName\":\"search_term_string\"}}],\"inLanguage\":\"en-US\"},{\"@type\":\"Organization\",\"@id\":\"https:\/\/www.indieofilo.com\/#organization\",\"name\":\"Indie\u00f3filo Web\",\"url\":\"https:\/\/www.indieofilo.com\/\",\"logo\":{\"@type\":\"ImageObject\",\"inLanguage\":\"en-US\",\"@id\":\"https:\/\/www.indieofilo.com\/#\/schema\/logo\/image\/\",\"url\":\"https:\/\/www.indieofilo.com\/wp-content\/uploads\/2015\/02\/logo-alta-resolucion.png\",\"contentUrl\":\"https:\/\/www.indieofilo.com\/wp-content\/uploads\/2015\/02\/logo-alta-resolucion.png\",\"width\":544,\"height\":185,\"caption\":\"Indie\u00f3filo Web\"},\"image\":{\"@id\":\"https:\/\/www.indieofilo.com\/#\/schema\/logo\/image\/\"},\"sameAs\":[\"https:\/\/www.facebook.com\/Indieofilo\/\",\"https:\/\/x.com\/indieofilo\",\"https:\/\/www.instagram.com\/indieofilo\/\"]},{\"@type\":\"Person\",\"@id\":\"https:\/\/www.indieofilo.com\/#\/schema\/person\/595334d38590e4ce5a09f83cbf2fca90\",\"name\":\"Victor\",\"image\":{\"@type\":\"ImageObject\",\"inLanguage\":\"en-US\",\"@id\":\"https:\/\/www.indieofilo.com\/#\/schema\/person\/image\/\",\"url\":\"https:\/\/secure.gravatar.com\/avatar\/682b8c6ea3e94b6cffec683b25f1797d?s=96&d=mm&r=g\",\"contentUrl\":\"https:\/\/secure.gravatar.com\/avatar\/682b8c6ea3e94b6cffec683b25f1797d?s=96&d=mm&r=g\",\"caption\":\"Victor\"},\"description\":\"Fan\u00e1tico de la m\u00fasica desde que mis padres me pon\u00edan a Eydie Gorme y Los Panchos o el Discotuna por la A2. Intent\u00e9 tocar varios instrumentos, pero soy muy torpe con la mano izquierda, as\u00ed que ya sab\u00e9is el resultado final. Fan del britpop, Post-punk, el rugby y el baloncesto...\",\"sameAs\":[\"http:\/\/indieofilo.com\"],\"url\":\"https:\/\/www.indieofilo.com\/en\/author\/victor\"}]}<\/script>\n<!-- \/ Yoast SEO Premium plugin. -->","yoast_head_json":{"title":"The Hives confirm European tour for 2023 - Indie\u00f3filo","description":"Swedish band The Hives have today announced a European tour to promote their long-awaited new album, The Death Of Randy Fitzsimmons (2023).","robots":{"index":"index","follow":"follow","max-snippet":"max-snippet:-1","max-image-preview":"max-image-preview:large","max-video-preview":"max-video-preview:-1"},"canonical":"https:\/\/www.indieofilo.com\/en\/news\/the-hives-confirm-european-tour-for-2023","og_locale":"en_US","og_type":"article","og_title":"The Hives confirm European tour for 2023","og_description":"Swedish band The Hives have today announced a European tour to promote their long-awaited new album, The Death Of Randy Fitzsimmons (2023).","og_url":"https:\/\/www.indieofilo.com\/en\/news\/the-hives-confirm-european-tour-for-2023","og_site_name":"Indie\u00f3filo","article_publisher":"https:\/\/www.facebook.com\/Indieofilo\/","article_published_time":"2023-05-09T14:18:43+00:00","article_modified_time":"2023-10-17T10:56:05+00:00","og_image":[{"width":900,"height":900,"url":"https:\/\/www.indieofilo.com\/wp-content\/uploads\/2023\/05\/The_Hives_European_tour_2023.jpg","type":"image\/jpeg"}],"author":"Victor","twitter_card":"summary_large_image","twitter_creator":"@indieofilo","twitter_site":"@indieofilo","twitter_misc":{"Written by":"Victor","Est. reading time":"1 minute"},"schema":{"@context":"https:\/\/schema.org","@graph":[{"@type":"Article","@id":"https:\/\/www.indieofilo.com\/en\/news\/the-hives-confirm-european-tour-for-2023#article","isPartOf":{"@id":"https:\/\/www.indieofilo.com\/en\/news\/the-hives-confirm-european-tour-for-2023"},"author":{"name":"Victor","@id":"https:\/\/www.indieofilo.com\/#\/schema\/person\/595334d38590e4ce5a09f83cbf2fca90"},"headline":"The Hives confirm European tour for 2023","datePublished":"2023-05-09T14:18:43+00:00","dateModified":"2023-10-17T10:56:05+00:00","mainEntityOfPage":{"@id":"https:\/\/www.indieofilo.com\/en\/news\/the-hives-confirm-european-tour-for-2023"},"wordCount":143,"commentCount":0,"publisher":{"@id":"https:\/\/www.indieofilo.com\/#organization"},"image":{"@id":"https:\/\/www.indieofilo.com\/en\/news\/the-hives-confirm-european-tour-for-2023#primaryimage"},"thumbnailUrl":"https:\/\/www.indieofilo.com\/wp-content\/uploads\/2023\/05\/The_Hives_European_tour_2023.jpg","keywords":["The Hives"],"articleSection":["Live Shows","News"],"inLanguage":"en-US","potentialAction":[{"@type":"CommentAction","name":"Comment","target":["https:\/\/www.indieofilo.com\/en\/news\/the-hives-confirm-european-tour-for-2023#respond"]}]},{"@type":"WebPage","@id":"https:\/\/www.indieofilo.com\/en\/news\/the-hives-confirm-european-tour-for-2023","url":"https:\/\/www.indieofilo.com\/en\/news\/the-hives-confirm-european-tour-for-2023","name":"The Hives confirm European tour for 2023 - Indie\u00f3filo","isPartOf":{"@id":"https:\/\/www.indieofilo.com\/#website"},"primaryImageOfPage":{"@id":"https:\/\/www.indieofilo.com\/en\/news\/the-hives-confirm-european-tour-for-2023#primaryimage"},"image":{"@id":"https:\/\/www.indieofilo.com\/en\/news\/the-hives-confirm-european-tour-for-2023#primaryimage"},"thumbnailUrl":"https:\/\/www.indieofilo.com\/wp-content\/uploads\/2023\/05\/The_Hives_European_tour_2023.jpg","datePublished":"2023-05-09T14:18:43+00:00","dateModified":"2023-10-17T10:56:05+00:00","description":"Swedish band The Hives have today announced a European tour to promote their long-awaited new album, The Death Of Randy Fitzsimmons (2023).","breadcrumb":{"@id":"https:\/\/www.indieofilo.com\/en\/news\/the-hives-confirm-european-tour-for-2023#breadcrumb"},"inLanguage":"en-US","potentialAction":[{"@type":"ReadAction","target":["https:\/\/www.indieofilo.com\/en\/news\/the-hives-confirm-european-tour-for-2023"]}]},{"@type":"ImageObject","inLanguage":"en-US","@id":"https:\/\/www.indieofilo.com\/en\/news\/the-hives-confirm-european-tour-for-2023#primaryimage","url":"https:\/\/www.indieofilo.com\/wp-content\/uploads\/2023\/05\/The_Hives_European_tour_2023.jpg","contentUrl":"https:\/\/www.indieofilo.com\/wp-content\/uploads\/2023\/05\/The_Hives_European_tour_2023.jpg","width":900,"height":900,"caption":"The Hives European Tour 2023"},{"@type":"BreadcrumbList","@id":"https:\/\/www.indieofilo.com\/en\/news\/the-hives-confirm-european-tour-for-2023#breadcrumb","itemListElement":[{"@type":"ListItem","position":1,"name":"Portada","item":"https:\/\/www.indieofilo.com\/en"},{"@type":"ListItem","position":2,"name":"The Hives confirm European tour for 2023"}]},{"@type":"WebSite","@id":"https:\/\/www.indieofilo.com\/#website","url":"https:\/\/www.indieofilo.com\/","name":"Indie\u00f3filo","description":"Magazine online de la cultura independiente","publisher":{"@id":"https:\/\/www.indieofilo.com\/#organization"},"potentialAction":[{"@type":"SearchAction","target":{"@type":"EntryPoint","urlTemplate":"https:\/\/www.indieofilo.com\/?s={search_term_string}"},"query-input":{"@type":"PropertyValueSpecification","valueRequired":true,"valueName":"search_term_string"}}],"inLanguage":"en-US"},{"@type":"Organization","@id":"https:\/\/www.indieofilo.com\/#organization","name":"Indie\u00f3filo Web","url":"https:\/\/www.indieofilo.com\/","logo":{"@type":"ImageObject","inLanguage":"en-US","@id":"https:\/\/www.indieofilo.com\/#\/schema\/logo\/image\/","url":"https:\/\/www.indieofilo.com\/wp-content\/uploads\/2015\/02\/logo-alta-resolucion.png","contentUrl":"https:\/\/www.indieofilo.com\/wp-content\/uploads\/2015\/02\/logo-alta-resolucion.png","width":544,"height":185,"caption":"Indie\u00f3filo Web"},"image":{"@id":"https:\/\/www.indieofilo.com\/#\/schema\/logo\/image\/"},"sameAs":["https:\/\/www.facebook.com\/Indieofilo\/","https:\/\/x.com\/indieofilo","https:\/\/www.instagram.com\/indieofilo\/"]},{"@type":"Person","@id":"https:\/\/www.indieofilo.com\/#\/schema\/person\/595334d38590e4ce5a09f83cbf2fca90","name":"Victor","image":{"@type":"ImageObject","inLanguage":"en-US","@id":"https:\/\/www.indieofilo.com\/#\/schema\/person\/image\/","url":"https:\/\/secure.gravatar.com\/avatar\/682b8c6ea3e94b6cffec683b25f1797d?s=96&d=mm&r=g","contentUrl":"https:\/\/secure.gravatar.com\/avatar\/682b8c6ea3e94b6cffec683b25f1797d?s=96&d=mm&r=g","caption":"Victor"},"description":"Fan\u00e1tico de la m\u00fasica desde que mis padres me pon\u00edan a Eydie Gorme y Los Panchos o el Discotuna por la A2. Intent\u00e9 tocar varios instrumentos, pero soy muy torpe con la mano izquierda, as\u00ed que ya sab\u00e9is el resultado final. Fan del britpop, Post-punk, el rugby y el baloncesto...","sameAs":["http:\/\/indieofilo.com"],"url":"https:\/\/www.indieofilo.com\/en\/author\/victor"}]}},"_links":{"self":[{"href":"https:\/\/www.indieofilo.com\/en\/wp-json\/wp\/v2\/posts\/34766","targetHints":{"allow":["GET"]}}],"collection":[{"href":"https:\/\/www.indieofilo.com\/en\/wp-json\/wp\/v2\/posts"}],"about":[{"href":"https:\/\/www.indieofilo.com\/en\/wp-json\/wp\/v2\/types\/post"}],"author":[{"embeddable":true,"href":"https:\/\/www.indieofilo.com\/en\/wp-json\/wp\/v2\/users\/1"}],"replies":[{"embeddable":true,"href":"https:\/\/www.indieofilo.com\/en\/wp-json\/wp\/v2\/comments?post=34766"}],"version-history":[{"count":0,"href":"https:\/\/www.indieofilo.com\/en\/wp-json\/wp\/v2\/posts\/34766\/revisions"}],"wp:featuredmedia":[{"embeddable":true,"href":"https:\/\/www.indieofilo.com\/en\/wp-json\/wp\/v2\/media\/36146"}],"wp:attachment":[{"href":"https:\/\/www.indieofilo.com\/en\/wp-json\/wp\/v2\/media?parent=34766"}],"wp:term":[{"taxonomy":"category","embeddable":true,"href":"https:\/\/www.indieofilo.com\/en\/wp-json\/wp\/v2\/categories?post=34766"},{"taxonomy":"post_tag","embeddable":true,"href":"https:\/\/www.indieofilo.com\/en\/wp-json\/wp\/v2\/tags?post=34766"}],"curies":[{"name":"wp","href":"https:\/\/api.w.org\/{rel}","templated":true}]}}