{"id":34765,"date":"2023-02-14T12:27:34","date_gmt":"2023-02-14T11:27:34","guid":{"rendered":"http:\/\/www.indieofilo.com\/?p=16039"},"modified":"2023-10-17T13:43:26","modified_gmt":"2023-10-17T11:43:26","slug":"squid-reveals-european-tour-in-september-2023","status":"publish","type":"post","link":"https:\/\/www.indieofilo.com\/en\/news\/live-shows\/squid-reveals-european-tour-in-september-2023","title":{"rendered":"Squid reveals European tour in September 2023"},"content":{"rendered":"<p style=\"text-align: justify;\">\n\t<img fetchpriority=\"high\" decoding=\"async\" alt=\"Squid Espa\u00f1a 2023\" class=\"aligncenter size-full wp-image-15258\" height=\"800\" src=\"http:\/\/www.indieofilo.com\/wp-content\/uploads\/2023\/02\/squid_espana_2023.jpg\" width=\"800\" srcset=\"https:\/\/www.indieofilo.com\/wp-content\/uploads\/2023\/02\/squid_espana_2023.jpg 800w, https:\/\/www.indieofilo.com\/wp-content\/uploads\/2023\/02\/squid_espana_2023-300x300.jpg 300w, https:\/\/www.indieofilo.com\/wp-content\/uploads\/2023\/02\/squid_espana_2023-150x150.jpg 150w, https:\/\/www.indieofilo.com\/wp-content\/uploads\/2023\/02\/squid_espana_2023-768x768.jpg 768w\" sizes=\"(max-width: 800px) 100vw, 800px\" \/><\/p>\n<p style=\"text-align: justify;\">\n\tThe English band <strong>Squid<\/strong> have today announced a European tour for next autumn, which will start on the 6th of September in Cologne and will end on the 1st of November in London. After their great concert at the last Primavera Sound 2022, they will return to Spain at the end of next summer to unleash a good dose of post-punk and present their long-awaited new album <em>O Monolith<\/em> (2023), which will be released on 9th June. The Brighton band<strong> will play Barcelona&#39;s La (2) de Apolo on the 21st of September, followed by Valencia&#39;s Ram Club the day after, while they will close their Spanish tour at Madrid&#39;s Copernico on the 23rd<\/strong>.<\/p>\n<p style=\"text-align: justify;\">\n\t<a href=\"http:\/\/dice.fm\/artist\/squid-q6l9\" target=\"_blank\" rel=\"noopener\">Tickets<\/a> for the Madrid and Barcelona shows will go on sale this Thursday 16th February at 10:00am at a price of 20&euro; + booking fee.<\/p>\n","protected":false},"excerpt":{"rendered":"<p>The English band Squid have today announced a European tour for next autumn, which will start on the 6th of September in Cologne and will end on the 1st of November in London. After their great concert at the last Primavera Sound 2022, they will return to Spain at the end of next summer to [&hellip;]<\/p>\n","protected":false},"author":1,"featured_media":27099,"comment_status":"open","ping_status":"closed","sticky":false,"template":"","format":"standard","meta":{"footnotes":""},"categories":[41,8],"tags":[6877],"class_list":["post-34765","post","type-post","status-publish","format-standard","has-post-thumbnail","hentry","category-live-shows","category-news","tag-squid"],"yoast_head":"<!-- This site is optimized with the Yoast SEO Premium plugin v23.9 (Yoast SEO v26.6) - https:\/\/yoast.com\/wordpress\/plugins\/seo\/ -->\n<title>Squid reveals European tour in September 2023 - Indie\u00f3filo<\/title>\n<meta name=\"description\" content=\"The English band have today announced a tour which will start on the 6th of September in Cologne and will end on the 1st of November in London.\" \/>\n<meta name=\"robots\" content=\"index, follow, max-snippet:-1, max-image-preview:large, max-video-preview:-1\" \/>\n<link rel=\"canonical\" href=\"https:\/\/www.indieofilo.com\/en\/news\/squid-reveals-european-tour-in-september-2023\" \/>\n<meta property=\"og:locale\" content=\"en_US\" \/>\n<meta property=\"og:type\" content=\"article\" \/>\n<meta property=\"og:title\" content=\"Squid reveals European tour in September 2023\" \/>\n<meta property=\"og:description\" content=\"The English band have today announced a tour which will start on the 6th of September in Cologne and will end on the 1st of November in London.\" \/>\n<meta property=\"og:url\" content=\"https:\/\/www.indieofilo.com\/en\/news\/squid-reveals-european-tour-in-september-2023\" \/>\n<meta property=\"og:site_name\" content=\"Indie\u00f3filo\" \/>\n<meta property=\"article:publisher\" content=\"https:\/\/www.facebook.com\/Indieofilo\/\" \/>\n<meta property=\"article:published_time\" content=\"2023-02-14T11:27:34+00:00\" \/>\n<meta property=\"article:modified_time\" content=\"2023-10-17T11:43:26+00:00\" \/>\n<meta property=\"og:image\" content=\"https:\/\/www.indieofilo.com\/wp-content\/uploads\/2023\/02\/squid_espana_2023.jpg\" \/>\n\t<meta property=\"og:image:width\" content=\"800\" \/>\n\t<meta property=\"og:image:height\" content=\"800\" \/>\n\t<meta property=\"og:image:type\" content=\"image\/jpeg\" \/>\n<meta name=\"author\" content=\"Victor\" \/>\n<meta name=\"twitter:card\" content=\"summary_large_image\" \/>\n<meta name=\"twitter:creator\" content=\"@indieofilo\" \/>\n<meta name=\"twitter:site\" content=\"@indieofilo\" \/>\n<meta name=\"twitter:label1\" content=\"Written by\" \/>\n\t<meta name=\"twitter:data1\" content=\"Victor\" \/>\n\t<meta name=\"twitter:label2\" content=\"Est. reading time\" \/>\n\t<meta name=\"twitter:data2\" content=\"1 minute\" \/>\n<script type=\"application\/ld+json\" class=\"yoast-schema-graph\">{\"@context\":\"https:\/\/schema.org\",\"@graph\":[{\"@type\":\"Article\",\"@id\":\"https:\/\/www.indieofilo.com\/en\/news\/squid-reveals-european-tour-in-september-2023#article\",\"isPartOf\":{\"@id\":\"https:\/\/www.indieofilo.com\/en\/news\/squid-reveals-european-tour-in-september-2023\"},\"author\":{\"name\":\"Victor\",\"@id\":\"https:\/\/www.indieofilo.com\/#\/schema\/person\/595334d38590e4ce5a09f83cbf2fca90\"},\"headline\":\"Squid reveals European tour in September 2023\",\"datePublished\":\"2023-02-14T11:27:34+00:00\",\"dateModified\":\"2023-10-17T11:43:26+00:00\",\"mainEntityOfPage\":{\"@id\":\"https:\/\/www.indieofilo.com\/en\/news\/squid-reveals-european-tour-in-september-2023\"},\"wordCount\":143,\"commentCount\":0,\"publisher\":{\"@id\":\"https:\/\/www.indieofilo.com\/#organization\"},\"image\":{\"@id\":\"https:\/\/www.indieofilo.com\/en\/news\/squid-reveals-european-tour-in-september-2023#primaryimage\"},\"thumbnailUrl\":\"https:\/\/www.indieofilo.com\/wp-content\/uploads\/2023\/02\/squid_espana_2023.jpg\",\"keywords\":[\"Squid\"],\"articleSection\":[\"Live Shows\",\"News\"],\"inLanguage\":\"en-US\",\"potentialAction\":[{\"@type\":\"CommentAction\",\"name\":\"Comment\",\"target\":[\"https:\/\/www.indieofilo.com\/en\/news\/squid-reveals-european-tour-in-september-2023#respond\"]}]},{\"@type\":\"WebPage\",\"@id\":\"https:\/\/www.indieofilo.com\/en\/news\/squid-reveals-european-tour-in-september-2023\",\"url\":\"https:\/\/www.indieofilo.com\/en\/news\/squid-reveals-european-tour-in-september-2023\",\"name\":\"Squid reveals European tour in September 2023 - Indie\u00f3filo\",\"isPartOf\":{\"@id\":\"https:\/\/www.indieofilo.com\/#website\"},\"primaryImageOfPage\":{\"@id\":\"https:\/\/www.indieofilo.com\/en\/news\/squid-reveals-european-tour-in-september-2023#primaryimage\"},\"image\":{\"@id\":\"https:\/\/www.indieofilo.com\/en\/news\/squid-reveals-european-tour-in-september-2023#primaryimage\"},\"thumbnailUrl\":\"https:\/\/www.indieofilo.com\/wp-content\/uploads\/2023\/02\/squid_espana_2023.jpg\",\"datePublished\":\"2023-02-14T11:27:34+00:00\",\"dateModified\":\"2023-10-17T11:43:26+00:00\",\"description\":\"The English band have today announced a tour which will start on the 6th of September in Cologne and will end on the 1st of November in London.\",\"breadcrumb\":{\"@id\":\"https:\/\/www.indieofilo.com\/en\/news\/squid-reveals-european-tour-in-september-2023#breadcrumb\"},\"inLanguage\":\"en-US\",\"potentialAction\":[{\"@type\":\"ReadAction\",\"target\":[\"https:\/\/www.indieofilo.com\/en\/news\/squid-reveals-european-tour-in-september-2023\"]}]},{\"@type\":\"ImageObject\",\"inLanguage\":\"en-US\",\"@id\":\"https:\/\/www.indieofilo.com\/en\/news\/squid-reveals-european-tour-in-september-2023#primaryimage\",\"url\":\"https:\/\/www.indieofilo.com\/wp-content\/uploads\/2023\/02\/squid_espana_2023.jpg\",\"contentUrl\":\"https:\/\/www.indieofilo.com\/wp-content\/uploads\/2023\/02\/squid_espana_2023.jpg\",\"width\":800,\"height\":800},{\"@type\":\"BreadcrumbList\",\"@id\":\"https:\/\/www.indieofilo.com\/en\/news\/squid-reveals-european-tour-in-september-2023#breadcrumb\",\"itemListElement\":[{\"@type\":\"ListItem\",\"position\":1,\"name\":\"Portada\",\"item\":\"https:\/\/www.indieofilo.com\/en\"},{\"@type\":\"ListItem\",\"position\":2,\"name\":\"Squid reveals European tour in September 2023\"}]},{\"@type\":\"WebSite\",\"@id\":\"https:\/\/www.indieofilo.com\/#website\",\"url\":\"https:\/\/www.indieofilo.com\/\",\"name\":\"Indie\u00f3filo\",\"description\":\"Magazine online de la cultura independiente\",\"publisher\":{\"@id\":\"https:\/\/www.indieofilo.com\/#organization\"},\"potentialAction\":[{\"@type\":\"SearchAction\",\"target\":{\"@type\":\"EntryPoint\",\"urlTemplate\":\"https:\/\/www.indieofilo.com\/?s={search_term_string}\"},\"query-input\":{\"@type\":\"PropertyValueSpecification\",\"valueRequired\":true,\"valueName\":\"search_term_string\"}}],\"inLanguage\":\"en-US\"},{\"@type\":\"Organization\",\"@id\":\"https:\/\/www.indieofilo.com\/#organization\",\"name\":\"Indie\u00f3filo Web\",\"url\":\"https:\/\/www.indieofilo.com\/\",\"logo\":{\"@type\":\"ImageObject\",\"inLanguage\":\"en-US\",\"@id\":\"https:\/\/www.indieofilo.com\/#\/schema\/logo\/image\/\",\"url\":\"https:\/\/www.indieofilo.com\/wp-content\/uploads\/2015\/02\/logo-alta-resolucion.png\",\"contentUrl\":\"https:\/\/www.indieofilo.com\/wp-content\/uploads\/2015\/02\/logo-alta-resolucion.png\",\"width\":544,\"height\":185,\"caption\":\"Indie\u00f3filo Web\"},\"image\":{\"@id\":\"https:\/\/www.indieofilo.com\/#\/schema\/logo\/image\/\"},\"sameAs\":[\"https:\/\/www.facebook.com\/Indieofilo\/\",\"https:\/\/x.com\/indieofilo\",\"https:\/\/www.instagram.com\/indieofilo\/\"]},{\"@type\":\"Person\",\"@id\":\"https:\/\/www.indieofilo.com\/#\/schema\/person\/595334d38590e4ce5a09f83cbf2fca90\",\"name\":\"Victor\",\"image\":{\"@type\":\"ImageObject\",\"inLanguage\":\"en-US\",\"@id\":\"https:\/\/www.indieofilo.com\/#\/schema\/person\/image\/\",\"url\":\"https:\/\/secure.gravatar.com\/avatar\/682b8c6ea3e94b6cffec683b25f1797d?s=96&d=mm&r=g\",\"contentUrl\":\"https:\/\/secure.gravatar.com\/avatar\/682b8c6ea3e94b6cffec683b25f1797d?s=96&d=mm&r=g\",\"caption\":\"Victor\"},\"description\":\"Fan\u00e1tico de la m\u00fasica desde que mis padres me pon\u00edan a Eydie Gorme y Los Panchos o el Discotuna por la A2. Intent\u00e9 tocar varios instrumentos, pero soy muy torpe con la mano izquierda, as\u00ed que ya sab\u00e9is el resultado final. Fan del britpop, Post-punk, el rugby y el baloncesto...\",\"sameAs\":[\"http:\/\/indieofilo.com\"],\"url\":\"https:\/\/www.indieofilo.com\/en\/author\/victor\"}]}<\/script>\n<!-- \/ Yoast SEO Premium plugin. -->","yoast_head_json":{"title":"Squid reveals European tour in September 2023 - Indie\u00f3filo","description":"The English band have today announced a tour which will start on the 6th of September in Cologne and will end on the 1st of November in London.","robots":{"index":"index","follow":"follow","max-snippet":"max-snippet:-1","max-image-preview":"max-image-preview:large","max-video-preview":"max-video-preview:-1"},"canonical":"https:\/\/www.indieofilo.com\/en\/news\/squid-reveals-european-tour-in-september-2023","og_locale":"en_US","og_type":"article","og_title":"Squid reveals European tour in September 2023","og_description":"The English band have today announced a tour which will start on the 6th of September in Cologne and will end on the 1st of November in London.","og_url":"https:\/\/www.indieofilo.com\/en\/news\/squid-reveals-european-tour-in-september-2023","og_site_name":"Indie\u00f3filo","article_publisher":"https:\/\/www.facebook.com\/Indieofilo\/","article_published_time":"2023-02-14T11:27:34+00:00","article_modified_time":"2023-10-17T11:43:26+00:00","og_image":[{"width":800,"height":800,"url":"https:\/\/www.indieofilo.com\/wp-content\/uploads\/2023\/02\/squid_espana_2023.jpg","type":"image\/jpeg"}],"author":"Victor","twitter_card":"summary_large_image","twitter_creator":"@indieofilo","twitter_site":"@indieofilo","twitter_misc":{"Written by":"Victor","Est. reading time":"1 minute"},"schema":{"@context":"https:\/\/schema.org","@graph":[{"@type":"Article","@id":"https:\/\/www.indieofilo.com\/en\/news\/squid-reveals-european-tour-in-september-2023#article","isPartOf":{"@id":"https:\/\/www.indieofilo.com\/en\/news\/squid-reveals-european-tour-in-september-2023"},"author":{"name":"Victor","@id":"https:\/\/www.indieofilo.com\/#\/schema\/person\/595334d38590e4ce5a09f83cbf2fca90"},"headline":"Squid reveals European tour in September 2023","datePublished":"2023-02-14T11:27:34+00:00","dateModified":"2023-10-17T11:43:26+00:00","mainEntityOfPage":{"@id":"https:\/\/www.indieofilo.com\/en\/news\/squid-reveals-european-tour-in-september-2023"},"wordCount":143,"commentCount":0,"publisher":{"@id":"https:\/\/www.indieofilo.com\/#organization"},"image":{"@id":"https:\/\/www.indieofilo.com\/en\/news\/squid-reveals-european-tour-in-september-2023#primaryimage"},"thumbnailUrl":"https:\/\/www.indieofilo.com\/wp-content\/uploads\/2023\/02\/squid_espana_2023.jpg","keywords":["Squid"],"articleSection":["Live Shows","News"],"inLanguage":"en-US","potentialAction":[{"@type":"CommentAction","name":"Comment","target":["https:\/\/www.indieofilo.com\/en\/news\/squid-reveals-european-tour-in-september-2023#respond"]}]},{"@type":"WebPage","@id":"https:\/\/www.indieofilo.com\/en\/news\/squid-reveals-european-tour-in-september-2023","url":"https:\/\/www.indieofilo.com\/en\/news\/squid-reveals-european-tour-in-september-2023","name":"Squid reveals European tour in September 2023 - Indie\u00f3filo","isPartOf":{"@id":"https:\/\/www.indieofilo.com\/#website"},"primaryImageOfPage":{"@id":"https:\/\/www.indieofilo.com\/en\/news\/squid-reveals-european-tour-in-september-2023#primaryimage"},"image":{"@id":"https:\/\/www.indieofilo.com\/en\/news\/squid-reveals-european-tour-in-september-2023#primaryimage"},"thumbnailUrl":"https:\/\/www.indieofilo.com\/wp-content\/uploads\/2023\/02\/squid_espana_2023.jpg","datePublished":"2023-02-14T11:27:34+00:00","dateModified":"2023-10-17T11:43:26+00:00","description":"The English band have today announced a tour which will start on the 6th of September in Cologne and will end on the 1st of November in London.","breadcrumb":{"@id":"https:\/\/www.indieofilo.com\/en\/news\/squid-reveals-european-tour-in-september-2023#breadcrumb"},"inLanguage":"en-US","potentialAction":[{"@type":"ReadAction","target":["https:\/\/www.indieofilo.com\/en\/news\/squid-reveals-european-tour-in-september-2023"]}]},{"@type":"ImageObject","inLanguage":"en-US","@id":"https:\/\/www.indieofilo.com\/en\/news\/squid-reveals-european-tour-in-september-2023#primaryimage","url":"https:\/\/www.indieofilo.com\/wp-content\/uploads\/2023\/02\/squid_espana_2023.jpg","contentUrl":"https:\/\/www.indieofilo.com\/wp-content\/uploads\/2023\/02\/squid_espana_2023.jpg","width":800,"height":800},{"@type":"BreadcrumbList","@id":"https:\/\/www.indieofilo.com\/en\/news\/squid-reveals-european-tour-in-september-2023#breadcrumb","itemListElement":[{"@type":"ListItem","position":1,"name":"Portada","item":"https:\/\/www.indieofilo.com\/en"},{"@type":"ListItem","position":2,"name":"Squid reveals European tour in September 2023"}]},{"@type":"WebSite","@id":"https:\/\/www.indieofilo.com\/#website","url":"https:\/\/www.indieofilo.com\/","name":"Indie\u00f3filo","description":"Magazine online de la cultura independiente","publisher":{"@id":"https:\/\/www.indieofilo.com\/#organization"},"potentialAction":[{"@type":"SearchAction","target":{"@type":"EntryPoint","urlTemplate":"https:\/\/www.indieofilo.com\/?s={search_term_string}"},"query-input":{"@type":"PropertyValueSpecification","valueRequired":true,"valueName":"search_term_string"}}],"inLanguage":"en-US"},{"@type":"Organization","@id":"https:\/\/www.indieofilo.com\/#organization","name":"Indie\u00f3filo Web","url":"https:\/\/www.indieofilo.com\/","logo":{"@type":"ImageObject","inLanguage":"en-US","@id":"https:\/\/www.indieofilo.com\/#\/schema\/logo\/image\/","url":"https:\/\/www.indieofilo.com\/wp-content\/uploads\/2015\/02\/logo-alta-resolucion.png","contentUrl":"https:\/\/www.indieofilo.com\/wp-content\/uploads\/2015\/02\/logo-alta-resolucion.png","width":544,"height":185,"caption":"Indie\u00f3filo Web"},"image":{"@id":"https:\/\/www.indieofilo.com\/#\/schema\/logo\/image\/"},"sameAs":["https:\/\/www.facebook.com\/Indieofilo\/","https:\/\/x.com\/indieofilo","https:\/\/www.instagram.com\/indieofilo\/"]},{"@type":"Person","@id":"https:\/\/www.indieofilo.com\/#\/schema\/person\/595334d38590e4ce5a09f83cbf2fca90","name":"Victor","image":{"@type":"ImageObject","inLanguage":"en-US","@id":"https:\/\/www.indieofilo.com\/#\/schema\/person\/image\/","url":"https:\/\/secure.gravatar.com\/avatar\/682b8c6ea3e94b6cffec683b25f1797d?s=96&d=mm&r=g","contentUrl":"https:\/\/secure.gravatar.com\/avatar\/682b8c6ea3e94b6cffec683b25f1797d?s=96&d=mm&r=g","caption":"Victor"},"description":"Fan\u00e1tico de la m\u00fasica desde que mis padres me pon\u00edan a Eydie Gorme y Los Panchos o el Discotuna por la A2. Intent\u00e9 tocar varios instrumentos, pero soy muy torpe con la mano izquierda, as\u00ed que ya sab\u00e9is el resultado final. Fan del britpop, Post-punk, el rugby y el baloncesto...","sameAs":["http:\/\/indieofilo.com"],"url":"https:\/\/www.indieofilo.com\/en\/author\/victor"}]}},"_links":{"self":[{"href":"https:\/\/www.indieofilo.com\/en\/wp-json\/wp\/v2\/posts\/34765","targetHints":{"allow":["GET"]}}],"collection":[{"href":"https:\/\/www.indieofilo.com\/en\/wp-json\/wp\/v2\/posts"}],"about":[{"href":"https:\/\/www.indieofilo.com\/en\/wp-json\/wp\/v2\/types\/post"}],"author":[{"embeddable":true,"href":"https:\/\/www.indieofilo.com\/en\/wp-json\/wp\/v2\/users\/1"}],"replies":[{"embeddable":true,"href":"https:\/\/www.indieofilo.com\/en\/wp-json\/wp\/v2\/comments?post=34765"}],"version-history":[{"count":0,"href":"https:\/\/www.indieofilo.com\/en\/wp-json\/wp\/v2\/posts\/34765\/revisions"}],"wp:featuredmedia":[{"embeddable":true,"href":"https:\/\/www.indieofilo.com\/en\/wp-json\/wp\/v2\/media\/27099"}],"wp:attachment":[{"href":"https:\/\/www.indieofilo.com\/en\/wp-json\/wp\/v2\/media?parent=34765"}],"wp:term":[{"taxonomy":"category","embeddable":true,"href":"https:\/\/www.indieofilo.com\/en\/wp-json\/wp\/v2\/categories?post=34765"},{"taxonomy":"post_tag","embeddable":true,"href":"https:\/\/www.indieofilo.com\/en\/wp-json\/wp\/v2\/tags?post=34765"}],"curies":[{"name":"wp","href":"https:\/\/api.w.org\/{rel}","templated":true}]}}