{"id":3201,"date":"2015-12-10T18:59:48","date_gmt":"2015-12-10T17:59:48","guid":{"rendered":"http:\/\/indieofilo.com\/?p=3201"},"modified":"2023-09-19T16:11:07","modified_gmt":"2023-09-19T14:11:07","slug":"the-national-confirmed-for-down-the-rabbit-hole-2016","status":"publish","type":"post","link":"https:\/\/www.indieofilo.com\/en\/news\/live-shows\/the-national-confirmed-for-down-the-rabbit-hole-2016","title":{"rendered":"The National confirmed for Down The Rabbit Hole 2016"},"content":{"rendered":"<p><img fetchpriority=\"high\" decoding=\"async\" alt=\"Down The rabbit hole 2016 - The National\" class=\"aligncenter size-full wp-image-3204\" height=\"258\" src=\"http:\/\/indieofilo.com\/wp-content\/uploads\/2015\/12\/Down-The-rabbit-hole-2016-The-National.jpg\" width=\"600\" srcset=\"https:\/\/www.indieofilo.com\/wp-content\/uploads\/2015\/12\/Down-The-rabbit-hole-2016-The-National.jpg 600w, https:\/\/www.indieofilo.com\/wp-content\/uploads\/2015\/12\/Down-The-rabbit-hole-2016-The-National-300x129.jpg 300w\" sizes=\"(max-width: 600px) 100vw, 600px\" \/><\/p>\n<p>The little brother of famous Lowlands, <strong>Down The Rabbit Hole<\/strong>, have announced the first acts for its line-up. The Dutch festival that takes places from Friday 24th until Sunday 26th June on&nbsp; De Groene Heuvels, will have this year Americans <strong>The National<\/strong> as big headliner, while<strong> Mac DeMarco, Glen Hansard, Courtney Barnett, Ty Segall and the Muggers, Mura Masa, Dubioza Kolektiv, The London Souls, Pat Thomas &amp; Kwashibu Area Band<\/strong> and <strong>Sonido Gallo Negro<\/strong> were also confirmed.<\/p>\n<p>We inform you that next 5th January, 8,000 early bird weekend tickets will go on sale priced at 99 euros (regular festival ticket &euro;125).<\/p>\n","protected":false},"excerpt":{"rendered":"<p>The little brother of famous Lowlands, Down The Rabbit Hole, have announced the first acts for its line-up. The Dutch festival that takes places from Friday 24th until Sunday 26th June on&nbsp; De Groene Heuvels, will have this year Americans The National as big headliner, while Mac DeMarco, Glen Hansard, Courtney Barnett, Ty Segall and [&hellip;]<\/p>\n","protected":false},"author":1,"featured_media":3204,"comment_status":"open","ping_status":"closed","sticky":false,"template":"","format":"standard","meta":{"footnotes":""},"categories":[41,8],"tags":[5021,5555,5813,5674,5598,5029,6204,6205,6099,5213,6206],"class_list":["post-3201","post","type-post","status-publish","format-standard","has-post-thumbnail","hentry","category-live-shows","category-news","tag-courtney-barnett-en","tag-down-the-rabbit-hole-en","tag-down-the-rabbit-hole-2016-en","tag-dubioza-kolektiv-en","tag-glen-hansard-en","tag-mac-demarco-en","tag-mura-masa-en","tag-pat-thomas-kwashibu-area-band-en","tag-the-london-souls-en","tag-the-national-en","tag-ty-segall-and-the-muggers-en"],"yoast_head":"<!-- This site is optimized with the Yoast SEO Premium plugin v23.9 (Yoast SEO v26.6) - https:\/\/yoast.com\/wordpress\/plugins\/seo\/ -->\n<title>The National confirmed for Down The Rabbit Hole 2016<\/title>\n<meta name=\"description\" content=\"The Americans, and also Mac DeMarco, Glen Hansard, Courtney Barnett, Ty Segall and the Muggers, among the first bands confirmed.\" \/>\n<meta name=\"robots\" content=\"index, follow, max-snippet:-1, max-image-preview:large, max-video-preview:-1\" \/>\n<link rel=\"canonical\" href=\"https:\/\/www.indieofilo.com\/en\/news\/the-national-confirmed-for-down-the-rabbit-hole-2016\" \/>\n<meta property=\"og:locale\" content=\"en_US\" \/>\n<meta property=\"og:type\" content=\"article\" \/>\n<meta property=\"og:title\" content=\"The National confirmed for Down The Rabbit Hole 2016\" \/>\n<meta property=\"og:description\" content=\"The Americans, and also Mac DeMarco, Glen Hansard, Courtney Barnett, Ty Segall and the Muggers, among the first bands confirmed.\" \/>\n<meta property=\"og:url\" content=\"https:\/\/www.indieofilo.com\/en\/news\/the-national-confirmed-for-down-the-rabbit-hole-2016\" \/>\n<meta property=\"og:site_name\" content=\"Indie\u00f3filo\" \/>\n<meta property=\"article:publisher\" content=\"https:\/\/www.facebook.com\/Indieofilo\/\" \/>\n<meta property=\"article:published_time\" content=\"2015-12-10T17:59:48+00:00\" \/>\n<meta property=\"article:modified_time\" content=\"2023-09-19T14:11:07+00:00\" \/>\n<meta property=\"og:image\" content=\"https:\/\/www.indieofilo.com\/wp-content\/uploads\/2015\/12\/Down-The-rabbit-hole-2016-The-National.jpg\" \/>\n\t<meta property=\"og:image:width\" content=\"600\" \/>\n\t<meta property=\"og:image:height\" content=\"258\" \/>\n\t<meta property=\"og:image:type\" content=\"image\/jpeg\" \/>\n<meta name=\"author\" content=\"Victor\" \/>\n<meta name=\"twitter:card\" content=\"summary_large_image\" \/>\n<meta name=\"twitter:creator\" content=\"@indieofilo\" \/>\n<meta name=\"twitter:site\" content=\"@indieofilo\" \/>\n<meta name=\"twitter:label1\" content=\"Written by\" \/>\n\t<meta name=\"twitter:data1\" content=\"Victor\" \/>\n\t<meta name=\"twitter:label2\" content=\"Est. reading time\" \/>\n\t<meta name=\"twitter:data2\" content=\"1 minute\" \/>\n<script type=\"application\/ld+json\" class=\"yoast-schema-graph\">{\"@context\":\"https:\/\/schema.org\",\"@graph\":[{\"@type\":\"Article\",\"@id\":\"https:\/\/www.indieofilo.com\/en\/news\/the-national-confirmed-for-down-the-rabbit-hole-2016#article\",\"isPartOf\":{\"@id\":\"https:\/\/www.indieofilo.com\/en\/news\/the-national-confirmed-for-down-the-rabbit-hole-2016\"},\"author\":{\"name\":\"Victor\",\"@id\":\"https:\/\/www.indieofilo.com\/#\/schema\/person\/595334d38590e4ce5a09f83cbf2fca90\"},\"headline\":\"The National confirmed for Down The Rabbit Hole 2016\",\"datePublished\":\"2015-12-10T17:59:48+00:00\",\"dateModified\":\"2023-09-19T14:11:07+00:00\",\"mainEntityOfPage\":{\"@id\":\"https:\/\/www.indieofilo.com\/en\/news\/the-national-confirmed-for-down-the-rabbit-hole-2016\"},\"wordCount\":108,\"commentCount\":0,\"publisher\":{\"@id\":\"https:\/\/www.indieofilo.com\/#organization\"},\"image\":{\"@id\":\"https:\/\/www.indieofilo.com\/en\/news\/the-national-confirmed-for-down-the-rabbit-hole-2016#primaryimage\"},\"thumbnailUrl\":\"https:\/\/www.indieofilo.com\/wp-content\/uploads\/2015\/12\/Down-The-rabbit-hole-2016-The-National.jpg\",\"keywords\":[\"Courtney Barnett\",\"Down The Rabbit Hole\",\"Down The Rabbit Hole 2016\",\"Dubioza Kolektiv\",\"Glen Hansard\",\"Mac DeMarco\",\"Mura Masa\",\"Pat Thomas &amp; Kwashibu Area Band\",\"The London Souls\",\"The National\",\"Ty Segall and the Muggers\"],\"articleSection\":[\"Live Shows\",\"News\"],\"inLanguage\":\"en-US\",\"potentialAction\":[{\"@type\":\"CommentAction\",\"name\":\"Comment\",\"target\":[\"https:\/\/www.indieofilo.com\/en\/news\/the-national-confirmed-for-down-the-rabbit-hole-2016#respond\"]}]},{\"@type\":\"WebPage\",\"@id\":\"https:\/\/www.indieofilo.com\/en\/news\/the-national-confirmed-for-down-the-rabbit-hole-2016\",\"url\":\"https:\/\/www.indieofilo.com\/en\/news\/the-national-confirmed-for-down-the-rabbit-hole-2016\",\"name\":\"The National confirmed for Down The Rabbit Hole 2016\",\"isPartOf\":{\"@id\":\"https:\/\/www.indieofilo.com\/#website\"},\"primaryImageOfPage\":{\"@id\":\"https:\/\/www.indieofilo.com\/en\/news\/the-national-confirmed-for-down-the-rabbit-hole-2016#primaryimage\"},\"image\":{\"@id\":\"https:\/\/www.indieofilo.com\/en\/news\/the-national-confirmed-for-down-the-rabbit-hole-2016#primaryimage\"},\"thumbnailUrl\":\"https:\/\/www.indieofilo.com\/wp-content\/uploads\/2015\/12\/Down-The-rabbit-hole-2016-The-National.jpg\",\"datePublished\":\"2015-12-10T17:59:48+00:00\",\"dateModified\":\"2023-09-19T14:11:07+00:00\",\"description\":\"The Americans, and also Mac DeMarco, Glen Hansard, Courtney Barnett, Ty Segall and the Muggers, among the first bands confirmed.\",\"breadcrumb\":{\"@id\":\"https:\/\/www.indieofilo.com\/en\/news\/the-national-confirmed-for-down-the-rabbit-hole-2016#breadcrumb\"},\"inLanguage\":\"en-US\",\"potentialAction\":[{\"@type\":\"ReadAction\",\"target\":[\"https:\/\/www.indieofilo.com\/en\/news\/the-national-confirmed-for-down-the-rabbit-hole-2016\"]}]},{\"@type\":\"ImageObject\",\"inLanguage\":\"en-US\",\"@id\":\"https:\/\/www.indieofilo.com\/en\/news\/the-national-confirmed-for-down-the-rabbit-hole-2016#primaryimage\",\"url\":\"https:\/\/www.indieofilo.com\/wp-content\/uploads\/2015\/12\/Down-The-rabbit-hole-2016-The-National.jpg\",\"contentUrl\":\"https:\/\/www.indieofilo.com\/wp-content\/uploads\/2015\/12\/Down-The-rabbit-hole-2016-The-National.jpg\",\"width\":600,\"height\":258,\"caption\":\"Down The rabbit hole 2016 - The National\"},{\"@type\":\"BreadcrumbList\",\"@id\":\"https:\/\/www.indieofilo.com\/en\/news\/the-national-confirmed-for-down-the-rabbit-hole-2016#breadcrumb\",\"itemListElement\":[{\"@type\":\"ListItem\",\"position\":1,\"name\":\"Portada\",\"item\":\"https:\/\/www.indieofilo.com\/en\"},{\"@type\":\"ListItem\",\"position\":2,\"name\":\"The National confirmed for Down The Rabbit Hole 2016\"}]},{\"@type\":\"WebSite\",\"@id\":\"https:\/\/www.indieofilo.com\/#website\",\"url\":\"https:\/\/www.indieofilo.com\/\",\"name\":\"Indie\u00f3filo\",\"description\":\"Magazine online de la cultura independiente\",\"publisher\":{\"@id\":\"https:\/\/www.indieofilo.com\/#organization\"},\"potentialAction\":[{\"@type\":\"SearchAction\",\"target\":{\"@type\":\"EntryPoint\",\"urlTemplate\":\"https:\/\/www.indieofilo.com\/?s={search_term_string}\"},\"query-input\":{\"@type\":\"PropertyValueSpecification\",\"valueRequired\":true,\"valueName\":\"search_term_string\"}}],\"inLanguage\":\"en-US\"},{\"@type\":\"Organization\",\"@id\":\"https:\/\/www.indieofilo.com\/#organization\",\"name\":\"Indie\u00f3filo Web\",\"url\":\"https:\/\/www.indieofilo.com\/\",\"logo\":{\"@type\":\"ImageObject\",\"inLanguage\":\"en-US\",\"@id\":\"https:\/\/www.indieofilo.com\/#\/schema\/logo\/image\/\",\"url\":\"https:\/\/www.indieofilo.com\/wp-content\/uploads\/2015\/02\/logo-alta-resolucion.png\",\"contentUrl\":\"https:\/\/www.indieofilo.com\/wp-content\/uploads\/2015\/02\/logo-alta-resolucion.png\",\"width\":544,\"height\":185,\"caption\":\"Indie\u00f3filo Web\"},\"image\":{\"@id\":\"https:\/\/www.indieofilo.com\/#\/schema\/logo\/image\/\"},\"sameAs\":[\"https:\/\/www.facebook.com\/Indieofilo\/\",\"https:\/\/x.com\/indieofilo\",\"https:\/\/www.instagram.com\/indieofilo\/\"]},{\"@type\":\"Person\",\"@id\":\"https:\/\/www.indieofilo.com\/#\/schema\/person\/595334d38590e4ce5a09f83cbf2fca90\",\"name\":\"Victor\",\"image\":{\"@type\":\"ImageObject\",\"inLanguage\":\"en-US\",\"@id\":\"https:\/\/www.indieofilo.com\/#\/schema\/person\/image\/\",\"url\":\"https:\/\/secure.gravatar.com\/avatar\/682b8c6ea3e94b6cffec683b25f1797d?s=96&d=mm&r=g\",\"contentUrl\":\"https:\/\/secure.gravatar.com\/avatar\/682b8c6ea3e94b6cffec683b25f1797d?s=96&d=mm&r=g\",\"caption\":\"Victor\"},\"description\":\"Fan\u00e1tico de la m\u00fasica desde que mis padres me pon\u00edan a Eydie Gorme y Los Panchos o el Discotuna por la A2. Intent\u00e9 tocar varios instrumentos, pero soy muy torpe con la mano izquierda, as\u00ed que ya sab\u00e9is el resultado final. Fan del britpop, Post-punk, el rugby y el baloncesto...\",\"sameAs\":[\"http:\/\/indieofilo.com\"],\"url\":\"https:\/\/www.indieofilo.com\/en\/author\/victor\"}]}<\/script>\n<!-- \/ Yoast SEO Premium plugin. -->","yoast_head_json":{"title":"The National confirmed for Down The Rabbit Hole 2016","description":"The Americans, and also Mac DeMarco, Glen Hansard, Courtney Barnett, Ty Segall and the Muggers, among the first bands confirmed.","robots":{"index":"index","follow":"follow","max-snippet":"max-snippet:-1","max-image-preview":"max-image-preview:large","max-video-preview":"max-video-preview:-1"},"canonical":"https:\/\/www.indieofilo.com\/en\/news\/the-national-confirmed-for-down-the-rabbit-hole-2016","og_locale":"en_US","og_type":"article","og_title":"The National confirmed for Down The Rabbit Hole 2016","og_description":"The Americans, and also Mac DeMarco, Glen Hansard, Courtney Barnett, Ty Segall and the Muggers, among the first bands confirmed.","og_url":"https:\/\/www.indieofilo.com\/en\/news\/the-national-confirmed-for-down-the-rabbit-hole-2016","og_site_name":"Indie\u00f3filo","article_publisher":"https:\/\/www.facebook.com\/Indieofilo\/","article_published_time":"2015-12-10T17:59:48+00:00","article_modified_time":"2023-09-19T14:11:07+00:00","og_image":[{"width":600,"height":258,"url":"https:\/\/www.indieofilo.com\/wp-content\/uploads\/2015\/12\/Down-The-rabbit-hole-2016-The-National.jpg","type":"image\/jpeg"}],"author":"Victor","twitter_card":"summary_large_image","twitter_creator":"@indieofilo","twitter_site":"@indieofilo","twitter_misc":{"Written by":"Victor","Est. reading time":"1 minute"},"schema":{"@context":"https:\/\/schema.org","@graph":[{"@type":"Article","@id":"https:\/\/www.indieofilo.com\/en\/news\/the-national-confirmed-for-down-the-rabbit-hole-2016#article","isPartOf":{"@id":"https:\/\/www.indieofilo.com\/en\/news\/the-national-confirmed-for-down-the-rabbit-hole-2016"},"author":{"name":"Victor","@id":"https:\/\/www.indieofilo.com\/#\/schema\/person\/595334d38590e4ce5a09f83cbf2fca90"},"headline":"The National confirmed for Down The Rabbit Hole 2016","datePublished":"2015-12-10T17:59:48+00:00","dateModified":"2023-09-19T14:11:07+00:00","mainEntityOfPage":{"@id":"https:\/\/www.indieofilo.com\/en\/news\/the-national-confirmed-for-down-the-rabbit-hole-2016"},"wordCount":108,"commentCount":0,"publisher":{"@id":"https:\/\/www.indieofilo.com\/#organization"},"image":{"@id":"https:\/\/www.indieofilo.com\/en\/news\/the-national-confirmed-for-down-the-rabbit-hole-2016#primaryimage"},"thumbnailUrl":"https:\/\/www.indieofilo.com\/wp-content\/uploads\/2015\/12\/Down-The-rabbit-hole-2016-The-National.jpg","keywords":["Courtney Barnett","Down The Rabbit Hole","Down The Rabbit Hole 2016","Dubioza Kolektiv","Glen Hansard","Mac DeMarco","Mura Masa","Pat Thomas &amp; Kwashibu Area Band","The London Souls","The National","Ty Segall and the Muggers"],"articleSection":["Live Shows","News"],"inLanguage":"en-US","potentialAction":[{"@type":"CommentAction","name":"Comment","target":["https:\/\/www.indieofilo.com\/en\/news\/the-national-confirmed-for-down-the-rabbit-hole-2016#respond"]}]},{"@type":"WebPage","@id":"https:\/\/www.indieofilo.com\/en\/news\/the-national-confirmed-for-down-the-rabbit-hole-2016","url":"https:\/\/www.indieofilo.com\/en\/news\/the-national-confirmed-for-down-the-rabbit-hole-2016","name":"The National confirmed for Down The Rabbit Hole 2016","isPartOf":{"@id":"https:\/\/www.indieofilo.com\/#website"},"primaryImageOfPage":{"@id":"https:\/\/www.indieofilo.com\/en\/news\/the-national-confirmed-for-down-the-rabbit-hole-2016#primaryimage"},"image":{"@id":"https:\/\/www.indieofilo.com\/en\/news\/the-national-confirmed-for-down-the-rabbit-hole-2016#primaryimage"},"thumbnailUrl":"https:\/\/www.indieofilo.com\/wp-content\/uploads\/2015\/12\/Down-The-rabbit-hole-2016-The-National.jpg","datePublished":"2015-12-10T17:59:48+00:00","dateModified":"2023-09-19T14:11:07+00:00","description":"The Americans, and also Mac DeMarco, Glen Hansard, Courtney Barnett, Ty Segall and the Muggers, among the first bands confirmed.","breadcrumb":{"@id":"https:\/\/www.indieofilo.com\/en\/news\/the-national-confirmed-for-down-the-rabbit-hole-2016#breadcrumb"},"inLanguage":"en-US","potentialAction":[{"@type":"ReadAction","target":["https:\/\/www.indieofilo.com\/en\/news\/the-national-confirmed-for-down-the-rabbit-hole-2016"]}]},{"@type":"ImageObject","inLanguage":"en-US","@id":"https:\/\/www.indieofilo.com\/en\/news\/the-national-confirmed-for-down-the-rabbit-hole-2016#primaryimage","url":"https:\/\/www.indieofilo.com\/wp-content\/uploads\/2015\/12\/Down-The-rabbit-hole-2016-The-National.jpg","contentUrl":"https:\/\/www.indieofilo.com\/wp-content\/uploads\/2015\/12\/Down-The-rabbit-hole-2016-The-National.jpg","width":600,"height":258,"caption":"Down The rabbit hole 2016 - The National"},{"@type":"BreadcrumbList","@id":"https:\/\/www.indieofilo.com\/en\/news\/the-national-confirmed-for-down-the-rabbit-hole-2016#breadcrumb","itemListElement":[{"@type":"ListItem","position":1,"name":"Portada","item":"https:\/\/www.indieofilo.com\/en"},{"@type":"ListItem","position":2,"name":"The National confirmed for Down The Rabbit Hole 2016"}]},{"@type":"WebSite","@id":"https:\/\/www.indieofilo.com\/#website","url":"https:\/\/www.indieofilo.com\/","name":"Indie\u00f3filo","description":"Magazine online de la cultura independiente","publisher":{"@id":"https:\/\/www.indieofilo.com\/#organization"},"potentialAction":[{"@type":"SearchAction","target":{"@type":"EntryPoint","urlTemplate":"https:\/\/www.indieofilo.com\/?s={search_term_string}"},"query-input":{"@type":"PropertyValueSpecification","valueRequired":true,"valueName":"search_term_string"}}],"inLanguage":"en-US"},{"@type":"Organization","@id":"https:\/\/www.indieofilo.com\/#organization","name":"Indie\u00f3filo Web","url":"https:\/\/www.indieofilo.com\/","logo":{"@type":"ImageObject","inLanguage":"en-US","@id":"https:\/\/www.indieofilo.com\/#\/schema\/logo\/image\/","url":"https:\/\/www.indieofilo.com\/wp-content\/uploads\/2015\/02\/logo-alta-resolucion.png","contentUrl":"https:\/\/www.indieofilo.com\/wp-content\/uploads\/2015\/02\/logo-alta-resolucion.png","width":544,"height":185,"caption":"Indie\u00f3filo Web"},"image":{"@id":"https:\/\/www.indieofilo.com\/#\/schema\/logo\/image\/"},"sameAs":["https:\/\/www.facebook.com\/Indieofilo\/","https:\/\/x.com\/indieofilo","https:\/\/www.instagram.com\/indieofilo\/"]},{"@type":"Person","@id":"https:\/\/www.indieofilo.com\/#\/schema\/person\/595334d38590e4ce5a09f83cbf2fca90","name":"Victor","image":{"@type":"ImageObject","inLanguage":"en-US","@id":"https:\/\/www.indieofilo.com\/#\/schema\/person\/image\/","url":"https:\/\/secure.gravatar.com\/avatar\/682b8c6ea3e94b6cffec683b25f1797d?s=96&d=mm&r=g","contentUrl":"https:\/\/secure.gravatar.com\/avatar\/682b8c6ea3e94b6cffec683b25f1797d?s=96&d=mm&r=g","caption":"Victor"},"description":"Fan\u00e1tico de la m\u00fasica desde que mis padres me pon\u00edan a Eydie Gorme y Los Panchos o el Discotuna por la A2. Intent\u00e9 tocar varios instrumentos, pero soy muy torpe con la mano izquierda, as\u00ed que ya sab\u00e9is el resultado final. Fan del britpop, Post-punk, el rugby y el baloncesto...","sameAs":["http:\/\/indieofilo.com"],"url":"https:\/\/www.indieofilo.com\/en\/author\/victor"}]}},"_links":{"self":[{"href":"https:\/\/www.indieofilo.com\/en\/wp-json\/wp\/v2\/posts\/3201","targetHints":{"allow":["GET"]}}],"collection":[{"href":"https:\/\/www.indieofilo.com\/en\/wp-json\/wp\/v2\/posts"}],"about":[{"href":"https:\/\/www.indieofilo.com\/en\/wp-json\/wp\/v2\/types\/post"}],"author":[{"embeddable":true,"href":"https:\/\/www.indieofilo.com\/en\/wp-json\/wp\/v2\/users\/1"}],"replies":[{"embeddable":true,"href":"https:\/\/www.indieofilo.com\/en\/wp-json\/wp\/v2\/comments?post=3201"}],"version-history":[{"count":0,"href":"https:\/\/www.indieofilo.com\/en\/wp-json\/wp\/v2\/posts\/3201\/revisions"}],"wp:featuredmedia":[{"embeddable":true,"href":"https:\/\/www.indieofilo.com\/en\/wp-json\/wp\/v2\/media\/3204"}],"wp:attachment":[{"href":"https:\/\/www.indieofilo.com\/en\/wp-json\/wp\/v2\/media?parent=3201"}],"wp:term":[{"taxonomy":"category","embeddable":true,"href":"https:\/\/www.indieofilo.com\/en\/wp-json\/wp\/v2\/categories?post=3201"},{"taxonomy":"post_tag","embeddable":true,"href":"https:\/\/www.indieofilo.com\/en\/wp-json\/wp\/v2\/tags?post=3201"}],"curies":[{"name":"wp","href":"https:\/\/api.w.org\/{rel}","templated":true}]}}