{"id":3197,"date":"2015-11-25T18:51:56","date_gmt":"2015-11-25T17:51:56","guid":{"rendered":"http:\/\/indieofilo.com\/?p=3197"},"modified":"2023-09-20T11:45:29","modified_gmt":"2023-09-20T09:45:29","slug":"sigur-ros-will-be-headlining-lowlands-2016","status":"publish","type":"post","link":"https:\/\/www.indieofilo.com\/en\/news\/live-shows\/sigur-ros-will-be-headlining-lowlands-2016","title":{"rendered":"Sigur Ros will be headlining Lowlands 2016"},"content":{"rendered":"<p style=\"text-align: justify;\">\n\t<img fetchpriority=\"high\" decoding=\"async\" alt=\"Sigur Ros - Lowlands 2016\" class=\"aligncenter size-full wp-image-3199\" height=\"232\" src=\"http:\/\/indieofilo.com\/wp-content\/uploads\/2015\/11\/Sigur-Ros-Lowlands-2016.jpg\" width=\"600\" srcset=\"https:\/\/www.indieofilo.com\/wp-content\/uploads\/2015\/11\/Sigur-Ros-Lowlands-2016.jpg 600w, https:\/\/www.indieofilo.com\/wp-content\/uploads\/2015\/11\/Sigur-Ros-Lowlands-2016-300x116.jpg 300w\" sizes=\"(max-width: 600px) 100vw, 600px\" \/><\/p>\n<p style=\"text-align: justify;\">\n\tIcelandic band <strong>Sigur Ros<\/strong> will be headlining the <strong>Lowlands<\/strong> dutch festival next year, according to the organisers, that also confirmed that the performance will be the only festival performance of the band in the Netherlands in 2016. Their last performance as a band was at Lowlands was in 2008, while frontman <strong>J&oacute;nsi <\/strong>was playing alone 2010.<\/p>\n<p>\tThe festival will be held from 19th to 21th of August at Biddinghuizen and further details about ticket sales &amp; prices are still unknown.<\/p>\n","protected":false},"excerpt":{"rendered":"<p>Icelandic band Sigur Ros will be headlining the Lowlands dutch festival next year, according to the organisers, that also confirmed that the performance will be the only festival performance of the band in the Netherlands in 2016. Their last performance as a band was at Lowlands was in 2008, while frontman J&oacute;nsi was playing alone [&hellip;]<\/p>\n","protected":false},"author":1,"featured_media":3199,"comment_status":"open","ping_status":"closed","sticky":false,"template":"","format":"standard","meta":{"footnotes":""},"categories":[41,8],"tags":[5396,5757,4968],"class_list":["post-3197","post","type-post","status-publish","format-standard","has-post-thumbnail","hentry","category-live-shows","category-news","tag-lowlands-en","tag-lowlands-2016-en","tag-sigur-ros-en"],"yoast_head":"<!-- This site is optimized with the Yoast SEO Premium plugin v23.9 (Yoast SEO v26.6) - https:\/\/yoast.com\/wordpress\/plugins\/seo\/ -->\n<title>Sigur Ros will be headlining Lowlands 2016 - Indie\u00f3filo<\/title>\n<meta name=\"description\" content=\"Organisers also confirmed that the performance will be the only festival performance of the band in the Netherlands in 2016\" \/>\n<meta name=\"robots\" content=\"index, follow, max-snippet:-1, max-image-preview:large, max-video-preview:-1\" \/>\n<link rel=\"canonical\" href=\"https:\/\/www.indieofilo.com\/en\/news\/sigur-ros-will-be-headlining-lowlands-2016\" \/>\n<meta property=\"og:locale\" content=\"en_US\" \/>\n<meta property=\"og:type\" content=\"article\" \/>\n<meta property=\"og:title\" content=\"Sigur Ros will be headlining Lowlands 2016\" \/>\n<meta property=\"og:description\" content=\"Organisers also confirmed that the performance will be the only festival performance of the band in the Netherlands in 2016\" \/>\n<meta property=\"og:url\" content=\"https:\/\/www.indieofilo.com\/en\/news\/sigur-ros-will-be-headlining-lowlands-2016\" \/>\n<meta property=\"og:site_name\" content=\"Indie\u00f3filo\" \/>\n<meta property=\"article:publisher\" content=\"https:\/\/www.facebook.com\/Indieofilo\/\" \/>\n<meta property=\"article:published_time\" content=\"2015-11-25T17:51:56+00:00\" \/>\n<meta property=\"article:modified_time\" content=\"2023-09-20T09:45:29+00:00\" \/>\n<meta property=\"og:image\" content=\"https:\/\/www.indieofilo.com\/wp-content\/uploads\/2015\/11\/Sigur-Ros-Lowlands-2016.jpg\" \/>\n\t<meta property=\"og:image:width\" content=\"600\" \/>\n\t<meta property=\"og:image:height\" content=\"232\" \/>\n\t<meta property=\"og:image:type\" content=\"image\/jpeg\" \/>\n<meta name=\"author\" content=\"Victor\" \/>\n<meta name=\"twitter:card\" content=\"summary_large_image\" \/>\n<meta name=\"twitter:creator\" content=\"@indieofilo\" \/>\n<meta name=\"twitter:site\" content=\"@indieofilo\" \/>\n<meta name=\"twitter:label1\" content=\"Written by\" \/>\n\t<meta name=\"twitter:data1\" content=\"Victor\" \/>\n\t<meta name=\"twitter:label2\" content=\"Est. reading time\" \/>\n\t<meta name=\"twitter:data2\" content=\"1 minute\" \/>\n<script type=\"application\/ld+json\" class=\"yoast-schema-graph\">{\"@context\":\"https:\/\/schema.org\",\"@graph\":[{\"@type\":\"Article\",\"@id\":\"https:\/\/www.indieofilo.com\/en\/news\/sigur-ros-will-be-headlining-lowlands-2016#article\",\"isPartOf\":{\"@id\":\"https:\/\/www.indieofilo.com\/en\/news\/sigur-ros-will-be-headlining-lowlands-2016\"},\"author\":{\"name\":\"Victor\",\"@id\":\"https:\/\/www.indieofilo.com\/#\/schema\/person\/595334d38590e4ce5a09f83cbf2fca90\"},\"headline\":\"Sigur Ros will be headlining Lowlands 2016\",\"datePublished\":\"2015-11-25T17:51:56+00:00\",\"dateModified\":\"2023-09-20T09:45:29+00:00\",\"mainEntityOfPage\":{\"@id\":\"https:\/\/www.indieofilo.com\/en\/news\/sigur-ros-will-be-headlining-lowlands-2016\"},\"wordCount\":85,\"commentCount\":0,\"publisher\":{\"@id\":\"https:\/\/www.indieofilo.com\/#organization\"},\"image\":{\"@id\":\"https:\/\/www.indieofilo.com\/en\/news\/sigur-ros-will-be-headlining-lowlands-2016#primaryimage\"},\"thumbnailUrl\":\"https:\/\/www.indieofilo.com\/wp-content\/uploads\/2015\/11\/Sigur-Ros-Lowlands-2016.jpg\",\"keywords\":[\"Lowlands\",\"Lowlands 2016\",\"Sigur R\u00f3s\"],\"articleSection\":[\"Live Shows\",\"News\"],\"inLanguage\":\"en-US\",\"potentialAction\":[{\"@type\":\"CommentAction\",\"name\":\"Comment\",\"target\":[\"https:\/\/www.indieofilo.com\/en\/news\/sigur-ros-will-be-headlining-lowlands-2016#respond\"]}]},{\"@type\":\"WebPage\",\"@id\":\"https:\/\/www.indieofilo.com\/en\/news\/sigur-ros-will-be-headlining-lowlands-2016\",\"url\":\"https:\/\/www.indieofilo.com\/en\/news\/sigur-ros-will-be-headlining-lowlands-2016\",\"name\":\"Sigur Ros will be headlining Lowlands 2016 - Indie\u00f3filo\",\"isPartOf\":{\"@id\":\"https:\/\/www.indieofilo.com\/#website\"},\"primaryImageOfPage\":{\"@id\":\"https:\/\/www.indieofilo.com\/en\/news\/sigur-ros-will-be-headlining-lowlands-2016#primaryimage\"},\"image\":{\"@id\":\"https:\/\/www.indieofilo.com\/en\/news\/sigur-ros-will-be-headlining-lowlands-2016#primaryimage\"},\"thumbnailUrl\":\"https:\/\/www.indieofilo.com\/wp-content\/uploads\/2015\/11\/Sigur-Ros-Lowlands-2016.jpg\",\"datePublished\":\"2015-11-25T17:51:56+00:00\",\"dateModified\":\"2023-09-20T09:45:29+00:00\",\"description\":\"Organisers also confirmed that the performance will be the only festival performance of the band in the Netherlands in 2016\",\"breadcrumb\":{\"@id\":\"https:\/\/www.indieofilo.com\/en\/news\/sigur-ros-will-be-headlining-lowlands-2016#breadcrumb\"},\"inLanguage\":\"en-US\",\"potentialAction\":[{\"@type\":\"ReadAction\",\"target\":[\"https:\/\/www.indieofilo.com\/en\/news\/sigur-ros-will-be-headlining-lowlands-2016\"]}]},{\"@type\":\"ImageObject\",\"inLanguage\":\"en-US\",\"@id\":\"https:\/\/www.indieofilo.com\/en\/news\/sigur-ros-will-be-headlining-lowlands-2016#primaryimage\",\"url\":\"https:\/\/www.indieofilo.com\/wp-content\/uploads\/2015\/11\/Sigur-Ros-Lowlands-2016.jpg\",\"contentUrl\":\"https:\/\/www.indieofilo.com\/wp-content\/uploads\/2015\/11\/Sigur-Ros-Lowlands-2016.jpg\",\"width\":600,\"height\":232,\"caption\":\"Sigur Ros - Lowlands 2016\"},{\"@type\":\"BreadcrumbList\",\"@id\":\"https:\/\/www.indieofilo.com\/en\/news\/sigur-ros-will-be-headlining-lowlands-2016#breadcrumb\",\"itemListElement\":[{\"@type\":\"ListItem\",\"position\":1,\"name\":\"Portada\",\"item\":\"https:\/\/www.indieofilo.com\/en\"},{\"@type\":\"ListItem\",\"position\":2,\"name\":\"Sigur Ros will be headlining Lowlands 2016\"}]},{\"@type\":\"WebSite\",\"@id\":\"https:\/\/www.indieofilo.com\/#website\",\"url\":\"https:\/\/www.indieofilo.com\/\",\"name\":\"Indie\u00f3filo\",\"description\":\"Magazine online de la cultura independiente\",\"publisher\":{\"@id\":\"https:\/\/www.indieofilo.com\/#organization\"},\"potentialAction\":[{\"@type\":\"SearchAction\",\"target\":{\"@type\":\"EntryPoint\",\"urlTemplate\":\"https:\/\/www.indieofilo.com\/?s={search_term_string}\"},\"query-input\":{\"@type\":\"PropertyValueSpecification\",\"valueRequired\":true,\"valueName\":\"search_term_string\"}}],\"inLanguage\":\"en-US\"},{\"@type\":\"Organization\",\"@id\":\"https:\/\/www.indieofilo.com\/#organization\",\"name\":\"Indie\u00f3filo Web\",\"url\":\"https:\/\/www.indieofilo.com\/\",\"logo\":{\"@type\":\"ImageObject\",\"inLanguage\":\"en-US\",\"@id\":\"https:\/\/www.indieofilo.com\/#\/schema\/logo\/image\/\",\"url\":\"https:\/\/www.indieofilo.com\/wp-content\/uploads\/2015\/02\/logo-alta-resolucion.png\",\"contentUrl\":\"https:\/\/www.indieofilo.com\/wp-content\/uploads\/2015\/02\/logo-alta-resolucion.png\",\"width\":544,\"height\":185,\"caption\":\"Indie\u00f3filo Web\"},\"image\":{\"@id\":\"https:\/\/www.indieofilo.com\/#\/schema\/logo\/image\/\"},\"sameAs\":[\"https:\/\/www.facebook.com\/Indieofilo\/\",\"https:\/\/x.com\/indieofilo\",\"https:\/\/www.instagram.com\/indieofilo\/\"]},{\"@type\":\"Person\",\"@id\":\"https:\/\/www.indieofilo.com\/#\/schema\/person\/595334d38590e4ce5a09f83cbf2fca90\",\"name\":\"Victor\",\"image\":{\"@type\":\"ImageObject\",\"inLanguage\":\"en-US\",\"@id\":\"https:\/\/www.indieofilo.com\/#\/schema\/person\/image\/\",\"url\":\"https:\/\/secure.gravatar.com\/avatar\/682b8c6ea3e94b6cffec683b25f1797d?s=96&d=mm&r=g\",\"contentUrl\":\"https:\/\/secure.gravatar.com\/avatar\/682b8c6ea3e94b6cffec683b25f1797d?s=96&d=mm&r=g\",\"caption\":\"Victor\"},\"description\":\"Fan\u00e1tico de la m\u00fasica desde que mis padres me pon\u00edan a Eydie Gorme y Los Panchos o el Discotuna por la A2. Intent\u00e9 tocar varios instrumentos, pero soy muy torpe con la mano izquierda, as\u00ed que ya sab\u00e9is el resultado final. Fan del britpop, Post-punk, el rugby y el baloncesto...\",\"sameAs\":[\"http:\/\/indieofilo.com\"],\"url\":\"https:\/\/www.indieofilo.com\/en\/author\/victor\"}]}<\/script>\n<!-- \/ Yoast SEO Premium plugin. -->","yoast_head_json":{"title":"Sigur Ros will be headlining Lowlands 2016 - Indie\u00f3filo","description":"Organisers also confirmed that the performance will be the only festival performance of the band in the Netherlands in 2016","robots":{"index":"index","follow":"follow","max-snippet":"max-snippet:-1","max-image-preview":"max-image-preview:large","max-video-preview":"max-video-preview:-1"},"canonical":"https:\/\/www.indieofilo.com\/en\/news\/sigur-ros-will-be-headlining-lowlands-2016","og_locale":"en_US","og_type":"article","og_title":"Sigur Ros will be headlining Lowlands 2016","og_description":"Organisers also confirmed that the performance will be the only festival performance of the band in the Netherlands in 2016","og_url":"https:\/\/www.indieofilo.com\/en\/news\/sigur-ros-will-be-headlining-lowlands-2016","og_site_name":"Indie\u00f3filo","article_publisher":"https:\/\/www.facebook.com\/Indieofilo\/","article_published_time":"2015-11-25T17:51:56+00:00","article_modified_time":"2023-09-20T09:45:29+00:00","og_image":[{"width":600,"height":232,"url":"https:\/\/www.indieofilo.com\/wp-content\/uploads\/2015\/11\/Sigur-Ros-Lowlands-2016.jpg","type":"image\/jpeg"}],"author":"Victor","twitter_card":"summary_large_image","twitter_creator":"@indieofilo","twitter_site":"@indieofilo","twitter_misc":{"Written by":"Victor","Est. reading time":"1 minute"},"schema":{"@context":"https:\/\/schema.org","@graph":[{"@type":"Article","@id":"https:\/\/www.indieofilo.com\/en\/news\/sigur-ros-will-be-headlining-lowlands-2016#article","isPartOf":{"@id":"https:\/\/www.indieofilo.com\/en\/news\/sigur-ros-will-be-headlining-lowlands-2016"},"author":{"name":"Victor","@id":"https:\/\/www.indieofilo.com\/#\/schema\/person\/595334d38590e4ce5a09f83cbf2fca90"},"headline":"Sigur Ros will be headlining Lowlands 2016","datePublished":"2015-11-25T17:51:56+00:00","dateModified":"2023-09-20T09:45:29+00:00","mainEntityOfPage":{"@id":"https:\/\/www.indieofilo.com\/en\/news\/sigur-ros-will-be-headlining-lowlands-2016"},"wordCount":85,"commentCount":0,"publisher":{"@id":"https:\/\/www.indieofilo.com\/#organization"},"image":{"@id":"https:\/\/www.indieofilo.com\/en\/news\/sigur-ros-will-be-headlining-lowlands-2016#primaryimage"},"thumbnailUrl":"https:\/\/www.indieofilo.com\/wp-content\/uploads\/2015\/11\/Sigur-Ros-Lowlands-2016.jpg","keywords":["Lowlands","Lowlands 2016","Sigur R\u00f3s"],"articleSection":["Live Shows","News"],"inLanguage":"en-US","potentialAction":[{"@type":"CommentAction","name":"Comment","target":["https:\/\/www.indieofilo.com\/en\/news\/sigur-ros-will-be-headlining-lowlands-2016#respond"]}]},{"@type":"WebPage","@id":"https:\/\/www.indieofilo.com\/en\/news\/sigur-ros-will-be-headlining-lowlands-2016","url":"https:\/\/www.indieofilo.com\/en\/news\/sigur-ros-will-be-headlining-lowlands-2016","name":"Sigur Ros will be headlining Lowlands 2016 - Indie\u00f3filo","isPartOf":{"@id":"https:\/\/www.indieofilo.com\/#website"},"primaryImageOfPage":{"@id":"https:\/\/www.indieofilo.com\/en\/news\/sigur-ros-will-be-headlining-lowlands-2016#primaryimage"},"image":{"@id":"https:\/\/www.indieofilo.com\/en\/news\/sigur-ros-will-be-headlining-lowlands-2016#primaryimage"},"thumbnailUrl":"https:\/\/www.indieofilo.com\/wp-content\/uploads\/2015\/11\/Sigur-Ros-Lowlands-2016.jpg","datePublished":"2015-11-25T17:51:56+00:00","dateModified":"2023-09-20T09:45:29+00:00","description":"Organisers also confirmed that the performance will be the only festival performance of the band in the Netherlands in 2016","breadcrumb":{"@id":"https:\/\/www.indieofilo.com\/en\/news\/sigur-ros-will-be-headlining-lowlands-2016#breadcrumb"},"inLanguage":"en-US","potentialAction":[{"@type":"ReadAction","target":["https:\/\/www.indieofilo.com\/en\/news\/sigur-ros-will-be-headlining-lowlands-2016"]}]},{"@type":"ImageObject","inLanguage":"en-US","@id":"https:\/\/www.indieofilo.com\/en\/news\/sigur-ros-will-be-headlining-lowlands-2016#primaryimage","url":"https:\/\/www.indieofilo.com\/wp-content\/uploads\/2015\/11\/Sigur-Ros-Lowlands-2016.jpg","contentUrl":"https:\/\/www.indieofilo.com\/wp-content\/uploads\/2015\/11\/Sigur-Ros-Lowlands-2016.jpg","width":600,"height":232,"caption":"Sigur Ros - Lowlands 2016"},{"@type":"BreadcrumbList","@id":"https:\/\/www.indieofilo.com\/en\/news\/sigur-ros-will-be-headlining-lowlands-2016#breadcrumb","itemListElement":[{"@type":"ListItem","position":1,"name":"Portada","item":"https:\/\/www.indieofilo.com\/en"},{"@type":"ListItem","position":2,"name":"Sigur Ros will be headlining Lowlands 2016"}]},{"@type":"WebSite","@id":"https:\/\/www.indieofilo.com\/#website","url":"https:\/\/www.indieofilo.com\/","name":"Indie\u00f3filo","description":"Magazine online de la cultura independiente","publisher":{"@id":"https:\/\/www.indieofilo.com\/#organization"},"potentialAction":[{"@type":"SearchAction","target":{"@type":"EntryPoint","urlTemplate":"https:\/\/www.indieofilo.com\/?s={search_term_string}"},"query-input":{"@type":"PropertyValueSpecification","valueRequired":true,"valueName":"search_term_string"}}],"inLanguage":"en-US"},{"@type":"Organization","@id":"https:\/\/www.indieofilo.com\/#organization","name":"Indie\u00f3filo Web","url":"https:\/\/www.indieofilo.com\/","logo":{"@type":"ImageObject","inLanguage":"en-US","@id":"https:\/\/www.indieofilo.com\/#\/schema\/logo\/image\/","url":"https:\/\/www.indieofilo.com\/wp-content\/uploads\/2015\/02\/logo-alta-resolucion.png","contentUrl":"https:\/\/www.indieofilo.com\/wp-content\/uploads\/2015\/02\/logo-alta-resolucion.png","width":544,"height":185,"caption":"Indie\u00f3filo Web"},"image":{"@id":"https:\/\/www.indieofilo.com\/#\/schema\/logo\/image\/"},"sameAs":["https:\/\/www.facebook.com\/Indieofilo\/","https:\/\/x.com\/indieofilo","https:\/\/www.instagram.com\/indieofilo\/"]},{"@type":"Person","@id":"https:\/\/www.indieofilo.com\/#\/schema\/person\/595334d38590e4ce5a09f83cbf2fca90","name":"Victor","image":{"@type":"ImageObject","inLanguage":"en-US","@id":"https:\/\/www.indieofilo.com\/#\/schema\/person\/image\/","url":"https:\/\/secure.gravatar.com\/avatar\/682b8c6ea3e94b6cffec683b25f1797d?s=96&d=mm&r=g","contentUrl":"https:\/\/secure.gravatar.com\/avatar\/682b8c6ea3e94b6cffec683b25f1797d?s=96&d=mm&r=g","caption":"Victor"},"description":"Fan\u00e1tico de la m\u00fasica desde que mis padres me pon\u00edan a Eydie Gorme y Los Panchos o el Discotuna por la A2. Intent\u00e9 tocar varios instrumentos, pero soy muy torpe con la mano izquierda, as\u00ed que ya sab\u00e9is el resultado final. Fan del britpop, Post-punk, el rugby y el baloncesto...","sameAs":["http:\/\/indieofilo.com"],"url":"https:\/\/www.indieofilo.com\/en\/author\/victor"}]}},"_links":{"self":[{"href":"https:\/\/www.indieofilo.com\/en\/wp-json\/wp\/v2\/posts\/3197","targetHints":{"allow":["GET"]}}],"collection":[{"href":"https:\/\/www.indieofilo.com\/en\/wp-json\/wp\/v2\/posts"}],"about":[{"href":"https:\/\/www.indieofilo.com\/en\/wp-json\/wp\/v2\/types\/post"}],"author":[{"embeddable":true,"href":"https:\/\/www.indieofilo.com\/en\/wp-json\/wp\/v2\/users\/1"}],"replies":[{"embeddable":true,"href":"https:\/\/www.indieofilo.com\/en\/wp-json\/wp\/v2\/comments?post=3197"}],"version-history":[{"count":0,"href":"https:\/\/www.indieofilo.com\/en\/wp-json\/wp\/v2\/posts\/3197\/revisions"}],"wp:featuredmedia":[{"embeddable":true,"href":"https:\/\/www.indieofilo.com\/en\/wp-json\/wp\/v2\/media\/3199"}],"wp:attachment":[{"href":"https:\/\/www.indieofilo.com\/en\/wp-json\/wp\/v2\/media?parent=3197"}],"wp:term":[{"taxonomy":"category","embeddable":true,"href":"https:\/\/www.indieofilo.com\/en\/wp-json\/wp\/v2\/categories?post=3197"},{"taxonomy":"post_tag","embeddable":true,"href":"https:\/\/www.indieofilo.com\/en\/wp-json\/wp\/v2\/tags?post=3197"}],"curies":[{"name":"wp","href":"https:\/\/api.w.org\/{rel}","templated":true}]}}