{"id":2856,"date":"2014-06-19T13:36:01","date_gmt":"2014-06-19T11:36:01","guid":{"rendered":"http:\/\/indieofilo.com\/?p=2856"},"modified":"2023-09-22T11:24:41","modified_gmt":"2023-09-22T09:24:41","slug":"free-on-download-de-viaje-tribute-lp-to-los-planetas-publish-by-ondas-del-espacio","status":"publish","type":"post","link":"https:\/\/www.indieofilo.com\/en\/news\/free-on-download-de-viaje-tribute-lp-to-los-planetas-publish-by-ondas-del-espacio","title":{"rendered":"Free on download De viaje, Tribute LP to Los Planetas publish by Ondas del Espacio"},"content":{"rendered":"<p style=\"text-align: center;\">\n\t<img fetchpriority=\"high\" decoding=\"async\" alt=\"De Viaje - Los Planetas\" class=\"aligncenter size-full wp-image-2853\" height=\"600\" src=\"http:\/\/indieofilo.com\/wp-content\/uploads\/2014\/06\/De-Viaje-Los-Planetas.jpg\" width=\"600\" srcset=\"https:\/\/www.indieofilo.com\/wp-content\/uploads\/2014\/06\/De-Viaje-Los-Planetas.jpg 600w, https:\/\/www.indieofilo.com\/wp-content\/uploads\/2014\/06\/De-Viaje-Los-Planetas-300x300.jpg 300w, https:\/\/www.indieofilo.com\/wp-content\/uploads\/2014\/06\/De-Viaje-Los-Planetas-150x150.jpg 150w\" sizes=\"(max-width: 600px) 100vw, 600px\" \/><\/p>\n<p style=\"text-align: justify;\">\n\tSince a few months ago, we were talking about <strong>Los Planetas<\/strong> tribute project that people from Ondas del Espacio were doing, that includes a book and a LP where different bands of the Spanish independent scene make covers from firsts LPs of&nbsp; the band. In this way, songs cover by bands like <strong>Odio Par&iacute;s, Klaus &amp; Kinski, Cosmen Adelaida, Grushenka<\/strong> or <strong>McEnroe<\/strong> among others, go with a book written by guys like <strong>Fino Oyonarte<\/strong> (Super 8 producer),<strong> Antonio Arias<\/strong> (Lagartija Nick), <strong>Julio Ruiz<\/strong> (Disco Grande on Radio 3), <strong>Miguel Mor&aacute;n<\/strong> (Sala Maravillas \/ FIB), <strong>Jes&uacute;s Ordov&aacute;s<\/strong> (Diario Pop ), <strong>Guille Mostaza <\/strong>(Ellos), <strong>Nani Casta&ntilde;eda<\/strong> ( Ni&ntilde;os Mutantes) or <strong>Joan S. Luna<\/strong> (Redactor Jefe de Mondo Sonoro) and also illustrators like <strong>Joaqu&iacute;n Reyes, Moderna de Pueblo<\/strong> or <strong>Paula Bonet<\/strong> has also helped.<\/p>\n<p style=\"text-align: justify;\">\n\tIf you will be interest on the book, you can buy it <a href=\"http:\/\/www.ondasdelespacio.com\/\">on the official website of the project<\/a> or on <a href=\"https:\/\/www.facebook.com\/ondasdelespacio\">their facebook page<\/a>.<\/p>\n<p style=\"text-align: center;\">\n\t<iframe seamless=\"\" src=\"https:\/\/bandcamp.com\/EmbeddedPlayer\/album=1277233076\/size=large\/bgcol=ffffff\/linkcol=0687f5\/artwork=small\/transparent=true\/\" style=\"border: 0; width: 400px; height: 472px;\">&amp;amp;amp;amp;amp;amp;amp;amp;amp;amp;amp;amp;lt;a href=&amp;amp;amp;amp;amp;amp;amp;amp;amp;amp;amp;amp;quot;http:\/\/ondasdelespacio.bandcamp.com\/album\/de-viaje-por-los-planetas&amp;amp;amp;amp;amp;amp;amp;amp;amp;amp;amp;amp;quot; _cke_saved_href=&amp;amp;amp;amp;amp;amp;amp;amp;amp;amp;amp;amp;quot;http:\/\/ondasdelespacio.bandcamp.com\/album\/de-viaje-por-los-planetas&amp;amp;amp;amp;amp;amp;amp;amp;amp;amp;amp;amp;quot;&amp;amp;amp;amp;amp;amp;amp;amp;amp;amp;amp;amp;gt;De viaje por Los Planetas by VV.AA.&amp;amp;amp;amp;amp;amp;amp;amp;amp;amp;amp;amp;lt;\/a&amp;amp;amp;amp;amp;amp;amp;amp;amp;amp;amp;amp;gt;<\/iframe><\/p>\n","protected":false},"excerpt":{"rendered":"<p>Since a few months ago, we were talking about Los Planetas tribute project that people from Ondas del Espacio were doing, that includes a book and a LP where different bands of the Spanish independent scene make covers from firsts LPs of&nbsp; the band. In this way, songs cover by bands like Odio Par&iacute;s, Klaus [&hellip;]<\/p>\n","protected":false},"author":1,"featured_media":18740,"comment_status":"open","ping_status":"closed","sticky":false,"template":"","format":"standard","meta":{"footnotes":""},"categories":[42,8],"tags":[6658,6186,6659,4994,5894,6660],"class_list":["post-2856","post","type-post","status-publish","format-standard","has-post-thumbnail","hentry","category-music","category-news","tag-cosmen-adelaida-en","tag-grushenka-en","tag-klaus-kinski-en","tag-los-planetas-en","tag-mcenroe-en","tag-odio-paris-en"],"yoast_head":"<!-- This site is optimized with the Yoast SEO Premium plugin v23.9 (Yoast SEO v26.6) - https:\/\/yoast.com\/wordpress\/plugins\/seo\/ -->\n<title>Free on download Tribute LP to Los Planetas - Indieofilo<\/title>\n<meta name=\"description\" content=\"Guys from Ondas del Espacio have prepared a tribute to the Granadian band that includes a book and a LP with covers made by Spanish Independent scene bands.\" \/>\n<meta name=\"robots\" content=\"index, follow, max-snippet:-1, max-image-preview:large, max-video-preview:-1\" \/>\n<link rel=\"canonical\" href=\"https:\/\/www.indieofilo.com\/en\/news\/free-on-download-de-viaje-tribute-lp-to-los-planetas-publish-by-ondas-del-espacio\" \/>\n<meta property=\"og:locale\" content=\"en_US\" \/>\n<meta property=\"og:type\" content=\"article\" \/>\n<meta property=\"og:title\" content=\"Free on download De viaje, Tribute LP to Los Planetas publish by Ondas del Espacio\" \/>\n<meta property=\"og:description\" content=\"Guys from Ondas del Espacio have prepared a tribute to the Granadian band that includes a book and a LP with covers made by Spanish Independent scene bands.\" \/>\n<meta property=\"og:url\" content=\"https:\/\/www.indieofilo.com\/en\/news\/free-on-download-de-viaje-tribute-lp-to-los-planetas-publish-by-ondas-del-espacio\" \/>\n<meta property=\"og:site_name\" content=\"Indie\u00f3filo\" \/>\n<meta property=\"article:publisher\" content=\"https:\/\/www.facebook.com\/Indieofilo\/\" \/>\n<meta property=\"article:published_time\" content=\"2014-06-19T11:36:01+00:00\" \/>\n<meta property=\"article:modified_time\" content=\"2023-09-22T09:24:41+00:00\" \/>\n<meta property=\"og:image\" content=\"https:\/\/www.indieofilo.com\/wp-content\/uploads\/2014\/06\/De-Viaje-Los-Planetas.jpg\" \/>\n\t<meta property=\"og:image:width\" content=\"600\" \/>\n\t<meta property=\"og:image:height\" content=\"600\" \/>\n\t<meta property=\"og:image:type\" content=\"image\/jpeg\" \/>\n<meta name=\"author\" content=\"Victor\" \/>\n<meta name=\"twitter:card\" content=\"summary_large_image\" \/>\n<meta name=\"twitter:creator\" content=\"@indieofilo\" \/>\n<meta name=\"twitter:site\" content=\"@indieofilo\" \/>\n<meta name=\"twitter:label1\" content=\"Written by\" \/>\n\t<meta name=\"twitter:data1\" content=\"Victor\" \/>\n\t<meta name=\"twitter:label2\" content=\"Est. reading time\" \/>\n\t<meta name=\"twitter:data2\" content=\"1 minute\" \/>\n<script type=\"application\/ld+json\" class=\"yoast-schema-graph\">{\"@context\":\"https:\/\/schema.org\",\"@graph\":[{\"@type\":\"Article\",\"@id\":\"https:\/\/www.indieofilo.com\/en\/news\/free-on-download-de-viaje-tribute-lp-to-los-planetas-publish-by-ondas-del-espacio#article\",\"isPartOf\":{\"@id\":\"https:\/\/www.indieofilo.com\/en\/news\/free-on-download-de-viaje-tribute-lp-to-los-planetas-publish-by-ondas-del-espacio\"},\"author\":{\"name\":\"Victor\",\"@id\":\"https:\/\/www.indieofilo.com\/#\/schema\/person\/595334d38590e4ce5a09f83cbf2fca90\"},\"headline\":\"Free on download De viaje, Tribute LP to Los Planetas publish by Ondas del Espacio\",\"datePublished\":\"2014-06-19T11:36:01+00:00\",\"dateModified\":\"2023-09-22T09:24:41+00:00\",\"mainEntityOfPage\":{\"@id\":\"https:\/\/www.indieofilo.com\/en\/news\/free-on-download-de-viaje-tribute-lp-to-los-planetas-publish-by-ondas-del-espacio\"},\"wordCount\":310,\"commentCount\":0,\"publisher\":{\"@id\":\"https:\/\/www.indieofilo.com\/#organization\"},\"image\":{\"@id\":\"https:\/\/www.indieofilo.com\/en\/news\/free-on-download-de-viaje-tribute-lp-to-los-planetas-publish-by-ondas-del-espacio#primaryimage\"},\"thumbnailUrl\":\"https:\/\/www.indieofilo.com\/wp-content\/uploads\/2014\/06\/De-Viaje-Los-Planetas.jpg\",\"keywords\":[\"Cosmen Adelaida\",\"Grushenka\",\"Klaus &amp; Kinski\",\"Los Planetas\",\"McEnroe\",\"Odio Par\u00eds\"],\"articleSection\":[\"Music\",\"News\"],\"inLanguage\":\"en-US\",\"potentialAction\":[{\"@type\":\"CommentAction\",\"name\":\"Comment\",\"target\":[\"https:\/\/www.indieofilo.com\/en\/news\/free-on-download-de-viaje-tribute-lp-to-los-planetas-publish-by-ondas-del-espacio#respond\"]}]},{\"@type\":\"WebPage\",\"@id\":\"https:\/\/www.indieofilo.com\/en\/news\/free-on-download-de-viaje-tribute-lp-to-los-planetas-publish-by-ondas-del-espacio\",\"url\":\"https:\/\/www.indieofilo.com\/en\/news\/free-on-download-de-viaje-tribute-lp-to-los-planetas-publish-by-ondas-del-espacio\",\"name\":\"Free on download Tribute LP to Los Planetas - Indieofilo\",\"isPartOf\":{\"@id\":\"https:\/\/www.indieofilo.com\/#website\"},\"primaryImageOfPage\":{\"@id\":\"https:\/\/www.indieofilo.com\/en\/news\/free-on-download-de-viaje-tribute-lp-to-los-planetas-publish-by-ondas-del-espacio#primaryimage\"},\"image\":{\"@id\":\"https:\/\/www.indieofilo.com\/en\/news\/free-on-download-de-viaje-tribute-lp-to-los-planetas-publish-by-ondas-del-espacio#primaryimage\"},\"thumbnailUrl\":\"https:\/\/www.indieofilo.com\/wp-content\/uploads\/2014\/06\/De-Viaje-Los-Planetas.jpg\",\"datePublished\":\"2014-06-19T11:36:01+00:00\",\"dateModified\":\"2023-09-22T09:24:41+00:00\",\"description\":\"Guys from Ondas del Espacio have prepared a tribute to the Granadian band that includes a book and a LP with covers made by Spanish Independent scene bands.\",\"breadcrumb\":{\"@id\":\"https:\/\/www.indieofilo.com\/en\/news\/free-on-download-de-viaje-tribute-lp-to-los-planetas-publish-by-ondas-del-espacio#breadcrumb\"},\"inLanguage\":\"en-US\",\"potentialAction\":[{\"@type\":\"ReadAction\",\"target\":[\"https:\/\/www.indieofilo.com\/en\/news\/free-on-download-de-viaje-tribute-lp-to-los-planetas-publish-by-ondas-del-espacio\"]}]},{\"@type\":\"ImageObject\",\"inLanguage\":\"en-US\",\"@id\":\"https:\/\/www.indieofilo.com\/en\/news\/free-on-download-de-viaje-tribute-lp-to-los-planetas-publish-by-ondas-del-espacio#primaryimage\",\"url\":\"https:\/\/www.indieofilo.com\/wp-content\/uploads\/2014\/06\/De-Viaje-Los-Planetas.jpg\",\"contentUrl\":\"https:\/\/www.indieofilo.com\/wp-content\/uploads\/2014\/06\/De-Viaje-Los-Planetas.jpg\",\"width\":600,\"height\":600},{\"@type\":\"BreadcrumbList\",\"@id\":\"https:\/\/www.indieofilo.com\/en\/news\/free-on-download-de-viaje-tribute-lp-to-los-planetas-publish-by-ondas-del-espacio#breadcrumb\",\"itemListElement\":[{\"@type\":\"ListItem\",\"position\":1,\"name\":\"Portada\",\"item\":\"https:\/\/www.indieofilo.com\/en\"},{\"@type\":\"ListItem\",\"position\":2,\"name\":\"Free on download De viaje, Tribute LP to Los Planetas publish by Ondas del Espacio\"}]},{\"@type\":\"WebSite\",\"@id\":\"https:\/\/www.indieofilo.com\/#website\",\"url\":\"https:\/\/www.indieofilo.com\/\",\"name\":\"Indie\u00f3filo\",\"description\":\"Magazine online de la cultura independiente\",\"publisher\":{\"@id\":\"https:\/\/www.indieofilo.com\/#organization\"},\"potentialAction\":[{\"@type\":\"SearchAction\",\"target\":{\"@type\":\"EntryPoint\",\"urlTemplate\":\"https:\/\/www.indieofilo.com\/?s={search_term_string}\"},\"query-input\":{\"@type\":\"PropertyValueSpecification\",\"valueRequired\":true,\"valueName\":\"search_term_string\"}}],\"inLanguage\":\"en-US\"},{\"@type\":\"Organization\",\"@id\":\"https:\/\/www.indieofilo.com\/#organization\",\"name\":\"Indie\u00f3filo Web\",\"url\":\"https:\/\/www.indieofilo.com\/\",\"logo\":{\"@type\":\"ImageObject\",\"inLanguage\":\"en-US\",\"@id\":\"https:\/\/www.indieofilo.com\/#\/schema\/logo\/image\/\",\"url\":\"https:\/\/www.indieofilo.com\/wp-content\/uploads\/2015\/02\/logo-alta-resolucion.png\",\"contentUrl\":\"https:\/\/www.indieofilo.com\/wp-content\/uploads\/2015\/02\/logo-alta-resolucion.png\",\"width\":544,\"height\":185,\"caption\":\"Indie\u00f3filo Web\"},\"image\":{\"@id\":\"https:\/\/www.indieofilo.com\/#\/schema\/logo\/image\/\"},\"sameAs\":[\"https:\/\/www.facebook.com\/Indieofilo\/\",\"https:\/\/x.com\/indieofilo\",\"https:\/\/www.instagram.com\/indieofilo\/\"]},{\"@type\":\"Person\",\"@id\":\"https:\/\/www.indieofilo.com\/#\/schema\/person\/595334d38590e4ce5a09f83cbf2fca90\",\"name\":\"Victor\",\"image\":{\"@type\":\"ImageObject\",\"inLanguage\":\"en-US\",\"@id\":\"https:\/\/www.indieofilo.com\/#\/schema\/person\/image\/\",\"url\":\"https:\/\/secure.gravatar.com\/avatar\/682b8c6ea3e94b6cffec683b25f1797d?s=96&d=mm&r=g\",\"contentUrl\":\"https:\/\/secure.gravatar.com\/avatar\/682b8c6ea3e94b6cffec683b25f1797d?s=96&d=mm&r=g\",\"caption\":\"Victor\"},\"description\":\"Fan\u00e1tico de la m\u00fasica desde que mis padres me pon\u00edan a Eydie Gorme y Los Panchos o el Discotuna por la A2. Intent\u00e9 tocar varios instrumentos, pero soy muy torpe con la mano izquierda, as\u00ed que ya sab\u00e9is el resultado final. Fan del britpop, Post-punk, el rugby y el baloncesto...\",\"sameAs\":[\"http:\/\/indieofilo.com\"],\"url\":\"https:\/\/www.indieofilo.com\/en\/author\/victor\"}]}<\/script>\n<!-- \/ Yoast SEO Premium plugin. -->","yoast_head_json":{"title":"Free on download Tribute LP to Los Planetas - Indieofilo","description":"Guys from Ondas del Espacio have prepared a tribute to the Granadian band that includes a book and a LP with covers made by Spanish Independent scene bands.","robots":{"index":"index","follow":"follow","max-snippet":"max-snippet:-1","max-image-preview":"max-image-preview:large","max-video-preview":"max-video-preview:-1"},"canonical":"https:\/\/www.indieofilo.com\/en\/news\/free-on-download-de-viaje-tribute-lp-to-los-planetas-publish-by-ondas-del-espacio","og_locale":"en_US","og_type":"article","og_title":"Free on download De viaje, Tribute LP to Los Planetas publish by Ondas del Espacio","og_description":"Guys from Ondas del Espacio have prepared a tribute to the Granadian band that includes a book and a LP with covers made by Spanish Independent scene bands.","og_url":"https:\/\/www.indieofilo.com\/en\/news\/free-on-download-de-viaje-tribute-lp-to-los-planetas-publish-by-ondas-del-espacio","og_site_name":"Indie\u00f3filo","article_publisher":"https:\/\/www.facebook.com\/Indieofilo\/","article_published_time":"2014-06-19T11:36:01+00:00","article_modified_time":"2023-09-22T09:24:41+00:00","og_image":[{"width":600,"height":600,"url":"https:\/\/www.indieofilo.com\/wp-content\/uploads\/2014\/06\/De-Viaje-Los-Planetas.jpg","type":"image\/jpeg"}],"author":"Victor","twitter_card":"summary_large_image","twitter_creator":"@indieofilo","twitter_site":"@indieofilo","twitter_misc":{"Written by":"Victor","Est. reading time":"1 minute"},"schema":{"@context":"https:\/\/schema.org","@graph":[{"@type":"Article","@id":"https:\/\/www.indieofilo.com\/en\/news\/free-on-download-de-viaje-tribute-lp-to-los-planetas-publish-by-ondas-del-espacio#article","isPartOf":{"@id":"https:\/\/www.indieofilo.com\/en\/news\/free-on-download-de-viaje-tribute-lp-to-los-planetas-publish-by-ondas-del-espacio"},"author":{"name":"Victor","@id":"https:\/\/www.indieofilo.com\/#\/schema\/person\/595334d38590e4ce5a09f83cbf2fca90"},"headline":"Free on download De viaje, Tribute LP to Los Planetas publish by Ondas del Espacio","datePublished":"2014-06-19T11:36:01+00:00","dateModified":"2023-09-22T09:24:41+00:00","mainEntityOfPage":{"@id":"https:\/\/www.indieofilo.com\/en\/news\/free-on-download-de-viaje-tribute-lp-to-los-planetas-publish-by-ondas-del-espacio"},"wordCount":310,"commentCount":0,"publisher":{"@id":"https:\/\/www.indieofilo.com\/#organization"},"image":{"@id":"https:\/\/www.indieofilo.com\/en\/news\/free-on-download-de-viaje-tribute-lp-to-los-planetas-publish-by-ondas-del-espacio#primaryimage"},"thumbnailUrl":"https:\/\/www.indieofilo.com\/wp-content\/uploads\/2014\/06\/De-Viaje-Los-Planetas.jpg","keywords":["Cosmen Adelaida","Grushenka","Klaus &amp; Kinski","Los Planetas","McEnroe","Odio Par\u00eds"],"articleSection":["Music","News"],"inLanguage":"en-US","potentialAction":[{"@type":"CommentAction","name":"Comment","target":["https:\/\/www.indieofilo.com\/en\/news\/free-on-download-de-viaje-tribute-lp-to-los-planetas-publish-by-ondas-del-espacio#respond"]}]},{"@type":"WebPage","@id":"https:\/\/www.indieofilo.com\/en\/news\/free-on-download-de-viaje-tribute-lp-to-los-planetas-publish-by-ondas-del-espacio","url":"https:\/\/www.indieofilo.com\/en\/news\/free-on-download-de-viaje-tribute-lp-to-los-planetas-publish-by-ondas-del-espacio","name":"Free on download Tribute LP to Los Planetas - Indieofilo","isPartOf":{"@id":"https:\/\/www.indieofilo.com\/#website"},"primaryImageOfPage":{"@id":"https:\/\/www.indieofilo.com\/en\/news\/free-on-download-de-viaje-tribute-lp-to-los-planetas-publish-by-ondas-del-espacio#primaryimage"},"image":{"@id":"https:\/\/www.indieofilo.com\/en\/news\/free-on-download-de-viaje-tribute-lp-to-los-planetas-publish-by-ondas-del-espacio#primaryimage"},"thumbnailUrl":"https:\/\/www.indieofilo.com\/wp-content\/uploads\/2014\/06\/De-Viaje-Los-Planetas.jpg","datePublished":"2014-06-19T11:36:01+00:00","dateModified":"2023-09-22T09:24:41+00:00","description":"Guys from Ondas del Espacio have prepared a tribute to the Granadian band that includes a book and a LP with covers made by Spanish Independent scene bands.","breadcrumb":{"@id":"https:\/\/www.indieofilo.com\/en\/news\/free-on-download-de-viaje-tribute-lp-to-los-planetas-publish-by-ondas-del-espacio#breadcrumb"},"inLanguage":"en-US","potentialAction":[{"@type":"ReadAction","target":["https:\/\/www.indieofilo.com\/en\/news\/free-on-download-de-viaje-tribute-lp-to-los-planetas-publish-by-ondas-del-espacio"]}]},{"@type":"ImageObject","inLanguage":"en-US","@id":"https:\/\/www.indieofilo.com\/en\/news\/free-on-download-de-viaje-tribute-lp-to-los-planetas-publish-by-ondas-del-espacio#primaryimage","url":"https:\/\/www.indieofilo.com\/wp-content\/uploads\/2014\/06\/De-Viaje-Los-Planetas.jpg","contentUrl":"https:\/\/www.indieofilo.com\/wp-content\/uploads\/2014\/06\/De-Viaje-Los-Planetas.jpg","width":600,"height":600},{"@type":"BreadcrumbList","@id":"https:\/\/www.indieofilo.com\/en\/news\/free-on-download-de-viaje-tribute-lp-to-los-planetas-publish-by-ondas-del-espacio#breadcrumb","itemListElement":[{"@type":"ListItem","position":1,"name":"Portada","item":"https:\/\/www.indieofilo.com\/en"},{"@type":"ListItem","position":2,"name":"Free on download De viaje, Tribute LP to Los Planetas publish by Ondas del Espacio"}]},{"@type":"WebSite","@id":"https:\/\/www.indieofilo.com\/#website","url":"https:\/\/www.indieofilo.com\/","name":"Indie\u00f3filo","description":"Magazine online de la cultura independiente","publisher":{"@id":"https:\/\/www.indieofilo.com\/#organization"},"potentialAction":[{"@type":"SearchAction","target":{"@type":"EntryPoint","urlTemplate":"https:\/\/www.indieofilo.com\/?s={search_term_string}"},"query-input":{"@type":"PropertyValueSpecification","valueRequired":true,"valueName":"search_term_string"}}],"inLanguage":"en-US"},{"@type":"Organization","@id":"https:\/\/www.indieofilo.com\/#organization","name":"Indie\u00f3filo Web","url":"https:\/\/www.indieofilo.com\/","logo":{"@type":"ImageObject","inLanguage":"en-US","@id":"https:\/\/www.indieofilo.com\/#\/schema\/logo\/image\/","url":"https:\/\/www.indieofilo.com\/wp-content\/uploads\/2015\/02\/logo-alta-resolucion.png","contentUrl":"https:\/\/www.indieofilo.com\/wp-content\/uploads\/2015\/02\/logo-alta-resolucion.png","width":544,"height":185,"caption":"Indie\u00f3filo Web"},"image":{"@id":"https:\/\/www.indieofilo.com\/#\/schema\/logo\/image\/"},"sameAs":["https:\/\/www.facebook.com\/Indieofilo\/","https:\/\/x.com\/indieofilo","https:\/\/www.instagram.com\/indieofilo\/"]},{"@type":"Person","@id":"https:\/\/www.indieofilo.com\/#\/schema\/person\/595334d38590e4ce5a09f83cbf2fca90","name":"Victor","image":{"@type":"ImageObject","inLanguage":"en-US","@id":"https:\/\/www.indieofilo.com\/#\/schema\/person\/image\/","url":"https:\/\/secure.gravatar.com\/avatar\/682b8c6ea3e94b6cffec683b25f1797d?s=96&d=mm&r=g","contentUrl":"https:\/\/secure.gravatar.com\/avatar\/682b8c6ea3e94b6cffec683b25f1797d?s=96&d=mm&r=g","caption":"Victor"},"description":"Fan\u00e1tico de la m\u00fasica desde que mis padres me pon\u00edan a Eydie Gorme y Los Panchos o el Discotuna por la A2. Intent\u00e9 tocar varios instrumentos, pero soy muy torpe con la mano izquierda, as\u00ed que ya sab\u00e9is el resultado final. Fan del britpop, Post-punk, el rugby y el baloncesto...","sameAs":["http:\/\/indieofilo.com"],"url":"https:\/\/www.indieofilo.com\/en\/author\/victor"}]}},"_links":{"self":[{"href":"https:\/\/www.indieofilo.com\/en\/wp-json\/wp\/v2\/posts\/2856","targetHints":{"allow":["GET"]}}],"collection":[{"href":"https:\/\/www.indieofilo.com\/en\/wp-json\/wp\/v2\/posts"}],"about":[{"href":"https:\/\/www.indieofilo.com\/en\/wp-json\/wp\/v2\/types\/post"}],"author":[{"embeddable":true,"href":"https:\/\/www.indieofilo.com\/en\/wp-json\/wp\/v2\/users\/1"}],"replies":[{"embeddable":true,"href":"https:\/\/www.indieofilo.com\/en\/wp-json\/wp\/v2\/comments?post=2856"}],"version-history":[{"count":0,"href":"https:\/\/www.indieofilo.com\/en\/wp-json\/wp\/v2\/posts\/2856\/revisions"}],"wp:featuredmedia":[{"embeddable":true,"href":"https:\/\/www.indieofilo.com\/en\/wp-json\/wp\/v2\/media\/18740"}],"wp:attachment":[{"href":"https:\/\/www.indieofilo.com\/en\/wp-json\/wp\/v2\/media?parent=2856"}],"wp:term":[{"taxonomy":"category","embeddable":true,"href":"https:\/\/www.indieofilo.com\/en\/wp-json\/wp\/v2\/categories?post=2856"},{"taxonomy":"post_tag","embeddable":true,"href":"https:\/\/www.indieofilo.com\/en\/wp-json\/wp\/v2\/tags?post=2856"}],"curies":[{"name":"wp","href":"https:\/\/api.w.org\/{rel}","templated":true}]}}