{"id":2574,"date":"2015-10-06T12:42:41","date_gmt":"2015-10-06T10:42:41","guid":{"rendered":"http:\/\/indieofilo.com\/?p=2574"},"modified":"2023-09-20T11:06:16","modified_gmt":"2023-09-20T09:06:16","slug":"robert-smith-covers-ride-vapour-trail","status":"publish","type":"post","link":"https:\/\/www.indieofilo.com\/en\/news\/robert-smith-covers-ride-vapour-trail","title":{"rendered":"Robert Smith covers Ride \u201cVapour Trail\u201d"},"content":{"rendered":"<p style=\"text-align: justify;\">\n\t<img fetchpriority=\"high\" decoding=\"async\" alt=\"Robert Smith Ride\" class=\"aligncenter size-large wp-image-2572\" height=\"533\" src=\"http:\/\/indieofilo.com\/wp-content\/uploads\/2015\/10\/Robert-Smith-Ride-535x533.jpg\" width=\"535\" \/><\/p>\n<p style=\"text-align: justify;\">\n\t<strong>Robert Smith<\/strong>, the legendary leader of <strong>The Cure<\/strong>, has decided to pay tribute to <strong>Ride <\/strong>to celebrate the 25th anniversary of the release of their debut album <em>Nowhere<\/em>. One of the greatest hits of <strong>Bell<\/strong> and Gardener, &quot;<em>Vapour Trail<\/em>&quot; was the chosen song and we must say that this version is quite faithful to the original, keeping the shoegaze touches but with the distinctive voice of Robert Smith. Besides the tribute singer of The Cure, Ride, which this year have toured several European festivals such as Primavera Sound and <a href=\"http:\/\/indieofilo.com\/gig-reviews\/best-kept-secret-festival-20th-june-2015-hilvarenbeek?lang=en\" target=\"_blank\" rel=\"noopener\">Best Kept Secret Festival<\/a>, have decided to launch a special edition of Nowhere for next November 6, which includes the EP&#39;s <em>Today<\/em> and <em>Forever Fall<\/em>, notes written by Andy Bell and photographs of their recent concert in London.<\/p>\n<p style=\"text-align: center;\">\n\t<iframe frameborder=\"no\" height=\"400\" scrolling=\"no\" src=\"https:\/\/w.soundcloud.com\/player\/?visual=true&amp;url=http%3A%2F%2Fapi.soundcloud.com%2Ftracks%2F226878880&amp;show_artwork=true&amp;maxwidth=500&amp;maxheight=750\" width=\"500\"><\/iframe><\/p>\n","protected":false},"excerpt":{"rendered":"<p>Robert Smith, the legendary leader of The Cure, has decided to pay tribute to Ride to celebrate the 25th anniversary of the release of their debut album Nowhere. One of the greatest hits of Bell and Gardener, &quot;Vapour Trail&quot; was the chosen song and we must say that this version is quite faithful to the [&hellip;]<\/p>\n","protected":false},"author":1,"featured_media":18643,"comment_status":"closed","ping_status":"closed","sticky":false,"template":"","format":"standard","meta":{"footnotes":""},"categories":[42,8],"tags":[5424,6243,5692],"class_list":["post-2574","post","type-post","status-publish","format-standard","has-post-thumbnail","hentry","category-music","category-news","tag-ride-en","tag-robert-smith-en","tag-the-cure-en"],"yoast_head":"<!-- This site is optimized with the Yoast SEO Premium plugin v23.9 (Yoast SEO v26.6) - https:\/\/yoast.com\/wordpress\/plugins\/seo\/ -->\n<title>Robert Smith covers Ride \u201cVapour Trail\u201d - Indie\u00f3filo<\/title>\n<meta name=\"description\" content=\"The legendary leader of The Cure has decided to pay tribute to Ride to celebrate the 25th anniversary of the release of their debut album Nowhere.\" \/>\n<meta name=\"robots\" content=\"index, follow, max-snippet:-1, max-image-preview:large, max-video-preview:-1\" \/>\n<link rel=\"canonical\" href=\"https:\/\/www.indieofilo.com\/en\/news\/robert-smith-covers-ride-vapour-trail\" \/>\n<meta property=\"og:locale\" content=\"en_US\" \/>\n<meta property=\"og:type\" content=\"article\" \/>\n<meta property=\"og:title\" content=\"Robert Smith covers Ride \u201cVapour Trail\u201d\" \/>\n<meta property=\"og:description\" content=\"The legendary leader of The Cure has decided to pay tribute to Ride to celebrate the 25th anniversary of the release of their debut album Nowhere.\" \/>\n<meta property=\"og:url\" content=\"https:\/\/www.indieofilo.com\/en\/news\/robert-smith-covers-ride-vapour-trail\" \/>\n<meta property=\"og:site_name\" content=\"Indie\u00f3filo\" \/>\n<meta property=\"article:publisher\" content=\"https:\/\/www.facebook.com\/Indieofilo\/\" \/>\n<meta property=\"article:published_time\" content=\"2015-10-06T10:42:41+00:00\" \/>\n<meta property=\"article:modified_time\" content=\"2023-09-20T09:06:16+00:00\" \/>\n<meta property=\"og:image\" content=\"https:\/\/www.indieofilo.com\/wp-content\/uploads\/2015\/10\/Robert-Smith-Ride.jpg\" \/>\n\t<meta property=\"og:image:width\" content=\"562\" \/>\n\t<meta property=\"og:image:height\" content=\"560\" \/>\n\t<meta property=\"og:image:type\" content=\"image\/jpeg\" \/>\n<meta name=\"author\" content=\"Victor\" \/>\n<meta name=\"twitter:card\" content=\"summary_large_image\" \/>\n<meta name=\"twitter:creator\" content=\"@indieofilo\" \/>\n<meta name=\"twitter:site\" content=\"@indieofilo\" \/>\n<meta name=\"twitter:label1\" content=\"Written by\" \/>\n\t<meta name=\"twitter:data1\" content=\"Victor\" \/>\n\t<meta name=\"twitter:label2\" content=\"Est. reading time\" \/>\n\t<meta name=\"twitter:data2\" content=\"1 minute\" \/>\n<script type=\"application\/ld+json\" class=\"yoast-schema-graph\">{\"@context\":\"https:\/\/schema.org\",\"@graph\":[{\"@type\":\"Article\",\"@id\":\"https:\/\/www.indieofilo.com\/en\/news\/robert-smith-covers-ride-vapour-trail#article\",\"isPartOf\":{\"@id\":\"https:\/\/www.indieofilo.com\/en\/news\/robert-smith-covers-ride-vapour-trail\"},\"author\":{\"name\":\"Victor\",\"@id\":\"https:\/\/www.indieofilo.com\/#\/schema\/person\/595334d38590e4ce5a09f83cbf2fca90\"},\"headline\":\"Robert Smith covers Ride \u201cVapour Trail\u201d\",\"datePublished\":\"2015-10-06T10:42:41+00:00\",\"dateModified\":\"2023-09-20T09:06:16+00:00\",\"mainEntityOfPage\":{\"@id\":\"https:\/\/www.indieofilo.com\/en\/news\/robert-smith-covers-ride-vapour-trail\"},\"wordCount\":135,\"publisher\":{\"@id\":\"https:\/\/www.indieofilo.com\/#organization\"},\"image\":{\"@id\":\"https:\/\/www.indieofilo.com\/en\/news\/robert-smith-covers-ride-vapour-trail#primaryimage\"},\"thumbnailUrl\":\"https:\/\/www.indieofilo.com\/wp-content\/uploads\/2015\/10\/Robert-Smith-Ride.jpg\",\"keywords\":[\"Ride\",\"Robert Smith\",\"The Cure\"],\"articleSection\":[\"Music\",\"News\"],\"inLanguage\":\"en-US\"},{\"@type\":\"WebPage\",\"@id\":\"https:\/\/www.indieofilo.com\/en\/news\/robert-smith-covers-ride-vapour-trail\",\"url\":\"https:\/\/www.indieofilo.com\/en\/news\/robert-smith-covers-ride-vapour-trail\",\"name\":\"Robert Smith covers Ride \u201cVapour Trail\u201d - Indie\u00f3filo\",\"isPartOf\":{\"@id\":\"https:\/\/www.indieofilo.com\/#website\"},\"primaryImageOfPage\":{\"@id\":\"https:\/\/www.indieofilo.com\/en\/news\/robert-smith-covers-ride-vapour-trail#primaryimage\"},\"image\":{\"@id\":\"https:\/\/www.indieofilo.com\/en\/news\/robert-smith-covers-ride-vapour-trail#primaryimage\"},\"thumbnailUrl\":\"https:\/\/www.indieofilo.com\/wp-content\/uploads\/2015\/10\/Robert-Smith-Ride.jpg\",\"datePublished\":\"2015-10-06T10:42:41+00:00\",\"dateModified\":\"2023-09-20T09:06:16+00:00\",\"description\":\"The legendary leader of The Cure has decided to pay tribute to Ride to celebrate the 25th anniversary of the release of their debut album Nowhere.\",\"breadcrumb\":{\"@id\":\"https:\/\/www.indieofilo.com\/en\/news\/robert-smith-covers-ride-vapour-trail#breadcrumb\"},\"inLanguage\":\"en-US\",\"potentialAction\":[{\"@type\":\"ReadAction\",\"target\":[\"https:\/\/www.indieofilo.com\/en\/news\/robert-smith-covers-ride-vapour-trail\"]}]},{\"@type\":\"ImageObject\",\"inLanguage\":\"en-US\",\"@id\":\"https:\/\/www.indieofilo.com\/en\/news\/robert-smith-covers-ride-vapour-trail#primaryimage\",\"url\":\"https:\/\/www.indieofilo.com\/wp-content\/uploads\/2015\/10\/Robert-Smith-Ride.jpg\",\"contentUrl\":\"https:\/\/www.indieofilo.com\/wp-content\/uploads\/2015\/10\/Robert-Smith-Ride.jpg\",\"width\":562,\"height\":560},{\"@type\":\"BreadcrumbList\",\"@id\":\"https:\/\/www.indieofilo.com\/en\/news\/robert-smith-covers-ride-vapour-trail#breadcrumb\",\"itemListElement\":[{\"@type\":\"ListItem\",\"position\":1,\"name\":\"Portada\",\"item\":\"https:\/\/www.indieofilo.com\/en\"},{\"@type\":\"ListItem\",\"position\":2,\"name\":\"Robert Smith covers Ride \u201cVapour Trail\u201d\"}]},{\"@type\":\"WebSite\",\"@id\":\"https:\/\/www.indieofilo.com\/#website\",\"url\":\"https:\/\/www.indieofilo.com\/\",\"name\":\"Indie\u00f3filo\",\"description\":\"Magazine online de la cultura independiente\",\"publisher\":{\"@id\":\"https:\/\/www.indieofilo.com\/#organization\"},\"potentialAction\":[{\"@type\":\"SearchAction\",\"target\":{\"@type\":\"EntryPoint\",\"urlTemplate\":\"https:\/\/www.indieofilo.com\/?s={search_term_string}\"},\"query-input\":{\"@type\":\"PropertyValueSpecification\",\"valueRequired\":true,\"valueName\":\"search_term_string\"}}],\"inLanguage\":\"en-US\"},{\"@type\":\"Organization\",\"@id\":\"https:\/\/www.indieofilo.com\/#organization\",\"name\":\"Indie\u00f3filo Web\",\"url\":\"https:\/\/www.indieofilo.com\/\",\"logo\":{\"@type\":\"ImageObject\",\"inLanguage\":\"en-US\",\"@id\":\"https:\/\/www.indieofilo.com\/#\/schema\/logo\/image\/\",\"url\":\"https:\/\/www.indieofilo.com\/wp-content\/uploads\/2015\/02\/logo-alta-resolucion.png\",\"contentUrl\":\"https:\/\/www.indieofilo.com\/wp-content\/uploads\/2015\/02\/logo-alta-resolucion.png\",\"width\":544,\"height\":185,\"caption\":\"Indie\u00f3filo Web\"},\"image\":{\"@id\":\"https:\/\/www.indieofilo.com\/#\/schema\/logo\/image\/\"},\"sameAs\":[\"https:\/\/www.facebook.com\/Indieofilo\/\",\"https:\/\/x.com\/indieofilo\",\"https:\/\/www.instagram.com\/indieofilo\/\"]},{\"@type\":\"Person\",\"@id\":\"https:\/\/www.indieofilo.com\/#\/schema\/person\/595334d38590e4ce5a09f83cbf2fca90\",\"name\":\"Victor\",\"image\":{\"@type\":\"ImageObject\",\"inLanguage\":\"en-US\",\"@id\":\"https:\/\/www.indieofilo.com\/#\/schema\/person\/image\/\",\"url\":\"https:\/\/secure.gravatar.com\/avatar\/682b8c6ea3e94b6cffec683b25f1797d?s=96&d=mm&r=g\",\"contentUrl\":\"https:\/\/secure.gravatar.com\/avatar\/682b8c6ea3e94b6cffec683b25f1797d?s=96&d=mm&r=g\",\"caption\":\"Victor\"},\"description\":\"Fan\u00e1tico de la m\u00fasica desde que mis padres me pon\u00edan a Eydie Gorme y Los Panchos o el Discotuna por la A2. Intent\u00e9 tocar varios instrumentos, pero soy muy torpe con la mano izquierda, as\u00ed que ya sab\u00e9is el resultado final. Fan del britpop, Post-punk, el rugby y el baloncesto...\",\"sameAs\":[\"http:\/\/indieofilo.com\"],\"url\":\"https:\/\/www.indieofilo.com\/en\/author\/victor\"}]}<\/script>\n<!-- \/ Yoast SEO Premium plugin. -->","yoast_head_json":{"title":"Robert Smith covers Ride \u201cVapour Trail\u201d - Indie\u00f3filo","description":"The legendary leader of The Cure has decided to pay tribute to Ride to celebrate the 25th anniversary of the release of their debut album Nowhere.","robots":{"index":"index","follow":"follow","max-snippet":"max-snippet:-1","max-image-preview":"max-image-preview:large","max-video-preview":"max-video-preview:-1"},"canonical":"https:\/\/www.indieofilo.com\/en\/news\/robert-smith-covers-ride-vapour-trail","og_locale":"en_US","og_type":"article","og_title":"Robert Smith covers Ride \u201cVapour Trail\u201d","og_description":"The legendary leader of The Cure has decided to pay tribute to Ride to celebrate the 25th anniversary of the release of their debut album Nowhere.","og_url":"https:\/\/www.indieofilo.com\/en\/news\/robert-smith-covers-ride-vapour-trail","og_site_name":"Indie\u00f3filo","article_publisher":"https:\/\/www.facebook.com\/Indieofilo\/","article_published_time":"2015-10-06T10:42:41+00:00","article_modified_time":"2023-09-20T09:06:16+00:00","og_image":[{"width":562,"height":560,"url":"https:\/\/www.indieofilo.com\/wp-content\/uploads\/2015\/10\/Robert-Smith-Ride.jpg","type":"image\/jpeg"}],"author":"Victor","twitter_card":"summary_large_image","twitter_creator":"@indieofilo","twitter_site":"@indieofilo","twitter_misc":{"Written by":"Victor","Est. reading time":"1 minute"},"schema":{"@context":"https:\/\/schema.org","@graph":[{"@type":"Article","@id":"https:\/\/www.indieofilo.com\/en\/news\/robert-smith-covers-ride-vapour-trail#article","isPartOf":{"@id":"https:\/\/www.indieofilo.com\/en\/news\/robert-smith-covers-ride-vapour-trail"},"author":{"name":"Victor","@id":"https:\/\/www.indieofilo.com\/#\/schema\/person\/595334d38590e4ce5a09f83cbf2fca90"},"headline":"Robert Smith covers Ride \u201cVapour Trail\u201d","datePublished":"2015-10-06T10:42:41+00:00","dateModified":"2023-09-20T09:06:16+00:00","mainEntityOfPage":{"@id":"https:\/\/www.indieofilo.com\/en\/news\/robert-smith-covers-ride-vapour-trail"},"wordCount":135,"publisher":{"@id":"https:\/\/www.indieofilo.com\/#organization"},"image":{"@id":"https:\/\/www.indieofilo.com\/en\/news\/robert-smith-covers-ride-vapour-trail#primaryimage"},"thumbnailUrl":"https:\/\/www.indieofilo.com\/wp-content\/uploads\/2015\/10\/Robert-Smith-Ride.jpg","keywords":["Ride","Robert Smith","The Cure"],"articleSection":["Music","News"],"inLanguage":"en-US"},{"@type":"WebPage","@id":"https:\/\/www.indieofilo.com\/en\/news\/robert-smith-covers-ride-vapour-trail","url":"https:\/\/www.indieofilo.com\/en\/news\/robert-smith-covers-ride-vapour-trail","name":"Robert Smith covers Ride \u201cVapour Trail\u201d - Indie\u00f3filo","isPartOf":{"@id":"https:\/\/www.indieofilo.com\/#website"},"primaryImageOfPage":{"@id":"https:\/\/www.indieofilo.com\/en\/news\/robert-smith-covers-ride-vapour-trail#primaryimage"},"image":{"@id":"https:\/\/www.indieofilo.com\/en\/news\/robert-smith-covers-ride-vapour-trail#primaryimage"},"thumbnailUrl":"https:\/\/www.indieofilo.com\/wp-content\/uploads\/2015\/10\/Robert-Smith-Ride.jpg","datePublished":"2015-10-06T10:42:41+00:00","dateModified":"2023-09-20T09:06:16+00:00","description":"The legendary leader of The Cure has decided to pay tribute to Ride to celebrate the 25th anniversary of the release of their debut album Nowhere.","breadcrumb":{"@id":"https:\/\/www.indieofilo.com\/en\/news\/robert-smith-covers-ride-vapour-trail#breadcrumb"},"inLanguage":"en-US","potentialAction":[{"@type":"ReadAction","target":["https:\/\/www.indieofilo.com\/en\/news\/robert-smith-covers-ride-vapour-trail"]}]},{"@type":"ImageObject","inLanguage":"en-US","@id":"https:\/\/www.indieofilo.com\/en\/news\/robert-smith-covers-ride-vapour-trail#primaryimage","url":"https:\/\/www.indieofilo.com\/wp-content\/uploads\/2015\/10\/Robert-Smith-Ride.jpg","contentUrl":"https:\/\/www.indieofilo.com\/wp-content\/uploads\/2015\/10\/Robert-Smith-Ride.jpg","width":562,"height":560},{"@type":"BreadcrumbList","@id":"https:\/\/www.indieofilo.com\/en\/news\/robert-smith-covers-ride-vapour-trail#breadcrumb","itemListElement":[{"@type":"ListItem","position":1,"name":"Portada","item":"https:\/\/www.indieofilo.com\/en"},{"@type":"ListItem","position":2,"name":"Robert Smith covers Ride \u201cVapour Trail\u201d"}]},{"@type":"WebSite","@id":"https:\/\/www.indieofilo.com\/#website","url":"https:\/\/www.indieofilo.com\/","name":"Indie\u00f3filo","description":"Magazine online de la cultura independiente","publisher":{"@id":"https:\/\/www.indieofilo.com\/#organization"},"potentialAction":[{"@type":"SearchAction","target":{"@type":"EntryPoint","urlTemplate":"https:\/\/www.indieofilo.com\/?s={search_term_string}"},"query-input":{"@type":"PropertyValueSpecification","valueRequired":true,"valueName":"search_term_string"}}],"inLanguage":"en-US"},{"@type":"Organization","@id":"https:\/\/www.indieofilo.com\/#organization","name":"Indie\u00f3filo Web","url":"https:\/\/www.indieofilo.com\/","logo":{"@type":"ImageObject","inLanguage":"en-US","@id":"https:\/\/www.indieofilo.com\/#\/schema\/logo\/image\/","url":"https:\/\/www.indieofilo.com\/wp-content\/uploads\/2015\/02\/logo-alta-resolucion.png","contentUrl":"https:\/\/www.indieofilo.com\/wp-content\/uploads\/2015\/02\/logo-alta-resolucion.png","width":544,"height":185,"caption":"Indie\u00f3filo Web"},"image":{"@id":"https:\/\/www.indieofilo.com\/#\/schema\/logo\/image\/"},"sameAs":["https:\/\/www.facebook.com\/Indieofilo\/","https:\/\/x.com\/indieofilo","https:\/\/www.instagram.com\/indieofilo\/"]},{"@type":"Person","@id":"https:\/\/www.indieofilo.com\/#\/schema\/person\/595334d38590e4ce5a09f83cbf2fca90","name":"Victor","image":{"@type":"ImageObject","inLanguage":"en-US","@id":"https:\/\/www.indieofilo.com\/#\/schema\/person\/image\/","url":"https:\/\/secure.gravatar.com\/avatar\/682b8c6ea3e94b6cffec683b25f1797d?s=96&d=mm&r=g","contentUrl":"https:\/\/secure.gravatar.com\/avatar\/682b8c6ea3e94b6cffec683b25f1797d?s=96&d=mm&r=g","caption":"Victor"},"description":"Fan\u00e1tico de la m\u00fasica desde que mis padres me pon\u00edan a Eydie Gorme y Los Panchos o el Discotuna por la A2. Intent\u00e9 tocar varios instrumentos, pero soy muy torpe con la mano izquierda, as\u00ed que ya sab\u00e9is el resultado final. Fan del britpop, Post-punk, el rugby y el baloncesto...","sameAs":["http:\/\/indieofilo.com"],"url":"https:\/\/www.indieofilo.com\/en\/author\/victor"}]}},"_links":{"self":[{"href":"https:\/\/www.indieofilo.com\/en\/wp-json\/wp\/v2\/posts\/2574","targetHints":{"allow":["GET"]}}],"collection":[{"href":"https:\/\/www.indieofilo.com\/en\/wp-json\/wp\/v2\/posts"}],"about":[{"href":"https:\/\/www.indieofilo.com\/en\/wp-json\/wp\/v2\/types\/post"}],"author":[{"embeddable":true,"href":"https:\/\/www.indieofilo.com\/en\/wp-json\/wp\/v2\/users\/1"}],"replies":[{"embeddable":true,"href":"https:\/\/www.indieofilo.com\/en\/wp-json\/wp\/v2\/comments?post=2574"}],"version-history":[{"count":0,"href":"https:\/\/www.indieofilo.com\/en\/wp-json\/wp\/v2\/posts\/2574\/revisions"}],"wp:featuredmedia":[{"embeddable":true,"href":"https:\/\/www.indieofilo.com\/en\/wp-json\/wp\/v2\/media\/18643"}],"wp:attachment":[{"href":"https:\/\/www.indieofilo.com\/en\/wp-json\/wp\/v2\/media?parent=2574"}],"wp:term":[{"taxonomy":"category","embeddable":true,"href":"https:\/\/www.indieofilo.com\/en\/wp-json\/wp\/v2\/categories?post=2574"},{"taxonomy":"post_tag","embeddable":true,"href":"https:\/\/www.indieofilo.com\/en\/wp-json\/wp\/v2\/tags?post=2574"}],"curies":[{"name":"wp","href":"https:\/\/api.w.org\/{rel}","templated":true}]}}