{"id":2569,"date":"2015-10-06T10:37:39","date_gmt":"2015-10-06T08:37:39","guid":{"rendered":"http:\/\/indieofilo.com\/?p=2569"},"modified":"2023-09-20T11:07:34","modified_gmt":"2023-09-20T09:07:34","slug":"bloc-party-shared-their-new-single-the-love-within","status":"publish","type":"post","link":"https:\/\/www.indieofilo.com\/en\/short-news\/bloc-party-shared-their-new-single-the-love-within","title":{"rendered":"Bloc Party shared their new single \u201cThe Love Within\u201d"},"content":{"rendered":"<p style=\"text-align: justify;\">\n\tBritish <strong>Bloc Party<\/strong> have shared today &quot;<em>The Love Within<\/em>&quot;, the first single of their next album, which is due out in early 2016. With the move on of bass player <strong>Gordon Moakes<\/strong> in March 2015, only <strong>Kele Okereke<\/strong> and <strong>Russell Lissack<\/strong> remain as founding members, but they will be joined by <strong>Justin Harris<\/strong> and <strong>Louise Bartle<\/strong> for the next world tour, which dates you can see below.<\/p>\n<p style=\"text-align: justify;\">\n\t<img fetchpriority=\"high\" decoding=\"async\" alt=\"Bloc party 2015\" class=\"aligncenter size-full wp-image-2566\" height=\"400\" src=\"http:\/\/indieofilo.com\/wp-content\/uploads\/2015\/10\/bloc-party-2015.jpg\" width=\"600\" srcset=\"https:\/\/www.indieofilo.com\/wp-content\/uploads\/2015\/10\/bloc-party-2015.jpg 600w, https:\/\/www.indieofilo.com\/wp-content\/uploads\/2015\/10\/bloc-party-2015-300x200.jpg 300w\" sizes=\"(max-width: 600px) 100vw, 600px\" \/><\/p>\n<p style=\"text-align: center;\">\n\t<strong><u>Bloc Party Tour Dates:<\/u><\/strong><br \/>\n27 November &#8211; Paradiso, Amsterdam, NL &#8211; SOLD OUT<br \/>\n28 November &#8211; Live Music Hall, Koln, DE &#8211; SOLD OUT<br \/>\n29 November &#8211; Astra Kulturhaus, Berlin, DE &#8211; SOLD OUT<br \/>\n01 December &#8211; Alhambra, Paris, FR &#8211; SOLD OUT<br \/>\n02 December &#8211; Cirque Royal, Brussels, BL &#8211; SOLD OUT<br \/>\n03 December &#8211; Albert Hall, Manchester, UK &#8211; SOLD OUT<br \/>\n04 December &#8211; St John at Hackney, London, UK &#8211; SOLD OUT<br \/>\n30 December &#8211; Falls Festival, Lorne, AUS<br \/>\n31 December &#8211; Falls Festival, Marion Bay, AUS<br \/>\n01 January &#8211; Falls Festival, Byron Bay, AUS<br \/>\n05 January &#8211; Forum Theatre, Melbourne, AUS<br \/>\n07 January &#8211; Enmore Theatre, Sydney, AUS<br \/>\n10 January &#8211; Southbound Fest, Perth, AUS<\/p>\n","protected":false},"excerpt":{"rendered":"<p>British Bloc Party have shared today &quot;The Love Within&quot;, the first single of their next album, which is due out in early 2016. With the move on of bass player Gordon Moakes in March 2015, only Kele Okereke and Russell Lissack remain as founding members, but they will be joined by Justin Harris and Louise [&hellip;]<\/p>\n","protected":false},"author":1,"featured_media":18642,"comment_status":"closed","ping_status":"closed","sticky":false,"template":"","format":"video","meta":{"footnotes":""},"categories":[18],"tags":[5775],"class_list":["post-2569","post","type-post","status-publish","format-video","has-post-thumbnail","hentry","category-short-news","tag-bloc-party-en","post_format-post-format-video"],"yoast_head":"<!-- This site is optimized with the Yoast SEO Premium plugin v23.9 (Yoast SEO v26.6) - https:\/\/yoast.com\/wordpress\/plugins\/seo\/ -->\n<title>Bloc Party shared their new single \u201cThe Love Within\u201d - Indie\u00f3filo<\/title>\n<meta name=\"description\" content=\"British Bloc Party have shared today the first single of their next album, which is due out in early 2016.\" \/>\n<meta name=\"robots\" content=\"index, follow, max-snippet:-1, max-image-preview:large, max-video-preview:-1\" \/>\n<link rel=\"canonical\" href=\"https:\/\/www.indieofilo.com\/en\/short-news\/bloc-party-shared-their-new-single-the-love-within\" \/>\n<meta property=\"og:locale\" content=\"en_US\" \/>\n<meta property=\"og:type\" content=\"article\" \/>\n<meta property=\"og:title\" content=\"Bloc Party shared their new single \u201cThe Love Within\u201d\" \/>\n<meta property=\"og:description\" content=\"British Bloc Party have shared today the first single of their next album, which is due out in early 2016.\" \/>\n<meta property=\"og:url\" content=\"https:\/\/www.indieofilo.com\/en\/short-news\/bloc-party-shared-their-new-single-the-love-within\" \/>\n<meta property=\"og:site_name\" content=\"Indie\u00f3filo\" \/>\n<meta property=\"article:publisher\" content=\"https:\/\/www.facebook.com\/Indieofilo\/\" \/>\n<meta property=\"article:published_time\" content=\"2015-10-06T08:37:39+00:00\" \/>\n<meta property=\"article:modified_time\" content=\"2023-09-20T09:07:34+00:00\" \/>\n<meta property=\"og:image\" content=\"https:\/\/www.indieofilo.com\/wp-content\/uploads\/2015\/10\/bloc-party-2015.jpg\" \/>\n\t<meta property=\"og:image:width\" content=\"600\" \/>\n\t<meta property=\"og:image:height\" content=\"400\" \/>\n\t<meta property=\"og:image:type\" content=\"image\/jpeg\" \/>\n<meta name=\"author\" content=\"Victor\" \/>\n<meta name=\"twitter:card\" content=\"summary_large_image\" \/>\n<meta name=\"twitter:creator\" content=\"@indieofilo\" \/>\n<meta name=\"twitter:site\" content=\"@indieofilo\" \/>\n<meta name=\"twitter:label1\" content=\"Written by\" \/>\n\t<meta name=\"twitter:data1\" content=\"Victor\" \/>\n\t<meta name=\"twitter:label2\" content=\"Est. reading time\" \/>\n\t<meta name=\"twitter:data2\" content=\"1 minute\" \/>\n<script type=\"application\/ld+json\" class=\"yoast-schema-graph\">{\"@context\":\"https:\/\/schema.org\",\"@graph\":[{\"@type\":\"Article\",\"@id\":\"https:\/\/www.indieofilo.com\/en\/short-news\/bloc-party-shared-their-new-single-the-love-within#article\",\"isPartOf\":{\"@id\":\"https:\/\/www.indieofilo.com\/en\/short-news\/bloc-party-shared-their-new-single-the-love-within\"},\"author\":{\"name\":\"Victor\",\"@id\":\"https:\/\/www.indieofilo.com\/#\/schema\/person\/595334d38590e4ce5a09f83cbf2fca90\"},\"headline\":\"Bloc Party shared their new single \u201cThe Love Within\u201d\",\"datePublished\":\"2015-10-06T08:37:39+00:00\",\"dateModified\":\"2023-09-20T09:07:34+00:00\",\"mainEntityOfPage\":{\"@id\":\"https:\/\/www.indieofilo.com\/en\/short-news\/bloc-party-shared-their-new-single-the-love-within\"},\"wordCount\":182,\"publisher\":{\"@id\":\"https:\/\/www.indieofilo.com\/#organization\"},\"image\":{\"@id\":\"https:\/\/www.indieofilo.com\/en\/short-news\/bloc-party-shared-their-new-single-the-love-within#primaryimage\"},\"thumbnailUrl\":\"https:\/\/www.indieofilo.com\/wp-content\/uploads\/2015\/10\/bloc-party-2015.jpg\",\"keywords\":[\"Bloc Party\"],\"articleSection\":[\"Short news\"],\"inLanguage\":\"en-US\"},{\"@type\":\"WebPage\",\"@id\":\"https:\/\/www.indieofilo.com\/en\/short-news\/bloc-party-shared-their-new-single-the-love-within\",\"url\":\"https:\/\/www.indieofilo.com\/en\/short-news\/bloc-party-shared-their-new-single-the-love-within\",\"name\":\"Bloc Party shared their new single \u201cThe Love Within\u201d - Indie\u00f3filo\",\"isPartOf\":{\"@id\":\"https:\/\/www.indieofilo.com\/#website\"},\"primaryImageOfPage\":{\"@id\":\"https:\/\/www.indieofilo.com\/en\/short-news\/bloc-party-shared-their-new-single-the-love-within#primaryimage\"},\"image\":{\"@id\":\"https:\/\/www.indieofilo.com\/en\/short-news\/bloc-party-shared-their-new-single-the-love-within#primaryimage\"},\"thumbnailUrl\":\"https:\/\/www.indieofilo.com\/wp-content\/uploads\/2015\/10\/bloc-party-2015.jpg\",\"datePublished\":\"2015-10-06T08:37:39+00:00\",\"dateModified\":\"2023-09-20T09:07:34+00:00\",\"description\":\"British Bloc Party have shared today the first single of their next album, which is due out in early 2016.\",\"breadcrumb\":{\"@id\":\"https:\/\/www.indieofilo.com\/en\/short-news\/bloc-party-shared-their-new-single-the-love-within#breadcrumb\"},\"inLanguage\":\"en-US\",\"potentialAction\":[{\"@type\":\"ReadAction\",\"target\":[\"https:\/\/www.indieofilo.com\/en\/short-news\/bloc-party-shared-their-new-single-the-love-within\"]}]},{\"@type\":\"ImageObject\",\"inLanguage\":\"en-US\",\"@id\":\"https:\/\/www.indieofilo.com\/en\/short-news\/bloc-party-shared-their-new-single-the-love-within#primaryimage\",\"url\":\"https:\/\/www.indieofilo.com\/wp-content\/uploads\/2015\/10\/bloc-party-2015.jpg\",\"contentUrl\":\"https:\/\/www.indieofilo.com\/wp-content\/uploads\/2015\/10\/bloc-party-2015.jpg\",\"width\":600,\"height\":400},{\"@type\":\"BreadcrumbList\",\"@id\":\"https:\/\/www.indieofilo.com\/en\/short-news\/bloc-party-shared-their-new-single-the-love-within#breadcrumb\",\"itemListElement\":[{\"@type\":\"ListItem\",\"position\":1,\"name\":\"Portada\",\"item\":\"https:\/\/www.indieofilo.com\/en\"},{\"@type\":\"ListItem\",\"position\":2,\"name\":\"Bloc Party shared their new single \u201cThe Love Within\u201d\"}]},{\"@type\":\"WebSite\",\"@id\":\"https:\/\/www.indieofilo.com\/#website\",\"url\":\"https:\/\/www.indieofilo.com\/\",\"name\":\"Indie\u00f3filo\",\"description\":\"Magazine online de la cultura independiente\",\"publisher\":{\"@id\":\"https:\/\/www.indieofilo.com\/#organization\"},\"potentialAction\":[{\"@type\":\"SearchAction\",\"target\":{\"@type\":\"EntryPoint\",\"urlTemplate\":\"https:\/\/www.indieofilo.com\/?s={search_term_string}\"},\"query-input\":{\"@type\":\"PropertyValueSpecification\",\"valueRequired\":true,\"valueName\":\"search_term_string\"}}],\"inLanguage\":\"en-US\"},{\"@type\":\"Organization\",\"@id\":\"https:\/\/www.indieofilo.com\/#organization\",\"name\":\"Indie\u00f3filo Web\",\"url\":\"https:\/\/www.indieofilo.com\/\",\"logo\":{\"@type\":\"ImageObject\",\"inLanguage\":\"en-US\",\"@id\":\"https:\/\/www.indieofilo.com\/#\/schema\/logo\/image\/\",\"url\":\"https:\/\/www.indieofilo.com\/wp-content\/uploads\/2015\/02\/logo-alta-resolucion.png\",\"contentUrl\":\"https:\/\/www.indieofilo.com\/wp-content\/uploads\/2015\/02\/logo-alta-resolucion.png\",\"width\":544,\"height\":185,\"caption\":\"Indie\u00f3filo Web\"},\"image\":{\"@id\":\"https:\/\/www.indieofilo.com\/#\/schema\/logo\/image\/\"},\"sameAs\":[\"https:\/\/www.facebook.com\/Indieofilo\/\",\"https:\/\/x.com\/indieofilo\",\"https:\/\/www.instagram.com\/indieofilo\/\"]},{\"@type\":\"Person\",\"@id\":\"https:\/\/www.indieofilo.com\/#\/schema\/person\/595334d38590e4ce5a09f83cbf2fca90\",\"name\":\"Victor\",\"image\":{\"@type\":\"ImageObject\",\"inLanguage\":\"en-US\",\"@id\":\"https:\/\/www.indieofilo.com\/#\/schema\/person\/image\/\",\"url\":\"https:\/\/secure.gravatar.com\/avatar\/682b8c6ea3e94b6cffec683b25f1797d?s=96&d=mm&r=g\",\"contentUrl\":\"https:\/\/secure.gravatar.com\/avatar\/682b8c6ea3e94b6cffec683b25f1797d?s=96&d=mm&r=g\",\"caption\":\"Victor\"},\"description\":\"Fan\u00e1tico de la m\u00fasica desde que mis padres me pon\u00edan a Eydie Gorme y Los Panchos o el Discotuna por la A2. Intent\u00e9 tocar varios instrumentos, pero soy muy torpe con la mano izquierda, as\u00ed que ya sab\u00e9is el resultado final. Fan del britpop, Post-punk, el rugby y el baloncesto...\",\"sameAs\":[\"http:\/\/indieofilo.com\"],\"url\":\"https:\/\/www.indieofilo.com\/en\/author\/victor\"}]}<\/script>\n<!-- \/ Yoast SEO Premium plugin. -->","yoast_head_json":{"title":"Bloc Party shared their new single \u201cThe Love Within\u201d - Indie\u00f3filo","description":"British Bloc Party have shared today the first single of their next album, which is due out in early 2016.","robots":{"index":"index","follow":"follow","max-snippet":"max-snippet:-1","max-image-preview":"max-image-preview:large","max-video-preview":"max-video-preview:-1"},"canonical":"https:\/\/www.indieofilo.com\/en\/short-news\/bloc-party-shared-their-new-single-the-love-within","og_locale":"en_US","og_type":"article","og_title":"Bloc Party shared their new single \u201cThe Love Within\u201d","og_description":"British Bloc Party have shared today the first single of their next album, which is due out in early 2016.","og_url":"https:\/\/www.indieofilo.com\/en\/short-news\/bloc-party-shared-their-new-single-the-love-within","og_site_name":"Indie\u00f3filo","article_publisher":"https:\/\/www.facebook.com\/Indieofilo\/","article_published_time":"2015-10-06T08:37:39+00:00","article_modified_time":"2023-09-20T09:07:34+00:00","og_image":[{"width":600,"height":400,"url":"https:\/\/www.indieofilo.com\/wp-content\/uploads\/2015\/10\/bloc-party-2015.jpg","type":"image\/jpeg"}],"author":"Victor","twitter_card":"summary_large_image","twitter_creator":"@indieofilo","twitter_site":"@indieofilo","twitter_misc":{"Written by":"Victor","Est. reading time":"1 minute"},"schema":{"@context":"https:\/\/schema.org","@graph":[{"@type":"Article","@id":"https:\/\/www.indieofilo.com\/en\/short-news\/bloc-party-shared-their-new-single-the-love-within#article","isPartOf":{"@id":"https:\/\/www.indieofilo.com\/en\/short-news\/bloc-party-shared-their-new-single-the-love-within"},"author":{"name":"Victor","@id":"https:\/\/www.indieofilo.com\/#\/schema\/person\/595334d38590e4ce5a09f83cbf2fca90"},"headline":"Bloc Party shared their new single \u201cThe Love Within\u201d","datePublished":"2015-10-06T08:37:39+00:00","dateModified":"2023-09-20T09:07:34+00:00","mainEntityOfPage":{"@id":"https:\/\/www.indieofilo.com\/en\/short-news\/bloc-party-shared-their-new-single-the-love-within"},"wordCount":182,"publisher":{"@id":"https:\/\/www.indieofilo.com\/#organization"},"image":{"@id":"https:\/\/www.indieofilo.com\/en\/short-news\/bloc-party-shared-their-new-single-the-love-within#primaryimage"},"thumbnailUrl":"https:\/\/www.indieofilo.com\/wp-content\/uploads\/2015\/10\/bloc-party-2015.jpg","keywords":["Bloc Party"],"articleSection":["Short news"],"inLanguage":"en-US"},{"@type":"WebPage","@id":"https:\/\/www.indieofilo.com\/en\/short-news\/bloc-party-shared-their-new-single-the-love-within","url":"https:\/\/www.indieofilo.com\/en\/short-news\/bloc-party-shared-their-new-single-the-love-within","name":"Bloc Party shared their new single \u201cThe Love Within\u201d - Indie\u00f3filo","isPartOf":{"@id":"https:\/\/www.indieofilo.com\/#website"},"primaryImageOfPage":{"@id":"https:\/\/www.indieofilo.com\/en\/short-news\/bloc-party-shared-their-new-single-the-love-within#primaryimage"},"image":{"@id":"https:\/\/www.indieofilo.com\/en\/short-news\/bloc-party-shared-their-new-single-the-love-within#primaryimage"},"thumbnailUrl":"https:\/\/www.indieofilo.com\/wp-content\/uploads\/2015\/10\/bloc-party-2015.jpg","datePublished":"2015-10-06T08:37:39+00:00","dateModified":"2023-09-20T09:07:34+00:00","description":"British Bloc Party have shared today the first single of their next album, which is due out in early 2016.","breadcrumb":{"@id":"https:\/\/www.indieofilo.com\/en\/short-news\/bloc-party-shared-their-new-single-the-love-within#breadcrumb"},"inLanguage":"en-US","potentialAction":[{"@type":"ReadAction","target":["https:\/\/www.indieofilo.com\/en\/short-news\/bloc-party-shared-their-new-single-the-love-within"]}]},{"@type":"ImageObject","inLanguage":"en-US","@id":"https:\/\/www.indieofilo.com\/en\/short-news\/bloc-party-shared-their-new-single-the-love-within#primaryimage","url":"https:\/\/www.indieofilo.com\/wp-content\/uploads\/2015\/10\/bloc-party-2015.jpg","contentUrl":"https:\/\/www.indieofilo.com\/wp-content\/uploads\/2015\/10\/bloc-party-2015.jpg","width":600,"height":400},{"@type":"BreadcrumbList","@id":"https:\/\/www.indieofilo.com\/en\/short-news\/bloc-party-shared-their-new-single-the-love-within#breadcrumb","itemListElement":[{"@type":"ListItem","position":1,"name":"Portada","item":"https:\/\/www.indieofilo.com\/en"},{"@type":"ListItem","position":2,"name":"Bloc Party shared their new single \u201cThe Love Within\u201d"}]},{"@type":"WebSite","@id":"https:\/\/www.indieofilo.com\/#website","url":"https:\/\/www.indieofilo.com\/","name":"Indie\u00f3filo","description":"Magazine online de la cultura independiente","publisher":{"@id":"https:\/\/www.indieofilo.com\/#organization"},"potentialAction":[{"@type":"SearchAction","target":{"@type":"EntryPoint","urlTemplate":"https:\/\/www.indieofilo.com\/?s={search_term_string}"},"query-input":{"@type":"PropertyValueSpecification","valueRequired":true,"valueName":"search_term_string"}}],"inLanguage":"en-US"},{"@type":"Organization","@id":"https:\/\/www.indieofilo.com\/#organization","name":"Indie\u00f3filo Web","url":"https:\/\/www.indieofilo.com\/","logo":{"@type":"ImageObject","inLanguage":"en-US","@id":"https:\/\/www.indieofilo.com\/#\/schema\/logo\/image\/","url":"https:\/\/www.indieofilo.com\/wp-content\/uploads\/2015\/02\/logo-alta-resolucion.png","contentUrl":"https:\/\/www.indieofilo.com\/wp-content\/uploads\/2015\/02\/logo-alta-resolucion.png","width":544,"height":185,"caption":"Indie\u00f3filo Web"},"image":{"@id":"https:\/\/www.indieofilo.com\/#\/schema\/logo\/image\/"},"sameAs":["https:\/\/www.facebook.com\/Indieofilo\/","https:\/\/x.com\/indieofilo","https:\/\/www.instagram.com\/indieofilo\/"]},{"@type":"Person","@id":"https:\/\/www.indieofilo.com\/#\/schema\/person\/595334d38590e4ce5a09f83cbf2fca90","name":"Victor","image":{"@type":"ImageObject","inLanguage":"en-US","@id":"https:\/\/www.indieofilo.com\/#\/schema\/person\/image\/","url":"https:\/\/secure.gravatar.com\/avatar\/682b8c6ea3e94b6cffec683b25f1797d?s=96&d=mm&r=g","contentUrl":"https:\/\/secure.gravatar.com\/avatar\/682b8c6ea3e94b6cffec683b25f1797d?s=96&d=mm&r=g","caption":"Victor"},"description":"Fan\u00e1tico de la m\u00fasica desde que mis padres me pon\u00edan a Eydie Gorme y Los Panchos o el Discotuna por la A2. Intent\u00e9 tocar varios instrumentos, pero soy muy torpe con la mano izquierda, as\u00ed que ya sab\u00e9is el resultado final. Fan del britpop, Post-punk, el rugby y el baloncesto...","sameAs":["http:\/\/indieofilo.com"],"url":"https:\/\/www.indieofilo.com\/en\/author\/victor"}]}},"_links":{"self":[{"href":"https:\/\/www.indieofilo.com\/en\/wp-json\/wp\/v2\/posts\/2569","targetHints":{"allow":["GET"]}}],"collection":[{"href":"https:\/\/www.indieofilo.com\/en\/wp-json\/wp\/v2\/posts"}],"about":[{"href":"https:\/\/www.indieofilo.com\/en\/wp-json\/wp\/v2\/types\/post"}],"author":[{"embeddable":true,"href":"https:\/\/www.indieofilo.com\/en\/wp-json\/wp\/v2\/users\/1"}],"replies":[{"embeddable":true,"href":"https:\/\/www.indieofilo.com\/en\/wp-json\/wp\/v2\/comments?post=2569"}],"version-history":[{"count":0,"href":"https:\/\/www.indieofilo.com\/en\/wp-json\/wp\/v2\/posts\/2569\/revisions"}],"wp:featuredmedia":[{"embeddable":true,"href":"https:\/\/www.indieofilo.com\/en\/wp-json\/wp\/v2\/media\/18642"}],"wp:attachment":[{"href":"https:\/\/www.indieofilo.com\/en\/wp-json\/wp\/v2\/media?parent=2569"}],"wp:term":[{"taxonomy":"category","embeddable":true,"href":"https:\/\/www.indieofilo.com\/en\/wp-json\/wp\/v2\/categories?post=2569"},{"taxonomy":"post_tag","embeddable":true,"href":"https:\/\/www.indieofilo.com\/en\/wp-json\/wp\/v2\/tags?post=2569"}],"curies":[{"name":"wp","href":"https:\/\/api.w.org\/{rel}","templated":true}]}}