{"id":2455,"date":"2015-09-22T10:44:31","date_gmt":"2015-09-22T08:44:31","guid":{"rendered":"http:\/\/indieofilo.com\/?p=2455"},"modified":"2023-09-20T11:11:52","modified_gmt":"2023-09-20T09:11:52","slug":"editors-share-their-new-single-the-law","status":"publish","type":"post","link":"https:\/\/www.indieofilo.com\/en\/news\/editors-share-their-new-single-the-law","title":{"rendered":"Editors share their new single &#8220;The Law&#8221;"},"content":{"rendered":"<p style=\"text-align: justify;\">\n\t<img fetchpriority=\"high\" decoding=\"async\" alt=\"Editors - In dream\" class=\"aligncenter size-full wp-image-2453\" height=\"320\" src=\"http:\/\/indieofilo.com\/wp-content\/uploads\/2015\/09\/Editors-In-dream.jpg\" width=\"600\" srcset=\"https:\/\/www.indieofilo.com\/wp-content\/uploads\/2015\/09\/Editors-In-dream.jpg 600w, https:\/\/www.indieofilo.com\/wp-content\/uploads\/2015\/09\/Editors-In-dream-300x160.jpg 300w\" sizes=\"(max-width: 600px) 100vw, 600px\" \/>Just two weeks over it will be available on stores&nbsp;new LP by <strong>Editors<\/strong>, the band has just shared on&nbsp;<a href=\"http:\/\/www.playitagainsam.net\/\" target=\"_blank\" rel=\"noopener\">Play It Again Sam<\/a> (alternative platform by&nbsp;PIAS) a new song that will be included on their fifth studio album, <em>In Dream<\/em>. The song is titled &quot;<em>The Law<\/em>&quot; and on it you can find the collaboration on the voices of<strong>&nbsp;Slowdive&#39;s&nbsp;Rachel Goswell<\/strong>, creating in the chorus a kind of dialogue which highlights the difference between the hoarse voice of <strong>Tom Smith<\/strong> and Rachel&#39;s sweet contribution.&nbsp;According to the singer and band leader, the conceptual idea of this new song &quot;<em>was being&nbsp;as closer to I Got You Babe&rsquo; as [they] are ever gonna get<\/em>&quot;, although at first listening it seems a somewhat beyond comparison moreover the&nbsp;voices on chorus&nbsp;with that initial instrumental contribution of cymbals on the drums and&nbsp;close to shoegaze effects on the&nbsp;guitar.<\/p>\n<p style=\"text-align: justify;\">\n\t<iframe frameborder=\"no\" height=\"350\" scrolling=\"no\" src=\"https:\/\/w.soundcloud.com\/player\/?url=https%3A\/\/api.soundcloud.com\/tracks\/224849890%3Fsecret_token%3Ds-Qjr0C&amp;auto_play=false&amp;hide_related=false&amp;show_comments=true&amp;show_user=true&amp;show_reposts=false&amp;visual=true\" width=\"100%\"><\/iframe><\/p>\n","protected":false},"excerpt":{"rendered":"<p>Just two weeks over it will be available on stores&nbsp;new LP by Editors, the band has just shared on&nbsp;Play It Again Sam (alternative platform by&nbsp;PIAS) a new song that will be included on their fifth studio album, In Dream. The song is titled &quot;The Law&quot; and on it you can find the collaboration on the [&hellip;]<\/p>\n","protected":false},"author":1,"featured_media":18571,"comment_status":"closed","ping_status":"closed","sticky":false,"template":"","format":"standard","meta":{"footnotes":""},"categories":[42,8],"tags":[5141],"class_list":["post-2455","post","type-post","status-publish","format-standard","has-post-thumbnail","hentry","category-music","category-news","tag-editors-en"],"yoast_head":"<!-- This site is optimized with the Yoast SEO Premium plugin v23.9 (Yoast SEO v26.6) - https:\/\/yoast.com\/wordpress\/plugins\/seo\/ -->\n<title>Editors share their new single &quot;The Law&quot; - Indie\u00f3filo<\/title>\n<meta name=\"description\" content=\"Just 2 weeks over it will be available on stores\u00a0new LP by Editors, the band has shared a new song that will be included on their 5th studio album, In Dream\" \/>\n<meta name=\"robots\" content=\"index, follow, max-snippet:-1, max-image-preview:large, max-video-preview:-1\" \/>\n<link rel=\"canonical\" href=\"https:\/\/www.indieofilo.com\/en\/news\/editors-share-their-new-single-the-law\" \/>\n<meta property=\"og:locale\" content=\"en_US\" \/>\n<meta property=\"og:type\" content=\"article\" \/>\n<meta property=\"og:title\" content=\"Editors share their new single &quot;The Law&quot;\" \/>\n<meta property=\"og:description\" content=\"Just 2 weeks over it will be available on stores\u00a0new LP by Editors, the band has shared a new song that will be included on their 5th studio album, In Dream\" \/>\n<meta property=\"og:url\" content=\"https:\/\/www.indieofilo.com\/en\/news\/editors-share-their-new-single-the-law\" \/>\n<meta property=\"og:site_name\" content=\"Indie\u00f3filo\" \/>\n<meta property=\"article:publisher\" content=\"https:\/\/www.facebook.com\/Indieofilo\/\" \/>\n<meta property=\"article:published_time\" content=\"2015-09-22T08:44:31+00:00\" \/>\n<meta property=\"article:modified_time\" content=\"2023-09-20T09:11:52+00:00\" \/>\n<meta property=\"og:image\" content=\"https:\/\/www.indieofilo.com\/wp-content\/uploads\/2015\/09\/Editors-In-dream.jpg\" \/>\n\t<meta property=\"og:image:width\" content=\"600\" \/>\n\t<meta property=\"og:image:height\" content=\"320\" \/>\n\t<meta property=\"og:image:type\" content=\"image\/jpeg\" \/>\n<meta name=\"author\" content=\"Victor\" \/>\n<meta name=\"twitter:card\" content=\"summary_large_image\" \/>\n<meta name=\"twitter:creator\" content=\"@indieofilo\" \/>\n<meta name=\"twitter:site\" content=\"@indieofilo\" \/>\n<meta name=\"twitter:label1\" content=\"Written by\" \/>\n\t<meta name=\"twitter:data1\" content=\"Victor\" \/>\n\t<meta name=\"twitter:label2\" content=\"Est. reading time\" \/>\n\t<meta name=\"twitter:data2\" content=\"1 minute\" \/>\n<script type=\"application\/ld+json\" class=\"yoast-schema-graph\">{\"@context\":\"https:\/\/schema.org\",\"@graph\":[{\"@type\":\"Article\",\"@id\":\"https:\/\/www.indieofilo.com\/en\/news\/editors-share-their-new-single-the-law#article\",\"isPartOf\":{\"@id\":\"https:\/\/www.indieofilo.com\/en\/news\/editors-share-their-new-single-the-law\"},\"author\":{\"name\":\"Victor\",\"@id\":\"https:\/\/www.indieofilo.com\/#\/schema\/person\/595334d38590e4ce5a09f83cbf2fca90\"},\"headline\":\"Editors share their new single &#8220;The Law&#8221;\",\"datePublished\":\"2015-09-22T08:44:31+00:00\",\"dateModified\":\"2023-09-20T09:11:52+00:00\",\"mainEntityOfPage\":{\"@id\":\"https:\/\/www.indieofilo.com\/en\/news\/editors-share-their-new-single-the-law\"},\"wordCount\":173,\"publisher\":{\"@id\":\"https:\/\/www.indieofilo.com\/#organization\"},\"image\":{\"@id\":\"https:\/\/www.indieofilo.com\/en\/news\/editors-share-their-new-single-the-law#primaryimage\"},\"thumbnailUrl\":\"https:\/\/www.indieofilo.com\/wp-content\/uploads\/2015\/09\/Editors-In-dream.jpg\",\"keywords\":[\"Editors\"],\"articleSection\":[\"Music\",\"News\"],\"inLanguage\":\"en-US\"},{\"@type\":\"WebPage\",\"@id\":\"https:\/\/www.indieofilo.com\/en\/news\/editors-share-their-new-single-the-law\",\"url\":\"https:\/\/www.indieofilo.com\/en\/news\/editors-share-their-new-single-the-law\",\"name\":\"Editors share their new single \\\"The Law\\\" - Indie\u00f3filo\",\"isPartOf\":{\"@id\":\"https:\/\/www.indieofilo.com\/#website\"},\"primaryImageOfPage\":{\"@id\":\"https:\/\/www.indieofilo.com\/en\/news\/editors-share-their-new-single-the-law#primaryimage\"},\"image\":{\"@id\":\"https:\/\/www.indieofilo.com\/en\/news\/editors-share-their-new-single-the-law#primaryimage\"},\"thumbnailUrl\":\"https:\/\/www.indieofilo.com\/wp-content\/uploads\/2015\/09\/Editors-In-dream.jpg\",\"datePublished\":\"2015-09-22T08:44:31+00:00\",\"dateModified\":\"2023-09-20T09:11:52+00:00\",\"description\":\"Just 2 weeks over it will be available on stores\u00a0new LP by Editors, the band has shared a new song that will be included on their 5th studio album, In Dream\",\"breadcrumb\":{\"@id\":\"https:\/\/www.indieofilo.com\/en\/news\/editors-share-their-new-single-the-law#breadcrumb\"},\"inLanguage\":\"en-US\",\"potentialAction\":[{\"@type\":\"ReadAction\",\"target\":[\"https:\/\/www.indieofilo.com\/en\/news\/editors-share-their-new-single-the-law\"]}]},{\"@type\":\"ImageObject\",\"inLanguage\":\"en-US\",\"@id\":\"https:\/\/www.indieofilo.com\/en\/news\/editors-share-their-new-single-the-law#primaryimage\",\"url\":\"https:\/\/www.indieofilo.com\/wp-content\/uploads\/2015\/09\/Editors-In-dream.jpg\",\"contentUrl\":\"https:\/\/www.indieofilo.com\/wp-content\/uploads\/2015\/09\/Editors-In-dream.jpg\",\"width\":600,\"height\":320},{\"@type\":\"BreadcrumbList\",\"@id\":\"https:\/\/www.indieofilo.com\/en\/news\/editors-share-their-new-single-the-law#breadcrumb\",\"itemListElement\":[{\"@type\":\"ListItem\",\"position\":1,\"name\":\"Portada\",\"item\":\"https:\/\/www.indieofilo.com\/en\"},{\"@type\":\"ListItem\",\"position\":2,\"name\":\"Editors share their new single \u00abThe Law\u00bb\"}]},{\"@type\":\"WebSite\",\"@id\":\"https:\/\/www.indieofilo.com\/#website\",\"url\":\"https:\/\/www.indieofilo.com\/\",\"name\":\"Indie\u00f3filo\",\"description\":\"Magazine online de la cultura independiente\",\"publisher\":{\"@id\":\"https:\/\/www.indieofilo.com\/#organization\"},\"potentialAction\":[{\"@type\":\"SearchAction\",\"target\":{\"@type\":\"EntryPoint\",\"urlTemplate\":\"https:\/\/www.indieofilo.com\/?s={search_term_string}\"},\"query-input\":{\"@type\":\"PropertyValueSpecification\",\"valueRequired\":true,\"valueName\":\"search_term_string\"}}],\"inLanguage\":\"en-US\"},{\"@type\":\"Organization\",\"@id\":\"https:\/\/www.indieofilo.com\/#organization\",\"name\":\"Indie\u00f3filo Web\",\"url\":\"https:\/\/www.indieofilo.com\/\",\"logo\":{\"@type\":\"ImageObject\",\"inLanguage\":\"en-US\",\"@id\":\"https:\/\/www.indieofilo.com\/#\/schema\/logo\/image\/\",\"url\":\"https:\/\/www.indieofilo.com\/wp-content\/uploads\/2015\/02\/logo-alta-resolucion.png\",\"contentUrl\":\"https:\/\/www.indieofilo.com\/wp-content\/uploads\/2015\/02\/logo-alta-resolucion.png\",\"width\":544,\"height\":185,\"caption\":\"Indie\u00f3filo Web\"},\"image\":{\"@id\":\"https:\/\/www.indieofilo.com\/#\/schema\/logo\/image\/\"},\"sameAs\":[\"https:\/\/www.facebook.com\/Indieofilo\/\",\"https:\/\/x.com\/indieofilo\",\"https:\/\/www.instagram.com\/indieofilo\/\"]},{\"@type\":\"Person\",\"@id\":\"https:\/\/www.indieofilo.com\/#\/schema\/person\/595334d38590e4ce5a09f83cbf2fca90\",\"name\":\"Victor\",\"image\":{\"@type\":\"ImageObject\",\"inLanguage\":\"en-US\",\"@id\":\"https:\/\/www.indieofilo.com\/#\/schema\/person\/image\/\",\"url\":\"https:\/\/secure.gravatar.com\/avatar\/682b8c6ea3e94b6cffec683b25f1797d?s=96&d=mm&r=g\",\"contentUrl\":\"https:\/\/secure.gravatar.com\/avatar\/682b8c6ea3e94b6cffec683b25f1797d?s=96&d=mm&r=g\",\"caption\":\"Victor\"},\"description\":\"Fan\u00e1tico de la m\u00fasica desde que mis padres me pon\u00edan a Eydie Gorme y Los Panchos o el Discotuna por la A2. Intent\u00e9 tocar varios instrumentos, pero soy muy torpe con la mano izquierda, as\u00ed que ya sab\u00e9is el resultado final. Fan del britpop, Post-punk, el rugby y el baloncesto...\",\"sameAs\":[\"http:\/\/indieofilo.com\"],\"url\":\"https:\/\/www.indieofilo.com\/en\/author\/victor\"}]}<\/script>\n<!-- \/ Yoast SEO Premium plugin. -->","yoast_head_json":{"title":"Editors share their new single \"The Law\" - Indie\u00f3filo","description":"Just 2 weeks over it will be available on stores\u00a0new LP by Editors, the band has shared a new song that will be included on their 5th studio album, In Dream","robots":{"index":"index","follow":"follow","max-snippet":"max-snippet:-1","max-image-preview":"max-image-preview:large","max-video-preview":"max-video-preview:-1"},"canonical":"https:\/\/www.indieofilo.com\/en\/news\/editors-share-their-new-single-the-law","og_locale":"en_US","og_type":"article","og_title":"Editors share their new single \"The Law\"","og_description":"Just 2 weeks over it will be available on stores\u00a0new LP by Editors, the band has shared a new song that will be included on their 5th studio album, In Dream","og_url":"https:\/\/www.indieofilo.com\/en\/news\/editors-share-their-new-single-the-law","og_site_name":"Indie\u00f3filo","article_publisher":"https:\/\/www.facebook.com\/Indieofilo\/","article_published_time":"2015-09-22T08:44:31+00:00","article_modified_time":"2023-09-20T09:11:52+00:00","og_image":[{"width":600,"height":320,"url":"https:\/\/www.indieofilo.com\/wp-content\/uploads\/2015\/09\/Editors-In-dream.jpg","type":"image\/jpeg"}],"author":"Victor","twitter_card":"summary_large_image","twitter_creator":"@indieofilo","twitter_site":"@indieofilo","twitter_misc":{"Written by":"Victor","Est. reading time":"1 minute"},"schema":{"@context":"https:\/\/schema.org","@graph":[{"@type":"Article","@id":"https:\/\/www.indieofilo.com\/en\/news\/editors-share-their-new-single-the-law#article","isPartOf":{"@id":"https:\/\/www.indieofilo.com\/en\/news\/editors-share-their-new-single-the-law"},"author":{"name":"Victor","@id":"https:\/\/www.indieofilo.com\/#\/schema\/person\/595334d38590e4ce5a09f83cbf2fca90"},"headline":"Editors share their new single &#8220;The Law&#8221;","datePublished":"2015-09-22T08:44:31+00:00","dateModified":"2023-09-20T09:11:52+00:00","mainEntityOfPage":{"@id":"https:\/\/www.indieofilo.com\/en\/news\/editors-share-their-new-single-the-law"},"wordCount":173,"publisher":{"@id":"https:\/\/www.indieofilo.com\/#organization"},"image":{"@id":"https:\/\/www.indieofilo.com\/en\/news\/editors-share-their-new-single-the-law#primaryimage"},"thumbnailUrl":"https:\/\/www.indieofilo.com\/wp-content\/uploads\/2015\/09\/Editors-In-dream.jpg","keywords":["Editors"],"articleSection":["Music","News"],"inLanguage":"en-US"},{"@type":"WebPage","@id":"https:\/\/www.indieofilo.com\/en\/news\/editors-share-their-new-single-the-law","url":"https:\/\/www.indieofilo.com\/en\/news\/editors-share-their-new-single-the-law","name":"Editors share their new single \"The Law\" - Indie\u00f3filo","isPartOf":{"@id":"https:\/\/www.indieofilo.com\/#website"},"primaryImageOfPage":{"@id":"https:\/\/www.indieofilo.com\/en\/news\/editors-share-their-new-single-the-law#primaryimage"},"image":{"@id":"https:\/\/www.indieofilo.com\/en\/news\/editors-share-their-new-single-the-law#primaryimage"},"thumbnailUrl":"https:\/\/www.indieofilo.com\/wp-content\/uploads\/2015\/09\/Editors-In-dream.jpg","datePublished":"2015-09-22T08:44:31+00:00","dateModified":"2023-09-20T09:11:52+00:00","description":"Just 2 weeks over it will be available on stores\u00a0new LP by Editors, the band has shared a new song that will be included on their 5th studio album, In Dream","breadcrumb":{"@id":"https:\/\/www.indieofilo.com\/en\/news\/editors-share-their-new-single-the-law#breadcrumb"},"inLanguage":"en-US","potentialAction":[{"@type":"ReadAction","target":["https:\/\/www.indieofilo.com\/en\/news\/editors-share-their-new-single-the-law"]}]},{"@type":"ImageObject","inLanguage":"en-US","@id":"https:\/\/www.indieofilo.com\/en\/news\/editors-share-their-new-single-the-law#primaryimage","url":"https:\/\/www.indieofilo.com\/wp-content\/uploads\/2015\/09\/Editors-In-dream.jpg","contentUrl":"https:\/\/www.indieofilo.com\/wp-content\/uploads\/2015\/09\/Editors-In-dream.jpg","width":600,"height":320},{"@type":"BreadcrumbList","@id":"https:\/\/www.indieofilo.com\/en\/news\/editors-share-their-new-single-the-law#breadcrumb","itemListElement":[{"@type":"ListItem","position":1,"name":"Portada","item":"https:\/\/www.indieofilo.com\/en"},{"@type":"ListItem","position":2,"name":"Editors share their new single \u00abThe Law\u00bb"}]},{"@type":"WebSite","@id":"https:\/\/www.indieofilo.com\/#website","url":"https:\/\/www.indieofilo.com\/","name":"Indie\u00f3filo","description":"Magazine online de la cultura independiente","publisher":{"@id":"https:\/\/www.indieofilo.com\/#organization"},"potentialAction":[{"@type":"SearchAction","target":{"@type":"EntryPoint","urlTemplate":"https:\/\/www.indieofilo.com\/?s={search_term_string}"},"query-input":{"@type":"PropertyValueSpecification","valueRequired":true,"valueName":"search_term_string"}}],"inLanguage":"en-US"},{"@type":"Organization","@id":"https:\/\/www.indieofilo.com\/#organization","name":"Indie\u00f3filo Web","url":"https:\/\/www.indieofilo.com\/","logo":{"@type":"ImageObject","inLanguage":"en-US","@id":"https:\/\/www.indieofilo.com\/#\/schema\/logo\/image\/","url":"https:\/\/www.indieofilo.com\/wp-content\/uploads\/2015\/02\/logo-alta-resolucion.png","contentUrl":"https:\/\/www.indieofilo.com\/wp-content\/uploads\/2015\/02\/logo-alta-resolucion.png","width":544,"height":185,"caption":"Indie\u00f3filo Web"},"image":{"@id":"https:\/\/www.indieofilo.com\/#\/schema\/logo\/image\/"},"sameAs":["https:\/\/www.facebook.com\/Indieofilo\/","https:\/\/x.com\/indieofilo","https:\/\/www.instagram.com\/indieofilo\/"]},{"@type":"Person","@id":"https:\/\/www.indieofilo.com\/#\/schema\/person\/595334d38590e4ce5a09f83cbf2fca90","name":"Victor","image":{"@type":"ImageObject","inLanguage":"en-US","@id":"https:\/\/www.indieofilo.com\/#\/schema\/person\/image\/","url":"https:\/\/secure.gravatar.com\/avatar\/682b8c6ea3e94b6cffec683b25f1797d?s=96&d=mm&r=g","contentUrl":"https:\/\/secure.gravatar.com\/avatar\/682b8c6ea3e94b6cffec683b25f1797d?s=96&d=mm&r=g","caption":"Victor"},"description":"Fan\u00e1tico de la m\u00fasica desde que mis padres me pon\u00edan a Eydie Gorme y Los Panchos o el Discotuna por la A2. Intent\u00e9 tocar varios instrumentos, pero soy muy torpe con la mano izquierda, as\u00ed que ya sab\u00e9is el resultado final. Fan del britpop, Post-punk, el rugby y el baloncesto...","sameAs":["http:\/\/indieofilo.com"],"url":"https:\/\/www.indieofilo.com\/en\/author\/victor"}]}},"_links":{"self":[{"href":"https:\/\/www.indieofilo.com\/en\/wp-json\/wp\/v2\/posts\/2455","targetHints":{"allow":["GET"]}}],"collection":[{"href":"https:\/\/www.indieofilo.com\/en\/wp-json\/wp\/v2\/posts"}],"about":[{"href":"https:\/\/www.indieofilo.com\/en\/wp-json\/wp\/v2\/types\/post"}],"author":[{"embeddable":true,"href":"https:\/\/www.indieofilo.com\/en\/wp-json\/wp\/v2\/users\/1"}],"replies":[{"embeddable":true,"href":"https:\/\/www.indieofilo.com\/en\/wp-json\/wp\/v2\/comments?post=2455"}],"version-history":[{"count":0,"href":"https:\/\/www.indieofilo.com\/en\/wp-json\/wp\/v2\/posts\/2455\/revisions"}],"wp:featuredmedia":[{"embeddable":true,"href":"https:\/\/www.indieofilo.com\/en\/wp-json\/wp\/v2\/media\/18571"}],"wp:attachment":[{"href":"https:\/\/www.indieofilo.com\/en\/wp-json\/wp\/v2\/media?parent=2455"}],"wp:term":[{"taxonomy":"category","embeddable":true,"href":"https:\/\/www.indieofilo.com\/en\/wp-json\/wp\/v2\/categories?post=2455"},{"taxonomy":"post_tag","embeddable":true,"href":"https:\/\/www.indieofilo.com\/en\/wp-json\/wp\/v2\/tags?post=2455"}],"curies":[{"name":"wp","href":"https:\/\/api.w.org\/{rel}","templated":true}]}}